{"id":96399,"date":"2016-04-21T15:09:54","date_gmt":"2016-04-21T14:09:54","guid":{"rendered":"http:\/\/www.visit-ulcinj.com\/blog\/?p=96399"},"modified":"2016-04-21T18:27:22","modified_gmt":"2016-04-21T17:27:22","slug":"presidenti-thaci-priti-ne-takim-kryetarin-e-komunes-se-ulqinit-nazif-cungu","status":"publish","type":"post","link":"https:\/\/www.visit-ulcinj.com\/blog\/2016\/04\/21\/presidenti-thaci-priti-ne-takim-kryetarin-e-komunes-se-ulqinit-nazif-cungu\/","title":{"rendered":"Presidenti Tha\u00e7i priti n\u00eb takim kryetarin e Komun\u00ebs s\u00eb Ulqinit, Nazif Cungu"},"content":{"rendered":"<p><a href=\"http:\/\/www.visit-ulcinj.com\/blog\/wp-content\/uploads\/2016\/04\/nazif-cungu-hashim-thaci-.jpg\"><img loading=\"lazy\" class=\"alignleft wp-image-96400\" src=\"http:\/\/www.visit-ulcinj.com\/blog\/wp-content\/uploads\/2016\/04\/nazif-cungu-hashim-thaci-.jpg\" alt=\"nazif-cungu-hashim-thaci-\" width=\"508\" height=\"350\" srcset=\"https:\/\/www.visit-ulcinj.com\/blog\/wp-content\/uploads\/2016\/04\/nazif-cungu-hashim-thaci-.jpg 659w, https:\/\/www.visit-ulcinj.com\/blog\/wp-content\/uploads\/2016\/04\/nazif-cungu-hashim-thaci--300x207.jpg 300w\" sizes=\"(max-width: 508px) 100vw, 508px\" \/><\/a>Presidenti i Republik\u00ebs s\u00eb Kosov\u00ebs, Hashim Tha\u00e7i, ka pritur sot n\u00eb takim kryetarin e Ulqinit, Nazif Cungu, i cili \u00ebsht\u00eb edhe kryetar i partis\u00eb kryesore t\u00eb shqiptar\u00ebve n\u00eb Mal t\u00eb Zi, Forca e Re Demokratike.<\/p>\n<p>Presidenti Tha\u00e7i e siguroi kryetarin e Ulqinit se shqiptar\u00ebt e Malit t\u00eb Zi do t\u00eb ken\u00eb vazhdimisht mb\u00ebshtetjen e tij personale dhe t\u00eb Republik\u00ebs s\u00eb Kosov\u00ebs, duke e uruar at\u00eb p\u00ebr rimarrjen e detyr\u00ebs s\u00eb kryetarit t\u00eb komun\u00ebs, si dhe p\u00ebr marrjen e ftes\u00ebs p\u00ebr an\u00ebtar\u00ebsim n\u00eb NATO t\u00eb Malit t\u00eb Zi.<\/p>\n<p>\u201cMarr\u00ebdh\u00ebniet mes Republik\u00ebs s\u00eb Kosov\u00ebs dhe Republik\u00ebs s\u00eb Malit t\u00eb Zi gjithnj\u00eb e m\u00eb shum\u00eb jan\u00eb duke u p\u00ebrmir\u00ebsuar dhe popullsia shqiptare n\u00eb Mal t\u00eb Zi \u00ebsht\u00eb nj\u00eb ur\u00eb e r\u00ebnd\u00ebsishme komunikimi dhe lidhjeje mes dy shteteve\u201d, ka th\u00ebn\u00eb presidenti Tha\u00e7i.<\/p>\n<div class=\"in-artad\">\u00a0<a href=\"http:\/\/www.visit-ulcinj.com\/blog\/wp-content\/uploads\/2016\/04\/Thaci-Cungu.jpg\"><img loading=\"lazy\" class=\"alignleft wp-image-96401\" src=\"http:\/\/www.visit-ulcinj.com\/blog\/wp-content\/uploads\/2016\/04\/Thaci-Cungu.jpg\" alt=\"Thaci-Cungu\" width=\"508\" height=\"286\" srcset=\"https:\/\/www.visit-ulcinj.com\/blog\/wp-content\/uploads\/2016\/04\/Thaci-Cungu.jpg 780w, https:\/\/www.visit-ulcinj.com\/blog\/wp-content\/uploads\/2016\/04\/Thaci-Cungu-300x169.jpg 300w\" sizes=\"(max-width: 508px) 100vw, 508px\" \/><\/a><\/div>\n<p>Nd\u00ebrsa, kryetari i Ulqinit, Nazif Cungu, pasi uroi presidentin Tha\u00e7i p\u00ebr marrjen e detyr\u00ebs s\u00eb re, mir\u00ebpriti qet\u00ebsimin e situat\u00ebs politike n\u00eb Kosov\u00eb. \u201cKur Kosova \u00ebsht\u00eb qet\u00eb, edhe shqiptar\u00ebt q\u00eb jetojn\u00eb n\u00eb trojet e tyre n\u00eb shtetet e tjera qet\u00ebsohen, mir\u00ebpo kur Kosova \u00ebsht\u00eb e tensionuar, ata ndihen shum\u00ebfish t\u00eb shqet\u00ebsuar\u201d, tha kryetari i Ulqinit, Nazif Cungu.<\/p>\n<p>Kryetari i Ulqinit e njoftoi presidentin Tha\u00e7i edhe p\u00ebr gjendjen sociale dhe ekonomike t\u00eb komunitetit shqiptar dhe p\u00ebr zhvillimet e fundit politike n\u00eb Mal t\u00eb Zi.<\/p>\n<p>Ai, gjithashtu, k\u00ebrkoi ndihm\u00ebn e presidentit Tha\u00e7i p\u00ebr t\u00eb lobuar pran\u00eb Tiran\u00ebs dhe Podgoric\u00ebs, q\u00eb t\u00eb leht\u00ebsohet kalimi i pushuesve dhe m\u00ebrgimtar\u00ebve kosovar\u00eb n\u00eb pik\u00ebn kufitare t\u00eb Muriqanit, ku radha e makinave gjat\u00eb sezonit veror \u00ebsht\u00eb shum\u00eb e gjat\u00eb dhe qytetar\u00ebt q\u00ebndrojn\u00eb me or\u00eb t\u00eb t\u00ebra n\u00eb pritje t\u00eb kalimit t\u00eb kufirit.<\/p>\n<p>Presidenti Tha\u00e7i e siguroi kryetarin e Ulqinit, se do ta trajtoj\u00eb k\u00ebt\u00eb \u00e7\u00ebshtje me v\u00ebmendje dhe do ta diskutoj\u00eb me p\u00ebrfaq\u00ebsuesit e vendeve fqinje, n\u00eb rastet m\u00eb t\u00eb af\u00ebrta q\u00eb do t\u00eb takohet me ta.<\/p>\n<p>Gjithashtu, presidenti Tha\u00e7i e njoftoi kryetarin e komun\u00ebs s\u00eb Ulqinit, q\u00eb n\u00eb t\u00eb ardhmen e af\u00ebrt do t\u00eb ket\u00eb vizit\u00eb zyrtare n\u00eb Mal t\u00eb Zi dhe si qytetar nderi i Ulqinit, padyshim q\u00eb do t\u00eb vizitoj\u00eb s\u00ebrish edhe Ulqinin. \/Telegrafi\/<\/p>\n","protected":false},"excerpt":{"rendered":"<p>Presidenti i Republik\u00ebs s\u00eb Kosov\u00ebs, Hashim Tha\u00e7i, ka pritur sot n\u00eb takim kryetarin e Ulqinit, Nazif Cungu, i cili \u00ebsht\u00eb edhe kryetar i partis\u00eb kryesore t\u00eb shqiptar\u00ebve n\u00eb Mal t\u00eb Zi, Forca e Re Demokratike. Presidenti Tha\u00e7i e siguroi kryetarin e Ulqinit se shqiptar\u00ebt e Malit t\u00eb Zi do t\u00eb ken\u00eb vazhdimisht mb\u00ebshtetjen e tij [&hellip;]<\/p>\n","protected":false},"author":1,"featured_media":0,"comment_status":"closed","ping_status":"closed","sticky":false,"template":"","format":"standard","meta":{"spay_email":"","jetpack_publicize_message":"","jetpack_is_tweetstorm":false,"jetpack_publicize_feature_enabled":true},"categories":[1,6],"tags":[],"jetpack_publicize_connections":[],"yoast_head":"<!-- This site is optimized with the Yoast SEO plugin v19.1 - https:\/\/yoast.com\/wordpress\/plugins\/seo\/ -->\n<title>Presidenti Tha\u00e7i priti n\u00eb takim kryetarin e Komun\u00ebs s\u00eb Ulqinit, Nazif Cungu - Lajme nga Ulqini<\/title>\n<meta name=\"description\" content=\"Presidenti i Republik\u00ebs s\u00eb Kosov\u00ebs, Hashim Tha\u00e7i, ka pritur sot n\u00eb takim kryetarin e Ulqinit, Nazif Cungu, i cili \u00ebsht\u00eb edhe kryetar i partis\u00eb kryesore t\u00eb\" \/>\n<meta name=\"robots\" content=\"index, follow, max-snippet:-1, max-image-preview:large, max-video-preview:-1\" \/>\n<link rel=\"canonical\" href=\"https:\/\/www.visit-ulcinj.com\/blog\/2016\/04\/21\/presidenti-thaci-priti-ne-takim-kryetarin-e-komunes-se-ulqinit-nazif-cungu\/\" \/>\n<meta property=\"og:locale\" content=\"en_US\" \/>\n<meta property=\"og:type\" content=\"article\" \/>\n<meta property=\"og:title\" content=\"Presidenti Tha\u00e7i priti n\u00eb takim kryetarin e Komun\u00ebs s\u00eb Ulqinit, Nazif Cungu - Lajme nga Ulqini\" \/>\n<meta property=\"og:description\" content=\"Presidenti i Republik\u00ebs s\u00eb Kosov\u00ebs, Hashim Tha\u00e7i, ka pritur sot n\u00eb takim kryetarin e Ulqinit, Nazif Cungu, i cili \u00ebsht\u00eb edhe kryetar i partis\u00eb kryesore t\u00eb\" \/>\n<meta property=\"og:url\" content=\"https:\/\/www.visit-ulcinj.com\/blog\/2016\/04\/21\/presidenti-thaci-priti-ne-takim-kryetarin-e-komunes-se-ulqinit-nazif-cungu\/\" \/>\n<meta property=\"og:site_name\" content=\"Lajme nga Ulqini\" \/>\n<meta property=\"article:published_time\" content=\"2016-04-21T14:09:54+00:00\" \/>\n<meta property=\"article:modified_time\" content=\"2016-04-21T17:27:22+00:00\" \/>\n<meta property=\"og:image\" content=\"http:\/\/www.visit-ulcinj.com\/blog\/wp-content\/uploads\/2016\/04\/nazif-cungu-hashim-thaci-.jpg\" \/>\n<meta name=\"twitter:label1\" content=\"Written by\" \/>\n\t<meta name=\"twitter:data1\" content=\"ulqini\" \/>\n\t<meta name=\"twitter:label2\" content=\"Est. reading time\" \/>\n\t<meta name=\"twitter:data2\" content=\"2 minutes\" \/>\n<script type=\"application\/ld+json\" class=\"yoast-schema-graph\">{\"@context\":\"https:\/\/schema.org\",\"@graph\":[{\"@type\":\"WebSite\",\"@id\":\"https:\/\/www.visit-ulcinj.com\/blog\/#website\",\"url\":\"https:\/\/www.visit-ulcinj.com\/blog\/\",\"name\":\"Lajme nga Ulqini\",\"description\":\"Lajme,Vijesti,Ulqini,Ulqin,Crna Gora,Mali i Zi\",\"potentialAction\":[{\"@type\":\"SearchAction\",\"target\":{\"@type\":\"EntryPoint\",\"urlTemplate\":\"https:\/\/www.visit-ulcinj.com\/blog\/?s={search_term_string}\"},\"query-input\":\"required name=search_term_string\"}],\"inLanguage\":\"en-US\"},{\"@type\":\"ImageObject\",\"inLanguage\":\"en-US\",\"@id\":\"https:\/\/www.visit-ulcinj.com\/blog\/2016\/04\/21\/presidenti-thaci-priti-ne-takim-kryetarin-e-komunes-se-ulqinit-nazif-cungu\/#primaryimage\",\"url\":\"https:\/\/www.visit-ulcinj.com\/blog\/wp-content\/uploads\/2016\/04\/nazif-cungu-hashim-thaci-.jpg\",\"contentUrl\":\"https:\/\/www.visit-ulcinj.com\/blog\/wp-content\/uploads\/2016\/04\/nazif-cungu-hashim-thaci-.jpg\",\"width\":659,\"height\":454},{\"@type\":\"WebPage\",\"@id\":\"https:\/\/www.visit-ulcinj.com\/blog\/2016\/04\/21\/presidenti-thaci-priti-ne-takim-kryetarin-e-komunes-se-ulqinit-nazif-cungu\/#webpage\",\"url\":\"https:\/\/www.visit-ulcinj.com\/blog\/2016\/04\/21\/presidenti-thaci-priti-ne-takim-kryetarin-e-komunes-se-ulqinit-nazif-cungu\/\",\"name\":\"Presidenti Tha\u00e7i priti n\u00eb takim kryetarin e Komun\u00ebs s\u00eb Ulqinit, Nazif Cungu - Lajme nga Ulqini\",\"isPartOf\":{\"@id\":\"https:\/\/www.visit-ulcinj.com\/blog\/#website\"},\"primaryImageOfPage\":{\"@id\":\"https:\/\/www.visit-ulcinj.com\/blog\/2016\/04\/21\/presidenti-thaci-priti-ne-takim-kryetarin-e-komunes-se-ulqinit-nazif-cungu\/#primaryimage\"},\"datePublished\":\"2016-04-21T14:09:54+00:00\",\"dateModified\":\"2016-04-21T17:27:22+00:00\",\"author\":{\"@id\":\"https:\/\/www.visit-ulcinj.com\/blog\/#\/schema\/person\/dcab619c614d3038751c63bc2aadc06d\"},\"description\":\"Presidenti i Republik\u00ebs s\u00eb Kosov\u00ebs, Hashim Tha\u00e7i, ka pritur sot n\u00eb takim kryetarin e Ulqinit, Nazif Cungu, i cili \u00ebsht\u00eb edhe kryetar i partis\u00eb kryesore t\u00eb\",\"breadcrumb\":{\"@id\":\"https:\/\/www.visit-ulcinj.com\/blog\/2016\/04\/21\/presidenti-thaci-priti-ne-takim-kryetarin-e-komunes-se-ulqinit-nazif-cungu\/#breadcrumb\"},\"inLanguage\":\"en-US\",\"potentialAction\":[{\"@type\":\"ReadAction\",\"target\":[\"https:\/\/www.visit-ulcinj.com\/blog\/2016\/04\/21\/presidenti-thaci-priti-ne-takim-kryetarin-e-komunes-se-ulqinit-nazif-cungu\/\"]}]},{\"@type\":\"BreadcrumbList\",\"@id\":\"https:\/\/www.visit-ulcinj.com\/blog\/2016\/04\/21\/presidenti-thaci-priti-ne-takim-kryetarin-e-komunes-se-ulqinit-nazif-cungu\/#breadcrumb\",\"itemListElement\":[{\"@type\":\"ListItem\",\"position\":1,\"name\":\"Presidenti Tha\u00e7i priti n\u00eb takim kryetarin e Komun\u00ebs s\u00eb Ulqinit, Nazif Cungu\"}]},{\"@type\":\"Person\",\"@id\":\"https:\/\/www.visit-ulcinj.com\/blog\/#\/schema\/person\/dcab619c614d3038751c63bc2aadc06d\",\"name\":\"ulqini\",\"sameAs\":[\"http:\/\/www.visit-ulcinj.com\"],\"url\":\"https:\/\/www.visit-ulcinj.com\/blog\/author\/admin\/\"}]}<\/script>\n<!-- \/ Yoast SEO plugin. -->","yoast_head_json":{"title":"Presidenti Tha\u00e7i priti n\u00eb takim kryetarin e Komun\u00ebs s\u00eb Ulqinit, Nazif Cungu - Lajme nga Ulqini","description":"Presidenti i Republik\u00ebs s\u00eb Kosov\u00ebs, Hashim Tha\u00e7i, ka pritur sot n\u00eb takim kryetarin e Ulqinit, Nazif Cungu, i cili \u00ebsht\u00eb edhe kryetar i partis\u00eb kryesore t\u00eb","robots":{"index":"index","follow":"follow","max-snippet":"max-snippet:-1","max-image-preview":"max-image-preview:large","max-video-preview":"max-video-preview:-1"},"canonical":"https:\/\/www.visit-ulcinj.com\/blog\/2016\/04\/21\/presidenti-thaci-priti-ne-takim-kryetarin-e-komunes-se-ulqinit-nazif-cungu\/","og_locale":"en_US","og_type":"article","og_title":"Presidenti Tha\u00e7i priti n\u00eb takim kryetarin e Komun\u00ebs s\u00eb Ulqinit, Nazif Cungu - Lajme nga Ulqini","og_description":"Presidenti i Republik\u00ebs s\u00eb Kosov\u00ebs, Hashim Tha\u00e7i, ka pritur sot n\u00eb takim kryetarin e Ulqinit, Nazif Cungu, i cili \u00ebsht\u00eb edhe kryetar i partis\u00eb kryesore t\u00eb","og_url":"https:\/\/www.visit-ulcinj.com\/blog\/2016\/04\/21\/presidenti-thaci-priti-ne-takim-kryetarin-e-komunes-se-ulqinit-nazif-cungu\/","og_site_name":"Lajme nga Ulqini","article_published_time":"2016-04-21T14:09:54+00:00","article_modified_time":"2016-04-21T17:27:22+00:00","og_image":[{"url":"http:\/\/www.visit-ulcinj.com\/blog\/wp-content\/uploads\/2016\/04\/nazif-cungu-hashim-thaci-.jpg"}],"twitter_misc":{"Written by":"ulqini","Est. reading time":"2 minutes"},"schema":{"@context":"https:\/\/schema.org","@graph":[{"@type":"WebSite","@id":"https:\/\/www.visit-ulcinj.com\/blog\/#website","url":"https:\/\/www.visit-ulcinj.com\/blog\/","name":"Lajme nga Ulqini","description":"Lajme,Vijesti,Ulqini,Ulqin,Crna Gora,Mali i Zi","potentialAction":[{"@type":"SearchAction","target":{"@type":"EntryPoint","urlTemplate":"https:\/\/www.visit-ulcinj.com\/blog\/?s={search_term_string}"},"query-input":"required name=search_term_string"}],"inLanguage":"en-US"},{"@type":"ImageObject","inLanguage":"en-US","@id":"https:\/\/www.visit-ulcinj.com\/blog\/2016\/04\/21\/presidenti-thaci-priti-ne-takim-kryetarin-e-komunes-se-ulqinit-nazif-cungu\/#primaryimage","url":"https:\/\/www.visit-ulcinj.com\/blog\/wp-content\/uploads\/2016\/04\/nazif-cungu-hashim-thaci-.jpg","contentUrl":"https:\/\/www.visit-ulcinj.com\/blog\/wp-content\/uploads\/2016\/04\/nazif-cungu-hashim-thaci-.jpg","width":659,"height":454},{"@type":"WebPage","@id":"https:\/\/www.visit-ulcinj.com\/blog\/2016\/04\/21\/presidenti-thaci-priti-ne-takim-kryetarin-e-komunes-se-ulqinit-nazif-cungu\/#webpage","url":"https:\/\/www.visit-ulcinj.com\/blog\/2016\/04\/21\/presidenti-thaci-priti-ne-takim-kryetarin-e-komunes-se-ulqinit-nazif-cungu\/","name":"Presidenti Tha\u00e7i priti n\u00eb takim kryetarin e Komun\u00ebs s\u00eb Ulqinit, Nazif Cungu - Lajme nga Ulqini","isPartOf":{"@id":"https:\/\/www.visit-ulcinj.com\/blog\/#website"},"primaryImageOfPage":{"@id":"https:\/\/www.visit-ulcinj.com\/blog\/2016\/04\/21\/presidenti-thaci-priti-ne-takim-kryetarin-e-komunes-se-ulqinit-nazif-cungu\/#primaryimage"},"datePublished":"2016-04-21T14:09:54+00:00","dateModified":"2016-04-21T17:27:22+00:00","author":{"@id":"https:\/\/www.visit-ulcinj.com\/blog\/#\/schema\/person\/dcab619c614d3038751c63bc2aadc06d"},"description":"Presidenti i Republik\u00ebs s\u00eb Kosov\u00ebs, Hashim Tha\u00e7i, ka pritur sot n\u00eb takim kryetarin e Ulqinit, Nazif Cungu, i cili \u00ebsht\u00eb edhe kryetar i partis\u00eb kryesore t\u00eb","breadcrumb":{"@id":"https:\/\/www.visit-ulcinj.com\/blog\/2016\/04\/21\/presidenti-thaci-priti-ne-takim-kryetarin-e-komunes-se-ulqinit-nazif-cungu\/#breadcrumb"},"inLanguage":"en-US","potentialAction":[{"@type":"ReadAction","target":["https:\/\/www.visit-ulcinj.com\/blog\/2016\/04\/21\/presidenti-thaci-priti-ne-takim-kryetarin-e-komunes-se-ulqinit-nazif-cungu\/"]}]},{"@type":"BreadcrumbList","@id":"https:\/\/www.visit-ulcinj.com\/blog\/2016\/04\/21\/presidenti-thaci-priti-ne-takim-kryetarin-e-komunes-se-ulqinit-nazif-cungu\/#breadcrumb","itemListElement":[{"@type":"ListItem","position":1,"name":"Presidenti Tha\u00e7i priti n\u00eb takim kryetarin e Komun\u00ebs s\u00eb Ulqinit, Nazif Cungu"}]},{"@type":"Person","@id":"https:\/\/www.visit-ulcinj.com\/blog\/#\/schema\/person\/dcab619c614d3038751c63bc2aadc06d","name":"ulqini","sameAs":["http:\/\/www.visit-ulcinj.com"],"url":"https:\/\/www.visit-ulcinj.com\/blog\/author\/admin\/"}]}},"jetpack_featured_media_url":"","jetpack_sharing_enabled":true,"jetpack_shortlink":"https:\/\/wp.me\/pe6lTn-p4P","_links":{"self":[{"href":"https:\/\/www.visit-ulcinj.com\/blog\/wp-json\/wp\/v2\/posts\/96399"}],"collection":[{"href":"https:\/\/www.visit-ulcinj.com\/blog\/wp-json\/wp\/v2\/posts"}],"about":[{"href":"https:\/\/www.visit-ulcinj.com\/blog\/wp-json\/wp\/v2\/types\/post"}],"author":[{"embeddable":true,"href":"https:\/\/www.visit-ulcinj.com\/blog\/wp-json\/wp\/v2\/users\/1"}],"replies":[{"embeddable":true,"href":"https:\/\/www.visit-ulcinj.com\/blog\/wp-json\/wp\/v2\/comments?post=96399"}],"version-history":[{"count":1,"href":"https:\/\/www.visit-ulcinj.com\/blog\/wp-json\/wp\/v2\/posts\/96399\/revisions"}],"predecessor-version":[{"id":96402,"href":"https:\/\/www.visit-ulcinj.com\/blog\/wp-json\/wp\/v2\/posts\/96399\/revisions\/96402"}],"wp:attachment":[{"href":"https:\/\/www.visit-ulcinj.com\/blog\/wp-json\/wp\/v2\/media?parent=96399"}],"wp:term":[{"taxonomy":"category","embeddable":true,"href":"https:\/\/www.visit-ulcinj.com\/blog\/wp-json\/wp\/v2\/categories?post=96399"},{"taxonomy":"post_tag","embeddable":true,"href":"https:\/\/www.visit-ulcinj.com\/blog\/wp-json\/wp\/v2\/tags?post=96399"}],"curies":[{"name":"wp","href":"https:\/\/api.w.org\/{rel}","templated":true}]}}