{"id":96403,"date":"2016-04-21T18:25:41","date_gmt":"2016-04-21T17:25:41","guid":{"rendered":"http:\/\/www.visit-ulcinj.com\/blog\/?p=96403"},"modified":"2016-04-28T18:42:52","modified_gmt":"2016-04-28T17:42:52","slug":"ne-rtk-ulqini-therret-per-pushime-kosovaret","status":"publish","type":"post","link":"https:\/\/www.visit-ulcinj.com\/blog\/2016\/04\/21\/ne-rtk-ulqini-therret-per-pushime-kosovaret\/","title":{"rendered":"N\u00eb RTK Ulqini th\u00ebrret p\u00ebr pushime kosovar\u00ebt &#8211; Video"},"content":{"rendered":"<div class=\"entry-content\">\n<p><a href=\"http:\/\/www.visit-ulcinj.com\/blog\/wp-content\/uploads\/2016\/04\/Ulqini-theret-kosovaret-per-pushim.jpg\"><img loading=\"lazy\" class=\"alignleft wp-image-96404\" src=\"http:\/\/www.visit-ulcinj.com\/blog\/wp-content\/uploads\/2016\/04\/Ulqini-theret-kosovaret-per-pushim.jpg\" alt=\"Ulqini theret kosovaret per pushim\" width=\"508\" height=\"381\" srcset=\"https:\/\/www.visit-ulcinj.com\/blog\/wp-content\/uploads\/2016\/04\/Ulqini-theret-kosovaret-per-pushim.jpg 960w, https:\/\/www.visit-ulcinj.com\/blog\/wp-content\/uploads\/2016\/04\/Ulqini-theret-kosovaret-per-pushim-300x225.jpg 300w\" sizes=\"(max-width: 508px) 100vw, 508px\" \/><\/a>P\u00ebr atraksionet jo vet\u00ebm t\u00eb Ulqinit, por edhe t\u00eb Malit t\u00eb Zi, qytetar\u00ebt e Kosov\u00ebs jan\u00eb t\u00eb njohuar me dekagada, e ku nj\u00eb pjes\u00eb e madhe e tyre tradicionalisht pushojn\u00eb atje.<\/p>\n<p>Duke par\u00eb se qytetar\u00ebt e Kosov\u00ebs vazhdojn\u00eb \u00a0t\u00eb mbeten turist\u00ebt m\u00eb tradicional dhe m\u00eb besnik\u00ebt e Ulqinit, kjo po joshet q\u00eb t\u00eb zgjerohet n\u00eb t\u00ebr\u00eb Malin e Zi.<\/p>\n<p>P\u00ebr promovimin, joshjen, t\u00ebrheqjen dhe rritjen e numrit t\u00eb turist\u00ebve n\u00eb jo vet\u00ebm n\u00eb Ulqin, por n\u00eb t\u00ebr\u00eb vij\u00ebn bregdetare t\u00eb Malit t\u00eb Zi, n\u00eb Kosov\u00eb jan\u00eb angazhuar si asnj\u00ebher\u00eb m\u00eb par\u00eb zyrtar\u00eb nga Ministria e Turizmit e Organizata Turistike e Malit t\u00eb Zi, si dhe organizatat turistike t\u00eb Ulqinit, Tivatit e tjer\u00eb.<\/p>\n<p><a href=\"http:\/\/www.visit-ulcinj.com\/blog\/wp-content\/uploads\/2016\/04\/Ulqini-theret-kosovaret-per-pushim-1.jpg\"><img loading=\"lazy\" class=\"alignleft wp-image-96405\" src=\"http:\/\/www.visit-ulcinj.com\/blog\/wp-content\/uploads\/2016\/04\/Ulqini-theret-kosovaret-per-pushim-1.jpg\" alt=\"Ulqini theret kosovaret per pushim-1\" width=\"508\" height=\"381\" srcset=\"https:\/\/www.visit-ulcinj.com\/blog\/wp-content\/uploads\/2016\/04\/Ulqini-theret-kosovaret-per-pushim-1.jpg 960w, https:\/\/www.visit-ulcinj.com\/blog\/wp-content\/uploads\/2016\/04\/Ulqini-theret-kosovaret-per-pushim-1-300x225.jpg 300w\" sizes=\"(max-width: 508px) 100vw, 508px\" \/><\/a><\/p>\n<p>Kryetari i Komun\u00ebs S\u00eb Ulqinit Nazif Cungu, shpreson se edhe sivjet kosovar\u00ebt do t\u00eb vazhdojn\u00eb t\u00eb mos e braktisin rajonin e tyre, duke besuar n\u00eb rritjen edhe m\u00eb shum\u00eb t\u00eb numrit t\u00eb turist\u00ebve nga Kosova, e t\u00eb cil\u00ebt tradicionalisht pushojn\u00eb n\u00eb Ulqin.<\/p>\n<p>Ai tregoi se maksimalisht jan\u00eb p\u00ebrgatitur p\u00ebr turiz\u00ebm dhe\u00a0 presin\u00a0 fluks t\u00eb mjaftush\u00ebm, ku nuk do t\u00eb mungoj uji, energjia, past\u00ebria\u00a0 e sh\u00ebrbimet tjera.<\/p>\n<p>P\u00ebr ngecjen e punimeve \u00a0n\u00eb rrug\u00ebn Sukobin- Ulqin tash nj\u00eb koh\u00eb t\u00eb gjat\u00eb, kryetari Cungu, tha p\u00ebr portalin \u201cToskanapress.info\u201d \u00a0se punimet kan\u00eb ngecur p\u00ebr shkak t\u00eb vones\u00ebs me tender\u00eb dhe pritet q\u00eb rruga \u00a0t\u00eb rregullohet pas p\u00ebrfundimit t\u00eb ver\u00ebs.<\/p>\n<p>Sipas tij rruga \u00ebsht\u00eb n\u00eb gjendje t\u00eb mir\u00eb dhe po ashtu nuk do t\u00eb ket\u00eb kolona t\u00eb gjata n\u00eb kufij.<\/p>\n<p><a href=\"http:\/\/www.visit-ulcinj.com\/blog\/wp-content\/uploads\/2016\/04\/Shtandi-i-OT-t\u00eb-Ulqinit-n\u00eb-Panairin-e-Prishtin\u00ebs-3.jpg\"><img loading=\"lazy\" class=\"alignleft wp-image-96415\" src=\"http:\/\/www.visit-ulcinj.com\/blog\/wp-content\/uploads\/2016\/04\/Shtandi-i-OT-t\u00eb-Ulqinit-n\u00eb-Panairin-e-Prishtin\u00ebs-3.jpg\" alt=\"Shtandi i OT t\u00eb Ulqinit n\u00eb Panairin e Prishtin\u00ebs-3\" width=\"508\" height=\"924\" srcset=\"https:\/\/www.visit-ulcinj.com\/blog\/wp-content\/uploads\/2016\/04\/Shtandi-i-OT-t\u00eb-Ulqinit-n\u00eb-Panairin-e-Prishtin\u00ebs-3.jpg 528w, https:\/\/www.visit-ulcinj.com\/blog\/wp-content\/uploads\/2016\/04\/Shtandi-i-OT-t\u00eb-Ulqinit-n\u00eb-Panairin-e-Prishtin\u00ebs-3-165x300.jpg 165w\" sizes=\"(max-width: 508px) 100vw, 508px\" \/><\/a><\/p>\n<p>Loro Nreki\u00e7, kryetar i Kuvedit Komunal t\u00eb Ulqinit, ka ftuar kosovar\u00ebt q\u00eb desinacion kryesor ta ken\u00eb Ulqinin, ku sipas tij mik\u00ebpritja vllaz\u00ebrore \u00ebsht\u00eb n\u00eb nivelin m\u00eb t\u00eb mir\u00eb t\u00eb mundsh\u00ebm.<\/p>\n<p>Suad Gjelovi\u00e7, zyrtar\u00eb nga Ministria e Turizmit, \u00a0t\u00eb Malit t\u00eb Zi, tregoi se vendi i tij vazhdon t\u00eb mbetet nj\u00eb atraksion i v\u00ebrtet p\u00ebr pushime. \u00a0Sipas tij gjat\u00eb vitit t\u00eb kaluar\u00a0 ishin rreth\u00a0 dy milion\u00eb turist\u00eb, t\u00eb cil\u00ebt kan\u00eb\u00a0 pushuar\u00a0 rreth\u00a0 dhjet\u00eb milion\u00eb net\u00eb.<\/p>\n<p>Ai tha p\u00ebr \u201cToskanapress.info\u201d \u00a0se promovimi dhe joshja e turist\u00ebve, ka nj\u00eb r\u00ebnd\u00ebsi t\u00eb madhe p\u00ebr rritjen e turist\u00ebve.<\/p>\n<p>Sivjet jan\u00eb b\u00ebr\u00eb organizime dhe do t\u00eb ket\u00eb sh\u00ebrbime m\u00eb cil\u00ebsore t\u00eb t\u00eb gjitha sh\u00ebrbimeve. Do t\u00eb ket\u00eb edhe mainfestime kulturore e festival nd\u00ebkromb\u00ebtare.<\/p>\n<p>Ai tregoi se qeveria,ka b\u00ebr\u00eb planin p\u00ebr sezon\u00eb turistike, ku jan\u00eb t\u00eb p\u00ebrfshira t\u00eb gjitha institucionet adekuate me q\u00ebllim q\u00eb sezona turistike t\u00eb jet\u00eb e sukeshme.<\/p>\n<p><a href=\"http:\/\/www.visit-ulcinj.com\/blog\/wp-content\/uploads\/2016\/04\/Shtandi-i-OT-t\u00eb-Ulqinit-n\u00eb-Panairin-e-Prishtin\u00ebs.jpg\"><img loading=\"lazy\" class=\"alignleft wp-image-96406\" src=\"http:\/\/www.visit-ulcinj.com\/blog\/wp-content\/uploads\/2016\/04\/Shtandi-i-OT-t\u00eb-Ulqinit-n\u00eb-Panairin-e-Prishtin\u00ebs.jpg\" alt=\"Shtandi i OT t\u00eb Ulqinit n\u00eb Panairin e Prishtin\u00ebs,\" width=\"508\" height=\"677\" srcset=\"https:\/\/www.visit-ulcinj.com\/blog\/wp-content\/uploads\/2016\/04\/Shtandi-i-OT-t\u00eb-Ulqinit-n\u00eb-Panairin-e-Prishtin\u00ebs.jpg 720w, https:\/\/www.visit-ulcinj.com\/blog\/wp-content\/uploads\/2016\/04\/Shtandi-i-OT-t\u00eb-Ulqinit-n\u00eb-Panairin-e-Prishtin\u00ebs-225x300.jpg 225w\" sizes=\"(max-width: 508px) 100vw, 508px\" \/><\/a><\/p>\n<p>Zana Hollaj Servan, drejtoresh e Organizat\u00ebs Turistike t\u00eb Ulqinit, tha se pa dyshim se kosovar\u00ebt edhe sivjet n\u00eb num\u00ebr t\u00eb madh do t\u00eb jen\u00eb n\u00eb Ulqin, ku pushojn\u00eb me vite t\u00eb t\u00ebra.<\/p>\n<p>Ajo tregoi p\u00ebr portalin \u201cToskanapress.info\u201d, se gjat\u00eb vitit 2015 kishin mbi 60 mij\u00eb mysafir\u00ebs t\u00eb cil\u00ebt kan\u00eb realizuar mbi 300 mij\u00eb fjetje.<\/p>\n<p>Bernarda Moshkov, drejtoresh nga Organizata Turistike e Tivatiti, u b\u00ebri thirrje qytetar\u00ebve t\u00eb Kosov\u00ebs q\u00eb t\u00eb pushojn\u00eb edhe n\u00eb plazhet e k\u00ebsaj komune, t\u00eb cilat jan\u00eb mjaft t\u00ebrheq\u00ebse.<\/p>\n<p><strong>Toskanapress.info<\/strong><br \/>\n<!--YouTube Error: bad URL entered--><br \/>\n<a href=\"http:\/\/www.visit-ulcinj.com\/blog\/wp-content\/uploads\/2016\/04\/Shtandi-i-OT-t\u00eb-Ulqinit-n\u00eb-Panairin-e-Prishtin\u00ebs-1.jpg\"><img loading=\"lazy\" class=\"alignleft wp-image-96407\" src=\"http:\/\/www.visit-ulcinj.com\/blog\/wp-content\/uploads\/2016\/04\/Shtandi-i-OT-t\u00eb-Ulqinit-n\u00eb-Panairin-e-Prishtin\u00ebs-1.jpg\" alt=\"Shtandi i OT t\u00eb Ulqinit n\u00eb Panairin e Prishtin\u00ebs-1\" width=\"508\" height=\"381\" srcset=\"https:\/\/www.visit-ulcinj.com\/blog\/wp-content\/uploads\/2016\/04\/Shtandi-i-OT-t\u00eb-Ulqinit-n\u00eb-Panairin-e-Prishtin\u00ebs-1.jpg 960w, https:\/\/www.visit-ulcinj.com\/blog\/wp-content\/uploads\/2016\/04\/Shtandi-i-OT-t\u00eb-Ulqinit-n\u00eb-Panairin-e-Prishtin\u00ebs-1-300x225.jpg 300w\" sizes=\"(max-width: 508px) 100vw, 508px\" \/><\/a><\/p>\n<p><a href=\"http:\/\/www.visit-ulcinj.com\/blog\/wp-content\/uploads\/2016\/04\/Shtandi-i-OT-t\u00eb-Ulqinit-n\u00eb-Panairin-e-Prishtin\u00ebs-2.jpg\"><img loading=\"lazy\" class=\"alignleft wp-image-96413\" src=\"http:\/\/www.visit-ulcinj.com\/blog\/wp-content\/uploads\/2016\/04\/Shtandi-i-OT-t\u00eb-Ulqinit-n\u00eb-Panairin-e-Prishtin\u00ebs-2.jpg\" alt=\"Shtandi i OT t\u00eb Ulqinit n\u00eb Panairin e Prishtin\u00ebs-2\" width=\"508\" height=\"286\" srcset=\"https:\/\/www.visit-ulcinj.com\/blog\/wp-content\/uploads\/2016\/04\/Shtandi-i-OT-t\u00eb-Ulqinit-n\u00eb-Panairin-e-Prishtin\u00ebs-2.jpg 960w, https:\/\/www.visit-ulcinj.com\/blog\/wp-content\/uploads\/2016\/04\/Shtandi-i-OT-t\u00eb-Ulqinit-n\u00eb-Panairin-e-Prishtin\u00ebs-2-300x169.jpg 300w\" sizes=\"(max-width: 508px) 100vw, 508px\" \/><\/a><\/p>\n<\/div>\n","protected":false},"excerpt":{"rendered":"<p>P\u00ebr atraksionet jo vet\u00ebm t\u00eb Ulqinit, por edhe t\u00eb Malit t\u00eb Zi, qytetar\u00ebt e Kosov\u00ebs jan\u00eb t\u00eb njohuar me dekagada, e ku nj\u00eb pjes\u00eb e madhe e tyre tradicionalisht pushojn\u00eb atje. Duke par\u00eb se qytetar\u00ebt e Kosov\u00ebs vazhdojn\u00eb \u00a0t\u00eb mbeten turist\u00ebt m\u00eb tradicional dhe m\u00eb besnik\u00ebt e Ulqinit, kjo po joshet q\u00eb t\u00eb zgjerohet n\u00eb [&hellip;]<\/p>\n","protected":false},"author":1,"featured_media":0,"comment_status":"closed","ping_status":"closed","sticky":false,"template":"","format":"standard","meta":{"spay_email":"","jetpack_publicize_message":"","jetpack_is_tweetstorm":false,"jetpack_publicize_feature_enabled":true},"categories":[1,15],"tags":[],"jetpack_publicize_connections":[],"yoast_head":"<!-- This site is optimized with the Yoast SEO plugin v19.1 - https:\/\/yoast.com\/wordpress\/plugins\/seo\/ -->\n<title>N\u00eb RTK Ulqini th\u00ebrret p\u00ebr pushime kosovar\u00ebt - Video - Lajme nga Ulqini<\/title>\n<meta name=\"description\" content=\"P\u00ebr atraksionet jo vet\u00ebm t\u00eb Ulqinit, por edhe t\u00eb Malit t\u00eb Zi, qytetar\u00ebt e Kosov\u00ebs jan\u00eb t\u00eb njohuar me dekagada, e ku nj\u00eb pjes\u00eb e madhe e tyre\" \/>\n<meta name=\"robots\" content=\"index, follow, max-snippet:-1, max-image-preview:large, max-video-preview:-1\" \/>\n<link rel=\"canonical\" href=\"https:\/\/www.visit-ulcinj.com\/blog\/2016\/04\/21\/ne-rtk-ulqini-therret-per-pushime-kosovaret\/\" \/>\n<meta property=\"og:locale\" content=\"en_US\" \/>\n<meta property=\"og:type\" content=\"article\" \/>\n<meta property=\"og:title\" content=\"N\u00eb RTK Ulqini th\u00ebrret p\u00ebr pushime kosovar\u00ebt - Video - Lajme nga Ulqini\" \/>\n<meta property=\"og:description\" content=\"P\u00ebr atraksionet jo vet\u00ebm t\u00eb Ulqinit, por edhe t\u00eb Malit t\u00eb Zi, qytetar\u00ebt e Kosov\u00ebs jan\u00eb t\u00eb njohuar me dekagada, e ku nj\u00eb pjes\u00eb e madhe e tyre\" \/>\n<meta property=\"og:url\" content=\"https:\/\/www.visit-ulcinj.com\/blog\/2016\/04\/21\/ne-rtk-ulqini-therret-per-pushime-kosovaret\/\" \/>\n<meta property=\"og:site_name\" content=\"Lajme nga Ulqini\" \/>\n<meta property=\"article:published_time\" content=\"2016-04-21T17:25:41+00:00\" \/>\n<meta property=\"article:modified_time\" content=\"2016-04-28T17:42:52+00:00\" \/>\n<meta property=\"og:image\" content=\"http:\/\/www.visit-ulcinj.com\/blog\/wp-content\/uploads\/2016\/04\/Ulqini-theret-kosovaret-per-pushim.jpg\" \/>\n<meta name=\"twitter:label1\" content=\"Written by\" \/>\n\t<meta name=\"twitter:data1\" content=\"ulqini\" \/>\n\t<meta name=\"twitter:label2\" content=\"Est. reading time\" \/>\n\t<meta name=\"twitter:data2\" content=\"3 minutes\" \/>\n<script type=\"application\/ld+json\" class=\"yoast-schema-graph\">{\"@context\":\"https:\/\/schema.org\",\"@graph\":[{\"@type\":\"WebSite\",\"@id\":\"https:\/\/www.visit-ulcinj.com\/blog\/#website\",\"url\":\"https:\/\/www.visit-ulcinj.com\/blog\/\",\"name\":\"Lajme nga Ulqini\",\"description\":\"Lajme,Vijesti,Ulqini,Ulqin,Crna Gora,Mali i Zi\",\"potentialAction\":[{\"@type\":\"SearchAction\",\"target\":{\"@type\":\"EntryPoint\",\"urlTemplate\":\"https:\/\/www.visit-ulcinj.com\/blog\/?s={search_term_string}\"},\"query-input\":\"required name=search_term_string\"}],\"inLanguage\":\"en-US\"},{\"@type\":\"ImageObject\",\"inLanguage\":\"en-US\",\"@id\":\"https:\/\/www.visit-ulcinj.com\/blog\/2016\/04\/21\/ne-rtk-ulqini-therret-per-pushime-kosovaret\/#primaryimage\",\"url\":\"https:\/\/www.visit-ulcinj.com\/blog\/wp-content\/uploads\/2016\/04\/Ulqini-theret-kosovaret-per-pushim.jpg\",\"contentUrl\":\"https:\/\/www.visit-ulcinj.com\/blog\/wp-content\/uploads\/2016\/04\/Ulqini-theret-kosovaret-per-pushim.jpg\",\"width\":960,\"height\":720},{\"@type\":\"WebPage\",\"@id\":\"https:\/\/www.visit-ulcinj.com\/blog\/2016\/04\/21\/ne-rtk-ulqini-therret-per-pushime-kosovaret\/#webpage\",\"url\":\"https:\/\/www.visit-ulcinj.com\/blog\/2016\/04\/21\/ne-rtk-ulqini-therret-per-pushime-kosovaret\/\",\"name\":\"N\u00eb RTK Ulqini th\u00ebrret p\u00ebr pushime kosovar\u00ebt - Video - Lajme nga Ulqini\",\"isPartOf\":{\"@id\":\"https:\/\/www.visit-ulcinj.com\/blog\/#website\"},\"primaryImageOfPage\":{\"@id\":\"https:\/\/www.visit-ulcinj.com\/blog\/2016\/04\/21\/ne-rtk-ulqini-therret-per-pushime-kosovaret\/#primaryimage\"},\"datePublished\":\"2016-04-21T17:25:41+00:00\",\"dateModified\":\"2016-04-28T17:42:52+00:00\",\"author\":{\"@id\":\"https:\/\/www.visit-ulcinj.com\/blog\/#\/schema\/person\/dcab619c614d3038751c63bc2aadc06d\"},\"description\":\"P\u00ebr atraksionet jo vet\u00ebm t\u00eb Ulqinit, por edhe t\u00eb Malit t\u00eb Zi, qytetar\u00ebt e Kosov\u00ebs jan\u00eb t\u00eb njohuar me dekagada, e ku nj\u00eb pjes\u00eb e madhe e tyre\",\"breadcrumb\":{\"@id\":\"https:\/\/www.visit-ulcinj.com\/blog\/2016\/04\/21\/ne-rtk-ulqini-therret-per-pushime-kosovaret\/#breadcrumb\"},\"inLanguage\":\"en-US\",\"potentialAction\":[{\"@type\":\"ReadAction\",\"target\":[\"https:\/\/www.visit-ulcinj.com\/blog\/2016\/04\/21\/ne-rtk-ulqini-therret-per-pushime-kosovaret\/\"]}]},{\"@type\":\"BreadcrumbList\",\"@id\":\"https:\/\/www.visit-ulcinj.com\/blog\/2016\/04\/21\/ne-rtk-ulqini-therret-per-pushime-kosovaret\/#breadcrumb\",\"itemListElement\":[{\"@type\":\"ListItem\",\"position\":1,\"name\":\"N\u00eb RTK Ulqini th\u00ebrret p\u00ebr pushime kosovar\u00ebt &#8211; Video\"}]},{\"@type\":\"Person\",\"@id\":\"https:\/\/www.visit-ulcinj.com\/blog\/#\/schema\/person\/dcab619c614d3038751c63bc2aadc06d\",\"name\":\"ulqini\",\"sameAs\":[\"http:\/\/www.visit-ulcinj.com\"],\"url\":\"https:\/\/www.visit-ulcinj.com\/blog\/author\/admin\/\"}]}<\/script>\n<!-- \/ Yoast SEO plugin. -->","yoast_head_json":{"title":"N\u00eb RTK Ulqini th\u00ebrret p\u00ebr pushime kosovar\u00ebt - Video - Lajme nga Ulqini","description":"P\u00ebr atraksionet jo vet\u00ebm t\u00eb Ulqinit, por edhe t\u00eb Malit t\u00eb Zi, qytetar\u00ebt e Kosov\u00ebs jan\u00eb t\u00eb njohuar me dekagada, e ku nj\u00eb pjes\u00eb e madhe e tyre","robots":{"index":"index","follow":"follow","max-snippet":"max-snippet:-1","max-image-preview":"max-image-preview:large","max-video-preview":"max-video-preview:-1"},"canonical":"https:\/\/www.visit-ulcinj.com\/blog\/2016\/04\/21\/ne-rtk-ulqini-therret-per-pushime-kosovaret\/","og_locale":"en_US","og_type":"article","og_title":"N\u00eb RTK Ulqini th\u00ebrret p\u00ebr pushime kosovar\u00ebt - Video - Lajme nga Ulqini","og_description":"P\u00ebr atraksionet jo vet\u00ebm t\u00eb Ulqinit, por edhe t\u00eb Malit t\u00eb Zi, qytetar\u00ebt e Kosov\u00ebs jan\u00eb t\u00eb njohuar me dekagada, e ku nj\u00eb pjes\u00eb e madhe e tyre","og_url":"https:\/\/www.visit-ulcinj.com\/blog\/2016\/04\/21\/ne-rtk-ulqini-therret-per-pushime-kosovaret\/","og_site_name":"Lajme nga Ulqini","article_published_time":"2016-04-21T17:25:41+00:00","article_modified_time":"2016-04-28T17:42:52+00:00","og_image":[{"url":"http:\/\/www.visit-ulcinj.com\/blog\/wp-content\/uploads\/2016\/04\/Ulqini-theret-kosovaret-per-pushim.jpg"}],"twitter_misc":{"Written by":"ulqini","Est. reading time":"3 minutes"},"schema":{"@context":"https:\/\/schema.org","@graph":[{"@type":"WebSite","@id":"https:\/\/www.visit-ulcinj.com\/blog\/#website","url":"https:\/\/www.visit-ulcinj.com\/blog\/","name":"Lajme nga Ulqini","description":"Lajme,Vijesti,Ulqini,Ulqin,Crna Gora,Mali i Zi","potentialAction":[{"@type":"SearchAction","target":{"@type":"EntryPoint","urlTemplate":"https:\/\/www.visit-ulcinj.com\/blog\/?s={search_term_string}"},"query-input":"required name=search_term_string"}],"inLanguage":"en-US"},{"@type":"ImageObject","inLanguage":"en-US","@id":"https:\/\/www.visit-ulcinj.com\/blog\/2016\/04\/21\/ne-rtk-ulqini-therret-per-pushime-kosovaret\/#primaryimage","url":"https:\/\/www.visit-ulcinj.com\/blog\/wp-content\/uploads\/2016\/04\/Ulqini-theret-kosovaret-per-pushim.jpg","contentUrl":"https:\/\/www.visit-ulcinj.com\/blog\/wp-content\/uploads\/2016\/04\/Ulqini-theret-kosovaret-per-pushim.jpg","width":960,"height":720},{"@type":"WebPage","@id":"https:\/\/www.visit-ulcinj.com\/blog\/2016\/04\/21\/ne-rtk-ulqini-therret-per-pushime-kosovaret\/#webpage","url":"https:\/\/www.visit-ulcinj.com\/blog\/2016\/04\/21\/ne-rtk-ulqini-therret-per-pushime-kosovaret\/","name":"N\u00eb RTK Ulqini th\u00ebrret p\u00ebr pushime kosovar\u00ebt - Video - Lajme nga Ulqini","isPartOf":{"@id":"https:\/\/www.visit-ulcinj.com\/blog\/#website"},"primaryImageOfPage":{"@id":"https:\/\/www.visit-ulcinj.com\/blog\/2016\/04\/21\/ne-rtk-ulqini-therret-per-pushime-kosovaret\/#primaryimage"},"datePublished":"2016-04-21T17:25:41+00:00","dateModified":"2016-04-28T17:42:52+00:00","author":{"@id":"https:\/\/www.visit-ulcinj.com\/blog\/#\/schema\/person\/dcab619c614d3038751c63bc2aadc06d"},"description":"P\u00ebr atraksionet jo vet\u00ebm t\u00eb Ulqinit, por edhe t\u00eb Malit t\u00eb Zi, qytetar\u00ebt e Kosov\u00ebs jan\u00eb t\u00eb njohuar me dekagada, e ku nj\u00eb pjes\u00eb e madhe e tyre","breadcrumb":{"@id":"https:\/\/www.visit-ulcinj.com\/blog\/2016\/04\/21\/ne-rtk-ulqini-therret-per-pushime-kosovaret\/#breadcrumb"},"inLanguage":"en-US","potentialAction":[{"@type":"ReadAction","target":["https:\/\/www.visit-ulcinj.com\/blog\/2016\/04\/21\/ne-rtk-ulqini-therret-per-pushime-kosovaret\/"]}]},{"@type":"BreadcrumbList","@id":"https:\/\/www.visit-ulcinj.com\/blog\/2016\/04\/21\/ne-rtk-ulqini-therret-per-pushime-kosovaret\/#breadcrumb","itemListElement":[{"@type":"ListItem","position":1,"name":"N\u00eb RTK Ulqini th\u00ebrret p\u00ebr pushime kosovar\u00ebt &#8211; Video"}]},{"@type":"Person","@id":"https:\/\/www.visit-ulcinj.com\/blog\/#\/schema\/person\/dcab619c614d3038751c63bc2aadc06d","name":"ulqini","sameAs":["http:\/\/www.visit-ulcinj.com"],"url":"https:\/\/www.visit-ulcinj.com\/blog\/author\/admin\/"}]}},"jetpack_featured_media_url":"","jetpack_sharing_enabled":true,"jetpack_shortlink":"https:\/\/wp.me\/pe6lTn-p4T","_links":{"self":[{"href":"https:\/\/www.visit-ulcinj.com\/blog\/wp-json\/wp\/v2\/posts\/96403"}],"collection":[{"href":"https:\/\/www.visit-ulcinj.com\/blog\/wp-json\/wp\/v2\/posts"}],"about":[{"href":"https:\/\/www.visit-ulcinj.com\/blog\/wp-json\/wp\/v2\/types\/post"}],"author":[{"embeddable":true,"href":"https:\/\/www.visit-ulcinj.com\/blog\/wp-json\/wp\/v2\/users\/1"}],"replies":[{"embeddable":true,"href":"https:\/\/www.visit-ulcinj.com\/blog\/wp-json\/wp\/v2\/comments?post=96403"}],"version-history":[{"count":5,"href":"https:\/\/www.visit-ulcinj.com\/blog\/wp-json\/wp\/v2\/posts\/96403\/revisions"}],"predecessor-version":[{"id":96550,"href":"https:\/\/www.visit-ulcinj.com\/blog\/wp-json\/wp\/v2\/posts\/96403\/revisions\/96550"}],"wp:attachment":[{"href":"https:\/\/www.visit-ulcinj.com\/blog\/wp-json\/wp\/v2\/media?parent=96403"}],"wp:term":[{"taxonomy":"category","embeddable":true,"href":"https:\/\/www.visit-ulcinj.com\/blog\/wp-json\/wp\/v2\/categories?post=96403"},{"taxonomy":"post_tag","embeddable":true,"href":"https:\/\/www.visit-ulcinj.com\/blog\/wp-json\/wp\/v2\/tags?post=96403"}],"curies":[{"name":"wp","href":"https:\/\/api.w.org\/{rel}","templated":true}]}}