{"id":96409,"date":"2016-04-21T18:33:34","date_gmt":"2016-04-21T17:33:34","guid":{"rendered":"http:\/\/www.visit-ulcinj.com\/blog\/?p=96409"},"modified":"2016-04-21T18:33:34","modified_gmt":"2016-04-21T17:33:34","slug":"veseli-priti-ne-takim-kryetarin-e-komunes-se-ulqinit-nazif-cungun","status":"publish","type":"post","link":"https:\/\/www.visit-ulcinj.com\/blog\/2016\/04\/21\/veseli-priti-ne-takim-kryetarin-e-komunes-se-ulqinit-nazif-cungun\/","title":{"rendered":"Veseli priti n\u00eb takim kryetarin e Komun\u00ebs s\u00eb Ulqinit Nazif Cungun"},"content":{"rendered":"<p><strong><a href=\"http:\/\/www.visit-ulcinj.com\/blog\/wp-content\/uploads\/2016\/04\/VESELI-CUNGU.jpg\"><img loading=\"lazy\" class=\"alignleft wp-image-96410\" src=\"http:\/\/www.visit-ulcinj.com\/blog\/wp-content\/uploads\/2016\/04\/VESELI-CUNGU.jpg\" alt=\"VESELI-CUNGU\" width=\"508\" height=\"338\" srcset=\"https:\/\/www.visit-ulcinj.com\/blog\/wp-content\/uploads\/2016\/04\/VESELI-CUNGU.jpg 620w, https:\/\/www.visit-ulcinj.com\/blog\/wp-content\/uploads\/2016\/04\/VESELI-CUNGU-300x200.jpg 300w\" sizes=\"(max-width: 508px) 100vw, 508px\" \/><\/a>Veseli dhe Cungu biseduan p\u00ebr lidhjet e fuqishme dhe t\u00eb hershme q\u00eb ekzistojn\u00eb midis Kosov\u00ebs dhe qytetit t\u00eb Ulqinit, duke shtruar nevoj\u00ebn q\u00eb k\u00ebto raporte t\u00eb forcohen edhe m\u00eb tej.<\/strong><\/p>\n<p>Kryetari i Kuvendit t\u00eb Republik\u00ebs s\u00eb Kosov\u00ebs, Kadri Veseli, priti sot n\u00eb takim kryetarin e Komun\u00ebs s\u00eb Ulqinit, Nazif Cungu, me t\u00eb cilin bisedoi p\u00ebr situat\u00ebn aktuale n\u00eb vendin ton\u00eb dhe zhvillimet q\u00eb p\u00ebrcoll\u00ebn sken\u00ebn politike t\u00eb Ulqinit n\u00eb muajt e fundit.<\/p>\n<p>Duke i uruar mir\u00ebseardhje n\u00eb Kosov\u00eb dhe n\u00eb Kuvendin e saj, kryeparlamentari Veseli e uroi Cungu p\u00ebr detyr\u00ebn e re n\u00eb krye t\u00eb Komun\u00ebs s\u00eb Ulqinit dhe i d\u00ebshiroi suksese n\u00eb pun\u00ebn e tij t\u00eb m\u00ebtutjeshme.<\/p>\n<p><a href=\"http:\/\/www.visit-ulcinj.com\/blog\/wp-content\/uploads\/2016\/04\/VESELI-CUNGU-1.jpg\"><img loading=\"lazy\" class=\"alignleft wp-image-96411\" src=\"http:\/\/www.visit-ulcinj.com\/blog\/wp-content\/uploads\/2016\/04\/VESELI-CUNGU-1.jpg\" alt=\"VESELI-CUNGU-1\" width=\"508\" height=\"278\" srcset=\"https:\/\/www.visit-ulcinj.com\/blog\/wp-content\/uploads\/2016\/04\/VESELI-CUNGU-1.jpg 633w, https:\/\/www.visit-ulcinj.com\/blog\/wp-content\/uploads\/2016\/04\/VESELI-CUNGU-1-300x164.jpg 300w\" sizes=\"(max-width: 508px) 100vw, 508px\" \/><\/a><\/p>\n<p>Kreu i Kuvendit t\u00eb Kosov\u00ebs dhe ai i Komun\u00ebs s\u00eb Ulqinit biseduan p\u00ebr lidhjet e fuqishme dhe t\u00eb hershme q\u00eb ekzistojn\u00eb midis Kosov\u00ebs dhe qytetit t\u00eb Ulqinit, p\u00ebrkat\u00ebsisht qytetar\u00ebve respektiv\u00eb, duke shtruar nevoj\u00ebn q\u00eb k\u00ebto raporte t\u00eb forcohen edhe m\u00eb tej.<\/p>\n<p>Kryeparlamentari Veseli theksoi se bregdeti i Ulqinit vazhdon t\u00eb mbetet nj\u00eb nga preferencat kryesore t\u00eb turist\u00ebve nga Kosova, q\u00eb lidhet edhe me pritjen bujare t\u00eb ulqinak\u00ebve.<\/p>\n<p>N\u00eb takim u bisedua edhe p\u00ebr t\u00eb drejtat e shqiptar\u00ebve n\u00eb shtetin malazez, duke e konsideruar k\u00ebt\u00eb komunitet si nj\u00eb ur\u00eb t\u00eb r\u00ebnd\u00ebsishme bashk\u00ebpunimi midis dy shteteve.<\/p>\n<p>Veseli dhe Cungu potencuan aspiratat e p\u00ebrbashk\u00ebta t\u00eb Kosov\u00ebs dhe Malit t\u00eb Zi p\u00ebr vazhdimin e rrug\u00ebs s\u00eb integrimeve euro-atlantike<\/p>\n<p>RTK<\/p>\n","protected":false},"excerpt":{"rendered":"<p>Veseli dhe Cungu biseduan p\u00ebr lidhjet e fuqishme dhe t\u00eb hershme q\u00eb ekzistojn\u00eb midis Kosov\u00ebs dhe qytetit t\u00eb Ulqinit, duke shtruar nevoj\u00ebn q\u00eb k\u00ebto raporte t\u00eb forcohen edhe m\u00eb tej. Kryetari i Kuvendit t\u00eb Republik\u00ebs s\u00eb Kosov\u00ebs, Kadri Veseli, priti sot n\u00eb takim kryetarin e Komun\u00ebs s\u00eb Ulqinit, Nazif Cungu, me t\u00eb cilin bisedoi p\u00ebr [&hellip;]<\/p>\n","protected":false},"author":1,"featured_media":0,"comment_status":"closed","ping_status":"closed","sticky":false,"template":"","format":"standard","meta":{"spay_email":"","jetpack_publicize_message":"","jetpack_is_tweetstorm":false,"jetpack_publicize_feature_enabled":true},"categories":[12],"tags":[],"jetpack_publicize_connections":[],"yoast_head":"<!-- This site is optimized with the Yoast SEO plugin v19.1 - https:\/\/yoast.com\/wordpress\/plugins\/seo\/ -->\n<title>Veseli priti n\u00eb takim kryetarin e Komun\u00ebs s\u00eb Ulqinit Nazif Cungun - Lajme nga Ulqini<\/title>\n<meta name=\"description\" content=\"Veseli dhe Cungu biseduan p\u00ebr lidhjet e fuqishme dhe t\u00eb hershme q\u00eb ekzistojn\u00eb midis Kosov\u00ebs dhe qytetit t\u00eb Ulqinit, duke shtruar nevoj\u00ebn q\u00eb k\u00ebto raporte\" \/>\n<meta name=\"robots\" content=\"index, follow, max-snippet:-1, max-image-preview:large, max-video-preview:-1\" \/>\n<link rel=\"canonical\" href=\"https:\/\/www.visit-ulcinj.com\/blog\/2016\/04\/21\/veseli-priti-ne-takim-kryetarin-e-komunes-se-ulqinit-nazif-cungun\/\" \/>\n<meta property=\"og:locale\" content=\"en_US\" \/>\n<meta property=\"og:type\" content=\"article\" \/>\n<meta property=\"og:title\" content=\"Veseli priti n\u00eb takim kryetarin e Komun\u00ebs s\u00eb Ulqinit Nazif Cungun - Lajme nga Ulqini\" \/>\n<meta property=\"og:description\" content=\"Veseli dhe Cungu biseduan p\u00ebr lidhjet e fuqishme dhe t\u00eb hershme q\u00eb ekzistojn\u00eb midis Kosov\u00ebs dhe qytetit t\u00eb Ulqinit, duke shtruar nevoj\u00ebn q\u00eb k\u00ebto raporte\" \/>\n<meta property=\"og:url\" content=\"https:\/\/www.visit-ulcinj.com\/blog\/2016\/04\/21\/veseli-priti-ne-takim-kryetarin-e-komunes-se-ulqinit-nazif-cungun\/\" \/>\n<meta property=\"og:site_name\" content=\"Lajme nga Ulqini\" \/>\n<meta property=\"article:published_time\" content=\"2016-04-21T17:33:34+00:00\" \/>\n<meta property=\"og:image\" content=\"http:\/\/www.visit-ulcinj.com\/blog\/wp-content\/uploads\/2016\/04\/VESELI-CUNGU.jpg\" \/>\n<meta name=\"twitter:label1\" content=\"Written by\" \/>\n\t<meta name=\"twitter:data1\" content=\"ulqini\" \/>\n\t<meta name=\"twitter:label2\" content=\"Est. reading time\" \/>\n\t<meta name=\"twitter:data2\" content=\"1 minute\" \/>\n<script type=\"application\/ld+json\" class=\"yoast-schema-graph\">{\"@context\":\"https:\/\/schema.org\",\"@graph\":[{\"@type\":\"WebSite\",\"@id\":\"https:\/\/www.visit-ulcinj.com\/blog\/#website\",\"url\":\"https:\/\/www.visit-ulcinj.com\/blog\/\",\"name\":\"Lajme nga Ulqini\",\"description\":\"Lajme,Vijesti,Ulqini,Ulqin,Crna Gora,Mali i Zi\",\"potentialAction\":[{\"@type\":\"SearchAction\",\"target\":{\"@type\":\"EntryPoint\",\"urlTemplate\":\"https:\/\/www.visit-ulcinj.com\/blog\/?s={search_term_string}\"},\"query-input\":\"required name=search_term_string\"}],\"inLanguage\":\"en-US\"},{\"@type\":\"ImageObject\",\"inLanguage\":\"en-US\",\"@id\":\"https:\/\/www.visit-ulcinj.com\/blog\/2016\/04\/21\/veseli-priti-ne-takim-kryetarin-e-komunes-se-ulqinit-nazif-cungun\/#primaryimage\",\"url\":\"https:\/\/www.visit-ulcinj.com\/blog\/wp-content\/uploads\/2016\/04\/VESELI-CUNGU.jpg\",\"contentUrl\":\"https:\/\/www.visit-ulcinj.com\/blog\/wp-content\/uploads\/2016\/04\/VESELI-CUNGU.jpg\",\"width\":620,\"height\":413},{\"@type\":\"WebPage\",\"@id\":\"https:\/\/www.visit-ulcinj.com\/blog\/2016\/04\/21\/veseli-priti-ne-takim-kryetarin-e-komunes-se-ulqinit-nazif-cungun\/#webpage\",\"url\":\"https:\/\/www.visit-ulcinj.com\/blog\/2016\/04\/21\/veseli-priti-ne-takim-kryetarin-e-komunes-se-ulqinit-nazif-cungun\/\",\"name\":\"Veseli priti n\u00eb takim kryetarin e Komun\u00ebs s\u00eb Ulqinit Nazif Cungun - Lajme nga Ulqini\",\"isPartOf\":{\"@id\":\"https:\/\/www.visit-ulcinj.com\/blog\/#website\"},\"primaryImageOfPage\":{\"@id\":\"https:\/\/www.visit-ulcinj.com\/blog\/2016\/04\/21\/veseli-priti-ne-takim-kryetarin-e-komunes-se-ulqinit-nazif-cungun\/#primaryimage\"},\"datePublished\":\"2016-04-21T17:33:34+00:00\",\"dateModified\":\"2016-04-21T17:33:34+00:00\",\"author\":{\"@id\":\"https:\/\/www.visit-ulcinj.com\/blog\/#\/schema\/person\/dcab619c614d3038751c63bc2aadc06d\"},\"description\":\"Veseli dhe Cungu biseduan p\u00ebr lidhjet e fuqishme dhe t\u00eb hershme q\u00eb ekzistojn\u00eb midis Kosov\u00ebs dhe qytetit t\u00eb Ulqinit, duke shtruar nevoj\u00ebn q\u00eb k\u00ebto raporte\",\"breadcrumb\":{\"@id\":\"https:\/\/www.visit-ulcinj.com\/blog\/2016\/04\/21\/veseli-priti-ne-takim-kryetarin-e-komunes-se-ulqinit-nazif-cungun\/#breadcrumb\"},\"inLanguage\":\"en-US\",\"potentialAction\":[{\"@type\":\"ReadAction\",\"target\":[\"https:\/\/www.visit-ulcinj.com\/blog\/2016\/04\/21\/veseli-priti-ne-takim-kryetarin-e-komunes-se-ulqinit-nazif-cungun\/\"]}]},{\"@type\":\"BreadcrumbList\",\"@id\":\"https:\/\/www.visit-ulcinj.com\/blog\/2016\/04\/21\/veseli-priti-ne-takim-kryetarin-e-komunes-se-ulqinit-nazif-cungun\/#breadcrumb\",\"itemListElement\":[{\"@type\":\"ListItem\",\"position\":1,\"name\":\"Veseli priti n\u00eb takim kryetarin e Komun\u00ebs s\u00eb Ulqinit Nazif Cungun\"}]},{\"@type\":\"Person\",\"@id\":\"https:\/\/www.visit-ulcinj.com\/blog\/#\/schema\/person\/dcab619c614d3038751c63bc2aadc06d\",\"name\":\"ulqini\",\"sameAs\":[\"http:\/\/www.visit-ulcinj.com\"],\"url\":\"https:\/\/www.visit-ulcinj.com\/blog\/author\/admin\/\"}]}<\/script>\n<!-- \/ Yoast SEO plugin. -->","yoast_head_json":{"title":"Veseli priti n\u00eb takim kryetarin e Komun\u00ebs s\u00eb Ulqinit Nazif Cungun - Lajme nga Ulqini","description":"Veseli dhe Cungu biseduan p\u00ebr lidhjet e fuqishme dhe t\u00eb hershme q\u00eb ekzistojn\u00eb midis Kosov\u00ebs dhe qytetit t\u00eb Ulqinit, duke shtruar nevoj\u00ebn q\u00eb k\u00ebto raporte","robots":{"index":"index","follow":"follow","max-snippet":"max-snippet:-1","max-image-preview":"max-image-preview:large","max-video-preview":"max-video-preview:-1"},"canonical":"https:\/\/www.visit-ulcinj.com\/blog\/2016\/04\/21\/veseli-priti-ne-takim-kryetarin-e-komunes-se-ulqinit-nazif-cungun\/","og_locale":"en_US","og_type":"article","og_title":"Veseli priti n\u00eb takim kryetarin e Komun\u00ebs s\u00eb Ulqinit Nazif Cungun - Lajme nga Ulqini","og_description":"Veseli dhe Cungu biseduan p\u00ebr lidhjet e fuqishme dhe t\u00eb hershme q\u00eb ekzistojn\u00eb midis Kosov\u00ebs dhe qytetit t\u00eb Ulqinit, duke shtruar nevoj\u00ebn q\u00eb k\u00ebto raporte","og_url":"https:\/\/www.visit-ulcinj.com\/blog\/2016\/04\/21\/veseli-priti-ne-takim-kryetarin-e-komunes-se-ulqinit-nazif-cungun\/","og_site_name":"Lajme nga Ulqini","article_published_time":"2016-04-21T17:33:34+00:00","og_image":[{"url":"http:\/\/www.visit-ulcinj.com\/blog\/wp-content\/uploads\/2016\/04\/VESELI-CUNGU.jpg"}],"twitter_misc":{"Written by":"ulqini","Est. reading time":"1 minute"},"schema":{"@context":"https:\/\/schema.org","@graph":[{"@type":"WebSite","@id":"https:\/\/www.visit-ulcinj.com\/blog\/#website","url":"https:\/\/www.visit-ulcinj.com\/blog\/","name":"Lajme nga Ulqini","description":"Lajme,Vijesti,Ulqini,Ulqin,Crna Gora,Mali i Zi","potentialAction":[{"@type":"SearchAction","target":{"@type":"EntryPoint","urlTemplate":"https:\/\/www.visit-ulcinj.com\/blog\/?s={search_term_string}"},"query-input":"required name=search_term_string"}],"inLanguage":"en-US"},{"@type":"ImageObject","inLanguage":"en-US","@id":"https:\/\/www.visit-ulcinj.com\/blog\/2016\/04\/21\/veseli-priti-ne-takim-kryetarin-e-komunes-se-ulqinit-nazif-cungun\/#primaryimage","url":"https:\/\/www.visit-ulcinj.com\/blog\/wp-content\/uploads\/2016\/04\/VESELI-CUNGU.jpg","contentUrl":"https:\/\/www.visit-ulcinj.com\/blog\/wp-content\/uploads\/2016\/04\/VESELI-CUNGU.jpg","width":620,"height":413},{"@type":"WebPage","@id":"https:\/\/www.visit-ulcinj.com\/blog\/2016\/04\/21\/veseli-priti-ne-takim-kryetarin-e-komunes-se-ulqinit-nazif-cungun\/#webpage","url":"https:\/\/www.visit-ulcinj.com\/blog\/2016\/04\/21\/veseli-priti-ne-takim-kryetarin-e-komunes-se-ulqinit-nazif-cungun\/","name":"Veseli priti n\u00eb takim kryetarin e Komun\u00ebs s\u00eb Ulqinit Nazif Cungun - Lajme nga Ulqini","isPartOf":{"@id":"https:\/\/www.visit-ulcinj.com\/blog\/#website"},"primaryImageOfPage":{"@id":"https:\/\/www.visit-ulcinj.com\/blog\/2016\/04\/21\/veseli-priti-ne-takim-kryetarin-e-komunes-se-ulqinit-nazif-cungun\/#primaryimage"},"datePublished":"2016-04-21T17:33:34+00:00","dateModified":"2016-04-21T17:33:34+00:00","author":{"@id":"https:\/\/www.visit-ulcinj.com\/blog\/#\/schema\/person\/dcab619c614d3038751c63bc2aadc06d"},"description":"Veseli dhe Cungu biseduan p\u00ebr lidhjet e fuqishme dhe t\u00eb hershme q\u00eb ekzistojn\u00eb midis Kosov\u00ebs dhe qytetit t\u00eb Ulqinit, duke shtruar nevoj\u00ebn q\u00eb k\u00ebto raporte","breadcrumb":{"@id":"https:\/\/www.visit-ulcinj.com\/blog\/2016\/04\/21\/veseli-priti-ne-takim-kryetarin-e-komunes-se-ulqinit-nazif-cungun\/#breadcrumb"},"inLanguage":"en-US","potentialAction":[{"@type":"ReadAction","target":["https:\/\/www.visit-ulcinj.com\/blog\/2016\/04\/21\/veseli-priti-ne-takim-kryetarin-e-komunes-se-ulqinit-nazif-cungun\/"]}]},{"@type":"BreadcrumbList","@id":"https:\/\/www.visit-ulcinj.com\/blog\/2016\/04\/21\/veseli-priti-ne-takim-kryetarin-e-komunes-se-ulqinit-nazif-cungun\/#breadcrumb","itemListElement":[{"@type":"ListItem","position":1,"name":"Veseli priti n\u00eb takim kryetarin e Komun\u00ebs s\u00eb Ulqinit Nazif Cungun"}]},{"@type":"Person","@id":"https:\/\/www.visit-ulcinj.com\/blog\/#\/schema\/person\/dcab619c614d3038751c63bc2aadc06d","name":"ulqini","sameAs":["http:\/\/www.visit-ulcinj.com"],"url":"https:\/\/www.visit-ulcinj.com\/blog\/author\/admin\/"}]}},"jetpack_featured_media_url":"","jetpack_sharing_enabled":true,"jetpack_shortlink":"https:\/\/wp.me\/pe6lTn-p4Z","_links":{"self":[{"href":"https:\/\/www.visit-ulcinj.com\/blog\/wp-json\/wp\/v2\/posts\/96409"}],"collection":[{"href":"https:\/\/www.visit-ulcinj.com\/blog\/wp-json\/wp\/v2\/posts"}],"about":[{"href":"https:\/\/www.visit-ulcinj.com\/blog\/wp-json\/wp\/v2\/types\/post"}],"author":[{"embeddable":true,"href":"https:\/\/www.visit-ulcinj.com\/blog\/wp-json\/wp\/v2\/users\/1"}],"replies":[{"embeddable":true,"href":"https:\/\/www.visit-ulcinj.com\/blog\/wp-json\/wp\/v2\/comments?post=96409"}],"version-history":[{"count":1,"href":"https:\/\/www.visit-ulcinj.com\/blog\/wp-json\/wp\/v2\/posts\/96409\/revisions"}],"predecessor-version":[{"id":96412,"href":"https:\/\/www.visit-ulcinj.com\/blog\/wp-json\/wp\/v2\/posts\/96409\/revisions\/96412"}],"wp:attachment":[{"href":"https:\/\/www.visit-ulcinj.com\/blog\/wp-json\/wp\/v2\/media?parent=96409"}],"wp:term":[{"taxonomy":"category","embeddable":true,"href":"https:\/\/www.visit-ulcinj.com\/blog\/wp-json\/wp\/v2\/categories?post=96409"},{"taxonomy":"post_tag","embeddable":true,"href":"https:\/\/www.visit-ulcinj.com\/blog\/wp-json\/wp\/v2\/tags?post=96409"}],"curies":[{"name":"wp","href":"https:\/\/api.w.org\/{rel}","templated":true}]}}