{"id":96437,"date":"2016-04-22T18:17:33","date_gmt":"2016-04-22T17:17:33","guid":{"rendered":"http:\/\/www.visit-ulcinj.com\/blog\/?p=96437"},"modified":"2016-04-22T18:17:33","modified_gmt":"2016-04-22T17:17:33","slug":"iz-nacionalne-turisticke-organizacije-pozvali-kosovare-da-ljetuju-u-cg","status":"publish","type":"post","link":"https:\/\/www.visit-ulcinj.com\/blog\/2016\/04\/22\/iz-nacionalne-turisticke-organizacije-pozvali-kosovare-da-ljetuju-u-cg\/","title":{"rendered":"Iz Nacionalne turisti\u010dke organizacije pozvali Kosovare da ljetuju u CG"},"content":{"rendered":"<p><strong><a href=\"http:\/\/www.visit-ulcinj.com\/blog\/wp-content\/uploads\/2016\/04\/Iz-Nacionalne-turisticke-organizacije-pozvali-Kosovare-da-ljetuju.jpg\"><img loading=\"lazy\" class=\"alignleft wp-image-96439\" src=\"http:\/\/www.visit-ulcinj.com\/blog\/wp-content\/uploads\/2016\/04\/Iz-Nacionalne-turisticke-organizacije-pozvali-Kosovare-da-ljetuju.jpg\" alt=\"Iz Nacionalne turisticke organizacije pozvali Kosovare da ljetuju\" width=\"508\" height=\"286\" srcset=\"https:\/\/www.visit-ulcinj.com\/blog\/wp-content\/uploads\/2016\/04\/Iz-Nacionalne-turisticke-organizacije-pozvali-Kosovare-da-ljetuju.jpg 900w, https:\/\/www.visit-ulcinj.com\/blog\/wp-content\/uploads\/2016\/04\/Iz-Nacionalne-turisticke-organizacije-pozvali-Kosovare-da-ljetuju-300x169.jpg 300w\" sizes=\"(max-width: 508px) 100vw, 508px\" \/><\/a>Nacionalna turisti\u010dka organizacija (NTO) predstavila je danas u Pri\u0161tini turisti\u010dku ponudu Crne Gore, u okviru Sajma turizma &#8220;Travel Fair&#8221;, koji se odr\u017eava u glavnom gradu Kosova.<\/strong><\/p>\n<p>Pored NTO Crne Gore, ponudu na \u0161tandu, \u010diji je doma\u0107in Turisticka organizacija Ulcinj, predstavile su i turisti\u010dke organizacije Bara, Budve, Tivta i Kotora.<\/p>\n<p>Gradona\u010delnik Ulcinja Nazif Cungu rekao je da su pripreme uo\u010di predstoje\u0107e sezone u velikoj mjeri realizovane, te da Ulcinj spremno do\u010dekuje turiste.<\/p>\n<p>&#8220;Ove godine o\u010dekujemo rekordan broj turista u Ulcinju, a samim tim i sa Kosova, imaju\u0107i u vidu da je gostima sa Kosova, Ulcinj jedna od omiljenih destinacija za odmor&#8221;, rekao je Cungu.<\/p>\n<p><a href=\"http:\/\/www.visit-ulcinj.com\/blog\/wp-content\/uploads\/2016\/04\/Zana-Sarvan-TO-ULCINJ.jpg\"><img loading=\"lazy\" class=\"alignleft wp-image-96440\" src=\"http:\/\/www.visit-ulcinj.com\/blog\/wp-content\/uploads\/2016\/04\/Zana-Sarvan-TO-ULCINJ.jpg\" alt=\"Zana-Sarvan-TO-ULCINJ\" width=\"508\" height=\"677\" srcset=\"https:\/\/www.visit-ulcinj.com\/blog\/wp-content\/uploads\/2016\/04\/Zana-Sarvan-TO-ULCINJ.jpg 720w, https:\/\/www.visit-ulcinj.com\/blog\/wp-content\/uploads\/2016\/04\/Zana-Sarvan-TO-ULCINJ-225x300.jpg 225w\" sizes=\"(max-width: 508px) 100vw, 508px\" \/><\/a><\/p>\n<p>Direktorica TO Ulcinj, Zana Sarvan, predstavila je turtisti\u010dke sadr\u017eaje Ulcinja, koji su iz godine u godinu kvalitenijii\u00a0 i cijenama smjestaja koje su na pro\u0161logodi\u0161njem nivou.<\/p>\n<p>&#8220;Predstavnicima medija obratili su se predsjednik SO Ulcinj, Ljoro Nreki\u0107, predstavnik Ministarstva odr\u017eivog razovoja i turizma i NTOCG Suad \u0110elovi\u0107 i Bernarda Moskov u ime Turisti\u010dke organizacije Tivat. Istaknut je trend rasta broja posjetilaca sa Kosova u posljednje dvije godine, koji je i najbolji pokazatelj da je ponuda Crne Gore sve vi\u0161e atraktivna za gra\u0111ane Kosova&#8221;, saop\u0161teno je iz NTO.<\/p>\n<p>Oni su pozvali gra\u0111ane Kosova da svoje godi\u0161nje odmore provedu na Jadranskom moru ili na crnogorskim planinama, etno selima i nacionalnim parkovima, ukazuju\u0107i na odli\u010dnu saobra\u0107ajnu povezanost, pristupa\u010dne cijene i mnogo bogatiju i raznovrsniju ponudu.<\/p>\n<p>Izvor: RTCG<\/p>\n","protected":false},"excerpt":{"rendered":"<p>Nacionalna turisti\u010dka organizacija (NTO) predstavila je danas u Pri\u0161tini turisti\u010dku ponudu Crne Gore, u okviru Sajma turizma &#8220;Travel Fair&#8221;, koji se odr\u017eava u glavnom gradu Kosova. Pored NTO Crne Gore, ponudu na \u0161tandu, \u010diji je doma\u0107in Turisticka organizacija Ulcinj, predstavile su i turisti\u010dke organizacije Bara, Budve, Tivta i Kotora. Gradona\u010delnik Ulcinja Nazif Cungu rekao je [&hellip;]<\/p>\n","protected":false},"author":1,"featured_media":0,"comment_status":"closed","ping_status":"closed","sticky":false,"template":"","format":"standard","meta":{"spay_email":"","jetpack_publicize_message":"","jetpack_is_tweetstorm":false,"jetpack_publicize_feature_enabled":true},"categories":[8337],"tags":[],"jetpack_publicize_connections":[],"yoast_head":"<!-- This site is optimized with the Yoast SEO plugin v19.1 - https:\/\/yoast.com\/wordpress\/plugins\/seo\/ -->\n<title>Iz Nacionalne turisti\u010dke organizacije pozvali Kosovare da ljetuju u CG - Lajme nga Ulqini<\/title>\n<meta name=\"description\" content=\"Nacionalna turisti\u010dka organizacija (NTO) predstavila je danas u Pri\u0161tini turisti\u010dku ponudu Crne Gore, u okviru Sajma turizma &quot;Travel Fair&quot;, koji se\" \/>\n<meta name=\"robots\" content=\"index, follow, max-snippet:-1, max-image-preview:large, max-video-preview:-1\" \/>\n<link rel=\"canonical\" href=\"https:\/\/www.visit-ulcinj.com\/blog\/2016\/04\/22\/iz-nacionalne-turisticke-organizacije-pozvali-kosovare-da-ljetuju-u-cg\/\" \/>\n<meta property=\"og:locale\" content=\"en_US\" \/>\n<meta property=\"og:type\" content=\"article\" \/>\n<meta property=\"og:title\" content=\"Iz Nacionalne turisti\u010dke organizacije pozvali Kosovare da ljetuju u CG - Lajme nga Ulqini\" \/>\n<meta property=\"og:description\" content=\"Nacionalna turisti\u010dka organizacija (NTO) predstavila je danas u Pri\u0161tini turisti\u010dku ponudu Crne Gore, u okviru Sajma turizma &quot;Travel Fair&quot;, koji se\" \/>\n<meta property=\"og:url\" content=\"https:\/\/www.visit-ulcinj.com\/blog\/2016\/04\/22\/iz-nacionalne-turisticke-organizacije-pozvali-kosovare-da-ljetuju-u-cg\/\" \/>\n<meta property=\"og:site_name\" content=\"Lajme nga Ulqini\" \/>\n<meta property=\"article:published_time\" content=\"2016-04-22T17:17:33+00:00\" \/>\n<meta property=\"og:image\" content=\"http:\/\/www.visit-ulcinj.com\/blog\/wp-content\/uploads\/2016\/04\/Iz-Nacionalne-turisticke-organizacije-pozvali-Kosovare-da-ljetuju.jpg\" \/>\n<meta name=\"twitter:label1\" content=\"Written by\" \/>\n\t<meta name=\"twitter:data1\" content=\"ulqini\" \/>\n\t<meta name=\"twitter:label2\" content=\"Est. reading time\" \/>\n\t<meta name=\"twitter:data2\" content=\"1 minute\" \/>\n<script type=\"application\/ld+json\" class=\"yoast-schema-graph\">{\"@context\":\"https:\/\/schema.org\",\"@graph\":[{\"@type\":\"WebSite\",\"@id\":\"https:\/\/www.visit-ulcinj.com\/blog\/#website\",\"url\":\"https:\/\/www.visit-ulcinj.com\/blog\/\",\"name\":\"Lajme nga Ulqini\",\"description\":\"Lajme,Vijesti,Ulqini,Ulqin,Crna Gora,Mali i Zi\",\"potentialAction\":[{\"@type\":\"SearchAction\",\"target\":{\"@type\":\"EntryPoint\",\"urlTemplate\":\"https:\/\/www.visit-ulcinj.com\/blog\/?s={search_term_string}\"},\"query-input\":\"required name=search_term_string\"}],\"inLanguage\":\"en-US\"},{\"@type\":\"ImageObject\",\"inLanguage\":\"en-US\",\"@id\":\"https:\/\/www.visit-ulcinj.com\/blog\/2016\/04\/22\/iz-nacionalne-turisticke-organizacije-pozvali-kosovare-da-ljetuju-u-cg\/#primaryimage\",\"url\":\"https:\/\/www.visit-ulcinj.com\/blog\/wp-content\/uploads\/2016\/04\/Iz-Nacionalne-turisticke-organizacije-pozvali-Kosovare-da-ljetuju.jpg\",\"contentUrl\":\"https:\/\/www.visit-ulcinj.com\/blog\/wp-content\/uploads\/2016\/04\/Iz-Nacionalne-turisticke-organizacije-pozvali-Kosovare-da-ljetuju.jpg\",\"width\":900,\"height\":506},{\"@type\":\"WebPage\",\"@id\":\"https:\/\/www.visit-ulcinj.com\/blog\/2016\/04\/22\/iz-nacionalne-turisticke-organizacije-pozvali-kosovare-da-ljetuju-u-cg\/#webpage\",\"url\":\"https:\/\/www.visit-ulcinj.com\/blog\/2016\/04\/22\/iz-nacionalne-turisticke-organizacije-pozvali-kosovare-da-ljetuju-u-cg\/\",\"name\":\"Iz Nacionalne turisti\u010dke organizacije pozvali Kosovare da ljetuju u CG - Lajme nga Ulqini\",\"isPartOf\":{\"@id\":\"https:\/\/www.visit-ulcinj.com\/blog\/#website\"},\"primaryImageOfPage\":{\"@id\":\"https:\/\/www.visit-ulcinj.com\/blog\/2016\/04\/22\/iz-nacionalne-turisticke-organizacije-pozvali-kosovare-da-ljetuju-u-cg\/#primaryimage\"},\"datePublished\":\"2016-04-22T17:17:33+00:00\",\"dateModified\":\"2016-04-22T17:17:33+00:00\",\"author\":{\"@id\":\"https:\/\/www.visit-ulcinj.com\/blog\/#\/schema\/person\/dcab619c614d3038751c63bc2aadc06d\"},\"description\":\"Nacionalna turisti\u010dka organizacija (NTO) predstavila je danas u Pri\u0161tini turisti\u010dku ponudu Crne Gore, u okviru Sajma turizma \\\"Travel Fair\\\", koji se\",\"breadcrumb\":{\"@id\":\"https:\/\/www.visit-ulcinj.com\/blog\/2016\/04\/22\/iz-nacionalne-turisticke-organizacije-pozvali-kosovare-da-ljetuju-u-cg\/#breadcrumb\"},\"inLanguage\":\"en-US\",\"potentialAction\":[{\"@type\":\"ReadAction\",\"target\":[\"https:\/\/www.visit-ulcinj.com\/blog\/2016\/04\/22\/iz-nacionalne-turisticke-organizacije-pozvali-kosovare-da-ljetuju-u-cg\/\"]}]},{\"@type\":\"BreadcrumbList\",\"@id\":\"https:\/\/www.visit-ulcinj.com\/blog\/2016\/04\/22\/iz-nacionalne-turisticke-organizacije-pozvali-kosovare-da-ljetuju-u-cg\/#breadcrumb\",\"itemListElement\":[{\"@type\":\"ListItem\",\"position\":1,\"name\":\"Iz Nacionalne turisti\u010dke organizacije pozvali Kosovare da ljetuju u CG\"}]},{\"@type\":\"Person\",\"@id\":\"https:\/\/www.visit-ulcinj.com\/blog\/#\/schema\/person\/dcab619c614d3038751c63bc2aadc06d\",\"name\":\"ulqini\",\"sameAs\":[\"http:\/\/www.visit-ulcinj.com\"],\"url\":\"https:\/\/www.visit-ulcinj.com\/blog\/author\/admin\/\"}]}<\/script>\n<!-- \/ Yoast SEO plugin. -->","yoast_head_json":{"title":"Iz Nacionalne turisti\u010dke organizacije pozvali Kosovare da ljetuju u CG - Lajme nga Ulqini","description":"Nacionalna turisti\u010dka organizacija (NTO) predstavila je danas u Pri\u0161tini turisti\u010dku ponudu Crne Gore, u okviru Sajma turizma \"Travel Fair\", koji se","robots":{"index":"index","follow":"follow","max-snippet":"max-snippet:-1","max-image-preview":"max-image-preview:large","max-video-preview":"max-video-preview:-1"},"canonical":"https:\/\/www.visit-ulcinj.com\/blog\/2016\/04\/22\/iz-nacionalne-turisticke-organizacije-pozvali-kosovare-da-ljetuju-u-cg\/","og_locale":"en_US","og_type":"article","og_title":"Iz Nacionalne turisti\u010dke organizacije pozvali Kosovare da ljetuju u CG - Lajme nga Ulqini","og_description":"Nacionalna turisti\u010dka organizacija (NTO) predstavila je danas u Pri\u0161tini turisti\u010dku ponudu Crne Gore, u okviru Sajma turizma \"Travel Fair\", koji se","og_url":"https:\/\/www.visit-ulcinj.com\/blog\/2016\/04\/22\/iz-nacionalne-turisticke-organizacije-pozvali-kosovare-da-ljetuju-u-cg\/","og_site_name":"Lajme nga Ulqini","article_published_time":"2016-04-22T17:17:33+00:00","og_image":[{"url":"http:\/\/www.visit-ulcinj.com\/blog\/wp-content\/uploads\/2016\/04\/Iz-Nacionalne-turisticke-organizacije-pozvali-Kosovare-da-ljetuju.jpg"}],"twitter_misc":{"Written by":"ulqini","Est. reading time":"1 minute"},"schema":{"@context":"https:\/\/schema.org","@graph":[{"@type":"WebSite","@id":"https:\/\/www.visit-ulcinj.com\/blog\/#website","url":"https:\/\/www.visit-ulcinj.com\/blog\/","name":"Lajme nga Ulqini","description":"Lajme,Vijesti,Ulqini,Ulqin,Crna Gora,Mali i Zi","potentialAction":[{"@type":"SearchAction","target":{"@type":"EntryPoint","urlTemplate":"https:\/\/www.visit-ulcinj.com\/blog\/?s={search_term_string}"},"query-input":"required name=search_term_string"}],"inLanguage":"en-US"},{"@type":"ImageObject","inLanguage":"en-US","@id":"https:\/\/www.visit-ulcinj.com\/blog\/2016\/04\/22\/iz-nacionalne-turisticke-organizacije-pozvali-kosovare-da-ljetuju-u-cg\/#primaryimage","url":"https:\/\/www.visit-ulcinj.com\/blog\/wp-content\/uploads\/2016\/04\/Iz-Nacionalne-turisticke-organizacije-pozvali-Kosovare-da-ljetuju.jpg","contentUrl":"https:\/\/www.visit-ulcinj.com\/blog\/wp-content\/uploads\/2016\/04\/Iz-Nacionalne-turisticke-organizacije-pozvali-Kosovare-da-ljetuju.jpg","width":900,"height":506},{"@type":"WebPage","@id":"https:\/\/www.visit-ulcinj.com\/blog\/2016\/04\/22\/iz-nacionalne-turisticke-organizacije-pozvali-kosovare-da-ljetuju-u-cg\/#webpage","url":"https:\/\/www.visit-ulcinj.com\/blog\/2016\/04\/22\/iz-nacionalne-turisticke-organizacije-pozvali-kosovare-da-ljetuju-u-cg\/","name":"Iz Nacionalne turisti\u010dke organizacije pozvali Kosovare da ljetuju u CG - Lajme nga Ulqini","isPartOf":{"@id":"https:\/\/www.visit-ulcinj.com\/blog\/#website"},"primaryImageOfPage":{"@id":"https:\/\/www.visit-ulcinj.com\/blog\/2016\/04\/22\/iz-nacionalne-turisticke-organizacije-pozvali-kosovare-da-ljetuju-u-cg\/#primaryimage"},"datePublished":"2016-04-22T17:17:33+00:00","dateModified":"2016-04-22T17:17:33+00:00","author":{"@id":"https:\/\/www.visit-ulcinj.com\/blog\/#\/schema\/person\/dcab619c614d3038751c63bc2aadc06d"},"description":"Nacionalna turisti\u010dka organizacija (NTO) predstavila je danas u Pri\u0161tini turisti\u010dku ponudu Crne Gore, u okviru Sajma turizma \"Travel Fair\", koji se","breadcrumb":{"@id":"https:\/\/www.visit-ulcinj.com\/blog\/2016\/04\/22\/iz-nacionalne-turisticke-organizacije-pozvali-kosovare-da-ljetuju-u-cg\/#breadcrumb"},"inLanguage":"en-US","potentialAction":[{"@type":"ReadAction","target":["https:\/\/www.visit-ulcinj.com\/blog\/2016\/04\/22\/iz-nacionalne-turisticke-organizacije-pozvali-kosovare-da-ljetuju-u-cg\/"]}]},{"@type":"BreadcrumbList","@id":"https:\/\/www.visit-ulcinj.com\/blog\/2016\/04\/22\/iz-nacionalne-turisticke-organizacije-pozvali-kosovare-da-ljetuju-u-cg\/#breadcrumb","itemListElement":[{"@type":"ListItem","position":1,"name":"Iz Nacionalne turisti\u010dke organizacije pozvali Kosovare da ljetuju u CG"}]},{"@type":"Person","@id":"https:\/\/www.visit-ulcinj.com\/blog\/#\/schema\/person\/dcab619c614d3038751c63bc2aadc06d","name":"ulqini","sameAs":["http:\/\/www.visit-ulcinj.com"],"url":"https:\/\/www.visit-ulcinj.com\/blog\/author\/admin\/"}]}},"jetpack_featured_media_url":"","jetpack_sharing_enabled":true,"jetpack_shortlink":"https:\/\/wp.me\/pe6lTn-p5r","_links":{"self":[{"href":"https:\/\/www.visit-ulcinj.com\/blog\/wp-json\/wp\/v2\/posts\/96437"}],"collection":[{"href":"https:\/\/www.visit-ulcinj.com\/blog\/wp-json\/wp\/v2\/posts"}],"about":[{"href":"https:\/\/www.visit-ulcinj.com\/blog\/wp-json\/wp\/v2\/types\/post"}],"author":[{"embeddable":true,"href":"https:\/\/www.visit-ulcinj.com\/blog\/wp-json\/wp\/v2\/users\/1"}],"replies":[{"embeddable":true,"href":"https:\/\/www.visit-ulcinj.com\/blog\/wp-json\/wp\/v2\/comments?post=96437"}],"version-history":[{"count":1,"href":"https:\/\/www.visit-ulcinj.com\/blog\/wp-json\/wp\/v2\/posts\/96437\/revisions"}],"predecessor-version":[{"id":96441,"href":"https:\/\/www.visit-ulcinj.com\/blog\/wp-json\/wp\/v2\/posts\/96437\/revisions\/96441"}],"wp:attachment":[{"href":"https:\/\/www.visit-ulcinj.com\/blog\/wp-json\/wp\/v2\/media?parent=96437"}],"wp:term":[{"taxonomy":"category","embeddable":true,"href":"https:\/\/www.visit-ulcinj.com\/blog\/wp-json\/wp\/v2\/categories?post=96437"},{"taxonomy":"post_tag","embeddable":true,"href":"https:\/\/www.visit-ulcinj.com\/blog\/wp-json\/wp\/v2\/tags?post=96437"}],"curies":[{"name":"wp","href":"https:\/\/api.w.org\/{rel}","templated":true}]}}