{"id":9645,"date":"2009-01-23T08:28:21","date_gmt":"2009-01-23T07:28:21","guid":{"rendered":"http:\/\/www.visit-ulcinj.com\/blog\/?p=9645"},"modified":"2009-01-23T08:28:28","modified_gmt":"2009-01-23T07:28:28","slug":"camaj-gabove-dinoshe","status":"publish","type":"post","link":"https:\/\/www.visit-ulcinj.com\/blog\/2009\/01\/23\/camaj-gabove-dinoshe\/","title":{"rendered":"Camaj: Gabove Dinosh\u00eb!"},"content":{"rendered":"<p><strong><a rel=\"attachment wp-att-9647\" href=\"http:\/\/www.visit-ulcinj.com\/blog\/2009\/01\/23\/camaj-gabove-dinoshe\/nikolle-camaj2\/\"><img loading=\"lazy\" class=\"alignleft size-full wp-image-9647\" title=\"nikolle-camaj2\" src=\"http:\/\/www.visit-ulcinj.com\/blog\/wp-content\/uploads\/2009\/01\/nikolle-camaj2.jpg\" alt=\"nikolle-camaj2\" width=\"368\" height=\"308\" srcset=\"https:\/\/www.visit-ulcinj.com\/blog\/wp-content\/uploads\/2009\/01\/nikolle-camaj2.jpg 368w, https:\/\/www.visit-ulcinj.com\/blog\/wp-content\/uploads\/2009\/01\/nikolle-camaj2-300x251.jpg 300w\" sizes=\"(max-width: 368px) 100vw, 368px\" \/><\/a>Reagim ndaj tekstit t\u00eb F. Dinosh\u00ebs, \u201cJu jeni ajka e Mal\u00ebsis\u00eb\u201d publikuar n\u00eb \u201cKoh\u00ebn Javore\u201d t\u00eb dat\u00ebs 15 janar 2009<\/strong><br \/>\nAsnj\u00ebher\u00eb nuk u kam ikur polemikave n\u00eb mediume t\u00eb ndryshme, i bindur se vet\u00ebm fjala, mendimi dhe qendrimi i shprehur publikisht mund t\u00eb prodhoj\u00eb <strong><\/strong>ndonj\u00eb t\u00eb mir\u00eb t\u00eb p\u00ebrbashk\u00ebt. Sidomos kur jan\u00eb n\u00eb pyetje veprimet publike t\u00eb p\u00ebrfaqsues\u00ebve politik\u00eb. K\u00ebshtu ka ndodhur gjithnj\u00eb edhe me ju z. Dinosha. Polemikat i kam pranuar, apo inicuar, me andje, duke besura (sikur edhe ju), se kam t\u00eb drejt\u00eb, por koha do ta d\u00ebshmoj\u00eb k\u00ebt\u00eb. \u00c7ka \u00ebsht\u00eb kryesore, \u00e7do her\u00eb kam vler\u00ebsuar se polemikat duhen t\u00eb jen\u00eb n\u00eb nivel, sepse ato shpesh flasin m\u00eb tep\u00ebr p\u00ebr autorin se sa p\u00ebr pal\u00ebn tjet\u00ebr. K\u00ebt\u00eb e prisja edhe nga Ju, zot\u00ebri Dinosha. Besoj se argumentet \u201cpro et contra\u201d rreth komun\u00ebs i kemi shterrur dhe, si\u00e7 e thash\u00eb, po ia l\u00ebm\u00eb koh\u00ebs t\u00eb gjykoj\u00eb, prandaj k\u00ebsaj radhe nuk po mirrem me ato q\u00eb i (t\u2019i) kam th\u00ebn\u00eb e shkruar disa her\u00eb.<\/p>\n<p>K\u00ebsaj radhe shkas reagimi u b\u00eb nj\u00eb konstatim juaji lidhur me \u201ckujdesin familjar\u201d i cili, pajtoh\u00ebm plot\u00ebsisht, duhet t\u00eb jet\u00eb permanent. Por \u00e7udit fakti se si di\u00e7ka e till\u00eb mund t\u00eb dilte (t\u2019\u00eb rr\u00ebshqitte!) nga dora dhe mendja e nj\u00eb prindi, nj\u00eb veprimtari publik, pothuajse gjith\u00eb jet\u00ebn e vet, dhe m\u00eb n\u00eb fund, nga mendja e nj\u00eb njeriu ndaj t\u00eb cilit jeta nuk ka qen\u00eb e m\u00ebshir\u00ebshme, ngjash\u00ebm me at\u00eb ndaj familjes sime. A thua se v\u00ebrtet, n\u00eb munges\u00ebn e fakteve, p\u00ebr t\u00eb m\u00eb futur n\u00eb valle me polemizuesit e tjer\u00eb (\u201cdh\u00ebndur\u00eb sllav\u00eb apo bashk\u00ebpun\u00ebtor\u00eb t\u00eb sh\u00ebrbimeve sekrete komuniste\u201d), tentuat q\u00eb me \u00e7do kusht t\u00eb b\u00ebni edhe nj\u00eb g\u00ebrrithje n\u00eb plag\u00ebn familjare t\u00eb dikujt. A thua se hallet familjare, t\u00eb kujtdoqofshin, duhet t\u2019i fusim n\u00eb polemikat tona. A guxon kjo t\u00eb ndoll\u00eb, qoft\u00eb edhe n\u00eb munges\u00eb t\u00eb fakteve t\u00eb tjera. At\u00eb q\u00eb Ju e shkruani, nuk do ta citoj k\u00ebtu, me bindje se as Ju vet\u00eb nuk do t\u00eb d\u00ebshironit ta riloxoni, por \u00e7uditem, prej nga guximi, apo arsyeja q\u00eb Nikoll\u00ebn Camaj ta p\u00ebrfolni p\u00ebr \u201cmunges\u00ebn e kujdesit\u201d familjar.<\/p>\n<p>Un\u00eb, v\u00ebrtet, vet\u00ebm mund t\u00eb hamend\u00ebsoj cakun, por, n\u00ebse e kuptova drejt\u00eb, nj\u00eb gj\u00eb e till\u00eb nuk pritej nga niveli juaj! Se tragjedit\u00eb e shumta, q\u00eb kan\u00eb ndodhur n\u00eb k\u00ebto hap\u00ebsira, p\u00ebr fat t\u00eb keq, nuk i kan\u00eb kursyer as shum\u00eb familje t\u00eb m\u00ebdha e t\u00eb njohura, por mos u p\u00ebr\u00ebsrit\u00ebshin m\u00eb. Sidoqoft\u00eb, nuk ka njer\u00ebz pa halle, as familje pa probleme, por e imja, me gjith\u00eb problemet e shum\u00ebta e rrufet\u00eb q\u00eb i kan\u00eb r\u00ebn\u00eb, n\u00eb vijen e saj vertikale, \u00e7do her\u00eb ka qen\u00eb n\u00eb sh\u00ebrbim t\u00eb k\u00ebtij trualli e t\u00eb njer\u00ebzve t\u00eb saj, deri n\u00eb sakrtificat ma t\u00eb shtrenjta. Besoj se as p\u00ebr ju z. Dinosha, vija ime familjare, nuk \u00ebsht\u00eb e panjohur. E un\u00eb, si biri i tyre, si v\u00eblla dhe si prind, i kam sh\u00ebrbyer dhe do t\u2019i mbetem besnik gjith\u00eb jet\u00ebn, n\u00eb sh\u00ebrbim t\u00eb atyre vlerave, aq sa di e sa mundem. Un\u00eb asnj\u00ebher\u00eb nuk u mora, e as q\u00eb do t\u00eb merrem, me raportet\u00a0 familjare t\u00eb kujtodqofshin, pik\u00eb s\u00eb pari se nuk dua t\u2019i jap vehtes mund\u00ebsi q\u00eb t\u00eb gaboj e t\u00eb bie pre e dezinformatave, e pastaj, duke besuar se me respektin ndaj familjeve t\u00eb t\u00eb tjer\u00ebve, i b\u00ebj nder\u00eb edhe familjes sime. Meqen\u00ebse Ju e dini, se kur t\u00eb ndodh\u00eb nj\u00eb e keqe n\u00eb familje, \u201cdashamir\u00eb\u201d ke sa t\u00eb duash, nuk Ju ju prisja n\u00eb mesin e tyre. Kur tjet\u00ebr \u201cgrep\u201d nuk pat\u00ebt, p\u00ebr t\u00eb \u201cm\u00eb fshir\u00eb me t\u00eb nj\u00ebjt\u00ebn fshis\u00eb\u201d me t\u00eb tjer\u00ebt, apo p\u00ebr t\u00eb m\u00eb mundur, paragjykimi gjith\u00ebsesi ishte \u201cgrepi\u201d m\u00eb i keq, z. Dinosha! Gabove, Dinosh\u00eb!<\/p>\n<p><strong>Nikoll\u00eb Camaj<br \/>\nBotuar n\u00eb \u201cKoha Javore\u201d, m\u00eb 22. 01. 2009<\/p>\n<p>Malesia.org<\/strong><\/p>\n","protected":false},"excerpt":{"rendered":"<p>Reagim ndaj tekstit t\u00eb F. Dinosh\u00ebs, \u201cJu jeni ajka e Mal\u00ebsis\u00eb\u201d publikuar n\u00eb \u201cKoh\u00ebn Javore\u201d t\u00eb dat\u00ebs 15 janar 2009 Asnj\u00ebher\u00eb nuk u kam ikur polemikave n\u00eb mediume t\u00eb ndryshme, i bindur se vet\u00ebm fjala, mendimi dhe qendrimi i shprehur publikisht mund t\u00eb prodhoj\u00eb ndonj\u00eb t\u00eb mir\u00eb t\u00eb p\u00ebrbashk\u00ebt. Sidomos kur jan\u00eb n\u00eb pyetje veprimet [&hellip;]<\/p>\n","protected":false},"author":1,"featured_media":0,"comment_status":"open","ping_status":"closed","sticky":false,"template":"","format":"standard","meta":{"spay_email":"","jetpack_publicize_message":"","jetpack_is_tweetstorm":false,"jetpack_publicize_feature_enabled":true},"categories":[1],"tags":[6041,97,6040,189,6038,6039],"jetpack_publicize_connections":[],"yoast_head":"<!-- This site is optimized with the Yoast SEO plugin v19.1 - https:\/\/yoast.com\/wordpress\/plugins\/seo\/ -->\n<title>Camaj: Gabove Dinosh\u00eb! - Lajme nga Ulqini<\/title>\n<meta name=\"description\" content=\"Reagim ndaj tekstit t\u00eb F. Dinosh\u00ebs, \u201cJu jeni ajka e Mal\u00ebsis\u00eb\u201d publikuar n\u00eb \u201cKoh\u00ebn Javore\u201d t\u00eb dat\u00ebs 15 janar 2009 Asnj\u00ebher\u00eb nuk u kam ikur polemikave n\u00eb\" \/>\n<meta name=\"robots\" content=\"index, follow, max-snippet:-1, max-image-preview:large, max-video-preview:-1\" \/>\n<link rel=\"canonical\" href=\"https:\/\/www.visit-ulcinj.com\/blog\/2009\/01\/23\/camaj-gabove-dinoshe\/\" \/>\n<meta property=\"og:locale\" content=\"en_US\" \/>\n<meta property=\"og:type\" content=\"article\" \/>\n<meta property=\"og:title\" content=\"Camaj: Gabove Dinosh\u00eb! - Lajme nga Ulqini\" \/>\n<meta property=\"og:description\" content=\"Reagim ndaj tekstit t\u00eb F. Dinosh\u00ebs, \u201cJu jeni ajka e Mal\u00ebsis\u00eb\u201d publikuar n\u00eb \u201cKoh\u00ebn Javore\u201d t\u00eb dat\u00ebs 15 janar 2009 Asnj\u00ebher\u00eb nuk u kam ikur polemikave n\u00eb\" \/>\n<meta property=\"og:url\" content=\"https:\/\/www.visit-ulcinj.com\/blog\/2009\/01\/23\/camaj-gabove-dinoshe\/\" \/>\n<meta property=\"og:site_name\" content=\"Lajme nga Ulqini\" \/>\n<meta property=\"article:published_time\" content=\"2009-01-23T07:28:21+00:00\" \/>\n<meta property=\"article:modified_time\" content=\"2009-01-23T07:28:28+00:00\" \/>\n<meta property=\"og:image\" content=\"http:\/\/www.visit-ulcinj.com\/blog\/wp-content\/uploads\/2009\/01\/nikolle-camaj2.jpg\" \/>\n<meta name=\"twitter:label1\" content=\"Written by\" \/>\n\t<meta name=\"twitter:data1\" content=\"ulqini\" \/>\n\t<meta name=\"twitter:label2\" content=\"Est. reading time\" \/>\n\t<meta name=\"twitter:data2\" content=\"3 minutes\" \/>\n<script type=\"application\/ld+json\" class=\"yoast-schema-graph\">{\"@context\":\"https:\/\/schema.org\",\"@graph\":[{\"@type\":\"WebSite\",\"@id\":\"https:\/\/www.visit-ulcinj.com\/blog\/#website\",\"url\":\"https:\/\/www.visit-ulcinj.com\/blog\/\",\"name\":\"Lajme nga Ulqini\",\"description\":\"Lajme,Vijesti,Ulqini,Ulqin,Crna Gora,Mali i Zi\",\"potentialAction\":[{\"@type\":\"SearchAction\",\"target\":{\"@type\":\"EntryPoint\",\"urlTemplate\":\"https:\/\/www.visit-ulcinj.com\/blog\/?s={search_term_string}\"},\"query-input\":\"required name=search_term_string\"}],\"inLanguage\":\"en-US\"},{\"@type\":\"ImageObject\",\"inLanguage\":\"en-US\",\"@id\":\"https:\/\/www.visit-ulcinj.com\/blog\/2009\/01\/23\/camaj-gabove-dinoshe\/#primaryimage\",\"url\":\"https:\/\/www.visit-ulcinj.com\/blog\/wp-content\/uploads\/2009\/01\/nikolle-camaj2.jpg\",\"contentUrl\":\"https:\/\/www.visit-ulcinj.com\/blog\/wp-content\/uploads\/2009\/01\/nikolle-camaj2.jpg\",\"width\":\"368\",\"height\":\"308\"},{\"@type\":\"WebPage\",\"@id\":\"https:\/\/www.visit-ulcinj.com\/blog\/2009\/01\/23\/camaj-gabove-dinoshe\/#webpage\",\"url\":\"https:\/\/www.visit-ulcinj.com\/blog\/2009\/01\/23\/camaj-gabove-dinoshe\/\",\"name\":\"Camaj: Gabove Dinosh\u00eb! - Lajme nga Ulqini\",\"isPartOf\":{\"@id\":\"https:\/\/www.visit-ulcinj.com\/blog\/#website\"},\"primaryImageOfPage\":{\"@id\":\"https:\/\/www.visit-ulcinj.com\/blog\/2009\/01\/23\/camaj-gabove-dinoshe\/#primaryimage\"},\"datePublished\":\"2009-01-23T07:28:21+00:00\",\"dateModified\":\"2009-01-23T07:28:28+00:00\",\"author\":{\"@id\":\"https:\/\/www.visit-ulcinj.com\/blog\/#\/schema\/person\/dcab619c614d3038751c63bc2aadc06d\"},\"description\":\"Reagim ndaj tekstit t\u00eb F. Dinosh\u00ebs, \u201cJu jeni ajka e Mal\u00ebsis\u00eb\u201d publikuar n\u00eb \u201cKoh\u00ebn Javore\u201d t\u00eb dat\u00ebs 15 janar 2009 Asnj\u00ebher\u00eb nuk u kam ikur polemikave n\u00eb\",\"breadcrumb\":{\"@id\":\"https:\/\/www.visit-ulcinj.com\/blog\/2009\/01\/23\/camaj-gabove-dinoshe\/#breadcrumb\"},\"inLanguage\":\"en-US\",\"potentialAction\":[{\"@type\":\"ReadAction\",\"target\":[\"https:\/\/www.visit-ulcinj.com\/blog\/2009\/01\/23\/camaj-gabove-dinoshe\/\"]}]},{\"@type\":\"BreadcrumbList\",\"@id\":\"https:\/\/www.visit-ulcinj.com\/blog\/2009\/01\/23\/camaj-gabove-dinoshe\/#breadcrumb\",\"itemListElement\":[{\"@type\":\"ListItem\",\"position\":1,\"name\":\"Camaj: Gabove Dinosh\u00eb!\"}]},{\"@type\":\"Person\",\"@id\":\"https:\/\/www.visit-ulcinj.com\/blog\/#\/schema\/person\/dcab619c614d3038751c63bc2aadc06d\",\"name\":\"ulqini\",\"sameAs\":[\"http:\/\/www.visit-ulcinj.com\"],\"url\":\"https:\/\/www.visit-ulcinj.com\/blog\/author\/admin\/\"}]}<\/script>\n<!-- \/ Yoast SEO plugin. -->","yoast_head_json":{"title":"Camaj: Gabove Dinosh\u00eb! - Lajme nga Ulqini","description":"Reagim ndaj tekstit t\u00eb F. Dinosh\u00ebs, \u201cJu jeni ajka e Mal\u00ebsis\u00eb\u201d publikuar n\u00eb \u201cKoh\u00ebn Javore\u201d t\u00eb dat\u00ebs 15 janar 2009 Asnj\u00ebher\u00eb nuk u kam ikur polemikave n\u00eb","robots":{"index":"index","follow":"follow","max-snippet":"max-snippet:-1","max-image-preview":"max-image-preview:large","max-video-preview":"max-video-preview:-1"},"canonical":"https:\/\/www.visit-ulcinj.com\/blog\/2009\/01\/23\/camaj-gabove-dinoshe\/","og_locale":"en_US","og_type":"article","og_title":"Camaj: Gabove Dinosh\u00eb! - Lajme nga Ulqini","og_description":"Reagim ndaj tekstit t\u00eb F. Dinosh\u00ebs, \u201cJu jeni ajka e Mal\u00ebsis\u00eb\u201d publikuar n\u00eb \u201cKoh\u00ebn Javore\u201d t\u00eb dat\u00ebs 15 janar 2009 Asnj\u00ebher\u00eb nuk u kam ikur polemikave n\u00eb","og_url":"https:\/\/www.visit-ulcinj.com\/blog\/2009\/01\/23\/camaj-gabove-dinoshe\/","og_site_name":"Lajme nga Ulqini","article_published_time":"2009-01-23T07:28:21+00:00","article_modified_time":"2009-01-23T07:28:28+00:00","og_image":[{"url":"http:\/\/www.visit-ulcinj.com\/blog\/wp-content\/uploads\/2009\/01\/nikolle-camaj2.jpg"}],"twitter_misc":{"Written by":"ulqini","Est. reading time":"3 minutes"},"schema":{"@context":"https:\/\/schema.org","@graph":[{"@type":"WebSite","@id":"https:\/\/www.visit-ulcinj.com\/blog\/#website","url":"https:\/\/www.visit-ulcinj.com\/blog\/","name":"Lajme nga Ulqini","description":"Lajme,Vijesti,Ulqini,Ulqin,Crna Gora,Mali i Zi","potentialAction":[{"@type":"SearchAction","target":{"@type":"EntryPoint","urlTemplate":"https:\/\/www.visit-ulcinj.com\/blog\/?s={search_term_string}"},"query-input":"required name=search_term_string"}],"inLanguage":"en-US"},{"@type":"ImageObject","inLanguage":"en-US","@id":"https:\/\/www.visit-ulcinj.com\/blog\/2009\/01\/23\/camaj-gabove-dinoshe\/#primaryimage","url":"https:\/\/www.visit-ulcinj.com\/blog\/wp-content\/uploads\/2009\/01\/nikolle-camaj2.jpg","contentUrl":"https:\/\/www.visit-ulcinj.com\/blog\/wp-content\/uploads\/2009\/01\/nikolle-camaj2.jpg","width":"368","height":"308"},{"@type":"WebPage","@id":"https:\/\/www.visit-ulcinj.com\/blog\/2009\/01\/23\/camaj-gabove-dinoshe\/#webpage","url":"https:\/\/www.visit-ulcinj.com\/blog\/2009\/01\/23\/camaj-gabove-dinoshe\/","name":"Camaj: Gabove Dinosh\u00eb! - Lajme nga Ulqini","isPartOf":{"@id":"https:\/\/www.visit-ulcinj.com\/blog\/#website"},"primaryImageOfPage":{"@id":"https:\/\/www.visit-ulcinj.com\/blog\/2009\/01\/23\/camaj-gabove-dinoshe\/#primaryimage"},"datePublished":"2009-01-23T07:28:21+00:00","dateModified":"2009-01-23T07:28:28+00:00","author":{"@id":"https:\/\/www.visit-ulcinj.com\/blog\/#\/schema\/person\/dcab619c614d3038751c63bc2aadc06d"},"description":"Reagim ndaj tekstit t\u00eb F. Dinosh\u00ebs, \u201cJu jeni ajka e Mal\u00ebsis\u00eb\u201d publikuar n\u00eb \u201cKoh\u00ebn Javore\u201d t\u00eb dat\u00ebs 15 janar 2009 Asnj\u00ebher\u00eb nuk u kam ikur polemikave n\u00eb","breadcrumb":{"@id":"https:\/\/www.visit-ulcinj.com\/blog\/2009\/01\/23\/camaj-gabove-dinoshe\/#breadcrumb"},"inLanguage":"en-US","potentialAction":[{"@type":"ReadAction","target":["https:\/\/www.visit-ulcinj.com\/blog\/2009\/01\/23\/camaj-gabove-dinoshe\/"]}]},{"@type":"BreadcrumbList","@id":"https:\/\/www.visit-ulcinj.com\/blog\/2009\/01\/23\/camaj-gabove-dinoshe\/#breadcrumb","itemListElement":[{"@type":"ListItem","position":1,"name":"Camaj: Gabove Dinosh\u00eb!"}]},{"@type":"Person","@id":"https:\/\/www.visit-ulcinj.com\/blog\/#\/schema\/person\/dcab619c614d3038751c63bc2aadc06d","name":"ulqini","sameAs":["http:\/\/www.visit-ulcinj.com"],"url":"https:\/\/www.visit-ulcinj.com\/blog\/author\/admin\/"}]}},"jetpack_featured_media_url":"","jetpack_sharing_enabled":true,"jetpack_shortlink":"https:\/\/wp.me\/pe6lTn-2vz","_links":{"self":[{"href":"https:\/\/www.visit-ulcinj.com\/blog\/wp-json\/wp\/v2\/posts\/9645"}],"collection":[{"href":"https:\/\/www.visit-ulcinj.com\/blog\/wp-json\/wp\/v2\/posts"}],"about":[{"href":"https:\/\/www.visit-ulcinj.com\/blog\/wp-json\/wp\/v2\/types\/post"}],"author":[{"embeddable":true,"href":"https:\/\/www.visit-ulcinj.com\/blog\/wp-json\/wp\/v2\/users\/1"}],"replies":[{"embeddable":true,"href":"https:\/\/www.visit-ulcinj.com\/blog\/wp-json\/wp\/v2\/comments?post=9645"}],"version-history":[{"count":0,"href":"https:\/\/www.visit-ulcinj.com\/blog\/wp-json\/wp\/v2\/posts\/9645\/revisions"}],"wp:attachment":[{"href":"https:\/\/www.visit-ulcinj.com\/blog\/wp-json\/wp\/v2\/media?parent=9645"}],"wp:term":[{"taxonomy":"category","embeddable":true,"href":"https:\/\/www.visit-ulcinj.com\/blog\/wp-json\/wp\/v2\/categories?post=9645"},{"taxonomy":"post_tag","embeddable":true,"href":"https:\/\/www.visit-ulcinj.com\/blog\/wp-json\/wp\/v2\/tags?post=9645"}],"curies":[{"name":"wp","href":"https:\/\/api.w.org\/{rel}","templated":true}]}}