{"id":96466,"date":"2016-04-23T17:33:00","date_gmt":"2016-04-23T16:33:00","guid":{"rendered":"http:\/\/www.visit-ulcinj.com\/blog\/?p=96466"},"modified":"2016-04-23T17:33:00","modified_gmt":"2016-04-23T16:33:00","slug":"ne-vitin-2015-ulqini-behet-10-banore-shume","status":"publish","type":"post","link":"https:\/\/www.visit-ulcinj.com\/blog\/2016\/04\/23\/ne-vitin-2015-ulqini-behet-10-banore-shume\/","title":{"rendered":"N\u00eb vitin 2015, Ulqini b\u00ebhet me 10 banor\u00eb m\u00eb shum\u00eb"},"content":{"rendered":"<div id=\"stcpDiv\"><a href=\"http:\/\/www.visit-ulcinj.com\/blog\/wp-content\/uploads\/2016\/04\/Ulqini-.jpg\"><img loading=\"lazy\" class=\"alignleft wp-image-96467\" src=\"http:\/\/www.visit-ulcinj.com\/blog\/wp-content\/uploads\/2016\/04\/Ulqini-.jpg\" alt=\"Ulqini-\" width=\"508\" height=\"267\" srcset=\"https:\/\/www.visit-ulcinj.com\/blog\/wp-content\/uploads\/2016\/04\/Ulqini-.jpg 470w, https:\/\/www.visit-ulcinj.com\/blog\/wp-content\/uploads\/2016\/04\/Ulqini--300x158.jpg 300w\" sizes=\"(max-width: 508px) 100vw, 508px\" \/><\/a>Statistika m\u00eb e re llogarit se n\u00eb periudh\u00ebn e vitit 2015, n\u00eb komun\u00eb t\u00eb Ulqinit kan\u00eb jetuar 10 persona m\u00eb shum\u00eb se nj\u00eb vit m\u00eb her\u00ebt, njoftohet nga Enti shtet\u00ebror p\u00ebr statistik\u00eb \u2013 Monstat, raporton portali Ul.info<\/div>\n<p>Kjo do t\u00eb thot\u00eb se numri i banor\u00ebve n\u00eb k\u00ebt\u00eb qytet praktikisht ka mbetur i nj\u00ebjt\u00eb, gjegj\u00ebsisht n\u00eb Ulqin jetojn\u00eb pak mbi 20 mij\u00eb persona.<\/p>\n<p>N\u00eb shumic\u00ebn e komunave n\u00eb Mal t\u00eb Zi, sidomos n\u00eb veri, u zvog\u00eblua numri i banor\u00ebve.<\/p>\n","protected":false},"excerpt":{"rendered":"<p>Statistika m\u00eb e re llogarit se n\u00eb periudh\u00ebn e vitit 2015, n\u00eb komun\u00eb t\u00eb Ulqinit kan\u00eb jetuar 10 persona m\u00eb shum\u00eb se nj\u00eb vit m\u00eb her\u00ebt, njoftohet nga Enti shtet\u00ebror p\u00ebr statistik\u00eb \u2013 Monstat, raporton portali Ul.info Kjo do t\u00eb thot\u00eb se numri i banor\u00ebve n\u00eb k\u00ebt\u00eb qytet praktikisht ka mbetur i nj\u00ebjt\u00eb, gjegj\u00ebsisht n\u00eb [&hellip;]<\/p>\n","protected":false},"author":1,"featured_media":0,"comment_status":"closed","ping_status":"closed","sticky":false,"template":"","format":"standard","meta":{"spay_email":"","jetpack_publicize_message":"","jetpack_is_tweetstorm":false,"jetpack_publicize_feature_enabled":true},"categories":[11],"tags":[],"jetpack_publicize_connections":[],"yoast_head":"<!-- This site is optimized with the Yoast SEO plugin v19.1 - https:\/\/yoast.com\/wordpress\/plugins\/seo\/ -->\n<title>N\u00eb vitin 2015, Ulqini b\u00ebhet me 10 banor\u00eb m\u00eb shum\u00eb - Lajme nga Ulqini<\/title>\n<meta name=\"description\" content=\"Statistika m\u00eb e re llogarit se n\u00eb periudh\u00ebn e vitit 2015, n\u00eb komun\u00eb t\u00eb Ulqinit kan\u00eb jetuar 10 persona m\u00eb shum\u00eb se nj\u00eb vit m\u00eb her\u00ebt, njoftohet nga Enti\" \/>\n<meta name=\"robots\" content=\"index, follow, max-snippet:-1, max-image-preview:large, max-video-preview:-1\" \/>\n<link rel=\"canonical\" href=\"https:\/\/www.visit-ulcinj.com\/blog\/2016\/04\/23\/ne-vitin-2015-ulqini-behet-10-banore-shume\/\" \/>\n<meta property=\"og:locale\" content=\"en_US\" \/>\n<meta property=\"og:type\" content=\"article\" \/>\n<meta property=\"og:title\" content=\"N\u00eb vitin 2015, Ulqini b\u00ebhet me 10 banor\u00eb m\u00eb shum\u00eb - Lajme nga Ulqini\" \/>\n<meta property=\"og:description\" content=\"Statistika m\u00eb e re llogarit se n\u00eb periudh\u00ebn e vitit 2015, n\u00eb komun\u00eb t\u00eb Ulqinit kan\u00eb jetuar 10 persona m\u00eb shum\u00eb se nj\u00eb vit m\u00eb her\u00ebt, njoftohet nga Enti\" \/>\n<meta property=\"og:url\" content=\"https:\/\/www.visit-ulcinj.com\/blog\/2016\/04\/23\/ne-vitin-2015-ulqini-behet-10-banore-shume\/\" \/>\n<meta property=\"og:site_name\" content=\"Lajme nga Ulqini\" \/>\n<meta property=\"article:published_time\" content=\"2016-04-23T16:33:00+00:00\" \/>\n<meta property=\"og:image\" content=\"http:\/\/www.visit-ulcinj.com\/blog\/wp-content\/uploads\/2016\/04\/Ulqini-.jpg\" \/>\n<meta name=\"twitter:label1\" content=\"Written by\" \/>\n\t<meta name=\"twitter:data1\" content=\"ulqini\" \/>\n<script type=\"application\/ld+json\" class=\"yoast-schema-graph\">{\"@context\":\"https:\/\/schema.org\",\"@graph\":[{\"@type\":\"WebSite\",\"@id\":\"https:\/\/www.visit-ulcinj.com\/blog\/#website\",\"url\":\"https:\/\/www.visit-ulcinj.com\/blog\/\",\"name\":\"Lajme nga Ulqini\",\"description\":\"Lajme,Vijesti,Ulqini,Ulqin,Crna Gora,Mali i Zi\",\"potentialAction\":[{\"@type\":\"SearchAction\",\"target\":{\"@type\":\"EntryPoint\",\"urlTemplate\":\"https:\/\/www.visit-ulcinj.com\/blog\/?s={search_term_string}\"},\"query-input\":\"required name=search_term_string\"}],\"inLanguage\":\"en-US\"},{\"@type\":\"ImageObject\",\"inLanguage\":\"en-US\",\"@id\":\"https:\/\/www.visit-ulcinj.com\/blog\/2016\/04\/23\/ne-vitin-2015-ulqini-behet-10-banore-shume\/#primaryimage\",\"url\":\"https:\/\/www.visit-ulcinj.com\/blog\/wp-content\/uploads\/2016\/04\/Ulqini-.jpg\",\"contentUrl\":\"https:\/\/www.visit-ulcinj.com\/blog\/wp-content\/uploads\/2016\/04\/Ulqini-.jpg\",\"width\":470,\"height\":247},{\"@type\":\"WebPage\",\"@id\":\"https:\/\/www.visit-ulcinj.com\/blog\/2016\/04\/23\/ne-vitin-2015-ulqini-behet-10-banore-shume\/#webpage\",\"url\":\"https:\/\/www.visit-ulcinj.com\/blog\/2016\/04\/23\/ne-vitin-2015-ulqini-behet-10-banore-shume\/\",\"name\":\"N\u00eb vitin 2015, Ulqini b\u00ebhet me 10 banor\u00eb m\u00eb shum\u00eb - Lajme nga Ulqini\",\"isPartOf\":{\"@id\":\"https:\/\/www.visit-ulcinj.com\/blog\/#website\"},\"primaryImageOfPage\":{\"@id\":\"https:\/\/www.visit-ulcinj.com\/blog\/2016\/04\/23\/ne-vitin-2015-ulqini-behet-10-banore-shume\/#primaryimage\"},\"datePublished\":\"2016-04-23T16:33:00+00:00\",\"dateModified\":\"2016-04-23T16:33:00+00:00\",\"author\":{\"@id\":\"https:\/\/www.visit-ulcinj.com\/blog\/#\/schema\/person\/dcab619c614d3038751c63bc2aadc06d\"},\"description\":\"Statistika m\u00eb e re llogarit se n\u00eb periudh\u00ebn e vitit 2015, n\u00eb komun\u00eb t\u00eb Ulqinit kan\u00eb jetuar 10 persona m\u00eb shum\u00eb se nj\u00eb vit m\u00eb her\u00ebt, njoftohet nga Enti\",\"breadcrumb\":{\"@id\":\"https:\/\/www.visit-ulcinj.com\/blog\/2016\/04\/23\/ne-vitin-2015-ulqini-behet-10-banore-shume\/#breadcrumb\"},\"inLanguage\":\"en-US\",\"potentialAction\":[{\"@type\":\"ReadAction\",\"target\":[\"https:\/\/www.visit-ulcinj.com\/blog\/2016\/04\/23\/ne-vitin-2015-ulqini-behet-10-banore-shume\/\"]}]},{\"@type\":\"BreadcrumbList\",\"@id\":\"https:\/\/www.visit-ulcinj.com\/blog\/2016\/04\/23\/ne-vitin-2015-ulqini-behet-10-banore-shume\/#breadcrumb\",\"itemListElement\":[{\"@type\":\"ListItem\",\"position\":1,\"name\":\"N\u00eb vitin 2015, Ulqini b\u00ebhet me 10 banor\u00eb m\u00eb shum\u00eb\"}]},{\"@type\":\"Person\",\"@id\":\"https:\/\/www.visit-ulcinj.com\/blog\/#\/schema\/person\/dcab619c614d3038751c63bc2aadc06d\",\"name\":\"ulqini\",\"sameAs\":[\"http:\/\/www.visit-ulcinj.com\"],\"url\":\"https:\/\/www.visit-ulcinj.com\/blog\/author\/admin\/\"}]}<\/script>\n<!-- \/ Yoast SEO plugin. -->","yoast_head_json":{"title":"N\u00eb vitin 2015, Ulqini b\u00ebhet me 10 banor\u00eb m\u00eb shum\u00eb - Lajme nga Ulqini","description":"Statistika m\u00eb e re llogarit se n\u00eb periudh\u00ebn e vitit 2015, n\u00eb komun\u00eb t\u00eb Ulqinit kan\u00eb jetuar 10 persona m\u00eb shum\u00eb se nj\u00eb vit m\u00eb her\u00ebt, njoftohet nga Enti","robots":{"index":"index","follow":"follow","max-snippet":"max-snippet:-1","max-image-preview":"max-image-preview:large","max-video-preview":"max-video-preview:-1"},"canonical":"https:\/\/www.visit-ulcinj.com\/blog\/2016\/04\/23\/ne-vitin-2015-ulqini-behet-10-banore-shume\/","og_locale":"en_US","og_type":"article","og_title":"N\u00eb vitin 2015, Ulqini b\u00ebhet me 10 banor\u00eb m\u00eb shum\u00eb - Lajme nga Ulqini","og_description":"Statistika m\u00eb e re llogarit se n\u00eb periudh\u00ebn e vitit 2015, n\u00eb komun\u00eb t\u00eb Ulqinit kan\u00eb jetuar 10 persona m\u00eb shum\u00eb se nj\u00eb vit m\u00eb her\u00ebt, njoftohet nga Enti","og_url":"https:\/\/www.visit-ulcinj.com\/blog\/2016\/04\/23\/ne-vitin-2015-ulqini-behet-10-banore-shume\/","og_site_name":"Lajme nga Ulqini","article_published_time":"2016-04-23T16:33:00+00:00","og_image":[{"url":"http:\/\/www.visit-ulcinj.com\/blog\/wp-content\/uploads\/2016\/04\/Ulqini-.jpg"}],"twitter_misc":{"Written by":"ulqini"},"schema":{"@context":"https:\/\/schema.org","@graph":[{"@type":"WebSite","@id":"https:\/\/www.visit-ulcinj.com\/blog\/#website","url":"https:\/\/www.visit-ulcinj.com\/blog\/","name":"Lajme nga Ulqini","description":"Lajme,Vijesti,Ulqini,Ulqin,Crna Gora,Mali i Zi","potentialAction":[{"@type":"SearchAction","target":{"@type":"EntryPoint","urlTemplate":"https:\/\/www.visit-ulcinj.com\/blog\/?s={search_term_string}"},"query-input":"required name=search_term_string"}],"inLanguage":"en-US"},{"@type":"ImageObject","inLanguage":"en-US","@id":"https:\/\/www.visit-ulcinj.com\/blog\/2016\/04\/23\/ne-vitin-2015-ulqini-behet-10-banore-shume\/#primaryimage","url":"https:\/\/www.visit-ulcinj.com\/blog\/wp-content\/uploads\/2016\/04\/Ulqini-.jpg","contentUrl":"https:\/\/www.visit-ulcinj.com\/blog\/wp-content\/uploads\/2016\/04\/Ulqini-.jpg","width":470,"height":247},{"@type":"WebPage","@id":"https:\/\/www.visit-ulcinj.com\/blog\/2016\/04\/23\/ne-vitin-2015-ulqini-behet-10-banore-shume\/#webpage","url":"https:\/\/www.visit-ulcinj.com\/blog\/2016\/04\/23\/ne-vitin-2015-ulqini-behet-10-banore-shume\/","name":"N\u00eb vitin 2015, Ulqini b\u00ebhet me 10 banor\u00eb m\u00eb shum\u00eb - Lajme nga Ulqini","isPartOf":{"@id":"https:\/\/www.visit-ulcinj.com\/blog\/#website"},"primaryImageOfPage":{"@id":"https:\/\/www.visit-ulcinj.com\/blog\/2016\/04\/23\/ne-vitin-2015-ulqini-behet-10-banore-shume\/#primaryimage"},"datePublished":"2016-04-23T16:33:00+00:00","dateModified":"2016-04-23T16:33:00+00:00","author":{"@id":"https:\/\/www.visit-ulcinj.com\/blog\/#\/schema\/person\/dcab619c614d3038751c63bc2aadc06d"},"description":"Statistika m\u00eb e re llogarit se n\u00eb periudh\u00ebn e vitit 2015, n\u00eb komun\u00eb t\u00eb Ulqinit kan\u00eb jetuar 10 persona m\u00eb shum\u00eb se nj\u00eb vit m\u00eb her\u00ebt, njoftohet nga Enti","breadcrumb":{"@id":"https:\/\/www.visit-ulcinj.com\/blog\/2016\/04\/23\/ne-vitin-2015-ulqini-behet-10-banore-shume\/#breadcrumb"},"inLanguage":"en-US","potentialAction":[{"@type":"ReadAction","target":["https:\/\/www.visit-ulcinj.com\/blog\/2016\/04\/23\/ne-vitin-2015-ulqini-behet-10-banore-shume\/"]}]},{"@type":"BreadcrumbList","@id":"https:\/\/www.visit-ulcinj.com\/blog\/2016\/04\/23\/ne-vitin-2015-ulqini-behet-10-banore-shume\/#breadcrumb","itemListElement":[{"@type":"ListItem","position":1,"name":"N\u00eb vitin 2015, Ulqini b\u00ebhet me 10 banor\u00eb m\u00eb shum\u00eb"}]},{"@type":"Person","@id":"https:\/\/www.visit-ulcinj.com\/blog\/#\/schema\/person\/dcab619c614d3038751c63bc2aadc06d","name":"ulqini","sameAs":["http:\/\/www.visit-ulcinj.com"],"url":"https:\/\/www.visit-ulcinj.com\/blog\/author\/admin\/"}]}},"jetpack_featured_media_url":"","jetpack_sharing_enabled":true,"jetpack_shortlink":"https:\/\/wp.me\/pe6lTn-p5U","_links":{"self":[{"href":"https:\/\/www.visit-ulcinj.com\/blog\/wp-json\/wp\/v2\/posts\/96466"}],"collection":[{"href":"https:\/\/www.visit-ulcinj.com\/blog\/wp-json\/wp\/v2\/posts"}],"about":[{"href":"https:\/\/www.visit-ulcinj.com\/blog\/wp-json\/wp\/v2\/types\/post"}],"author":[{"embeddable":true,"href":"https:\/\/www.visit-ulcinj.com\/blog\/wp-json\/wp\/v2\/users\/1"}],"replies":[{"embeddable":true,"href":"https:\/\/www.visit-ulcinj.com\/blog\/wp-json\/wp\/v2\/comments?post=96466"}],"version-history":[{"count":1,"href":"https:\/\/www.visit-ulcinj.com\/blog\/wp-json\/wp\/v2\/posts\/96466\/revisions"}],"predecessor-version":[{"id":96468,"href":"https:\/\/www.visit-ulcinj.com\/blog\/wp-json\/wp\/v2\/posts\/96466\/revisions\/96468"}],"wp:attachment":[{"href":"https:\/\/www.visit-ulcinj.com\/blog\/wp-json\/wp\/v2\/media?parent=96466"}],"wp:term":[{"taxonomy":"category","embeddable":true,"href":"https:\/\/www.visit-ulcinj.com\/blog\/wp-json\/wp\/v2\/categories?post=96466"},{"taxonomy":"post_tag","embeddable":true,"href":"https:\/\/www.visit-ulcinj.com\/blog\/wp-json\/wp\/v2\/tags?post=96466"}],"curies":[{"name":"wp","href":"https:\/\/api.w.org\/{rel}","templated":true}]}}