{"id":96469,"date":"2016-04-23T17:39:34","date_gmt":"2016-04-23T16:39:34","guid":{"rendered":"http:\/\/www.visit-ulcinj.com\/blog\/?p=96469"},"modified":"2016-04-23T17:39:34","modified_gmt":"2016-04-23T16:39:34","slug":"gegaj-prava-albanaca-po-evropskim-standardima","status":"publish","type":"post","link":"https:\/\/www.visit-ulcinj.com\/blog\/2016\/04\/23\/gegaj-prava-albanaca-po-evropskim-standardima\/","title":{"rendered":"Gegaj: Prava Albanaca po evropskim standardima"},"content":{"rendered":"<p><strong><a href=\"http:\/\/www.visit-ulcinj.com\/blog\/wp-content\/uploads\/2016\/04\/Nikola-Gegaj.jpg\"><img loading=\"lazy\" class=\"alignleft wp-image-96470\" src=\"http:\/\/www.visit-ulcinj.com\/blog\/wp-content\/uploads\/2016\/04\/Nikola-Gegaj.jpg\" alt=\"Nikola Gegaj\" width=\"508\" height=\"397\" srcset=\"https:\/\/www.visit-ulcinj.com\/blog\/wp-content\/uploads\/2016\/04\/Nikola-Gegaj.jpg 445w, https:\/\/www.visit-ulcinj.com\/blog\/wp-content\/uploads\/2016\/04\/Nikola-Gegaj-300x235.jpg 300w\" sizes=\"(max-width: 508px) 100vw, 508px\" \/><\/a>Poslanik Demokratske partije socijalista (DPS), Nikola Gegaj, saop\u0161tio je da postoji volja i namjera vlasti, pri \u010demu su evidentni i rezultati da se prava Albanaca uskla\u0111uju i podignu na nivo evropskih standarda.<\/strong><\/p>\n<p>Odgovaraju\u0107i na pitanje da li o\u010dekuje usvajanje izmjene izbornog zakonodavstva u dijelu predstavljanja Albanaca, \u0161to je predvi\u0111eno kao mogu\u0107nost u Sporazumu za slobodne i fer izbore, Gegaj ka\u017ee da ne mo\u017ee detaljnije komentarisati to pitanje, jer nije u\u010destvovao u parlamentarnoj radnoj grupi.<\/p>\n<p><strong>Zastupljenost manjina<\/strong><\/p>\n<p><strong>&#8220;<\/strong>Me\u0111utim moram re\u0107i da je kora\u010danjem u pluralizam Crna Gora osjetila potrebu da i u parlamentu budu zastupljene manjine sa kojima ho\u0107e da gradi budu\u0107nost i koje su deset godina kasnije dale neizmjeren doprinos obnovi dr\u017eavnosti Crne Gore. Kao \u0161to se zna od 1996. godine parlament Crne Gore donosio je afirmativne zakone o manjinama. Kroz posebne mehanizme omogu\u0107eno je da Albanci budu konstantno zastupljeni. Postoje\u0107im zakonom koji je na snazi nikako se ne uru\u0161ava postignuta tekovina. Uostalom, mandati se dobijaju i gube u politi\u010dkoj utakmici&#8221;, ka\u017ee Gegaj.<\/p>\n<p>Kada je rije\u010d o primjeni zakon o op\u0161tini Tuzi, Gegaj ka\u017ee da im &#8220;treba ekonomski i finansijski odr\u017eiva op\u0161tina, a ne samo op\u0161tina na papiru\u201c.<\/p>\n<p>&#8220;Mi i danas funkcioni\u0161emo kao op\u0161tina sa ingerencijama koje imaju i ostale op\u0161tine u Crnoj Gori. Naravno da nijesmo mogli ishitreno da donesemo sve izmjene koje su potrebne, dakle i otvaranje potrebnih op\u0161tinskih administrativnih segmenata. Me\u0111utim u kontinutetu se radi se na tome&#8221;, isti\u010de Gegaj za Pobjedu.<\/p>\n<p><strong>Najbolje rje\u0161enje<\/strong><\/p>\n<p>Gegaj ka\u017ee da su u novoj op\u0161tini Tuzi nedavno otvorile kancelarije i preduze\u0107e Vodovod i kanalizacija, zatim \u010cisto\u0107a, Komunalne usluge, Centar za socijalni rad, Zavod za zapo\u0161ljavanje, filijala MUP-a koja funkcioni\u0161e u Tuzi ve\u0107 nekoliko godina. To je, kako ka\u017ee, dovelo do zaposlenja mladih ljudi.<\/p>\n<p>On izra\u017eava o\u010dekivanje da \u0107e se nastaviti ovim ritmom i da \u0107e u novoj op\u0161tini Tuzi gra\u0111ani mo\u0107i da zavr\u0161e sve potrebe, pri \u010demu dodaje da polazak do Podgorice i natrag iziskuje i ve\u0107e tro\u0161kove.<\/p>\n<p>Izvor: TVCG<\/p>\n","protected":false},"excerpt":{"rendered":"<p>Poslanik Demokratske partije socijalista (DPS), Nikola Gegaj, saop\u0161tio je da postoji volja i namjera vlasti, pri \u010demu su evidentni i rezultati da se prava Albanaca uskla\u0111uju i podignu na nivo evropskih standarda. Odgovaraju\u0107i na pitanje da li o\u010dekuje usvajanje izmjene izbornog zakonodavstva u dijelu predstavljanja Albanaca, \u0161to je predvi\u0111eno kao mogu\u0107nost u Sporazumu za slobodne [&hellip;]<\/p>\n","protected":false},"author":1,"featured_media":0,"comment_status":"closed","ping_status":"closed","sticky":false,"template":"","format":"standard","meta":{"spay_email":"","jetpack_publicize_message":"","jetpack_is_tweetstorm":false,"jetpack_publicize_feature_enabled":true},"categories":[8337],"tags":[],"jetpack_publicize_connections":[],"yoast_head":"<!-- This site is optimized with the Yoast SEO plugin v19.1 - https:\/\/yoast.com\/wordpress\/plugins\/seo\/ -->\n<title>Gegaj: Prava Albanaca po evropskim standardima - Lajme nga Ulqini<\/title>\n<meta name=\"description\" content=\"Poslanik Demokratske partije socijalista (DPS), Nikola Gegaj, saop\u0161tio je da postoji volja i namjera vlasti, pri \u010demu su evidentni i rezultati da se prava\" \/>\n<meta name=\"robots\" content=\"index, follow, max-snippet:-1, max-image-preview:large, max-video-preview:-1\" \/>\n<link rel=\"canonical\" href=\"https:\/\/www.visit-ulcinj.com\/blog\/2016\/04\/23\/gegaj-prava-albanaca-po-evropskim-standardima\/\" \/>\n<meta property=\"og:locale\" content=\"en_US\" \/>\n<meta property=\"og:type\" content=\"article\" \/>\n<meta property=\"og:title\" content=\"Gegaj: Prava Albanaca po evropskim standardima - Lajme nga Ulqini\" \/>\n<meta property=\"og:description\" content=\"Poslanik Demokratske partije socijalista (DPS), Nikola Gegaj, saop\u0161tio je da postoji volja i namjera vlasti, pri \u010demu su evidentni i rezultati da se prava\" \/>\n<meta property=\"og:url\" content=\"https:\/\/www.visit-ulcinj.com\/blog\/2016\/04\/23\/gegaj-prava-albanaca-po-evropskim-standardima\/\" \/>\n<meta property=\"og:site_name\" content=\"Lajme nga Ulqini\" \/>\n<meta property=\"article:published_time\" content=\"2016-04-23T16:39:34+00:00\" \/>\n<meta property=\"og:image\" content=\"http:\/\/www.visit-ulcinj.com\/blog\/wp-content\/uploads\/2016\/04\/Nikola-Gegaj.jpg\" \/>\n<meta name=\"twitter:label1\" content=\"Written by\" \/>\n\t<meta name=\"twitter:data1\" content=\"ulqini\" \/>\n\t<meta name=\"twitter:label2\" content=\"Est. reading time\" \/>\n\t<meta name=\"twitter:data2\" content=\"2 minutes\" \/>\n<script type=\"application\/ld+json\" class=\"yoast-schema-graph\">{\"@context\":\"https:\/\/schema.org\",\"@graph\":[{\"@type\":\"WebSite\",\"@id\":\"https:\/\/www.visit-ulcinj.com\/blog\/#website\",\"url\":\"https:\/\/www.visit-ulcinj.com\/blog\/\",\"name\":\"Lajme nga Ulqini\",\"description\":\"Lajme,Vijesti,Ulqini,Ulqin,Crna Gora,Mali i Zi\",\"potentialAction\":[{\"@type\":\"SearchAction\",\"target\":{\"@type\":\"EntryPoint\",\"urlTemplate\":\"https:\/\/www.visit-ulcinj.com\/blog\/?s={search_term_string}\"},\"query-input\":\"required name=search_term_string\"}],\"inLanguage\":\"en-US\"},{\"@type\":\"ImageObject\",\"inLanguage\":\"en-US\",\"@id\":\"https:\/\/www.visit-ulcinj.com\/blog\/2016\/04\/23\/gegaj-prava-albanaca-po-evropskim-standardima\/#primaryimage\",\"url\":\"https:\/\/www.visit-ulcinj.com\/blog\/wp-content\/uploads\/2016\/04\/Nikola-Gegaj.jpg\",\"contentUrl\":\"https:\/\/www.visit-ulcinj.com\/blog\/wp-content\/uploads\/2016\/04\/Nikola-Gegaj.jpg\",\"width\":445,\"height\":348},{\"@type\":\"WebPage\",\"@id\":\"https:\/\/www.visit-ulcinj.com\/blog\/2016\/04\/23\/gegaj-prava-albanaca-po-evropskim-standardima\/#webpage\",\"url\":\"https:\/\/www.visit-ulcinj.com\/blog\/2016\/04\/23\/gegaj-prava-albanaca-po-evropskim-standardima\/\",\"name\":\"Gegaj: Prava Albanaca po evropskim standardima - Lajme nga Ulqini\",\"isPartOf\":{\"@id\":\"https:\/\/www.visit-ulcinj.com\/blog\/#website\"},\"primaryImageOfPage\":{\"@id\":\"https:\/\/www.visit-ulcinj.com\/blog\/2016\/04\/23\/gegaj-prava-albanaca-po-evropskim-standardima\/#primaryimage\"},\"datePublished\":\"2016-04-23T16:39:34+00:00\",\"dateModified\":\"2016-04-23T16:39:34+00:00\",\"author\":{\"@id\":\"https:\/\/www.visit-ulcinj.com\/blog\/#\/schema\/person\/dcab619c614d3038751c63bc2aadc06d\"},\"description\":\"Poslanik Demokratske partije socijalista (DPS), Nikola Gegaj, saop\u0161tio je da postoji volja i namjera vlasti, pri \u010demu su evidentni i rezultati da se prava\",\"breadcrumb\":{\"@id\":\"https:\/\/www.visit-ulcinj.com\/blog\/2016\/04\/23\/gegaj-prava-albanaca-po-evropskim-standardima\/#breadcrumb\"},\"inLanguage\":\"en-US\",\"potentialAction\":[{\"@type\":\"ReadAction\",\"target\":[\"https:\/\/www.visit-ulcinj.com\/blog\/2016\/04\/23\/gegaj-prava-albanaca-po-evropskim-standardima\/\"]}]},{\"@type\":\"BreadcrumbList\",\"@id\":\"https:\/\/www.visit-ulcinj.com\/blog\/2016\/04\/23\/gegaj-prava-albanaca-po-evropskim-standardima\/#breadcrumb\",\"itemListElement\":[{\"@type\":\"ListItem\",\"position\":1,\"name\":\"Gegaj: Prava Albanaca po evropskim standardima\"}]},{\"@type\":\"Person\",\"@id\":\"https:\/\/www.visit-ulcinj.com\/blog\/#\/schema\/person\/dcab619c614d3038751c63bc2aadc06d\",\"name\":\"ulqini\",\"sameAs\":[\"http:\/\/www.visit-ulcinj.com\"],\"url\":\"https:\/\/www.visit-ulcinj.com\/blog\/author\/admin\/\"}]}<\/script>\n<!-- \/ Yoast SEO plugin. -->","yoast_head_json":{"title":"Gegaj: Prava Albanaca po evropskim standardima - Lajme nga Ulqini","description":"Poslanik Demokratske partije socijalista (DPS), Nikola Gegaj, saop\u0161tio je da postoji volja i namjera vlasti, pri \u010demu su evidentni i rezultati da se prava","robots":{"index":"index","follow":"follow","max-snippet":"max-snippet:-1","max-image-preview":"max-image-preview:large","max-video-preview":"max-video-preview:-1"},"canonical":"https:\/\/www.visit-ulcinj.com\/blog\/2016\/04\/23\/gegaj-prava-albanaca-po-evropskim-standardima\/","og_locale":"en_US","og_type":"article","og_title":"Gegaj: Prava Albanaca po evropskim standardima - Lajme nga Ulqini","og_description":"Poslanik Demokratske partije socijalista (DPS), Nikola Gegaj, saop\u0161tio je da postoji volja i namjera vlasti, pri \u010demu su evidentni i rezultati da se prava","og_url":"https:\/\/www.visit-ulcinj.com\/blog\/2016\/04\/23\/gegaj-prava-albanaca-po-evropskim-standardima\/","og_site_name":"Lajme nga Ulqini","article_published_time":"2016-04-23T16:39:34+00:00","og_image":[{"url":"http:\/\/www.visit-ulcinj.com\/blog\/wp-content\/uploads\/2016\/04\/Nikola-Gegaj.jpg"}],"twitter_misc":{"Written by":"ulqini","Est. reading time":"2 minutes"},"schema":{"@context":"https:\/\/schema.org","@graph":[{"@type":"WebSite","@id":"https:\/\/www.visit-ulcinj.com\/blog\/#website","url":"https:\/\/www.visit-ulcinj.com\/blog\/","name":"Lajme nga Ulqini","description":"Lajme,Vijesti,Ulqini,Ulqin,Crna Gora,Mali i Zi","potentialAction":[{"@type":"SearchAction","target":{"@type":"EntryPoint","urlTemplate":"https:\/\/www.visit-ulcinj.com\/blog\/?s={search_term_string}"},"query-input":"required name=search_term_string"}],"inLanguage":"en-US"},{"@type":"ImageObject","inLanguage":"en-US","@id":"https:\/\/www.visit-ulcinj.com\/blog\/2016\/04\/23\/gegaj-prava-albanaca-po-evropskim-standardima\/#primaryimage","url":"https:\/\/www.visit-ulcinj.com\/blog\/wp-content\/uploads\/2016\/04\/Nikola-Gegaj.jpg","contentUrl":"https:\/\/www.visit-ulcinj.com\/blog\/wp-content\/uploads\/2016\/04\/Nikola-Gegaj.jpg","width":445,"height":348},{"@type":"WebPage","@id":"https:\/\/www.visit-ulcinj.com\/blog\/2016\/04\/23\/gegaj-prava-albanaca-po-evropskim-standardima\/#webpage","url":"https:\/\/www.visit-ulcinj.com\/blog\/2016\/04\/23\/gegaj-prava-albanaca-po-evropskim-standardima\/","name":"Gegaj: Prava Albanaca po evropskim standardima - Lajme nga Ulqini","isPartOf":{"@id":"https:\/\/www.visit-ulcinj.com\/blog\/#website"},"primaryImageOfPage":{"@id":"https:\/\/www.visit-ulcinj.com\/blog\/2016\/04\/23\/gegaj-prava-albanaca-po-evropskim-standardima\/#primaryimage"},"datePublished":"2016-04-23T16:39:34+00:00","dateModified":"2016-04-23T16:39:34+00:00","author":{"@id":"https:\/\/www.visit-ulcinj.com\/blog\/#\/schema\/person\/dcab619c614d3038751c63bc2aadc06d"},"description":"Poslanik Demokratske partije socijalista (DPS), Nikola Gegaj, saop\u0161tio je da postoji volja i namjera vlasti, pri \u010demu su evidentni i rezultati da se prava","breadcrumb":{"@id":"https:\/\/www.visit-ulcinj.com\/blog\/2016\/04\/23\/gegaj-prava-albanaca-po-evropskim-standardima\/#breadcrumb"},"inLanguage":"en-US","potentialAction":[{"@type":"ReadAction","target":["https:\/\/www.visit-ulcinj.com\/blog\/2016\/04\/23\/gegaj-prava-albanaca-po-evropskim-standardima\/"]}]},{"@type":"BreadcrumbList","@id":"https:\/\/www.visit-ulcinj.com\/blog\/2016\/04\/23\/gegaj-prava-albanaca-po-evropskim-standardima\/#breadcrumb","itemListElement":[{"@type":"ListItem","position":1,"name":"Gegaj: Prava Albanaca po evropskim standardima"}]},{"@type":"Person","@id":"https:\/\/www.visit-ulcinj.com\/blog\/#\/schema\/person\/dcab619c614d3038751c63bc2aadc06d","name":"ulqini","sameAs":["http:\/\/www.visit-ulcinj.com"],"url":"https:\/\/www.visit-ulcinj.com\/blog\/author\/admin\/"}]}},"jetpack_featured_media_url":"","jetpack_sharing_enabled":true,"jetpack_shortlink":"https:\/\/wp.me\/pe6lTn-p5X","_links":{"self":[{"href":"https:\/\/www.visit-ulcinj.com\/blog\/wp-json\/wp\/v2\/posts\/96469"}],"collection":[{"href":"https:\/\/www.visit-ulcinj.com\/blog\/wp-json\/wp\/v2\/posts"}],"about":[{"href":"https:\/\/www.visit-ulcinj.com\/blog\/wp-json\/wp\/v2\/types\/post"}],"author":[{"embeddable":true,"href":"https:\/\/www.visit-ulcinj.com\/blog\/wp-json\/wp\/v2\/users\/1"}],"replies":[{"embeddable":true,"href":"https:\/\/www.visit-ulcinj.com\/blog\/wp-json\/wp\/v2\/comments?post=96469"}],"version-history":[{"count":1,"href":"https:\/\/www.visit-ulcinj.com\/blog\/wp-json\/wp\/v2\/posts\/96469\/revisions"}],"predecessor-version":[{"id":96471,"href":"https:\/\/www.visit-ulcinj.com\/blog\/wp-json\/wp\/v2\/posts\/96469\/revisions\/96471"}],"wp:attachment":[{"href":"https:\/\/www.visit-ulcinj.com\/blog\/wp-json\/wp\/v2\/media?parent=96469"}],"wp:term":[{"taxonomy":"category","embeddable":true,"href":"https:\/\/www.visit-ulcinj.com\/blog\/wp-json\/wp\/v2\/categories?post=96469"},{"taxonomy":"post_tag","embeddable":true,"href":"https:\/\/www.visit-ulcinj.com\/blog\/wp-json\/wp\/v2\/tags?post=96469"}],"curies":[{"name":"wp","href":"https:\/\/api.w.org\/{rel}","templated":true}]}}