{"id":96472,"date":"2016-04-23T18:11:42","date_gmt":"2016-04-23T17:11:42","guid":{"rendered":"http:\/\/www.visit-ulcinj.com\/blog\/?p=96472"},"modified":"2016-04-23T18:11:42","modified_gmt":"2016-04-23T17:11:42","slug":"hasim-taci-o-prosirenju-saradnje-sa-predstavnicima-opstine-ulcinj","status":"publish","type":"post","link":"https:\/\/www.visit-ulcinj.com\/blog\/2016\/04\/23\/hasim-taci-o-prosirenju-saradnje-sa-predstavnicima-opstine-ulcinj\/","title":{"rendered":"Ha\u0161im Ta\u010di o pro\u0161irenju saradnje sa predstavnicima Op\u0161tine Ulcinj"},"content":{"rendered":"<p><a href=\"http:\/\/www.visit-ulcinj.com\/blog\/wp-content\/uploads\/2016\/04\/Hashim-Thaci-komuna-ulqinit-1.jpg\"><img loading=\"lazy\" class=\"alignleft wp-image-96475\" src=\"http:\/\/www.visit-ulcinj.com\/blog\/wp-content\/uploads\/2016\/04\/Hashim-Thaci-komuna-ulqinit-1.jpg\" alt=\"Hashim-Thaci-komuna-ulqinit-1\" width=\"508\" height=\"305\" srcset=\"https:\/\/www.visit-ulcinj.com\/blog\/wp-content\/uploads\/2016\/04\/Hashim-Thaci-komuna-ulqinit-1.jpg 960w, https:\/\/www.visit-ulcinj.com\/blog\/wp-content\/uploads\/2016\/04\/Hashim-Thaci-komuna-ulqinit-1-300x180.jpg 300w\" sizes=\"(max-width: 508px) 100vw, 508px\" \/><\/a>Predsjednik Republike Kosovo Ha\u0161im Ta\u010di razgovarao je danas u Pri\u0161tini sa visokim predstavnicima Op\u0161tine Ulcinj.<\/p>\n<p>Ta\u010di je o mogu\u0107nostima pro\u0161irenja saradnje razgovarao sa predsjednikom Skup\u0161tine Op\u0161tine Ljorom Nreki\u0107, potpredsjednicom Op\u0161tine Hatid\u017eom \u0110oni, poslanikom u Skup\u0161tini Crne Gore Ljui\u0111om \u0160kreljom, sekretarom za ekonomiju Miljazimom Mustafom i direktorkom Turisti\u010dke organizacije Zanom Sarvan, prenosi portal Ul-info.<\/p>\n<p>Ulcinjska delegacija boravi od srijede u Pri\u0161tini u povodu tradicionalnog sajma turizma.<\/p>\n<p><strong>Izvor: Cafe Del Montenegro<\/strong><\/p>\n","protected":false},"excerpt":{"rendered":"<p>Predsjednik Republike Kosovo Ha\u0161im Ta\u010di razgovarao je danas u Pri\u0161tini sa visokim predstavnicima Op\u0161tine Ulcinj. Ta\u010di je o mogu\u0107nostima pro\u0161irenja saradnje razgovarao sa predsjednikom Skup\u0161tine Op\u0161tine Ljorom Nreki\u0107, potpredsjednicom Op\u0161tine Hatid\u017eom \u0110oni, poslanikom u Skup\u0161tini Crne Gore Ljui\u0111om \u0160kreljom, sekretarom za ekonomiju Miljazimom Mustafom i direktorkom Turisti\u010dke organizacije Zanom Sarvan, prenosi portal Ul-info. Ulcinjska delegacija [&hellip;]<\/p>\n","protected":false},"author":1,"featured_media":0,"comment_status":"closed","ping_status":"closed","sticky":false,"template":"","format":"standard","meta":{"spay_email":"","jetpack_publicize_message":"","jetpack_is_tweetstorm":false,"jetpack_publicize_feature_enabled":true},"categories":[8337],"tags":[],"jetpack_publicize_connections":[],"yoast_head":"<!-- This site is optimized with the Yoast SEO plugin v19.1 - https:\/\/yoast.com\/wordpress\/plugins\/seo\/ -->\n<title>Ha\u0161im Ta\u010di o pro\u0161irenju saradnje sa predstavnicima Op\u0161tine Ulcinj - Lajme nga Ulqini<\/title>\n<meta name=\"description\" content=\"Predsjednik Republike Kosovo Ha\u0161im Ta\u010di razgovarao je danas u Pri\u0161tini sa visokim predstavnicima Op\u0161tine Ulcinj. Ta\u010di je o mogu\u0107nostima pro\u0161irenja\" \/>\n<meta name=\"robots\" content=\"index, follow, max-snippet:-1, max-image-preview:large, max-video-preview:-1\" \/>\n<link rel=\"canonical\" href=\"https:\/\/www.visit-ulcinj.com\/blog\/2016\/04\/23\/hasim-taci-o-prosirenju-saradnje-sa-predstavnicima-opstine-ulcinj\/\" \/>\n<meta property=\"og:locale\" content=\"en_US\" \/>\n<meta property=\"og:type\" content=\"article\" \/>\n<meta property=\"og:title\" content=\"Ha\u0161im Ta\u010di o pro\u0161irenju saradnje sa predstavnicima Op\u0161tine Ulcinj - Lajme nga Ulqini\" \/>\n<meta property=\"og:description\" content=\"Predsjednik Republike Kosovo Ha\u0161im Ta\u010di razgovarao je danas u Pri\u0161tini sa visokim predstavnicima Op\u0161tine Ulcinj. Ta\u010di je o mogu\u0107nostima pro\u0161irenja\" \/>\n<meta property=\"og:url\" content=\"https:\/\/www.visit-ulcinj.com\/blog\/2016\/04\/23\/hasim-taci-o-prosirenju-saradnje-sa-predstavnicima-opstine-ulcinj\/\" \/>\n<meta property=\"og:site_name\" content=\"Lajme nga Ulqini\" \/>\n<meta property=\"article:published_time\" content=\"2016-04-23T17:11:42+00:00\" \/>\n<meta property=\"og:image\" content=\"http:\/\/www.visit-ulcinj.com\/blog\/wp-content\/uploads\/2016\/04\/Hashim-Thaci-komuna-ulqinit-1.jpg\" \/>\n<meta name=\"twitter:label1\" content=\"Written by\" \/>\n\t<meta name=\"twitter:data1\" content=\"ulqini\" \/>\n<script type=\"application\/ld+json\" class=\"yoast-schema-graph\">{\"@context\":\"https:\/\/schema.org\",\"@graph\":[{\"@type\":\"WebSite\",\"@id\":\"https:\/\/www.visit-ulcinj.com\/blog\/#website\",\"url\":\"https:\/\/www.visit-ulcinj.com\/blog\/\",\"name\":\"Lajme nga Ulqini\",\"description\":\"Lajme,Vijesti,Ulqini,Ulqin,Crna Gora,Mali i Zi\",\"potentialAction\":[{\"@type\":\"SearchAction\",\"target\":{\"@type\":\"EntryPoint\",\"urlTemplate\":\"https:\/\/www.visit-ulcinj.com\/blog\/?s={search_term_string}\"},\"query-input\":\"required name=search_term_string\"}],\"inLanguage\":\"en-US\"},{\"@type\":\"ImageObject\",\"inLanguage\":\"en-US\",\"@id\":\"https:\/\/www.visit-ulcinj.com\/blog\/2016\/04\/23\/hasim-taci-o-prosirenju-saradnje-sa-predstavnicima-opstine-ulcinj\/#primaryimage\",\"url\":\"https:\/\/www.visit-ulcinj.com\/blog\/wp-content\/uploads\/2016\/04\/Hashim-Thaci-komuna-ulqinit-1.jpg\",\"contentUrl\":\"https:\/\/www.visit-ulcinj.com\/blog\/wp-content\/uploads\/2016\/04\/Hashim-Thaci-komuna-ulqinit-1.jpg\",\"width\":960,\"height\":576},{\"@type\":\"WebPage\",\"@id\":\"https:\/\/www.visit-ulcinj.com\/blog\/2016\/04\/23\/hasim-taci-o-prosirenju-saradnje-sa-predstavnicima-opstine-ulcinj\/#webpage\",\"url\":\"https:\/\/www.visit-ulcinj.com\/blog\/2016\/04\/23\/hasim-taci-o-prosirenju-saradnje-sa-predstavnicima-opstine-ulcinj\/\",\"name\":\"Ha\u0161im Ta\u010di o pro\u0161irenju saradnje sa predstavnicima Op\u0161tine Ulcinj - Lajme nga Ulqini\",\"isPartOf\":{\"@id\":\"https:\/\/www.visit-ulcinj.com\/blog\/#website\"},\"primaryImageOfPage\":{\"@id\":\"https:\/\/www.visit-ulcinj.com\/blog\/2016\/04\/23\/hasim-taci-o-prosirenju-saradnje-sa-predstavnicima-opstine-ulcinj\/#primaryimage\"},\"datePublished\":\"2016-04-23T17:11:42+00:00\",\"dateModified\":\"2016-04-23T17:11:42+00:00\",\"author\":{\"@id\":\"https:\/\/www.visit-ulcinj.com\/blog\/#\/schema\/person\/dcab619c614d3038751c63bc2aadc06d\"},\"description\":\"Predsjednik Republike Kosovo Ha\u0161im Ta\u010di razgovarao je danas u Pri\u0161tini sa visokim predstavnicima Op\u0161tine Ulcinj. Ta\u010di je o mogu\u0107nostima pro\u0161irenja\",\"breadcrumb\":{\"@id\":\"https:\/\/www.visit-ulcinj.com\/blog\/2016\/04\/23\/hasim-taci-o-prosirenju-saradnje-sa-predstavnicima-opstine-ulcinj\/#breadcrumb\"},\"inLanguage\":\"en-US\",\"potentialAction\":[{\"@type\":\"ReadAction\",\"target\":[\"https:\/\/www.visit-ulcinj.com\/blog\/2016\/04\/23\/hasim-taci-o-prosirenju-saradnje-sa-predstavnicima-opstine-ulcinj\/\"]}]},{\"@type\":\"BreadcrumbList\",\"@id\":\"https:\/\/www.visit-ulcinj.com\/blog\/2016\/04\/23\/hasim-taci-o-prosirenju-saradnje-sa-predstavnicima-opstine-ulcinj\/#breadcrumb\",\"itemListElement\":[{\"@type\":\"ListItem\",\"position\":1,\"name\":\"Ha\u0161im Ta\u010di o pro\u0161irenju saradnje sa predstavnicima Op\u0161tine Ulcinj\"}]},{\"@type\":\"Person\",\"@id\":\"https:\/\/www.visit-ulcinj.com\/blog\/#\/schema\/person\/dcab619c614d3038751c63bc2aadc06d\",\"name\":\"ulqini\",\"sameAs\":[\"http:\/\/www.visit-ulcinj.com\"],\"url\":\"https:\/\/www.visit-ulcinj.com\/blog\/author\/admin\/\"}]}<\/script>\n<!-- \/ Yoast SEO plugin. -->","yoast_head_json":{"title":"Ha\u0161im Ta\u010di o pro\u0161irenju saradnje sa predstavnicima Op\u0161tine Ulcinj - Lajme nga Ulqini","description":"Predsjednik Republike Kosovo Ha\u0161im Ta\u010di razgovarao je danas u Pri\u0161tini sa visokim predstavnicima Op\u0161tine Ulcinj. Ta\u010di je o mogu\u0107nostima pro\u0161irenja","robots":{"index":"index","follow":"follow","max-snippet":"max-snippet:-1","max-image-preview":"max-image-preview:large","max-video-preview":"max-video-preview:-1"},"canonical":"https:\/\/www.visit-ulcinj.com\/blog\/2016\/04\/23\/hasim-taci-o-prosirenju-saradnje-sa-predstavnicima-opstine-ulcinj\/","og_locale":"en_US","og_type":"article","og_title":"Ha\u0161im Ta\u010di o pro\u0161irenju saradnje sa predstavnicima Op\u0161tine Ulcinj - Lajme nga Ulqini","og_description":"Predsjednik Republike Kosovo Ha\u0161im Ta\u010di razgovarao je danas u Pri\u0161tini sa visokim predstavnicima Op\u0161tine Ulcinj. Ta\u010di je o mogu\u0107nostima pro\u0161irenja","og_url":"https:\/\/www.visit-ulcinj.com\/blog\/2016\/04\/23\/hasim-taci-o-prosirenju-saradnje-sa-predstavnicima-opstine-ulcinj\/","og_site_name":"Lajme nga Ulqini","article_published_time":"2016-04-23T17:11:42+00:00","og_image":[{"url":"http:\/\/www.visit-ulcinj.com\/blog\/wp-content\/uploads\/2016\/04\/Hashim-Thaci-komuna-ulqinit-1.jpg"}],"twitter_misc":{"Written by":"ulqini"},"schema":{"@context":"https:\/\/schema.org","@graph":[{"@type":"WebSite","@id":"https:\/\/www.visit-ulcinj.com\/blog\/#website","url":"https:\/\/www.visit-ulcinj.com\/blog\/","name":"Lajme nga Ulqini","description":"Lajme,Vijesti,Ulqini,Ulqin,Crna Gora,Mali i Zi","potentialAction":[{"@type":"SearchAction","target":{"@type":"EntryPoint","urlTemplate":"https:\/\/www.visit-ulcinj.com\/blog\/?s={search_term_string}"},"query-input":"required name=search_term_string"}],"inLanguage":"en-US"},{"@type":"ImageObject","inLanguage":"en-US","@id":"https:\/\/www.visit-ulcinj.com\/blog\/2016\/04\/23\/hasim-taci-o-prosirenju-saradnje-sa-predstavnicima-opstine-ulcinj\/#primaryimage","url":"https:\/\/www.visit-ulcinj.com\/blog\/wp-content\/uploads\/2016\/04\/Hashim-Thaci-komuna-ulqinit-1.jpg","contentUrl":"https:\/\/www.visit-ulcinj.com\/blog\/wp-content\/uploads\/2016\/04\/Hashim-Thaci-komuna-ulqinit-1.jpg","width":960,"height":576},{"@type":"WebPage","@id":"https:\/\/www.visit-ulcinj.com\/blog\/2016\/04\/23\/hasim-taci-o-prosirenju-saradnje-sa-predstavnicima-opstine-ulcinj\/#webpage","url":"https:\/\/www.visit-ulcinj.com\/blog\/2016\/04\/23\/hasim-taci-o-prosirenju-saradnje-sa-predstavnicima-opstine-ulcinj\/","name":"Ha\u0161im Ta\u010di o pro\u0161irenju saradnje sa predstavnicima Op\u0161tine Ulcinj - Lajme nga Ulqini","isPartOf":{"@id":"https:\/\/www.visit-ulcinj.com\/blog\/#website"},"primaryImageOfPage":{"@id":"https:\/\/www.visit-ulcinj.com\/blog\/2016\/04\/23\/hasim-taci-o-prosirenju-saradnje-sa-predstavnicima-opstine-ulcinj\/#primaryimage"},"datePublished":"2016-04-23T17:11:42+00:00","dateModified":"2016-04-23T17:11:42+00:00","author":{"@id":"https:\/\/www.visit-ulcinj.com\/blog\/#\/schema\/person\/dcab619c614d3038751c63bc2aadc06d"},"description":"Predsjednik Republike Kosovo Ha\u0161im Ta\u010di razgovarao je danas u Pri\u0161tini sa visokim predstavnicima Op\u0161tine Ulcinj. Ta\u010di je o mogu\u0107nostima pro\u0161irenja","breadcrumb":{"@id":"https:\/\/www.visit-ulcinj.com\/blog\/2016\/04\/23\/hasim-taci-o-prosirenju-saradnje-sa-predstavnicima-opstine-ulcinj\/#breadcrumb"},"inLanguage":"en-US","potentialAction":[{"@type":"ReadAction","target":["https:\/\/www.visit-ulcinj.com\/blog\/2016\/04\/23\/hasim-taci-o-prosirenju-saradnje-sa-predstavnicima-opstine-ulcinj\/"]}]},{"@type":"BreadcrumbList","@id":"https:\/\/www.visit-ulcinj.com\/blog\/2016\/04\/23\/hasim-taci-o-prosirenju-saradnje-sa-predstavnicima-opstine-ulcinj\/#breadcrumb","itemListElement":[{"@type":"ListItem","position":1,"name":"Ha\u0161im Ta\u010di o pro\u0161irenju saradnje sa predstavnicima Op\u0161tine Ulcinj"}]},{"@type":"Person","@id":"https:\/\/www.visit-ulcinj.com\/blog\/#\/schema\/person\/dcab619c614d3038751c63bc2aadc06d","name":"ulqini","sameAs":["http:\/\/www.visit-ulcinj.com"],"url":"https:\/\/www.visit-ulcinj.com\/blog\/author\/admin\/"}]}},"jetpack_featured_media_url":"","jetpack_sharing_enabled":true,"jetpack_shortlink":"https:\/\/wp.me\/pe6lTn-p60","_links":{"self":[{"href":"https:\/\/www.visit-ulcinj.com\/blog\/wp-json\/wp\/v2\/posts\/96472"}],"collection":[{"href":"https:\/\/www.visit-ulcinj.com\/blog\/wp-json\/wp\/v2\/posts"}],"about":[{"href":"https:\/\/www.visit-ulcinj.com\/blog\/wp-json\/wp\/v2\/types\/post"}],"author":[{"embeddable":true,"href":"https:\/\/www.visit-ulcinj.com\/blog\/wp-json\/wp\/v2\/users\/1"}],"replies":[{"embeddable":true,"href":"https:\/\/www.visit-ulcinj.com\/blog\/wp-json\/wp\/v2\/comments?post=96472"}],"version-history":[{"count":1,"href":"https:\/\/www.visit-ulcinj.com\/blog\/wp-json\/wp\/v2\/posts\/96472\/revisions"}],"predecessor-version":[{"id":96476,"href":"https:\/\/www.visit-ulcinj.com\/blog\/wp-json\/wp\/v2\/posts\/96472\/revisions\/96476"}],"wp:attachment":[{"href":"https:\/\/www.visit-ulcinj.com\/blog\/wp-json\/wp\/v2\/media?parent=96472"}],"wp:term":[{"taxonomy":"category","embeddable":true,"href":"https:\/\/www.visit-ulcinj.com\/blog\/wp-json\/wp\/v2\/categories?post=96472"},{"taxonomy":"post_tag","embeddable":true,"href":"https:\/\/www.visit-ulcinj.com\/blog\/wp-json\/wp\/v2\/tags?post=96472"}],"curies":[{"name":"wp","href":"https:\/\/api.w.org\/{rel}","templated":true}]}}