{"id":96516,"date":"2016-04-25T06:53:28","date_gmt":"2016-04-25T05:53:28","guid":{"rendered":"http:\/\/www.visit-ulcinj.com\/blog\/?p=96516"},"modified":"2016-04-25T14:36:38","modified_gmt":"2016-04-25T13:36:38","slug":"j-lika-djegja-e-arkives-se-ulqinit-ishte-e-qellimshme","status":"publish","type":"post","link":"https:\/\/www.visit-ulcinj.com\/blog\/2016\/04\/25\/j-lika-djegja-e-arkives-se-ulqinit-ishte-e-qellimshme\/","title":{"rendered":"J. Lika: Djegja e arkiv\u00ebs s\u00eb Ulqinit ishte e q\u00ebllimshme"},"content":{"rendered":"<p><strong><a href=\"http:\/\/www.visit-ulcinj.com\/blog\/wp-content\/uploads\/2016\/04\/jusuf-lika-muzikolog-Ulqin.jpg\"><img loading=\"lazy\" class=\"alignleft wp-image-96517 size-full\" src=\"http:\/\/www.visit-ulcinj.com\/blog\/wp-content\/uploads\/2016\/04\/jusuf-lika-muzikolog-Ulqin.jpg\" alt=\"jusuf-lika-muzikolog-Ulqin\" width=\"294\" height=\"295\" srcset=\"https:\/\/www.visit-ulcinj.com\/blog\/wp-content\/uploads\/2016\/04\/jusuf-lika-muzikolog-Ulqin.jpg 294w, https:\/\/www.visit-ulcinj.com\/blog\/wp-content\/uploads\/2016\/04\/jusuf-lika-muzikolog-Ulqin-150x150.jpg 150w\" sizes=\"(max-width: 294px) 100vw, 294px\" \/><\/a>Viti 1947: Ja si u dogj arkiva e ULQINIT<\/strong><br \/>\nArkivi i Ulqinit \u00ebsht\u00eb shkat\u00ebrruar n\u00eb nj\u00eb zjarr t\u00eb vitit 1947 n\u00eb nd\u00ebrtesen e vjet\u00ebr t\u00eb Komun\u00ebs s\u00eb Ulqinit.<br \/>\nSi\u00e7 tregon drejtori i shkoll\u00ebs s\u00eb muzik\u00ebs n\u00eb Ulqin Jusuf Lika, djegja e arkiv\u00ebs s\u00eb Ulqinit ka ardhur nga nj\u00eb zjarr\u00ebv\u00ebnie e q\u00ebllimshme. K\u00ebt\u00eb fakt Lika tregon se e ka m\u00ebsuar nga m\u00ebsuesi i tij tashm\u00eb i ndjer\u00eb, Mashan Paviqeviq.<br \/>\nSipas infrmacionit q\u00eb ka z. Lika, arkiva e qytetit ka qene e vendosur n\u00eb tri arka t\u00eb m\u00ebdha prej druri. N\u00eb ark\u00ebn e par\u00eb kan\u00eb qen\u00eb dokumenta dhe gravura nga koha e Venedikut n\u00eb gjuh\u00ebn latine dhe italiane. N\u00eb ark\u00ebn e dyt\u00eb kan\u00eb qen\u00eb kadast\u00ebra, dokumenta dhe fermane nga koha e perandoris\u00eb osmane n\u00eb gjuh\u00ebn turke dhe arabe nd\u00ebrsa n\u00eb ark\u00ebn e e tret\u00eb ka pasur dokumenta nga koha kur Ulqini \u00ebsht\u00eb n\u00eb Mal t\u00eb Zi.<br \/>\nE p\u00ebrditshmja Vijesti e dit\u00ebs s\u00eb diele ka publikuar nj\u00eb shkrim n\u00eb dy faqe kushtuar Ulqinit me fokus koh\u00ebs s\u00eb lul\u00ebzimit t\u00eb turizmit duke e krahasuar me gjendjen e mjerueshme t\u00eb dit\u00ebve t\u00eb sodit.<\/p>\n<p id=\"js_d\" class=\"_5pbw\" data-ft=\"{&quot;tn&quot;:&quot;C&quot;}\"><strong><span class=\"fwn fcg\"><span class=\"fwb fcg\" data-ft=\"{&quot;tn&quot;:&quot;;&quot;}\"><a id=\"js_11\" href=\"https:\/\/www.facebook.com\/ismet.karamanaga?fref=nf\" data-hovercard=\"\/ajax\/hovercard\/user.php?id=1359492972&amp;extragetparams=%7B%22fref%22%3A%22nf%22%7D\">Ismet Karamanaga Facebook<\/a><\/span><\/span><\/strong><\/p>\n","protected":false},"excerpt":{"rendered":"<p>Viti 1947: Ja si u dogj arkiva e ULQINIT Arkivi i Ulqinit \u00ebsht\u00eb shkat\u00ebrruar n\u00eb nj\u00eb zjarr t\u00eb vitit 1947 n\u00eb nd\u00ebrtesen e vjet\u00ebr t\u00eb Komun\u00ebs s\u00eb Ulqinit. Si\u00e7 tregon drejtori i shkoll\u00ebs s\u00eb muzik\u00ebs n\u00eb Ulqin Jusuf Lika, djegja e arkiv\u00ebs s\u00eb Ulqinit ka ardhur nga nj\u00eb zjarr\u00ebv\u00ebnie e q\u00ebllimshme. K\u00ebt\u00eb fakt Lika tregon [&hellip;]<\/p>\n","protected":false},"author":1,"featured_media":0,"comment_status":"closed","ping_status":"closed","sticky":false,"template":"","format":"standard","meta":{"spay_email":"","jetpack_publicize_message":"","jetpack_is_tweetstorm":false,"jetpack_publicize_feature_enabled":true},"categories":[1,2451],"tags":[],"jetpack_publicize_connections":[],"yoast_head":"<!-- This site is optimized with the Yoast SEO plugin v19.1 - https:\/\/yoast.com\/wordpress\/plugins\/seo\/ -->\n<title>J. Lika: Djegja e arkiv\u00ebs s\u00eb Ulqinit ishte e q\u00ebllimshme - Lajme nga Ulqini<\/title>\n<meta name=\"description\" content=\"Viti 1947: Ja si u dogj arkiva e ULQINIT Arkivi i Ulqinit \u00ebsht\u00eb shkat\u00ebrruar n\u00eb nj\u00eb zjarr t\u00eb vitit 1947 n\u00eb nd\u00ebrtesen e vjet\u00ebr t\u00eb Komun\u00ebs s\u00eb Ulqinit. Si\u00e7\" \/>\n<meta name=\"robots\" content=\"index, follow, max-snippet:-1, max-image-preview:large, max-video-preview:-1\" \/>\n<link rel=\"canonical\" href=\"https:\/\/www.visit-ulcinj.com\/blog\/2016\/04\/25\/j-lika-djegja-e-arkives-se-ulqinit-ishte-e-qellimshme\/\" \/>\n<meta property=\"og:locale\" content=\"en_US\" \/>\n<meta property=\"og:type\" content=\"article\" \/>\n<meta property=\"og:title\" content=\"J. Lika: Djegja e arkiv\u00ebs s\u00eb Ulqinit ishte e q\u00ebllimshme - Lajme nga Ulqini\" \/>\n<meta property=\"og:description\" content=\"Viti 1947: Ja si u dogj arkiva e ULQINIT Arkivi i Ulqinit \u00ebsht\u00eb shkat\u00ebrruar n\u00eb nj\u00eb zjarr t\u00eb vitit 1947 n\u00eb nd\u00ebrtesen e vjet\u00ebr t\u00eb Komun\u00ebs s\u00eb Ulqinit. Si\u00e7\" \/>\n<meta property=\"og:url\" content=\"https:\/\/www.visit-ulcinj.com\/blog\/2016\/04\/25\/j-lika-djegja-e-arkives-se-ulqinit-ishte-e-qellimshme\/\" \/>\n<meta property=\"og:site_name\" content=\"Lajme nga Ulqini\" \/>\n<meta property=\"article:published_time\" content=\"2016-04-25T05:53:28+00:00\" \/>\n<meta property=\"article:modified_time\" content=\"2016-04-25T13:36:38+00:00\" \/>\n<meta property=\"og:image\" content=\"http:\/\/www.visit-ulcinj.com\/blog\/wp-content\/uploads\/2016\/04\/jusuf-lika-muzikolog-Ulqin.jpg\" \/>\n<meta name=\"twitter:label1\" content=\"Written by\" \/>\n\t<meta name=\"twitter:data1\" content=\"ulqini\" \/>\n\t<meta name=\"twitter:label2\" content=\"Est. reading time\" \/>\n\t<meta name=\"twitter:data2\" content=\"1 minute\" \/>\n<script type=\"application\/ld+json\" class=\"yoast-schema-graph\">{\"@context\":\"https:\/\/schema.org\",\"@graph\":[{\"@type\":\"WebSite\",\"@id\":\"https:\/\/www.visit-ulcinj.com\/blog\/#website\",\"url\":\"https:\/\/www.visit-ulcinj.com\/blog\/\",\"name\":\"Lajme nga Ulqini\",\"description\":\"Lajme,Vijesti,Ulqini,Ulqin,Crna Gora,Mali i Zi\",\"potentialAction\":[{\"@type\":\"SearchAction\",\"target\":{\"@type\":\"EntryPoint\",\"urlTemplate\":\"https:\/\/www.visit-ulcinj.com\/blog\/?s={search_term_string}\"},\"query-input\":\"required name=search_term_string\"}],\"inLanguage\":\"en-US\"},{\"@type\":\"ImageObject\",\"inLanguage\":\"en-US\",\"@id\":\"https:\/\/www.visit-ulcinj.com\/blog\/2016\/04\/25\/j-lika-djegja-e-arkives-se-ulqinit-ishte-e-qellimshme\/#primaryimage\",\"url\":\"https:\/\/www.visit-ulcinj.com\/blog\/wp-content\/uploads\/2016\/04\/jusuf-lika-muzikolog-Ulqin.jpg\",\"contentUrl\":\"https:\/\/www.visit-ulcinj.com\/blog\/wp-content\/uploads\/2016\/04\/jusuf-lika-muzikolog-Ulqin.jpg\",\"width\":294,\"height\":295},{\"@type\":\"WebPage\",\"@id\":\"https:\/\/www.visit-ulcinj.com\/blog\/2016\/04\/25\/j-lika-djegja-e-arkives-se-ulqinit-ishte-e-qellimshme\/#webpage\",\"url\":\"https:\/\/www.visit-ulcinj.com\/blog\/2016\/04\/25\/j-lika-djegja-e-arkives-se-ulqinit-ishte-e-qellimshme\/\",\"name\":\"J. Lika: Djegja e arkiv\u00ebs s\u00eb Ulqinit ishte e q\u00ebllimshme - Lajme nga Ulqini\",\"isPartOf\":{\"@id\":\"https:\/\/www.visit-ulcinj.com\/blog\/#website\"},\"primaryImageOfPage\":{\"@id\":\"https:\/\/www.visit-ulcinj.com\/blog\/2016\/04\/25\/j-lika-djegja-e-arkives-se-ulqinit-ishte-e-qellimshme\/#primaryimage\"},\"datePublished\":\"2016-04-25T05:53:28+00:00\",\"dateModified\":\"2016-04-25T13:36:38+00:00\",\"author\":{\"@id\":\"https:\/\/www.visit-ulcinj.com\/blog\/#\/schema\/person\/dcab619c614d3038751c63bc2aadc06d\"},\"description\":\"Viti 1947: Ja si u dogj arkiva e ULQINIT Arkivi i Ulqinit \u00ebsht\u00eb shkat\u00ebrruar n\u00eb nj\u00eb zjarr t\u00eb vitit 1947 n\u00eb nd\u00ebrtesen e vjet\u00ebr t\u00eb Komun\u00ebs s\u00eb Ulqinit. Si\u00e7\",\"breadcrumb\":{\"@id\":\"https:\/\/www.visit-ulcinj.com\/blog\/2016\/04\/25\/j-lika-djegja-e-arkives-se-ulqinit-ishte-e-qellimshme\/#breadcrumb\"},\"inLanguage\":\"en-US\",\"potentialAction\":[{\"@type\":\"ReadAction\",\"target\":[\"https:\/\/www.visit-ulcinj.com\/blog\/2016\/04\/25\/j-lika-djegja-e-arkives-se-ulqinit-ishte-e-qellimshme\/\"]}]},{\"@type\":\"BreadcrumbList\",\"@id\":\"https:\/\/www.visit-ulcinj.com\/blog\/2016\/04\/25\/j-lika-djegja-e-arkives-se-ulqinit-ishte-e-qellimshme\/#breadcrumb\",\"itemListElement\":[{\"@type\":\"ListItem\",\"position\":1,\"name\":\"J. Lika: Djegja e arkiv\u00ebs s\u00eb Ulqinit ishte e q\u00ebllimshme\"}]},{\"@type\":\"Person\",\"@id\":\"https:\/\/www.visit-ulcinj.com\/blog\/#\/schema\/person\/dcab619c614d3038751c63bc2aadc06d\",\"name\":\"ulqini\",\"sameAs\":[\"http:\/\/www.visit-ulcinj.com\"],\"url\":\"https:\/\/www.visit-ulcinj.com\/blog\/author\/admin\/\"}]}<\/script>\n<!-- \/ Yoast SEO plugin. -->","yoast_head_json":{"title":"J. Lika: Djegja e arkiv\u00ebs s\u00eb Ulqinit ishte e q\u00ebllimshme - Lajme nga Ulqini","description":"Viti 1947: Ja si u dogj arkiva e ULQINIT Arkivi i Ulqinit \u00ebsht\u00eb shkat\u00ebrruar n\u00eb nj\u00eb zjarr t\u00eb vitit 1947 n\u00eb nd\u00ebrtesen e vjet\u00ebr t\u00eb Komun\u00ebs s\u00eb Ulqinit. Si\u00e7","robots":{"index":"index","follow":"follow","max-snippet":"max-snippet:-1","max-image-preview":"max-image-preview:large","max-video-preview":"max-video-preview:-1"},"canonical":"https:\/\/www.visit-ulcinj.com\/blog\/2016\/04\/25\/j-lika-djegja-e-arkives-se-ulqinit-ishte-e-qellimshme\/","og_locale":"en_US","og_type":"article","og_title":"J. Lika: Djegja e arkiv\u00ebs s\u00eb Ulqinit ishte e q\u00ebllimshme - Lajme nga Ulqini","og_description":"Viti 1947: Ja si u dogj arkiva e ULQINIT Arkivi i Ulqinit \u00ebsht\u00eb shkat\u00ebrruar n\u00eb nj\u00eb zjarr t\u00eb vitit 1947 n\u00eb nd\u00ebrtesen e vjet\u00ebr t\u00eb Komun\u00ebs s\u00eb Ulqinit. Si\u00e7","og_url":"https:\/\/www.visit-ulcinj.com\/blog\/2016\/04\/25\/j-lika-djegja-e-arkives-se-ulqinit-ishte-e-qellimshme\/","og_site_name":"Lajme nga Ulqini","article_published_time":"2016-04-25T05:53:28+00:00","article_modified_time":"2016-04-25T13:36:38+00:00","og_image":[{"url":"http:\/\/www.visit-ulcinj.com\/blog\/wp-content\/uploads\/2016\/04\/jusuf-lika-muzikolog-Ulqin.jpg"}],"twitter_misc":{"Written by":"ulqini","Est. reading time":"1 minute"},"schema":{"@context":"https:\/\/schema.org","@graph":[{"@type":"WebSite","@id":"https:\/\/www.visit-ulcinj.com\/blog\/#website","url":"https:\/\/www.visit-ulcinj.com\/blog\/","name":"Lajme nga Ulqini","description":"Lajme,Vijesti,Ulqini,Ulqin,Crna Gora,Mali i Zi","potentialAction":[{"@type":"SearchAction","target":{"@type":"EntryPoint","urlTemplate":"https:\/\/www.visit-ulcinj.com\/blog\/?s={search_term_string}"},"query-input":"required name=search_term_string"}],"inLanguage":"en-US"},{"@type":"ImageObject","inLanguage":"en-US","@id":"https:\/\/www.visit-ulcinj.com\/blog\/2016\/04\/25\/j-lika-djegja-e-arkives-se-ulqinit-ishte-e-qellimshme\/#primaryimage","url":"https:\/\/www.visit-ulcinj.com\/blog\/wp-content\/uploads\/2016\/04\/jusuf-lika-muzikolog-Ulqin.jpg","contentUrl":"https:\/\/www.visit-ulcinj.com\/blog\/wp-content\/uploads\/2016\/04\/jusuf-lika-muzikolog-Ulqin.jpg","width":294,"height":295},{"@type":"WebPage","@id":"https:\/\/www.visit-ulcinj.com\/blog\/2016\/04\/25\/j-lika-djegja-e-arkives-se-ulqinit-ishte-e-qellimshme\/#webpage","url":"https:\/\/www.visit-ulcinj.com\/blog\/2016\/04\/25\/j-lika-djegja-e-arkives-se-ulqinit-ishte-e-qellimshme\/","name":"J. Lika: Djegja e arkiv\u00ebs s\u00eb Ulqinit ishte e q\u00ebllimshme - Lajme nga Ulqini","isPartOf":{"@id":"https:\/\/www.visit-ulcinj.com\/blog\/#website"},"primaryImageOfPage":{"@id":"https:\/\/www.visit-ulcinj.com\/blog\/2016\/04\/25\/j-lika-djegja-e-arkives-se-ulqinit-ishte-e-qellimshme\/#primaryimage"},"datePublished":"2016-04-25T05:53:28+00:00","dateModified":"2016-04-25T13:36:38+00:00","author":{"@id":"https:\/\/www.visit-ulcinj.com\/blog\/#\/schema\/person\/dcab619c614d3038751c63bc2aadc06d"},"description":"Viti 1947: Ja si u dogj arkiva e ULQINIT Arkivi i Ulqinit \u00ebsht\u00eb shkat\u00ebrruar n\u00eb nj\u00eb zjarr t\u00eb vitit 1947 n\u00eb nd\u00ebrtesen e vjet\u00ebr t\u00eb Komun\u00ebs s\u00eb Ulqinit. Si\u00e7","breadcrumb":{"@id":"https:\/\/www.visit-ulcinj.com\/blog\/2016\/04\/25\/j-lika-djegja-e-arkives-se-ulqinit-ishte-e-qellimshme\/#breadcrumb"},"inLanguage":"en-US","potentialAction":[{"@type":"ReadAction","target":["https:\/\/www.visit-ulcinj.com\/blog\/2016\/04\/25\/j-lika-djegja-e-arkives-se-ulqinit-ishte-e-qellimshme\/"]}]},{"@type":"BreadcrumbList","@id":"https:\/\/www.visit-ulcinj.com\/blog\/2016\/04\/25\/j-lika-djegja-e-arkives-se-ulqinit-ishte-e-qellimshme\/#breadcrumb","itemListElement":[{"@type":"ListItem","position":1,"name":"J. Lika: Djegja e arkiv\u00ebs s\u00eb Ulqinit ishte e q\u00ebllimshme"}]},{"@type":"Person","@id":"https:\/\/www.visit-ulcinj.com\/blog\/#\/schema\/person\/dcab619c614d3038751c63bc2aadc06d","name":"ulqini","sameAs":["http:\/\/www.visit-ulcinj.com"],"url":"https:\/\/www.visit-ulcinj.com\/blog\/author\/admin\/"}]}},"jetpack_featured_media_url":"","jetpack_sharing_enabled":true,"jetpack_shortlink":"https:\/\/wp.me\/pe6lTn-p6I","_links":{"self":[{"href":"https:\/\/www.visit-ulcinj.com\/blog\/wp-json\/wp\/v2\/posts\/96516"}],"collection":[{"href":"https:\/\/www.visit-ulcinj.com\/blog\/wp-json\/wp\/v2\/posts"}],"about":[{"href":"https:\/\/www.visit-ulcinj.com\/blog\/wp-json\/wp\/v2\/types\/post"}],"author":[{"embeddable":true,"href":"https:\/\/www.visit-ulcinj.com\/blog\/wp-json\/wp\/v2\/users\/1"}],"replies":[{"embeddable":true,"href":"https:\/\/www.visit-ulcinj.com\/blog\/wp-json\/wp\/v2\/comments?post=96516"}],"version-history":[{"count":2,"href":"https:\/\/www.visit-ulcinj.com\/blog\/wp-json\/wp\/v2\/posts\/96516\/revisions"}],"predecessor-version":[{"id":96519,"href":"https:\/\/www.visit-ulcinj.com\/blog\/wp-json\/wp\/v2\/posts\/96516\/revisions\/96519"}],"wp:attachment":[{"href":"https:\/\/www.visit-ulcinj.com\/blog\/wp-json\/wp\/v2\/media?parent=96516"}],"wp:term":[{"taxonomy":"category","embeddable":true,"href":"https:\/\/www.visit-ulcinj.com\/blog\/wp-json\/wp\/v2\/categories?post=96516"},{"taxonomy":"post_tag","embeddable":true,"href":"https:\/\/www.visit-ulcinj.com\/blog\/wp-json\/wp\/v2\/tags?post=96516"}],"curies":[{"name":"wp","href":"https:\/\/api.w.org\/{rel}","templated":true}]}}