{"id":96531,"date":"2016-04-25T14:31:04","date_gmt":"2016-04-25T13:31:04","guid":{"rendered":"http:\/\/www.visit-ulcinj.com\/blog\/?p=96531"},"modified":"2016-04-25T22:17:17","modified_gmt":"2016-04-25T21:17:17","slug":"paniri-turizmit-ne-prishtine","status":"publish","type":"post","link":"https:\/\/www.visit-ulcinj.com\/blog\/2016\/04\/25\/paniri-turizmit-ne-prishtine\/","title":{"rendered":"Paniri i turizmit ne Prishtine &#8211; Video"},"content":{"rendered":"<p><a href=\"http:\/\/www.visit-ulcinj.com\/blog\/wp-content\/uploads\/2016\/04\/Hykmete-BajramiQemajl-Minxhozi-Nazif-Cungu-Prishtina-Fair-2016-.jpg\"><img loading=\"lazy\" class=\"alignleft wp-image-96532\" src=\"http:\/\/www.visit-ulcinj.com\/blog\/wp-content\/uploads\/2016\/04\/Hykmete-BajramiQemajl-Minxhozi-Nazif-Cungu-Prishtina-Fair-2016-.jpg\" alt=\"Hykmete Bajrami,Qemajl Minxhozi-Nazif-Cungu-Prishtina-Fair 2016-\" width=\"508\" height=\"286\" srcset=\"https:\/\/www.visit-ulcinj.com\/blog\/wp-content\/uploads\/2016\/04\/Hykmete-BajramiQemajl-Minxhozi-Nazif-Cungu-Prishtina-Fair-2016-.jpg 960w, https:\/\/www.visit-ulcinj.com\/blog\/wp-content\/uploads\/2016\/04\/Hykmete-BajramiQemajl-Minxhozi-Nazif-Cungu-Prishtina-Fair-2016--300x169.jpg 300w\" sizes=\"(max-width: 508px) 100vw, 508px\" \/><\/a>Panairi i turizmit &#8211; travel fair 2016 n\u00eb Prishtin\u00eb p\u00ebr dallim nga vitet e kaluara q\u00eb \u00ebsht\u00eb mbajtur\u00a0 n\u00eb mes t\u00eb muajit maj, k\u00ebt\u00eb\u00a0 vit\u00a0 \u00ebsht\u00eb mbajtur\u00a0 m\u00eb 21 dhe 22 prill n\u00eb Pallatin e rinis\u00eb.<\/p>\n<p>Organizimi ishte shum\u00eb\u00a0 m\u00eb\u00a0 n\u00eb nivel se vitet e kaluara edhe stenda e Malit t\u00eb Zi ka qen\u00eb\u00a0 apsolutisht m\u00eb e vizituara nga t\u00eb gjitha stendat si nga vizitor\u00ebt e thjesht\u00eb, ashtu edhe nga p\u00ebrfaqsuesit e agjensive por edhe nga perfaqesuesit e mediave.<\/p>\n<p>Organizator\u00ebt,e Panairit,Ulqinit, i kan\u00eb dh\u00ebn\u00eb p\u00ebrpar\u00ebsi dhe s\u00eb bashku me Ministrin e arsimit dhe ministren e treg\u00ebtis\u00eb dhe industries\u00eb na \u00ebsht\u00eb besuar hapja solemne e Panirit.<\/p>\n<p>Paniari ka qen\u00eb m\u00eb mir\u00eb I organizuar se vitin e kaluar,ka pasur\u00a0 shume ma tep\u00ebr vizitor\u00eb. Gjithashtu, mediatikisht ka qen\u00eb shum\u00eb mir\u00eb I p\u00ebrcjellur.<\/p>\n<p>Esht\u00eb me r\u00ebnd\u00ebsi q\u00eb k\u00ebt\u00eb viti ky Panair \u00ebsht\u00eb organizua n\u00eb prill e jo n\u00eb maj,p\u00ebr k\u00ebt\u00eb\u00a0 ar\u00ebsye edhe suksesi ka qen\u00eb m\u00eb i madh dhe ftesa p\u00ebr t\u00eb na vizituar p\u00ebr festat e nj\u00eb majit ka shkua n\u00eb koh\u00eb.<\/p>\n<p>P\u00ebcjelljen e k\u00ebtij Panairi e kan\u00eb b\u00ebr\u00eb pothuajse t\u00eb gjitha mediat kryesore\u00a0 t\u00eb Kosov\u00ebs dhe ne, p\u00ebrvec q\u00eb jemi drejtuar n\u00eb hapje t\u00eb Panairit mediave dhe vizitor\u00ebve kemi organizua edhe nj\u00eb konferenc\u00eb p\u00ebr media\u00a0 q\u00eb ka qen\u00eb shum\u00eb e sukseshme dhe n\u00eb disa televizione kemi marr\u00eb pjes\u00eb n\u00eb emisione drejt\u00eb p\u00ebr drejt\u00eb.<\/p>\n<p>Prej Malit t\u00eb Zi k\u00ebt\u00eb\u00a0 vit kan\u00eb marr\u00eb pjes\u00eb dhe p\u00ebrfaqesuesit e Organizat\u00ebs turistike t\u00eb Kotorrit dhe t\u00eb Tivatit.<\/p>\n<p>Ne kemi qen\u00eb,si delegacion,shum\u00eb mir\u00eb t\u00eb p\u00ebrcjellur\u00a0 dhe t\u00eb respektuar nga\u00a0 nivelet m\u00eb t\u00eb larta\u00a0 shtetrore dhe lokale te Kosov\u00ebs. Prej\u00a0 zyrtarev\u00eb t\u00eb lart\u00eb I \u00ebsht\u00eb\u00a0 b\u00ebr\u00eb\u00a0 thirje e hapt\u00eb qytetar\u00ebve t\u00eb Kosov\u00ebs q\u00eb t\u00eb vizitojn\u00eb Ulqinin.<\/p>\n<p><a href=\"http:\/\/www.visit-ulcinj.com\/blog\/wp-content\/uploads\/2016\/04\/Nazif-Cungu-Prishtina-Fair-2016-.jpg\"><img loading=\"lazy\" class=\"alignleft wp-image-96533\" src=\"http:\/\/www.visit-ulcinj.com\/blog\/wp-content\/uploads\/2016\/04\/Nazif-Cungu-Prishtina-Fair-2016-.jpg\" alt=\"Nazif-Cungu-Prishtina-Fair 2016-\" width=\"508\" height=\"286\" srcset=\"https:\/\/www.visit-ulcinj.com\/blog\/wp-content\/uploads\/2016\/04\/Nazif-Cungu-Prishtina-Fair-2016-.jpg 960w, https:\/\/www.visit-ulcinj.com\/blog\/wp-content\/uploads\/2016\/04\/Nazif-Cungu-Prishtina-Fair-2016--300x169.jpg 300w\" sizes=\"(max-width: 508px) 100vw, 508px\" \/><\/a><\/p>\n<p>Pa m\u00ebdyshje , mund t\u00eb konstatojm\u00eb\u00a0 se Ulqini\u00a0 k\u00ebt\u00eb vit do t\u00eb jet\u00eb vendi m\u00eb i vizituar prej turist\u00ebve kosovar\u00eb.<\/p>\n<p>Para se kemi shkuar ne k\u00ebt\u00eb Panair,ne si pushtet lokal kemi organizuar\u00a0 nj\u00eb takim,ketu n\u00eb komun\u00eb,me\u00a0 afarist\u00ebt\u00a0 tan\u00eb dhe k\u00ebt\u00eb\u00a0 e kemi organizuar q\u00eb\u00a0 ti b\u00ebjm\u00eb\u00a0 ftes\u00eb edhe nj\u00eb her\u00eb t\u00eb gjith\u00eb pjes\u00ebmarr\u00ebsve q\u00eb\u00a0 t\u00eb marrin pjes\u00eb n\u00eb formimin e\u00a0 ofert\u00ebs turistike n\u00eb Ulqin,qe t\u00eb jen\u00eb t\u00eb kujdessh\u00ebm dhe t\u00eb\u00a0 p\u00ebrfundojn\u00eb\u00a0 p\u00ebrgatitjet pasi q\u00eb\u00a0 presim nj\u00eb sezon\u00eb\u00a0 turistike shum\u00eb\u00a0 t\u00eb mir\u00eb.<\/p>\n<p>Fillimi I sezonit p\u00ebr festat e muajit maj, duhet te jet\u00eb\u00a0 shum\u00eb i vrullsh\u00ebm dhe p\u00ebrshtypjet e para duhet t\u00eb jen\u00eb garanci p\u00ebr nj\u00eb mir\u00ebvajtje p\u00ebr t\u00eb gjith\u00eb sezonin.<\/p>\n<p><a href=\"http:\/\/www.visit-ulcinj.com\/blog\/wp-content\/uploads\/2016\/04\/Nazif-Cungu-Prishtina-Fair-2016-2.jpg\"><img loading=\"lazy\" class=\"alignleft wp-image-96534\" src=\"http:\/\/www.visit-ulcinj.com\/blog\/wp-content\/uploads\/2016\/04\/Nazif-Cungu-Prishtina-Fair-2016-2.jpg\" alt=\"Nazif-Cungu-Prishtina-Fair 2016-2\" width=\"508\" height=\"286\" srcset=\"https:\/\/www.visit-ulcinj.com\/blog\/wp-content\/uploads\/2016\/04\/Nazif-Cungu-Prishtina-Fair-2016-2.jpg 960w, https:\/\/www.visit-ulcinj.com\/blog\/wp-content\/uploads\/2016\/04\/Nazif-Cungu-Prishtina-Fair-2016-2-300x169.jpg 300w\" sizes=\"(max-width: 508px) 100vw, 508px\" \/><\/a><\/p>\n<p>Dua t\u00eb shfrytezoj rastin ti falenderoj t\u00eb gjith\u00eb afarist\u00ebt e Ulqinit si dhe t\u00eb Prishtin\u00ebs q\u00eb aktivitetet i kane t\u00eb lidhura m\u00eb 1 maj, sepse edhe ato kan\u00eb\u00a0 dh\u00ebn\u00eb\u00a0 kontributin,qe s\u00eb bashku me Organizat\u00ebn turistike t\u00eb bejn\u00eb\u00a0 q\u00eb ky prezentim t\u00eb jet\u00eb n\u00eb k\u00ebt\u00eb nivel. Ato jan\u00eb p\u00ebrfaq\u00ebsuesit e,,Rivier\u00ebs s\u00eb Ulqinit,, Hotelit ,,Mediteran,, Hotelit ,,Albatros,,Hotelit ,,Otrant,, Hotelit ,,Llolla,, Hotelit ,,Riva,, Hotelit ,,Cruiser,,Villa ,,Eneida,, ,,Copacabanes,, Clubit,,Bambu,, etj.<\/p>\n<p>Shpresoj, se t\u00eb gjith\u00eb duhet t\u00eb jemi t\u00eb kujdessh\u00ebm dhe aktivitet tona q\u00eb kan\u00eb t\u00eb b\u00ebjn\u00eb me p\u00ebrgaditjet p\u00ebr sezon\u00ebn\u00a0 turistike dalngadal\u00eb\u00a0 t\u00eb p\u00ebrfundohen.<\/p>\n<p>Problemet akute q\u00eb I kemi n\u00eb Ulqin do t\u00eb p\u00ebrpiqemi q\u00eb ti\u00a0 eleminojm\u00eb\u00a0 ose ti\u00a0 zbusim me kohe.<\/p>\n<p>Ne do t\u00eb organizojm\u00eb\u00a0 edhe disa takime t\u00eb\u00a0 tjera me afariste,hotelijer\u00eb,restorate,<wbr \/>plazhist\u00eb,p\u00ebrfaqesues t\u00eb bashkesive lokale,OJQ-ve,etj. Q\u00eb t\u00eb gjith\u00eb te japing kontributin ton\u00eb q\u00eb ky sezon turistik t\u00eb shkoj ne drejtim te duhur.<\/p>\n<p>Ulqin,25.04.16<\/p>\n<p>Komuna Ulqinit<br \/>\n<iframe loading=\"lazy\" width=\"508\" height=\"315\" src=\"https:\/\/www.youtube.com\/embed\/FOvNN0R8frU\" frameborder=\"0\" allowfullscreen><\/iframe><\/p>\n<p><a href=\"http:\/\/www.visit-ulcinj.com\/blog\/wp-content\/uploads\/2016\/04\/Nazif-Cungu-Prishtina-Fair-2016-1.jpg\"><img loading=\"lazy\" class=\"alignleft wp-image-96535\" src=\"http:\/\/www.visit-ulcinj.com\/blog\/wp-content\/uploads\/2016\/04\/Nazif-Cungu-Prishtina-Fair-2016-1.jpg\" alt=\"Nazif-Cungu-Prishtina-Fair 2016-1\" width=\"508\" height=\"286\" srcset=\"https:\/\/www.visit-ulcinj.com\/blog\/wp-content\/uploads\/2016\/04\/Nazif-Cungu-Prishtina-Fair-2016-1.jpg 960w, https:\/\/www.visit-ulcinj.com\/blog\/wp-content\/uploads\/2016\/04\/Nazif-Cungu-Prishtina-Fair-2016-1-300x169.jpg 300w\" sizes=\"(max-width: 508px) 100vw, 508px\" \/><\/a><\/p>\n","protected":false},"excerpt":{"rendered":"<p>Panairi i turizmit &#8211; travel fair 2016 n\u00eb Prishtin\u00eb p\u00ebr dallim nga vitet e kaluara q\u00eb \u00ebsht\u00eb mbajtur\u00a0 n\u00eb mes t\u00eb muajit maj, k\u00ebt\u00eb\u00a0 vit\u00a0 \u00ebsht\u00eb mbajtur\u00a0 m\u00eb 21 dhe 22 prill n\u00eb Pallatin e rinis\u00eb. Organizimi ishte shum\u00eb\u00a0 m\u00eb\u00a0 n\u00eb nivel se vitet e kaluara edhe stenda e Malit t\u00eb Zi ka qen\u00eb\u00a0 apsolutisht [&hellip;]<\/p>\n","protected":false},"author":1,"featured_media":0,"comment_status":"closed","ping_status":"closed","sticky":false,"template":"","format":"standard","meta":{"spay_email":"","jetpack_publicize_message":"","jetpack_is_tweetstorm":false,"jetpack_publicize_feature_enabled":true},"categories":[13],"tags":[],"jetpack_publicize_connections":[],"yoast_head":"<!-- This site is optimized with the Yoast SEO plugin v19.1 - https:\/\/yoast.com\/wordpress\/plugins\/seo\/ -->\n<title>Paniri i turizmit ne Prishtine - Video - Lajme nga Ulqini<\/title>\n<meta name=\"description\" content=\"Panairi i turizmit - travel fair 2016 n\u00eb Prishtin\u00eb p\u00ebr dallim nga vitet e kaluara q\u00eb \u00ebsht\u00eb mbajtur\u00a0 n\u00eb mes t\u00eb muajit maj, k\u00ebt\u00eb\u00a0 vit\u00a0 \u00ebsht\u00eb mbajtur\u00a0 m\u00eb 21\" \/>\n<meta name=\"robots\" content=\"index, follow, max-snippet:-1, max-image-preview:large, max-video-preview:-1\" \/>\n<link rel=\"canonical\" href=\"https:\/\/www.visit-ulcinj.com\/blog\/2016\/04\/25\/paniri-turizmit-ne-prishtine\/\" \/>\n<meta property=\"og:locale\" content=\"en_US\" \/>\n<meta property=\"og:type\" content=\"article\" \/>\n<meta property=\"og:title\" content=\"Paniri i turizmit ne Prishtine - Video - Lajme nga Ulqini\" \/>\n<meta property=\"og:description\" content=\"Panairi i turizmit - travel fair 2016 n\u00eb Prishtin\u00eb p\u00ebr dallim nga vitet e kaluara q\u00eb \u00ebsht\u00eb mbajtur\u00a0 n\u00eb mes t\u00eb muajit maj, k\u00ebt\u00eb\u00a0 vit\u00a0 \u00ebsht\u00eb mbajtur\u00a0 m\u00eb 21\" \/>\n<meta property=\"og:url\" content=\"https:\/\/www.visit-ulcinj.com\/blog\/2016\/04\/25\/paniri-turizmit-ne-prishtine\/\" \/>\n<meta property=\"og:site_name\" content=\"Lajme nga Ulqini\" \/>\n<meta property=\"article:published_time\" content=\"2016-04-25T13:31:04+00:00\" \/>\n<meta property=\"article:modified_time\" content=\"2016-04-25T21:17:17+00:00\" \/>\n<meta property=\"og:image\" content=\"http:\/\/www.visit-ulcinj.com\/blog\/wp-content\/uploads\/2016\/04\/Hykmete-BajramiQemajl-Minxhozi-Nazif-Cungu-Prishtina-Fair-2016-.jpg\" \/>\n<meta name=\"twitter:label1\" content=\"Written by\" \/>\n\t<meta name=\"twitter:data1\" content=\"ulqini\" \/>\n\t<meta name=\"twitter:label2\" content=\"Est. reading time\" \/>\n\t<meta name=\"twitter:data2\" content=\"3 minutes\" \/>\n<script type=\"application\/ld+json\" class=\"yoast-schema-graph\">{\"@context\":\"https:\/\/schema.org\",\"@graph\":[{\"@type\":\"WebSite\",\"@id\":\"https:\/\/www.visit-ulcinj.com\/blog\/#website\",\"url\":\"https:\/\/www.visit-ulcinj.com\/blog\/\",\"name\":\"Lajme nga Ulqini\",\"description\":\"Lajme,Vijesti,Ulqini,Ulqin,Crna Gora,Mali i Zi\",\"potentialAction\":[{\"@type\":\"SearchAction\",\"target\":{\"@type\":\"EntryPoint\",\"urlTemplate\":\"https:\/\/www.visit-ulcinj.com\/blog\/?s={search_term_string}\"},\"query-input\":\"required name=search_term_string\"}],\"inLanguage\":\"en-US\"},{\"@type\":\"ImageObject\",\"inLanguage\":\"en-US\",\"@id\":\"https:\/\/www.visit-ulcinj.com\/blog\/2016\/04\/25\/paniri-turizmit-ne-prishtine\/#primaryimage\",\"url\":\"https:\/\/www.visit-ulcinj.com\/blog\/wp-content\/uploads\/2016\/04\/Hykmete-BajramiQemajl-Minxhozi-Nazif-Cungu-Prishtina-Fair-2016-.jpg\",\"contentUrl\":\"https:\/\/www.visit-ulcinj.com\/blog\/wp-content\/uploads\/2016\/04\/Hykmete-BajramiQemajl-Minxhozi-Nazif-Cungu-Prishtina-Fair-2016-.jpg\",\"width\":960,\"height\":540},{\"@type\":\"WebPage\",\"@id\":\"https:\/\/www.visit-ulcinj.com\/blog\/2016\/04\/25\/paniri-turizmit-ne-prishtine\/#webpage\",\"url\":\"https:\/\/www.visit-ulcinj.com\/blog\/2016\/04\/25\/paniri-turizmit-ne-prishtine\/\",\"name\":\"Paniri i turizmit ne Prishtine - Video - Lajme nga Ulqini\",\"isPartOf\":{\"@id\":\"https:\/\/www.visit-ulcinj.com\/blog\/#website\"},\"primaryImageOfPage\":{\"@id\":\"https:\/\/www.visit-ulcinj.com\/blog\/2016\/04\/25\/paniri-turizmit-ne-prishtine\/#primaryimage\"},\"datePublished\":\"2016-04-25T13:31:04+00:00\",\"dateModified\":\"2016-04-25T21:17:17+00:00\",\"author\":{\"@id\":\"https:\/\/www.visit-ulcinj.com\/blog\/#\/schema\/person\/dcab619c614d3038751c63bc2aadc06d\"},\"description\":\"Panairi i turizmit - travel fair 2016 n\u00eb Prishtin\u00eb p\u00ebr dallim nga vitet e kaluara q\u00eb \u00ebsht\u00eb mbajtur\u00a0 n\u00eb mes t\u00eb muajit maj, k\u00ebt\u00eb\u00a0 vit\u00a0 \u00ebsht\u00eb mbajtur\u00a0 m\u00eb 21\",\"breadcrumb\":{\"@id\":\"https:\/\/www.visit-ulcinj.com\/blog\/2016\/04\/25\/paniri-turizmit-ne-prishtine\/#breadcrumb\"},\"inLanguage\":\"en-US\",\"potentialAction\":[{\"@type\":\"ReadAction\",\"target\":[\"https:\/\/www.visit-ulcinj.com\/blog\/2016\/04\/25\/paniri-turizmit-ne-prishtine\/\"]}]},{\"@type\":\"BreadcrumbList\",\"@id\":\"https:\/\/www.visit-ulcinj.com\/blog\/2016\/04\/25\/paniri-turizmit-ne-prishtine\/#breadcrumb\",\"itemListElement\":[{\"@type\":\"ListItem\",\"position\":1,\"name\":\"Paniri i turizmit ne Prishtine &#8211; Video\"}]},{\"@type\":\"Person\",\"@id\":\"https:\/\/www.visit-ulcinj.com\/blog\/#\/schema\/person\/dcab619c614d3038751c63bc2aadc06d\",\"name\":\"ulqini\",\"sameAs\":[\"http:\/\/www.visit-ulcinj.com\"],\"url\":\"https:\/\/www.visit-ulcinj.com\/blog\/author\/admin\/\"}]}<\/script>\n<!-- \/ Yoast SEO plugin. -->","yoast_head_json":{"title":"Paniri i turizmit ne Prishtine - Video - Lajme nga Ulqini","description":"Panairi i turizmit - travel fair 2016 n\u00eb Prishtin\u00eb p\u00ebr dallim nga vitet e kaluara q\u00eb \u00ebsht\u00eb mbajtur\u00a0 n\u00eb mes t\u00eb muajit maj, k\u00ebt\u00eb\u00a0 vit\u00a0 \u00ebsht\u00eb mbajtur\u00a0 m\u00eb 21","robots":{"index":"index","follow":"follow","max-snippet":"max-snippet:-1","max-image-preview":"max-image-preview:large","max-video-preview":"max-video-preview:-1"},"canonical":"https:\/\/www.visit-ulcinj.com\/blog\/2016\/04\/25\/paniri-turizmit-ne-prishtine\/","og_locale":"en_US","og_type":"article","og_title":"Paniri i turizmit ne Prishtine - Video - Lajme nga Ulqini","og_description":"Panairi i turizmit - travel fair 2016 n\u00eb Prishtin\u00eb p\u00ebr dallim nga vitet e kaluara q\u00eb \u00ebsht\u00eb mbajtur\u00a0 n\u00eb mes t\u00eb muajit maj, k\u00ebt\u00eb\u00a0 vit\u00a0 \u00ebsht\u00eb mbajtur\u00a0 m\u00eb 21","og_url":"https:\/\/www.visit-ulcinj.com\/blog\/2016\/04\/25\/paniri-turizmit-ne-prishtine\/","og_site_name":"Lajme nga Ulqini","article_published_time":"2016-04-25T13:31:04+00:00","article_modified_time":"2016-04-25T21:17:17+00:00","og_image":[{"url":"http:\/\/www.visit-ulcinj.com\/blog\/wp-content\/uploads\/2016\/04\/Hykmete-BajramiQemajl-Minxhozi-Nazif-Cungu-Prishtina-Fair-2016-.jpg"}],"twitter_misc":{"Written by":"ulqini","Est. reading time":"3 minutes"},"schema":{"@context":"https:\/\/schema.org","@graph":[{"@type":"WebSite","@id":"https:\/\/www.visit-ulcinj.com\/blog\/#website","url":"https:\/\/www.visit-ulcinj.com\/blog\/","name":"Lajme nga Ulqini","description":"Lajme,Vijesti,Ulqini,Ulqin,Crna Gora,Mali i Zi","potentialAction":[{"@type":"SearchAction","target":{"@type":"EntryPoint","urlTemplate":"https:\/\/www.visit-ulcinj.com\/blog\/?s={search_term_string}"},"query-input":"required name=search_term_string"}],"inLanguage":"en-US"},{"@type":"ImageObject","inLanguage":"en-US","@id":"https:\/\/www.visit-ulcinj.com\/blog\/2016\/04\/25\/paniri-turizmit-ne-prishtine\/#primaryimage","url":"https:\/\/www.visit-ulcinj.com\/blog\/wp-content\/uploads\/2016\/04\/Hykmete-BajramiQemajl-Minxhozi-Nazif-Cungu-Prishtina-Fair-2016-.jpg","contentUrl":"https:\/\/www.visit-ulcinj.com\/blog\/wp-content\/uploads\/2016\/04\/Hykmete-BajramiQemajl-Minxhozi-Nazif-Cungu-Prishtina-Fair-2016-.jpg","width":960,"height":540},{"@type":"WebPage","@id":"https:\/\/www.visit-ulcinj.com\/blog\/2016\/04\/25\/paniri-turizmit-ne-prishtine\/#webpage","url":"https:\/\/www.visit-ulcinj.com\/blog\/2016\/04\/25\/paniri-turizmit-ne-prishtine\/","name":"Paniri i turizmit ne Prishtine - Video - Lajme nga Ulqini","isPartOf":{"@id":"https:\/\/www.visit-ulcinj.com\/blog\/#website"},"primaryImageOfPage":{"@id":"https:\/\/www.visit-ulcinj.com\/blog\/2016\/04\/25\/paniri-turizmit-ne-prishtine\/#primaryimage"},"datePublished":"2016-04-25T13:31:04+00:00","dateModified":"2016-04-25T21:17:17+00:00","author":{"@id":"https:\/\/www.visit-ulcinj.com\/blog\/#\/schema\/person\/dcab619c614d3038751c63bc2aadc06d"},"description":"Panairi i turizmit - travel fair 2016 n\u00eb Prishtin\u00eb p\u00ebr dallim nga vitet e kaluara q\u00eb \u00ebsht\u00eb mbajtur\u00a0 n\u00eb mes t\u00eb muajit maj, k\u00ebt\u00eb\u00a0 vit\u00a0 \u00ebsht\u00eb mbajtur\u00a0 m\u00eb 21","breadcrumb":{"@id":"https:\/\/www.visit-ulcinj.com\/blog\/2016\/04\/25\/paniri-turizmit-ne-prishtine\/#breadcrumb"},"inLanguage":"en-US","potentialAction":[{"@type":"ReadAction","target":["https:\/\/www.visit-ulcinj.com\/blog\/2016\/04\/25\/paniri-turizmit-ne-prishtine\/"]}]},{"@type":"BreadcrumbList","@id":"https:\/\/www.visit-ulcinj.com\/blog\/2016\/04\/25\/paniri-turizmit-ne-prishtine\/#breadcrumb","itemListElement":[{"@type":"ListItem","position":1,"name":"Paniri i turizmit ne Prishtine &#8211; Video"}]},{"@type":"Person","@id":"https:\/\/www.visit-ulcinj.com\/blog\/#\/schema\/person\/dcab619c614d3038751c63bc2aadc06d","name":"ulqini","sameAs":["http:\/\/www.visit-ulcinj.com"],"url":"https:\/\/www.visit-ulcinj.com\/blog\/author\/admin\/"}]}},"jetpack_featured_media_url":"","jetpack_sharing_enabled":true,"jetpack_shortlink":"https:\/\/wp.me\/pe6lTn-p6X","_links":{"self":[{"href":"https:\/\/www.visit-ulcinj.com\/blog\/wp-json\/wp\/v2\/posts\/96531"}],"collection":[{"href":"https:\/\/www.visit-ulcinj.com\/blog\/wp-json\/wp\/v2\/posts"}],"about":[{"href":"https:\/\/www.visit-ulcinj.com\/blog\/wp-json\/wp\/v2\/types\/post"}],"author":[{"embeddable":true,"href":"https:\/\/www.visit-ulcinj.com\/blog\/wp-json\/wp\/v2\/users\/1"}],"replies":[{"embeddable":true,"href":"https:\/\/www.visit-ulcinj.com\/blog\/wp-json\/wp\/v2\/comments?post=96531"}],"version-history":[{"count":2,"href":"https:\/\/www.visit-ulcinj.com\/blog\/wp-json\/wp\/v2\/posts\/96531\/revisions"}],"predecessor-version":[{"id":96541,"href":"https:\/\/www.visit-ulcinj.com\/blog\/wp-json\/wp\/v2\/posts\/96531\/revisions\/96541"}],"wp:attachment":[{"href":"https:\/\/www.visit-ulcinj.com\/blog\/wp-json\/wp\/v2\/media?parent=96531"}],"wp:term":[{"taxonomy":"category","embeddable":true,"href":"https:\/\/www.visit-ulcinj.com\/blog\/wp-json\/wp\/v2\/categories?post=96531"},{"taxonomy":"post_tag","embeddable":true,"href":"https:\/\/www.visit-ulcinj.com\/blog\/wp-json\/wp\/v2\/tags?post=96531"}],"curies":[{"name":"wp","href":"https:\/\/api.w.org\/{rel}","templated":true}]}}