{"id":96558,"date":"2016-04-26T19:27:13","date_gmt":"2016-04-26T18:27:13","guid":{"rendered":"http:\/\/www.visit-ulcinj.com\/blog\/?p=96558"},"modified":"2016-04-26T19:46:59","modified_gmt":"2016-04-26T18:46:59","slug":"abazovic-promovise-samostalan-zivot-osi-video","status":"publish","type":"post","link":"https:\/\/www.visit-ulcinj.com\/blog\/2016\/04\/26\/abazovic-promovise-samostalan-zivot-osi-video\/","title":{"rendered":"Abazovic promovi\u0161e samostalan \u017eivot OSI &#8211; Video"},"content":{"rendered":"<p><strong><a href=\"http:\/\/www.visit-ulcinj.com\/blog\/wp-content\/uploads\/2016\/04\/Drgitan-Abazovic-ndependent-living-To-truly-live.jpg\"><img loading=\"lazy\" class=\"alignleft wp-image-96559\" src=\"http:\/\/www.visit-ulcinj.com\/blog\/wp-content\/uploads\/2016\/04\/Drgitan-Abazovic-ndependent-living-To-truly-live.jpg\" alt=\"Drgitan-Abazovic- ndependent living - To truly live\" width=\"508\" height=\"264\" srcset=\"https:\/\/www.visit-ulcinj.com\/blog\/wp-content\/uploads\/2016\/04\/Drgitan-Abazovic-ndependent-living-To-truly-live.jpg 923w, https:\/\/www.visit-ulcinj.com\/blog\/wp-content\/uploads\/2016\/04\/Drgitan-Abazovic-ndependent-living-To-truly-live-300x156.jpg 300w\" sizes=\"(max-width: 508px) 100vw, 508px\" \/><\/a>Udru\u017eenje mladih sa hendikepom Crne Gore (UMHCG) pokre\u0107e kampanju u cilju promocije samostalnog \u017eivota osoba s invaliditetom (OSI) pod sloganom: Samostalni \u017eivot osoba s invaliditetom \u2013 zaista \u017eivjeti!<\/strong><\/p>\n<p>Centralni doga\u0111aj u toku kampanje bi\u0107e organizovan 5. maja, na Evropski dan samostalnog \u017eivota kada \u0107e se na Trgu Republike u Podgorici organizovati niz aktivnosti, a jedna od njih je prikazivanje dokumentarnog filma u \u010dijoj glavnoj ulozi \u0107e se pojaviti Goran Macanovi\u0107, dugogodi\u0161nji aktivista za prava OSI sa svojom pri\u010dom o samosta\u010dnom \u017eivotu.<\/p>\n<p>\u201cKao najava filmu UMHC je u saradnji sa Centrom za multimedijalnu produkciju izradio set video tizera koji za cilj imaju promociju osnovnih principa filozofije samostalnog \u017eivljenja, a u kojima poznate javne li\u010dnosti, na jednoj strani, i OSI na drugoj \u0161alju svoje poruke javnosti\u201d, ka\u017ee se u saop\u0161tenju UMHCG.<\/p>\n<p>U video tizerima se, kako su pojasnili, pojavljuju ministarka rada i socijalnog staranja, Zorica Kova\u010devi\u0107, poslanik Dritan Abazovi\u0107 i predsjednik Paraolipijkog komiteta, Igor Tomi\u0107, studentkinje Bojana Ga\u010di\u0107 i Nikolina Joksimovi\u0107 Para\u0111ina, kao i Samir Guberini\u0107, aktivista pokreta OSI iz Bijelog Polja.<\/p>\n<p>\u201cSamostalni \u017eivot je zapo\u010deo u Americi kasnih 60-ih godina pro\u0161log vijeka, kada se grupa Amerikanaca s invaliditetom okupila u gra\u0111anskom pokretu i protestvovala protiv klini\u010dkog na\u010dina \u017eivota i zatvaranja OSI u institucijama\u201d, podsjetili su iz UMHCG.<\/p>\n<p>Pokret za samostalni \u017eivot, ima za cilj da se izbori prootiv institucionalizacije i segregacije osoba s invaliditetom, a da u sredi\u0161te stavi njihovu li\u010dnost i pravo na dono\u0161enje odluka o sopstvenom \u017eivotu.<\/p>\n<p>\u201cSamostalni \u017eivot je borba OSI protiv kalupa i konteksta u koji se postavljaju uprkos svojoj volji i te\u017enja za dostizanjem najve\u0107eg mogu\u0107eg nivoa nezavisnosti koji podra\u017eumijeva i razvijene servise podr\u0161ke\u201d, pojasnili su iz UMHCG.<\/p>\n<p>Evropska mre\u017ea za samostalni \u017eivot (ENIL), \u010dija je UMHCG \u010dlan, je 5. maj proglasila za Evropski dan samostalnog \u017eivota.<\/p>\n<p>Sve navedene aktivnosti UMHCG sprovodi u sklopu projekta \u201eSloboda izbora\u201c, u saradnji sa Centrom za multimedijalnu produkciju \u2013 CEZAM, a uz finansijsku podr\u0161ku Ambasade Sjedinjenih Ameri\u010dkih Dr\u017eava u Podgorici, posredstvom Programa malih grantova Demokratske komisije.<\/p>\n<p>Podr\u0161ku u pripremi i sprovo\u0111enju aktivnosti UMHCG pru\u017ea PR Centar.<\/p>\n<p>UMHCG \u0107e uskoro objaviti vi\u0161e informacija o detaljima obilje\u017eavanja 5. maja.<\/p>\n<p><strong>Izvor: TVCG<\/strong><\/p>\n<p><iframe loading=\"lazy\" width=\"508\" height=\"315\" src=\"https:\/\/www.youtube.com\/embed\/Q93g4DgRgGs?list=PL0fxjtm-7NRS4YHHDItpBDfhGWXK0vctA\" frameborder=\"0\" allowfullscreen><\/iframe><\/p>\n","protected":false},"excerpt":{"rendered":"<p>Udru\u017eenje mladih sa hendikepom Crne Gore (UMHCG) pokre\u0107e kampanju u cilju promocije samostalnog \u017eivota osoba s invaliditetom (OSI) pod sloganom: Samostalni \u017eivot osoba s invaliditetom \u2013 zaista \u017eivjeti! Centralni doga\u0111aj u toku kampanje bi\u0107e organizovan 5. maja, na Evropski dan samostalnog \u017eivota kada \u0107e se na Trgu Republike u Podgorici organizovati niz aktivnosti, a jedna [&hellip;]<\/p>\n","protected":false},"author":1,"featured_media":0,"comment_status":"closed","ping_status":"closed","sticky":false,"template":"","format":"standard","meta":{"spay_email":"","jetpack_publicize_message":"","jetpack_is_tweetstorm":false,"jetpack_publicize_feature_enabled":true},"categories":[6950],"tags":[],"jetpack_publicize_connections":[],"yoast_head":"<!-- This site is optimized with the Yoast SEO plugin v19.1 - https:\/\/yoast.com\/wordpress\/plugins\/seo\/ -->\n<title>Abazovic promovi\u0161e samostalan \u017eivot OSI - Video - Lajme nga Ulqini<\/title>\n<meta name=\"description\" content=\"Udru\u017eenje mladih sa hendikepom Crne Gore (UMHCG) pokre\u0107e kampanju u cilju promocije samostalnog \u017eivota osoba s invaliditetom (OSI) pod sloganom:\" \/>\n<meta name=\"robots\" content=\"index, follow, max-snippet:-1, max-image-preview:large, max-video-preview:-1\" \/>\n<link rel=\"canonical\" href=\"https:\/\/www.visit-ulcinj.com\/blog\/2016\/04\/26\/abazovic-promovise-samostalan-zivot-osi-video\/\" \/>\n<meta property=\"og:locale\" content=\"en_US\" \/>\n<meta property=\"og:type\" content=\"article\" \/>\n<meta property=\"og:title\" content=\"Abazovic promovi\u0161e samostalan \u017eivot OSI - Video - Lajme nga Ulqini\" \/>\n<meta property=\"og:description\" content=\"Udru\u017eenje mladih sa hendikepom Crne Gore (UMHCG) pokre\u0107e kampanju u cilju promocije samostalnog \u017eivota osoba s invaliditetom (OSI) pod sloganom:\" \/>\n<meta property=\"og:url\" content=\"https:\/\/www.visit-ulcinj.com\/blog\/2016\/04\/26\/abazovic-promovise-samostalan-zivot-osi-video\/\" \/>\n<meta property=\"og:site_name\" content=\"Lajme nga Ulqini\" \/>\n<meta property=\"article:published_time\" content=\"2016-04-26T18:27:13+00:00\" \/>\n<meta property=\"article:modified_time\" content=\"2016-04-26T18:46:59+00:00\" \/>\n<meta property=\"og:image\" content=\"http:\/\/www.visit-ulcinj.com\/blog\/wp-content\/uploads\/2016\/04\/Drgitan-Abazovic-ndependent-living-To-truly-live.jpg\" \/>\n<meta name=\"twitter:label1\" content=\"Written by\" \/>\n\t<meta name=\"twitter:data1\" content=\"ulqini\" \/>\n\t<meta name=\"twitter:label2\" content=\"Est. reading time\" \/>\n\t<meta name=\"twitter:data2\" content=\"2 minutes\" \/>\n<script type=\"application\/ld+json\" class=\"yoast-schema-graph\">{\"@context\":\"https:\/\/schema.org\",\"@graph\":[{\"@type\":\"WebSite\",\"@id\":\"https:\/\/www.visit-ulcinj.com\/blog\/#website\",\"url\":\"https:\/\/www.visit-ulcinj.com\/blog\/\",\"name\":\"Lajme nga Ulqini\",\"description\":\"Lajme,Vijesti,Ulqini,Ulqin,Crna Gora,Mali i Zi\",\"potentialAction\":[{\"@type\":\"SearchAction\",\"target\":{\"@type\":\"EntryPoint\",\"urlTemplate\":\"https:\/\/www.visit-ulcinj.com\/blog\/?s={search_term_string}\"},\"query-input\":\"required name=search_term_string\"}],\"inLanguage\":\"en-US\"},{\"@type\":\"ImageObject\",\"inLanguage\":\"en-US\",\"@id\":\"https:\/\/www.visit-ulcinj.com\/blog\/2016\/04\/26\/abazovic-promovise-samostalan-zivot-osi-video\/#primaryimage\",\"url\":\"https:\/\/www.visit-ulcinj.com\/blog\/wp-content\/uploads\/2016\/04\/Drgitan-Abazovic-ndependent-living-To-truly-live.jpg\",\"contentUrl\":\"https:\/\/www.visit-ulcinj.com\/blog\/wp-content\/uploads\/2016\/04\/Drgitan-Abazovic-ndependent-living-To-truly-live.jpg\",\"width\":923,\"height\":479},{\"@type\":\"WebPage\",\"@id\":\"https:\/\/www.visit-ulcinj.com\/blog\/2016\/04\/26\/abazovic-promovise-samostalan-zivot-osi-video\/#webpage\",\"url\":\"https:\/\/www.visit-ulcinj.com\/blog\/2016\/04\/26\/abazovic-promovise-samostalan-zivot-osi-video\/\",\"name\":\"Abazovic promovi\u0161e samostalan \u017eivot OSI - Video - Lajme nga Ulqini\",\"isPartOf\":{\"@id\":\"https:\/\/www.visit-ulcinj.com\/blog\/#website\"},\"primaryImageOfPage\":{\"@id\":\"https:\/\/www.visit-ulcinj.com\/blog\/2016\/04\/26\/abazovic-promovise-samostalan-zivot-osi-video\/#primaryimage\"},\"datePublished\":\"2016-04-26T18:27:13+00:00\",\"dateModified\":\"2016-04-26T18:46:59+00:00\",\"author\":{\"@id\":\"https:\/\/www.visit-ulcinj.com\/blog\/#\/schema\/person\/dcab619c614d3038751c63bc2aadc06d\"},\"description\":\"Udru\u017eenje mladih sa hendikepom Crne Gore (UMHCG) pokre\u0107e kampanju u cilju promocije samostalnog \u017eivota osoba s invaliditetom (OSI) pod sloganom:\",\"breadcrumb\":{\"@id\":\"https:\/\/www.visit-ulcinj.com\/blog\/2016\/04\/26\/abazovic-promovise-samostalan-zivot-osi-video\/#breadcrumb\"},\"inLanguage\":\"en-US\",\"potentialAction\":[{\"@type\":\"ReadAction\",\"target\":[\"https:\/\/www.visit-ulcinj.com\/blog\/2016\/04\/26\/abazovic-promovise-samostalan-zivot-osi-video\/\"]}]},{\"@type\":\"BreadcrumbList\",\"@id\":\"https:\/\/www.visit-ulcinj.com\/blog\/2016\/04\/26\/abazovic-promovise-samostalan-zivot-osi-video\/#breadcrumb\",\"itemListElement\":[{\"@type\":\"ListItem\",\"position\":1,\"name\":\"Abazovic promovi\u0161e samostalan \u017eivot OSI &#8211; Video\"}]},{\"@type\":\"Person\",\"@id\":\"https:\/\/www.visit-ulcinj.com\/blog\/#\/schema\/person\/dcab619c614d3038751c63bc2aadc06d\",\"name\":\"ulqini\",\"sameAs\":[\"http:\/\/www.visit-ulcinj.com\"],\"url\":\"https:\/\/www.visit-ulcinj.com\/blog\/author\/admin\/\"}]}<\/script>\n<!-- \/ Yoast SEO plugin. -->","yoast_head_json":{"title":"Abazovic promovi\u0161e samostalan \u017eivot OSI - Video - Lajme nga Ulqini","description":"Udru\u017eenje mladih sa hendikepom Crne Gore (UMHCG) pokre\u0107e kampanju u cilju promocije samostalnog \u017eivota osoba s invaliditetom (OSI) pod sloganom:","robots":{"index":"index","follow":"follow","max-snippet":"max-snippet:-1","max-image-preview":"max-image-preview:large","max-video-preview":"max-video-preview:-1"},"canonical":"https:\/\/www.visit-ulcinj.com\/blog\/2016\/04\/26\/abazovic-promovise-samostalan-zivot-osi-video\/","og_locale":"en_US","og_type":"article","og_title":"Abazovic promovi\u0161e samostalan \u017eivot OSI - Video - Lajme nga Ulqini","og_description":"Udru\u017eenje mladih sa hendikepom Crne Gore (UMHCG) pokre\u0107e kampanju u cilju promocije samostalnog \u017eivota osoba s invaliditetom (OSI) pod sloganom:","og_url":"https:\/\/www.visit-ulcinj.com\/blog\/2016\/04\/26\/abazovic-promovise-samostalan-zivot-osi-video\/","og_site_name":"Lajme nga Ulqini","article_published_time":"2016-04-26T18:27:13+00:00","article_modified_time":"2016-04-26T18:46:59+00:00","og_image":[{"url":"http:\/\/www.visit-ulcinj.com\/blog\/wp-content\/uploads\/2016\/04\/Drgitan-Abazovic-ndependent-living-To-truly-live.jpg"}],"twitter_misc":{"Written by":"ulqini","Est. reading time":"2 minutes"},"schema":{"@context":"https:\/\/schema.org","@graph":[{"@type":"WebSite","@id":"https:\/\/www.visit-ulcinj.com\/blog\/#website","url":"https:\/\/www.visit-ulcinj.com\/blog\/","name":"Lajme nga Ulqini","description":"Lajme,Vijesti,Ulqini,Ulqin,Crna Gora,Mali i Zi","potentialAction":[{"@type":"SearchAction","target":{"@type":"EntryPoint","urlTemplate":"https:\/\/www.visit-ulcinj.com\/blog\/?s={search_term_string}"},"query-input":"required name=search_term_string"}],"inLanguage":"en-US"},{"@type":"ImageObject","inLanguage":"en-US","@id":"https:\/\/www.visit-ulcinj.com\/blog\/2016\/04\/26\/abazovic-promovise-samostalan-zivot-osi-video\/#primaryimage","url":"https:\/\/www.visit-ulcinj.com\/blog\/wp-content\/uploads\/2016\/04\/Drgitan-Abazovic-ndependent-living-To-truly-live.jpg","contentUrl":"https:\/\/www.visit-ulcinj.com\/blog\/wp-content\/uploads\/2016\/04\/Drgitan-Abazovic-ndependent-living-To-truly-live.jpg","width":923,"height":479},{"@type":"WebPage","@id":"https:\/\/www.visit-ulcinj.com\/blog\/2016\/04\/26\/abazovic-promovise-samostalan-zivot-osi-video\/#webpage","url":"https:\/\/www.visit-ulcinj.com\/blog\/2016\/04\/26\/abazovic-promovise-samostalan-zivot-osi-video\/","name":"Abazovic promovi\u0161e samostalan \u017eivot OSI - Video - Lajme nga Ulqini","isPartOf":{"@id":"https:\/\/www.visit-ulcinj.com\/blog\/#website"},"primaryImageOfPage":{"@id":"https:\/\/www.visit-ulcinj.com\/blog\/2016\/04\/26\/abazovic-promovise-samostalan-zivot-osi-video\/#primaryimage"},"datePublished":"2016-04-26T18:27:13+00:00","dateModified":"2016-04-26T18:46:59+00:00","author":{"@id":"https:\/\/www.visit-ulcinj.com\/blog\/#\/schema\/person\/dcab619c614d3038751c63bc2aadc06d"},"description":"Udru\u017eenje mladih sa hendikepom Crne Gore (UMHCG) pokre\u0107e kampanju u cilju promocije samostalnog \u017eivota osoba s invaliditetom (OSI) pod sloganom:","breadcrumb":{"@id":"https:\/\/www.visit-ulcinj.com\/blog\/2016\/04\/26\/abazovic-promovise-samostalan-zivot-osi-video\/#breadcrumb"},"inLanguage":"en-US","potentialAction":[{"@type":"ReadAction","target":["https:\/\/www.visit-ulcinj.com\/blog\/2016\/04\/26\/abazovic-promovise-samostalan-zivot-osi-video\/"]}]},{"@type":"BreadcrumbList","@id":"https:\/\/www.visit-ulcinj.com\/blog\/2016\/04\/26\/abazovic-promovise-samostalan-zivot-osi-video\/#breadcrumb","itemListElement":[{"@type":"ListItem","position":1,"name":"Abazovic promovi\u0161e samostalan \u017eivot OSI &#8211; Video"}]},{"@type":"Person","@id":"https:\/\/www.visit-ulcinj.com\/blog\/#\/schema\/person\/dcab619c614d3038751c63bc2aadc06d","name":"ulqini","sameAs":["http:\/\/www.visit-ulcinj.com"],"url":"https:\/\/www.visit-ulcinj.com\/blog\/author\/admin\/"}]}},"jetpack_featured_media_url":"","jetpack_sharing_enabled":true,"jetpack_shortlink":"https:\/\/wp.me\/pe6lTn-p7o","_links":{"self":[{"href":"https:\/\/www.visit-ulcinj.com\/blog\/wp-json\/wp\/v2\/posts\/96558"}],"collection":[{"href":"https:\/\/www.visit-ulcinj.com\/blog\/wp-json\/wp\/v2\/posts"}],"about":[{"href":"https:\/\/www.visit-ulcinj.com\/blog\/wp-json\/wp\/v2\/types\/post"}],"author":[{"embeddable":true,"href":"https:\/\/www.visit-ulcinj.com\/blog\/wp-json\/wp\/v2\/users\/1"}],"replies":[{"embeddable":true,"href":"https:\/\/www.visit-ulcinj.com\/blog\/wp-json\/wp\/v2\/comments?post=96558"}],"version-history":[{"count":1,"href":"https:\/\/www.visit-ulcinj.com\/blog\/wp-json\/wp\/v2\/posts\/96558\/revisions"}],"predecessor-version":[{"id":96560,"href":"https:\/\/www.visit-ulcinj.com\/blog\/wp-json\/wp\/v2\/posts\/96558\/revisions\/96560"}],"wp:attachment":[{"href":"https:\/\/www.visit-ulcinj.com\/blog\/wp-json\/wp\/v2\/media?parent=96558"}],"wp:term":[{"taxonomy":"category","embeddable":true,"href":"https:\/\/www.visit-ulcinj.com\/blog\/wp-json\/wp\/v2\/categories?post=96558"},{"taxonomy":"post_tag","embeddable":true,"href":"https:\/\/www.visit-ulcinj.com\/blog\/wp-json\/wp\/v2\/tags?post=96558"}],"curies":[{"name":"wp","href":"https:\/\/api.w.org\/{rel}","templated":true}]}}