{"id":96568,"date":"2016-04-27T06:12:53","date_gmt":"2016-04-27T05:12:53","guid":{"rendered":"http:\/\/www.visit-ulcinj.com\/blog\/?p=96568"},"modified":"2016-04-28T18:43:20","modified_gmt":"2016-04-28T17:43:20","slug":"bamboo-mayfest-sivjet-ndryshe-ne-ulqin","status":"publish","type":"post","link":"https:\/\/www.visit-ulcinj.com\/blog\/2016\/04\/27\/bamboo-mayfest-sivjet-ndryshe-ne-ulqin\/","title":{"rendered":"Bamboo Mayfest sivjet m\u00eb ndryshe n\u00eb Ulqin"},"content":{"rendered":"<p><a href=\"http:\/\/www.visit-ulcinj.com\/blog\/wp-content\/uploads\/2016\/04\/Bamboo-Mayfest-Ulqin-Hotel-Otrant-2.jpg\"><img loading=\"lazy\" class=\"alignleft wp-image-96102\" src=\"http:\/\/www.visit-ulcinj.com\/blog\/wp-content\/uploads\/2016\/04\/Bamboo-Mayfest-Ulqin-Hotel-Otrant-2.jpg\" alt=\"Bamboo Mayfest Ulqin-Hotel-Otrant-2\" width=\"508\" height=\"338\" \/><\/a>K\u00ebt\u00eb vit, m\u00eb her\u00ebt se \u00e7do her\u00eb tjet\u00ebr, kan\u00eb filluar p\u00ebrgatitjet p\u00ebr Mayfestin e tet\u00eb me radh\u00eb n\u00eb Otrant, Ulqin.<\/p>\n<p>Si\u00e7 b\u00ebn t\u00eb ditur z\u00ebdh\u00ebn\u00ebsja Blerina Bokshi, Bamboo &amp; Friends, t\u00eb p\u00ebrkrahur nga prodhuesit <span id=\"more-350829\"><\/span>vendor\u00eb t\u00eb pijeve, me moton \u201cMade in Kosova\u201d, jan\u00eb duke punuar intensivisht, q\u00eb t\u00eb presin sa m\u00eb mir\u00eb dhe t\u00eb arg\u00ebtojn\u00eb maksimalisht me mij\u00ebra mysafir\u00eb nga Kosova dhe rajoni.<\/p>\n<p>Karakteristik\u00eb e Bamboo Mayfestit \u00ebsht\u00eb se ka mysafir\u00eb t\u00eb t\u00eb gjitha moshave, pasi kushtet n\u00eb Otrant jan\u00eb shum\u00eb t\u00eb mira edhe p\u00ebr familjar\u00eb.<\/p>\n<p><a href=\"http:\/\/www.visit-ulcinj.com\/blog\/wp-content\/uploads\/2016\/04\/Bamboo-Mayfest-Ulqin-Hotel-Otrant.jpg\"><img loading=\"lazy\" class=\"alignleft wp-image-96100\" src=\"http:\/\/www.visit-ulcinj.com\/blog\/wp-content\/uploads\/2016\/04\/Bamboo-Mayfest-Ulqin-Hotel-Otrant.jpg\" alt=\"Bamboo Mayfest Ulqin-Hotel-Otrant\" width=\"508\" height=\"338\" \/><\/a><\/p>\n<p>Sivjet ky organizim fillon m\u00eb 29 prill dhe zgjat deri m\u00eb 2 maj. Gjat\u00eb gjith\u00eb koh\u00ebs p\u00ebr arg\u00ebtim do t\u00eb kujdesen dhjet\u00ebra DJ t\u00eb zhanreve t\u00eb ndryshme.<\/p>\n<p>Interesimi \u00ebsht\u00eb shum\u00eb i madh dhe t\u00eb gjitha dhomat jan\u00eb rezervuar, por ka mund\u00ebsi akomodimi n\u00ebp\u00ebr sht\u00ebpit\u00eb af\u00ebr Otrantit.<\/p>\n<p>Duke pasur parasysh q\u00eb Bamboo ndryshe njihet si \u201cMinistri e K\u00ebnaq\u00ebsis\u00eb\u201d, nuk dyshojm\u00eb q\u00eb \u201cMinistri\u201d Arian Henci do t\u2019i mbaj\u00eb premtimet edhe k\u00ebsaj radhe.<\/p>\n<p><span class=\"_4n-j fsl\">Bamboo &amp; Friends vazhdojn\u00eb traditen dhe per here te 8-te organizojn\u00eb Bamboo MayFestin &#8230; 29.04 &#8211; 02.05.2016<br \/>\n<a href=\"http:\/\/www.visit-ulcinj.com\/blog\/wp-content\/uploads\/2016\/04\/Bamboo-Mayfest-Ulqin-Hotel-Otrant-1.jpg\"><img loading=\"lazy\" class=\"alignleft wp-image-96101\" src=\"http:\/\/www.visit-ulcinj.com\/blog\/wp-content\/uploads\/2016\/04\/Bamboo-Mayfest-Ulqin-Hotel-Otrant-1.jpg\" alt=\"Bamboo Mayfest Ulqin-Hotel-Otrant-1\" width=\"508\" height=\"338\" \/><\/a><br \/>\n<strong>DJ&#8217;s<\/strong><br \/>\n<strong> Live Acts &amp; Entertainment<\/strong><br \/>\n<strong> Artists from Kosova , Albania &amp; Montenegro<\/strong><\/span><\/p>\n<p>43 euro nata per person &#8211; gjysempansion ne hotel Otrant<br \/>\n33 euro nata per person &#8211; gjysempansion ne villa Otrant<\/p>\n<p>Per mysafirt qe nuk flejn ne Otrant Resort , hyrja ne MayFest eshte : 5 euro bileta ditore , 10 euro bileta treditore .<\/p>\n<p>Rezervimet behen ne Bamboo Bar<br \/>\nPer me shume info ne tel. 045 809 909<\/p>\n<!--YouTube Error: bad URL entered-->\n","protected":false},"excerpt":{"rendered":"<p>K\u00ebt\u00eb vit, m\u00eb her\u00ebt se \u00e7do her\u00eb tjet\u00ebr, kan\u00eb filluar p\u00ebrgatitjet p\u00ebr Mayfestin e tet\u00eb me radh\u00eb n\u00eb Otrant, Ulqin. Si\u00e7 b\u00ebn t\u00eb ditur z\u00ebdh\u00ebn\u00ebsja Blerina Bokshi, Bamboo &amp; Friends, t\u00eb p\u00ebrkrahur nga prodhuesit vendor\u00eb t\u00eb pijeve, me moton \u201cMade in Kosova\u201d, jan\u00eb duke punuar intensivisht, q\u00eb t\u00eb presin sa m\u00eb mir\u00eb dhe t\u00eb arg\u00ebtojn\u00eb [&hellip;]<\/p>\n","protected":false},"author":1,"featured_media":0,"comment_status":"closed","ping_status":"closed","sticky":false,"template":"","format":"standard","meta":{"spay_email":"","jetpack_publicize_message":"","jetpack_is_tweetstorm":false,"jetpack_publicize_feature_enabled":true},"categories":[1],"tags":[],"jetpack_publicize_connections":[],"yoast_head":"<!-- This site is optimized with the Yoast SEO plugin v19.1 - https:\/\/yoast.com\/wordpress\/plugins\/seo\/ -->\n<title>Bamboo Mayfest sivjet m\u00eb ndryshe n\u00eb Ulqin - Lajme nga Ulqini<\/title>\n<meta name=\"description\" content=\"K\u00ebt\u00eb vit, m\u00eb her\u00ebt se \u00e7do her\u00eb tjet\u00ebr, kan\u00eb filluar p\u00ebrgatitjet p\u00ebr Mayfestin e tet\u00eb me radh\u00eb n\u00eb Otrant, Ulqin. Si\u00e7 b\u00ebn t\u00eb ditur z\u00ebdh\u00ebn\u00ebsja Blerina\" \/>\n<meta name=\"robots\" content=\"index, follow, max-snippet:-1, max-image-preview:large, max-video-preview:-1\" \/>\n<link rel=\"canonical\" href=\"https:\/\/www.visit-ulcinj.com\/blog\/2016\/04\/27\/bamboo-mayfest-sivjet-ndryshe-ne-ulqin\/\" \/>\n<meta property=\"og:locale\" content=\"en_US\" \/>\n<meta property=\"og:type\" content=\"article\" \/>\n<meta property=\"og:title\" content=\"Bamboo Mayfest sivjet m\u00eb ndryshe n\u00eb Ulqin - Lajme nga Ulqini\" \/>\n<meta property=\"og:description\" content=\"K\u00ebt\u00eb vit, m\u00eb her\u00ebt se \u00e7do her\u00eb tjet\u00ebr, kan\u00eb filluar p\u00ebrgatitjet p\u00ebr Mayfestin e tet\u00eb me radh\u00eb n\u00eb Otrant, Ulqin. Si\u00e7 b\u00ebn t\u00eb ditur z\u00ebdh\u00ebn\u00ebsja Blerina\" \/>\n<meta property=\"og:url\" content=\"https:\/\/www.visit-ulcinj.com\/blog\/2016\/04\/27\/bamboo-mayfest-sivjet-ndryshe-ne-ulqin\/\" \/>\n<meta property=\"og:site_name\" content=\"Lajme nga Ulqini\" \/>\n<meta property=\"article:published_time\" content=\"2016-04-27T05:12:53+00:00\" \/>\n<meta property=\"article:modified_time\" content=\"2016-04-28T17:43:20+00:00\" \/>\n<meta property=\"og:image\" content=\"http:\/\/www.visit-ulcinj.com\/blog\/wp-content\/uploads\/2016\/04\/Bamboo-Mayfest-Ulqin-Hotel-Otrant-2.jpg\" \/>\n<meta name=\"twitter:label1\" content=\"Written by\" \/>\n\t<meta name=\"twitter:data1\" content=\"ulqini\" \/>\n\t<meta name=\"twitter:label2\" content=\"Est. reading time\" \/>\n\t<meta name=\"twitter:data2\" content=\"1 minute\" \/>\n<script type=\"application\/ld+json\" class=\"yoast-schema-graph\">{\"@context\":\"https:\/\/schema.org\",\"@graph\":[{\"@type\":\"WebSite\",\"@id\":\"https:\/\/www.visit-ulcinj.com\/blog\/#website\",\"url\":\"https:\/\/www.visit-ulcinj.com\/blog\/\",\"name\":\"Lajme nga Ulqini\",\"description\":\"Lajme,Vijesti,Ulqini,Ulqin,Crna Gora,Mali i Zi\",\"potentialAction\":[{\"@type\":\"SearchAction\",\"target\":{\"@type\":\"EntryPoint\",\"urlTemplate\":\"https:\/\/www.visit-ulcinj.com\/blog\/?s={search_term_string}\"},\"query-input\":\"required name=search_term_string\"}],\"inLanguage\":\"en-US\"},{\"@type\":\"ImageObject\",\"inLanguage\":\"en-US\",\"@id\":\"https:\/\/www.visit-ulcinj.com\/blog\/2016\/04\/27\/bamboo-mayfest-sivjet-ndryshe-ne-ulqin\/#primaryimage\",\"url\":\"http:\/\/www.visit-ulcinj.com\/blog\/wp-content\/uploads\/2016\/04\/Bamboo-Mayfest-Ulqin-Hotel-Otrant-2.jpg\",\"contentUrl\":\"http:\/\/www.visit-ulcinj.com\/blog\/wp-content\/uploads\/2016\/04\/Bamboo-Mayfest-Ulqin-Hotel-Otrant-2.jpg\"},{\"@type\":\"WebPage\",\"@id\":\"https:\/\/www.visit-ulcinj.com\/blog\/2016\/04\/27\/bamboo-mayfest-sivjet-ndryshe-ne-ulqin\/#webpage\",\"url\":\"https:\/\/www.visit-ulcinj.com\/blog\/2016\/04\/27\/bamboo-mayfest-sivjet-ndryshe-ne-ulqin\/\",\"name\":\"Bamboo Mayfest sivjet m\u00eb ndryshe n\u00eb Ulqin - Lajme nga Ulqini\",\"isPartOf\":{\"@id\":\"https:\/\/www.visit-ulcinj.com\/blog\/#website\"},\"primaryImageOfPage\":{\"@id\":\"https:\/\/www.visit-ulcinj.com\/blog\/2016\/04\/27\/bamboo-mayfest-sivjet-ndryshe-ne-ulqin\/#primaryimage\"},\"datePublished\":\"2016-04-27T05:12:53+00:00\",\"dateModified\":\"2016-04-28T17:43:20+00:00\",\"author\":{\"@id\":\"https:\/\/www.visit-ulcinj.com\/blog\/#\/schema\/person\/dcab619c614d3038751c63bc2aadc06d\"},\"description\":\"K\u00ebt\u00eb vit, m\u00eb her\u00ebt se \u00e7do her\u00eb tjet\u00ebr, kan\u00eb filluar p\u00ebrgatitjet p\u00ebr Mayfestin e tet\u00eb me radh\u00eb n\u00eb Otrant, Ulqin. Si\u00e7 b\u00ebn t\u00eb ditur z\u00ebdh\u00ebn\u00ebsja Blerina\",\"breadcrumb\":{\"@id\":\"https:\/\/www.visit-ulcinj.com\/blog\/2016\/04\/27\/bamboo-mayfest-sivjet-ndryshe-ne-ulqin\/#breadcrumb\"},\"inLanguage\":\"en-US\",\"potentialAction\":[{\"@type\":\"ReadAction\",\"target\":[\"https:\/\/www.visit-ulcinj.com\/blog\/2016\/04\/27\/bamboo-mayfest-sivjet-ndryshe-ne-ulqin\/\"]}]},{\"@type\":\"BreadcrumbList\",\"@id\":\"https:\/\/www.visit-ulcinj.com\/blog\/2016\/04\/27\/bamboo-mayfest-sivjet-ndryshe-ne-ulqin\/#breadcrumb\",\"itemListElement\":[{\"@type\":\"ListItem\",\"position\":1,\"name\":\"Bamboo Mayfest sivjet m\u00eb ndryshe n\u00eb Ulqin\"}]},{\"@type\":\"Person\",\"@id\":\"https:\/\/www.visit-ulcinj.com\/blog\/#\/schema\/person\/dcab619c614d3038751c63bc2aadc06d\",\"name\":\"ulqini\",\"sameAs\":[\"http:\/\/www.visit-ulcinj.com\"],\"url\":\"https:\/\/www.visit-ulcinj.com\/blog\/author\/admin\/\"}]}<\/script>\n<!-- \/ Yoast SEO plugin. -->","yoast_head_json":{"title":"Bamboo Mayfest sivjet m\u00eb ndryshe n\u00eb Ulqin - Lajme nga Ulqini","description":"K\u00ebt\u00eb vit, m\u00eb her\u00ebt se \u00e7do her\u00eb tjet\u00ebr, kan\u00eb filluar p\u00ebrgatitjet p\u00ebr Mayfestin e tet\u00eb me radh\u00eb n\u00eb Otrant, Ulqin. Si\u00e7 b\u00ebn t\u00eb ditur z\u00ebdh\u00ebn\u00ebsja Blerina","robots":{"index":"index","follow":"follow","max-snippet":"max-snippet:-1","max-image-preview":"max-image-preview:large","max-video-preview":"max-video-preview:-1"},"canonical":"https:\/\/www.visit-ulcinj.com\/blog\/2016\/04\/27\/bamboo-mayfest-sivjet-ndryshe-ne-ulqin\/","og_locale":"en_US","og_type":"article","og_title":"Bamboo Mayfest sivjet m\u00eb ndryshe n\u00eb Ulqin - Lajme nga Ulqini","og_description":"K\u00ebt\u00eb vit, m\u00eb her\u00ebt se \u00e7do her\u00eb tjet\u00ebr, kan\u00eb filluar p\u00ebrgatitjet p\u00ebr Mayfestin e tet\u00eb me radh\u00eb n\u00eb Otrant, Ulqin. Si\u00e7 b\u00ebn t\u00eb ditur z\u00ebdh\u00ebn\u00ebsja Blerina","og_url":"https:\/\/www.visit-ulcinj.com\/blog\/2016\/04\/27\/bamboo-mayfest-sivjet-ndryshe-ne-ulqin\/","og_site_name":"Lajme nga Ulqini","article_published_time":"2016-04-27T05:12:53+00:00","article_modified_time":"2016-04-28T17:43:20+00:00","og_image":[{"url":"http:\/\/www.visit-ulcinj.com\/blog\/wp-content\/uploads\/2016\/04\/Bamboo-Mayfest-Ulqin-Hotel-Otrant-2.jpg"}],"twitter_misc":{"Written by":"ulqini","Est. reading time":"1 minute"},"schema":{"@context":"https:\/\/schema.org","@graph":[{"@type":"WebSite","@id":"https:\/\/www.visit-ulcinj.com\/blog\/#website","url":"https:\/\/www.visit-ulcinj.com\/blog\/","name":"Lajme nga Ulqini","description":"Lajme,Vijesti,Ulqini,Ulqin,Crna Gora,Mali i Zi","potentialAction":[{"@type":"SearchAction","target":{"@type":"EntryPoint","urlTemplate":"https:\/\/www.visit-ulcinj.com\/blog\/?s={search_term_string}"},"query-input":"required name=search_term_string"}],"inLanguage":"en-US"},{"@type":"ImageObject","inLanguage":"en-US","@id":"https:\/\/www.visit-ulcinj.com\/blog\/2016\/04\/27\/bamboo-mayfest-sivjet-ndryshe-ne-ulqin\/#primaryimage","url":"http:\/\/www.visit-ulcinj.com\/blog\/wp-content\/uploads\/2016\/04\/Bamboo-Mayfest-Ulqin-Hotel-Otrant-2.jpg","contentUrl":"http:\/\/www.visit-ulcinj.com\/blog\/wp-content\/uploads\/2016\/04\/Bamboo-Mayfest-Ulqin-Hotel-Otrant-2.jpg"},{"@type":"WebPage","@id":"https:\/\/www.visit-ulcinj.com\/blog\/2016\/04\/27\/bamboo-mayfest-sivjet-ndryshe-ne-ulqin\/#webpage","url":"https:\/\/www.visit-ulcinj.com\/blog\/2016\/04\/27\/bamboo-mayfest-sivjet-ndryshe-ne-ulqin\/","name":"Bamboo Mayfest sivjet m\u00eb ndryshe n\u00eb Ulqin - Lajme nga Ulqini","isPartOf":{"@id":"https:\/\/www.visit-ulcinj.com\/blog\/#website"},"primaryImageOfPage":{"@id":"https:\/\/www.visit-ulcinj.com\/blog\/2016\/04\/27\/bamboo-mayfest-sivjet-ndryshe-ne-ulqin\/#primaryimage"},"datePublished":"2016-04-27T05:12:53+00:00","dateModified":"2016-04-28T17:43:20+00:00","author":{"@id":"https:\/\/www.visit-ulcinj.com\/blog\/#\/schema\/person\/dcab619c614d3038751c63bc2aadc06d"},"description":"K\u00ebt\u00eb vit, m\u00eb her\u00ebt se \u00e7do her\u00eb tjet\u00ebr, kan\u00eb filluar p\u00ebrgatitjet p\u00ebr Mayfestin e tet\u00eb me radh\u00eb n\u00eb Otrant, Ulqin. Si\u00e7 b\u00ebn t\u00eb ditur z\u00ebdh\u00ebn\u00ebsja Blerina","breadcrumb":{"@id":"https:\/\/www.visit-ulcinj.com\/blog\/2016\/04\/27\/bamboo-mayfest-sivjet-ndryshe-ne-ulqin\/#breadcrumb"},"inLanguage":"en-US","potentialAction":[{"@type":"ReadAction","target":["https:\/\/www.visit-ulcinj.com\/blog\/2016\/04\/27\/bamboo-mayfest-sivjet-ndryshe-ne-ulqin\/"]}]},{"@type":"BreadcrumbList","@id":"https:\/\/www.visit-ulcinj.com\/blog\/2016\/04\/27\/bamboo-mayfest-sivjet-ndryshe-ne-ulqin\/#breadcrumb","itemListElement":[{"@type":"ListItem","position":1,"name":"Bamboo Mayfest sivjet m\u00eb ndryshe n\u00eb Ulqin"}]},{"@type":"Person","@id":"https:\/\/www.visit-ulcinj.com\/blog\/#\/schema\/person\/dcab619c614d3038751c63bc2aadc06d","name":"ulqini","sameAs":["http:\/\/www.visit-ulcinj.com"],"url":"https:\/\/www.visit-ulcinj.com\/blog\/author\/admin\/"}]}},"jetpack_featured_media_url":"","jetpack_sharing_enabled":true,"jetpack_shortlink":"https:\/\/wp.me\/pe6lTn-p7y","_links":{"self":[{"href":"https:\/\/www.visit-ulcinj.com\/blog\/wp-json\/wp\/v2\/posts\/96568"}],"collection":[{"href":"https:\/\/www.visit-ulcinj.com\/blog\/wp-json\/wp\/v2\/posts"}],"about":[{"href":"https:\/\/www.visit-ulcinj.com\/blog\/wp-json\/wp\/v2\/types\/post"}],"author":[{"embeddable":true,"href":"https:\/\/www.visit-ulcinj.com\/blog\/wp-json\/wp\/v2\/users\/1"}],"replies":[{"embeddable":true,"href":"https:\/\/www.visit-ulcinj.com\/blog\/wp-json\/wp\/v2\/comments?post=96568"}],"version-history":[{"count":2,"href":"https:\/\/www.visit-ulcinj.com\/blog\/wp-json\/wp\/v2\/posts\/96568\/revisions"}],"predecessor-version":[{"id":96570,"href":"https:\/\/www.visit-ulcinj.com\/blog\/wp-json\/wp\/v2\/posts\/96568\/revisions\/96570"}],"wp:attachment":[{"href":"https:\/\/www.visit-ulcinj.com\/blog\/wp-json\/wp\/v2\/media?parent=96568"}],"wp:term":[{"taxonomy":"category","embeddable":true,"href":"https:\/\/www.visit-ulcinj.com\/blog\/wp-json\/wp\/v2\/categories?post=96568"},{"taxonomy":"post_tag","embeddable":true,"href":"https:\/\/www.visit-ulcinj.com\/blog\/wp-json\/wp\/v2\/tags?post=96568"}],"curies":[{"name":"wp","href":"https:\/\/api.w.org\/{rel}","templated":true}]}}