{"id":96574,"date":"2016-04-27T13:46:33","date_gmt":"2016-04-27T12:46:33","guid":{"rendered":"http:\/\/www.visit-ulcinj.com\/blog\/?p=96574"},"modified":"2016-04-27T13:46:33","modified_gmt":"2016-04-27T12:46:33","slug":"emisija-okvir-abazovic-jasavic-milosevic-video","status":"publish","type":"post","link":"https:\/\/www.visit-ulcinj.com\/blog\/2016\/04\/27\/emisija-okvir-abazovic-jasavic-milosevic-video\/","title":{"rendered":"Emisija &#8220;Okvir&#8221;: Abazovi\u0107, Jasavi\u0107, Milo\u0161evi\u0107 &#8211; Video"},"content":{"rendered":"<p><strong><a href=\"http:\/\/www.visit-ulcinj.com\/blog\/wp-content\/uploads\/2016\/04\/EMISIJA-OKVIR-RTCG.jpg\"><img loading=\"lazy\" class=\"alignleft wp-image-96575\" src=\"http:\/\/www.visit-ulcinj.com\/blog\/wp-content\/uploads\/2016\/04\/EMISIJA-OKVIR-RTCG.jpg\" alt=\"EMISIJA-OKVIR-RTCG\" width=\"508\" height=\"337\" srcset=\"https:\/\/www.visit-ulcinj.com\/blog\/wp-content\/uploads\/2016\/04\/EMISIJA-OKVIR-RTCG.jpg 616w, https:\/\/www.visit-ulcinj.com\/blog\/wp-content\/uploads\/2016\/04\/EMISIJA-OKVIR-RTCG-300x199.jpg 300w\" sizes=\"(max-width: 508px) 100vw, 508px\" \/><\/a>Pozitivna Crna Gora \u0107e potpisati Sporazum o fer i slobodnim izborima i podr\u017eati sve ono \u0161to su promjene, najavila je poslanica te stranke Azra Jasavi\u0107, gostuju\u0107i u emisiji &#8220;Okvir&#8221;, Televizije Crne Gore. Jasavi\u0107 je poru\u010dila da \u0107e Pozitivna biti dio kontrole izbornog procesa.<\/strong><\/p>\n<p>Ona je poru\u010dila da Pozitivna, ne\u0107e Sporazum potpisati isti dan kada su to uradili DPS i opozicija. &#8220;Pozitivna Crna Gora \u0107e potpisati Sporazum, ali ne isti dan kada ga potpisuje DPS, jer se potpuno razlikujemo od te partije, kao i od koncerna &#8220;Vijesti&#8221; i partija koje pripadaju tom koncernu&#8221;, poru\u010dila je Jasavi\u0107.<\/p>\n<p>Ona je saop\u0161tila da su Crnoj Gori potrebne promjene koje \u0107e voditi ljudi koji nijesu u politiku u\u0161li iz materijalnih razloga.<\/p>\n<p>Jasavi\u0107 je poru\u010dila da \u0107e Pozitivna biti dio kontrole izbornog procesa. &#8220;Mi to o\u010dekujemo iz kvote opozicije, ako \u017eele zaista fer izbore, da shvate da Pozitivna nema nijednu funkciju u ovoj dr\u017eavi&#8221;, poru\u010dila je Jasavi\u0107.<\/p>\n<p>&#8220;Pozitivnoj Crnoj Gori nema ko \u0161ta da prigovori oko toga da je Pozitivna bila dosljedna i ispunila ono \u0161to je obe\u0107ala&#8221;, kazala je Jasavi\u0107.<\/p>\n<p>Politi\u010dki direktor DPS-a Tarzan Milo\u0161evi\u0107 je kazao da vjeruje u to da \u0107e Pozitivna biti dio vlasti, ali nije direktno odgovorio na pitanje da li \u0107e to biti sa kvote vlasti ili opozicije.<\/p>\n<p>\u010clan URE Dritan Abazovi\u0107 je saop\u0161tio da je njemu jasno kome pripada partija koja u Skup\u0161tini daje povjerenje Vladi.<\/p>\n<p>&#8220;Ako DPS iz svoje kvode da Pozitivnoj \u010ditavu Vladu mi ne\u0107emo imati ni\u0161ta protiv toga&#8221;, kazao je Abazovi\u0107 i ponovio da Pozitivna ne\u0107e sa kvote opozicije dobiti mjesta u prelaznoj Vladi.<\/p>\n<p>Abazovi\u0107 je ocijenio da je dobro \u0161to je Sporazum potpisan. &#8220;\u017dalosno je \u0161to moramo da potpisujemo ovakve Sporazume&#8230; To mnogo govori o onima koji su vodili ovaj sistem&#8221;, rekao je Abazovi\u0107.<\/p>\n<p>&#8220;\u017delja URE, vjerujem i ostalih potpisnika je da u oktobru imamo izbore koji \u0107e biti najvi\u0161e fer od svih do sada odr\u017eanih&#8221;, naveo je Abazovi\u0107 i dodao da vlast koja se konstitui\u0161e nakon izbora treba da bude izbor volje ve\u0107ine svih gra\u0111ana. &#8220;Mi takvu vlast sada nemamo&#8221;, poru\u010dio je Abazovi\u0107.<\/p>\n<p>Milo\u0161evi\u0107 je, na po\u010detku emisije, saop\u0161tio da su potpisivanjem Sporazuma, stvorene sve pretpostavke da izbori budu odr\u017eani u skladu sa zakonom i prihva\u0107eni od svih subjekata koji budu u\u010destvovali u izbornom procesu.<\/p>\n<p>&#8220;Cilj je puno povjerenje u izborni proces i u ono \u0161to Vlada bude radila do izbora&#8221;, kazao je Milo\u0161evi\u0107.<\/p>\n<p>Izvor: RTCG<\/p>\n<p>[flv]http:\/\/www.rtcg.me\/upload\/boxFileData\/2016\/04\/27\/173520\/okvir26042016.mp4[\/flv]<\/p>\n","protected":false},"excerpt":{"rendered":"<p>Pozitivna Crna Gora \u0107e potpisati Sporazum o fer i slobodnim izborima i podr\u017eati sve ono \u0161to su promjene, najavila je poslanica te stranke Azra Jasavi\u0107, gostuju\u0107i u emisiji &#8220;Okvir&#8221;, Televizije Crne Gore. Jasavi\u0107 je poru\u010dila da \u0107e Pozitivna biti dio kontrole izbornog procesa. Ona je poru\u010dila da Pozitivna, ne\u0107e Sporazum potpisati isti dan kada su [&hellip;]<\/p>\n","protected":false},"author":1,"featured_media":0,"comment_status":"closed","ping_status":"closed","sticky":false,"template":"","format":"standard","meta":{"spay_email":"","jetpack_publicize_message":"","jetpack_is_tweetstorm":false,"jetpack_publicize_feature_enabled":true},"categories":[8337],"tags":[],"jetpack_publicize_connections":[],"yoast_head":"<!-- This site is optimized with the Yoast SEO plugin v19.1 - https:\/\/yoast.com\/wordpress\/plugins\/seo\/ -->\n<title>Emisija &quot;Okvir&quot;: Abazovi\u0107, Jasavi\u0107, Milo\u0161evi\u0107 - Video - Lajme nga Ulqini<\/title>\n<meta name=\"description\" content=\"Pozitivna Crna Gora \u0107e potpisati Sporazum o fer i slobodnim izborima i podr\u017eati sve ono \u0161to su promjene, najavila je poslanica te stranke Azra Jasavi\u0107,\" \/>\n<meta name=\"robots\" content=\"index, follow, max-snippet:-1, max-image-preview:large, max-video-preview:-1\" \/>\n<link rel=\"canonical\" href=\"https:\/\/www.visit-ulcinj.com\/blog\/2016\/04\/27\/emisija-okvir-abazovic-jasavic-milosevic-video\/\" \/>\n<meta property=\"og:locale\" content=\"en_US\" \/>\n<meta property=\"og:type\" content=\"article\" \/>\n<meta property=\"og:title\" content=\"Emisija &quot;Okvir&quot;: Abazovi\u0107, Jasavi\u0107, Milo\u0161evi\u0107 - Video - Lajme nga Ulqini\" \/>\n<meta property=\"og:description\" content=\"Pozitivna Crna Gora \u0107e potpisati Sporazum o fer i slobodnim izborima i podr\u017eati sve ono \u0161to su promjene, najavila je poslanica te stranke Azra Jasavi\u0107,\" \/>\n<meta property=\"og:url\" content=\"https:\/\/www.visit-ulcinj.com\/blog\/2016\/04\/27\/emisija-okvir-abazovic-jasavic-milosevic-video\/\" \/>\n<meta property=\"og:site_name\" content=\"Lajme nga Ulqini\" \/>\n<meta property=\"article:published_time\" content=\"2016-04-27T12:46:33+00:00\" \/>\n<meta property=\"og:image\" content=\"http:\/\/www.visit-ulcinj.com\/blog\/wp-content\/uploads\/2016\/04\/EMISIJA-OKVIR-RTCG.jpg\" \/>\n<meta name=\"twitter:label1\" content=\"Written by\" \/>\n\t<meta name=\"twitter:data1\" content=\"ulqini\" \/>\n\t<meta name=\"twitter:label2\" content=\"Est. reading time\" \/>\n\t<meta name=\"twitter:data2\" content=\"2 minutes\" \/>\n<script type=\"application\/ld+json\" class=\"yoast-schema-graph\">{\"@context\":\"https:\/\/schema.org\",\"@graph\":[{\"@type\":\"WebSite\",\"@id\":\"https:\/\/www.visit-ulcinj.com\/blog\/#website\",\"url\":\"https:\/\/www.visit-ulcinj.com\/blog\/\",\"name\":\"Lajme nga Ulqini\",\"description\":\"Lajme,Vijesti,Ulqini,Ulqin,Crna Gora,Mali i Zi\",\"potentialAction\":[{\"@type\":\"SearchAction\",\"target\":{\"@type\":\"EntryPoint\",\"urlTemplate\":\"https:\/\/www.visit-ulcinj.com\/blog\/?s={search_term_string}\"},\"query-input\":\"required name=search_term_string\"}],\"inLanguage\":\"en-US\"},{\"@type\":\"ImageObject\",\"inLanguage\":\"en-US\",\"@id\":\"https:\/\/www.visit-ulcinj.com\/blog\/2016\/04\/27\/emisija-okvir-abazovic-jasavic-milosevic-video\/#primaryimage\",\"url\":\"https:\/\/www.visit-ulcinj.com\/blog\/wp-content\/uploads\/2016\/04\/EMISIJA-OKVIR-RTCG.jpg\",\"contentUrl\":\"https:\/\/www.visit-ulcinj.com\/blog\/wp-content\/uploads\/2016\/04\/EMISIJA-OKVIR-RTCG.jpg\",\"width\":616,\"height\":409},{\"@type\":\"WebPage\",\"@id\":\"https:\/\/www.visit-ulcinj.com\/blog\/2016\/04\/27\/emisija-okvir-abazovic-jasavic-milosevic-video\/#webpage\",\"url\":\"https:\/\/www.visit-ulcinj.com\/blog\/2016\/04\/27\/emisija-okvir-abazovic-jasavic-milosevic-video\/\",\"name\":\"Emisija \\\"Okvir\\\": Abazovi\u0107, Jasavi\u0107, Milo\u0161evi\u0107 - Video - Lajme nga Ulqini\",\"isPartOf\":{\"@id\":\"https:\/\/www.visit-ulcinj.com\/blog\/#website\"},\"primaryImageOfPage\":{\"@id\":\"https:\/\/www.visit-ulcinj.com\/blog\/2016\/04\/27\/emisija-okvir-abazovic-jasavic-milosevic-video\/#primaryimage\"},\"datePublished\":\"2016-04-27T12:46:33+00:00\",\"dateModified\":\"2016-04-27T12:46:33+00:00\",\"author\":{\"@id\":\"https:\/\/www.visit-ulcinj.com\/blog\/#\/schema\/person\/dcab619c614d3038751c63bc2aadc06d\"},\"description\":\"Pozitivna Crna Gora \u0107e potpisati Sporazum o fer i slobodnim izborima i podr\u017eati sve ono \u0161to su promjene, najavila je poslanica te stranke Azra Jasavi\u0107,\",\"breadcrumb\":{\"@id\":\"https:\/\/www.visit-ulcinj.com\/blog\/2016\/04\/27\/emisija-okvir-abazovic-jasavic-milosevic-video\/#breadcrumb\"},\"inLanguage\":\"en-US\",\"potentialAction\":[{\"@type\":\"ReadAction\",\"target\":[\"https:\/\/www.visit-ulcinj.com\/blog\/2016\/04\/27\/emisija-okvir-abazovic-jasavic-milosevic-video\/\"]}]},{\"@type\":\"BreadcrumbList\",\"@id\":\"https:\/\/www.visit-ulcinj.com\/blog\/2016\/04\/27\/emisija-okvir-abazovic-jasavic-milosevic-video\/#breadcrumb\",\"itemListElement\":[{\"@type\":\"ListItem\",\"position\":1,\"name\":\"Emisija &#8220;Okvir&#8221;: Abazovi\u0107, Jasavi\u0107, Milo\u0161evi\u0107 &#8211; Video\"}]},{\"@type\":\"Person\",\"@id\":\"https:\/\/www.visit-ulcinj.com\/blog\/#\/schema\/person\/dcab619c614d3038751c63bc2aadc06d\",\"name\":\"ulqini\",\"sameAs\":[\"http:\/\/www.visit-ulcinj.com\"],\"url\":\"https:\/\/www.visit-ulcinj.com\/blog\/author\/admin\/\"}]}<\/script>\n<!-- \/ Yoast SEO plugin. -->","yoast_head_json":{"title":"Emisija \"Okvir\": Abazovi\u0107, Jasavi\u0107, Milo\u0161evi\u0107 - Video - Lajme nga Ulqini","description":"Pozitivna Crna Gora \u0107e potpisati Sporazum o fer i slobodnim izborima i podr\u017eati sve ono \u0161to su promjene, najavila je poslanica te stranke Azra Jasavi\u0107,","robots":{"index":"index","follow":"follow","max-snippet":"max-snippet:-1","max-image-preview":"max-image-preview:large","max-video-preview":"max-video-preview:-1"},"canonical":"https:\/\/www.visit-ulcinj.com\/blog\/2016\/04\/27\/emisija-okvir-abazovic-jasavic-milosevic-video\/","og_locale":"en_US","og_type":"article","og_title":"Emisija \"Okvir\": Abazovi\u0107, Jasavi\u0107, Milo\u0161evi\u0107 - Video - Lajme nga Ulqini","og_description":"Pozitivna Crna Gora \u0107e potpisati Sporazum o fer i slobodnim izborima i podr\u017eati sve ono \u0161to su promjene, najavila je poslanica te stranke Azra Jasavi\u0107,","og_url":"https:\/\/www.visit-ulcinj.com\/blog\/2016\/04\/27\/emisija-okvir-abazovic-jasavic-milosevic-video\/","og_site_name":"Lajme nga Ulqini","article_published_time":"2016-04-27T12:46:33+00:00","og_image":[{"url":"http:\/\/www.visit-ulcinj.com\/blog\/wp-content\/uploads\/2016\/04\/EMISIJA-OKVIR-RTCG.jpg"}],"twitter_misc":{"Written by":"ulqini","Est. reading time":"2 minutes"},"schema":{"@context":"https:\/\/schema.org","@graph":[{"@type":"WebSite","@id":"https:\/\/www.visit-ulcinj.com\/blog\/#website","url":"https:\/\/www.visit-ulcinj.com\/blog\/","name":"Lajme nga Ulqini","description":"Lajme,Vijesti,Ulqini,Ulqin,Crna Gora,Mali i Zi","potentialAction":[{"@type":"SearchAction","target":{"@type":"EntryPoint","urlTemplate":"https:\/\/www.visit-ulcinj.com\/blog\/?s={search_term_string}"},"query-input":"required name=search_term_string"}],"inLanguage":"en-US"},{"@type":"ImageObject","inLanguage":"en-US","@id":"https:\/\/www.visit-ulcinj.com\/blog\/2016\/04\/27\/emisija-okvir-abazovic-jasavic-milosevic-video\/#primaryimage","url":"https:\/\/www.visit-ulcinj.com\/blog\/wp-content\/uploads\/2016\/04\/EMISIJA-OKVIR-RTCG.jpg","contentUrl":"https:\/\/www.visit-ulcinj.com\/blog\/wp-content\/uploads\/2016\/04\/EMISIJA-OKVIR-RTCG.jpg","width":616,"height":409},{"@type":"WebPage","@id":"https:\/\/www.visit-ulcinj.com\/blog\/2016\/04\/27\/emisija-okvir-abazovic-jasavic-milosevic-video\/#webpage","url":"https:\/\/www.visit-ulcinj.com\/blog\/2016\/04\/27\/emisija-okvir-abazovic-jasavic-milosevic-video\/","name":"Emisija \"Okvir\": Abazovi\u0107, Jasavi\u0107, Milo\u0161evi\u0107 - Video - Lajme nga Ulqini","isPartOf":{"@id":"https:\/\/www.visit-ulcinj.com\/blog\/#website"},"primaryImageOfPage":{"@id":"https:\/\/www.visit-ulcinj.com\/blog\/2016\/04\/27\/emisija-okvir-abazovic-jasavic-milosevic-video\/#primaryimage"},"datePublished":"2016-04-27T12:46:33+00:00","dateModified":"2016-04-27T12:46:33+00:00","author":{"@id":"https:\/\/www.visit-ulcinj.com\/blog\/#\/schema\/person\/dcab619c614d3038751c63bc2aadc06d"},"description":"Pozitivna Crna Gora \u0107e potpisati Sporazum o fer i slobodnim izborima i podr\u017eati sve ono \u0161to su promjene, najavila je poslanica te stranke Azra Jasavi\u0107,","breadcrumb":{"@id":"https:\/\/www.visit-ulcinj.com\/blog\/2016\/04\/27\/emisija-okvir-abazovic-jasavic-milosevic-video\/#breadcrumb"},"inLanguage":"en-US","potentialAction":[{"@type":"ReadAction","target":["https:\/\/www.visit-ulcinj.com\/blog\/2016\/04\/27\/emisija-okvir-abazovic-jasavic-milosevic-video\/"]}]},{"@type":"BreadcrumbList","@id":"https:\/\/www.visit-ulcinj.com\/blog\/2016\/04\/27\/emisija-okvir-abazovic-jasavic-milosevic-video\/#breadcrumb","itemListElement":[{"@type":"ListItem","position":1,"name":"Emisija &#8220;Okvir&#8221;: Abazovi\u0107, Jasavi\u0107, Milo\u0161evi\u0107 &#8211; Video"}]},{"@type":"Person","@id":"https:\/\/www.visit-ulcinj.com\/blog\/#\/schema\/person\/dcab619c614d3038751c63bc2aadc06d","name":"ulqini","sameAs":["http:\/\/www.visit-ulcinj.com"],"url":"https:\/\/www.visit-ulcinj.com\/blog\/author\/admin\/"}]}},"jetpack_featured_media_url":"","jetpack_sharing_enabled":true,"jetpack_shortlink":"https:\/\/wp.me\/pe6lTn-p7E","_links":{"self":[{"href":"https:\/\/www.visit-ulcinj.com\/blog\/wp-json\/wp\/v2\/posts\/96574"}],"collection":[{"href":"https:\/\/www.visit-ulcinj.com\/blog\/wp-json\/wp\/v2\/posts"}],"about":[{"href":"https:\/\/www.visit-ulcinj.com\/blog\/wp-json\/wp\/v2\/types\/post"}],"author":[{"embeddable":true,"href":"https:\/\/www.visit-ulcinj.com\/blog\/wp-json\/wp\/v2\/users\/1"}],"replies":[{"embeddable":true,"href":"https:\/\/www.visit-ulcinj.com\/blog\/wp-json\/wp\/v2\/comments?post=96574"}],"version-history":[{"count":1,"href":"https:\/\/www.visit-ulcinj.com\/blog\/wp-json\/wp\/v2\/posts\/96574\/revisions"}],"predecessor-version":[{"id":96576,"href":"https:\/\/www.visit-ulcinj.com\/blog\/wp-json\/wp\/v2\/posts\/96574\/revisions\/96576"}],"wp:attachment":[{"href":"https:\/\/www.visit-ulcinj.com\/blog\/wp-json\/wp\/v2\/media?parent=96574"}],"wp:term":[{"taxonomy":"category","embeddable":true,"href":"https:\/\/www.visit-ulcinj.com\/blog\/wp-json\/wp\/v2\/categories?post=96574"},{"taxonomy":"post_tag","embeddable":true,"href":"https:\/\/www.visit-ulcinj.com\/blog\/wp-json\/wp\/v2\/tags?post=96574"}],"curies":[{"name":"wp","href":"https:\/\/api.w.org\/{rel}","templated":true}]}}