{"id":96583,"date":"2016-04-29T20:25:46","date_gmt":"2016-04-29T19:25:46","guid":{"rendered":"http:\/\/www.visit-ulcinj.com\/blog\/?p=96583"},"modified":"2016-04-29T20:52:59","modified_gmt":"2016-04-29T19:52:59","slug":"forum-mne-vas-poziva-da-donirate-drvo-ulcinju","status":"publish","type":"post","link":"https:\/\/www.visit-ulcinj.com\/blog\/2016\/04\/29\/forum-mne-vas-poziva-da-donirate-drvo-ulcinju\/","title":{"rendered":"Forum MNE Vas poziva da donirate drvo Ulcinju"},"content":{"rendered":"<p><strong><a href=\"http:\/\/www.visit-ulcinj.com\/blog\/wp-content\/uploads\/2016\/04\/Forum-MNE-poziva-da-donirate-drvo-Ulcinju.jpg\"><img loading=\"lazy\" class=\"alignleft wp-image-96584\" src=\"http:\/\/www.visit-ulcinj.com\/blog\/wp-content\/uploads\/2016\/04\/Forum-MNE-poziva-da-donirate-drvo-Ulcinju.jpg\" alt=\"Forum-MNE- poziva da donirate drvo Ulcinju\" width=\"508\" height=\"193\" srcset=\"https:\/\/www.visit-ulcinj.com\/blog\/wp-content\/uploads\/2016\/04\/Forum-MNE-poziva-da-donirate-drvo-Ulcinju.jpg 960w, https:\/\/www.visit-ulcinj.com\/blog\/wp-content\/uploads\/2016\/04\/Forum-MNE-poziva-da-donirate-drvo-Ulcinju-300x114.jpg 300w\" sizes=\"(max-width: 508px) 100vw, 508px\" \/><\/a>Najavljujemo veliku gra\u0111ansku akciju sadnje u Ulcinju, 17. maj 2016, u 11h<\/strong><\/p>\n<p><strong>Forum MNE<\/strong>\u00a0Vas poziva da <strong>donirate drvo Ulcinju <\/strong>na velikoj <strong>gra\u0111anskoj akciji sadnje<\/strong> koja \u0107e se odr\u017eati u <strong>borovoj \u0161umi, pla\u017ea Sapore Di Mare, 17. maja 2016. godine, s po\u010detkom u 11h <\/strong>i promovi\u0161ete sebe i svoj rad, ali i poka\u017eete da ste dru\u0161tveno odgovorni!<\/p>\n<p>Gra\u0111ansku akciju \u0107e otvoriti <strong>predsjednik op\u0161tine Ulcinj gdin Nazif Cungu\u00a0<\/strong>i <strong>direktorka<\/strong> <strong>Foruma MNE g\u0111a Elvira Had\u017eibegovi\u0107 Bubanja.<\/strong><\/p>\n<p>Ako imate biznis, vodite instituciju, organizaciju, a \u017eelite da promovi\u0161ete svoju dru\u0161tvenu orgovosnost i \u017eelite da podr\u017eite akciju, donacijom u iznosu od <strong>200 eura i vi\u0161e, <\/strong>obezbje\u0111ujete da se ime Va\u0161e institucije, preduze\u0107a ili firme ugravira na plo\u010dici donatorske table, dok \u0107e se iznosi <strong>ispod 200 eura <\/strong>\u0161tampati sa druge strane.<\/p>\n<p>Npr. za Va\u0161u donaciju od 200 eura mo\u0107i \u0107emo da kupimo <strong>4 do 7 vi\u0161egodi\u0161njih sadnica. <\/strong><em><br \/>\n<\/em><\/p>\n<p>Ako kao gra\u0111anin ili gra\u0111anka \u017eelite da podr\u017eite akciju, donacijom u iznosu od <strong>10 eura i vi\u0161e\u00a0<\/strong>obezbje\u0111ujete da se ime Va\u0161eg djeteta na\u0111e na info tabli koja \u0107e biti postavljena u parku istog dana.<\/p>\n<p><em>Potrebno je 17,5 stabala po osobi za proizvodnju dovoljno kiseonika za pre\u017eivljavanje, ali je potrebno 20 stabala po osobi da pre\u010disti CO2 koji svaka osoba stvori \u2013 istra\u017eivanje NASA.<\/em><\/p>\n<p>Akciji sadnje \u0107e prisustvovati veliki broj mladih ljudi iz Ulcinja, a program akcije \u0107e uklju\u010divati i zanimljive edukativno-rekreativne aktivnosti.<\/p>\n<p>Akcije sadnje u sklopu projekta <em>Mladi za zelenu Crnu Goru <\/em>se sprovode ve\u0107 <strong>\u010detiri<\/strong> <strong>godine<\/strong>. Do sada smo projektom obuhvatili gradske parkove u <strong>Podgorici, <\/strong>na <strong>Cetinju, <\/strong>u <strong>Kotoru, <\/strong>u <strong>Pljevljima, <\/strong>u <strong>Nik\u0161i\u0107u <\/strong>i u <strong>Bijelom Polju. <\/strong>Akcije same sadnje su uvijek odli\u010dno posje\u0107ene kako od mladih aktivista, ljubitelja prirode, donatora, partnera, tako i od ukupnog gra\u0111anstva. Pored samih akcija sadnje, Forum MNE \u0107e i ove godine sprovoditi ljetnje edukativne \u0161kole o odr\u017eivom razvoju za mlade ljude \u0161irom Crne Gore. Projekat finansijski podr\u017eava Fond bra\u0107e Rokfeler, a sprovodi se u saradnji sa Ministarstvom odr\u017eivog razvoja i turizma i Centrom za stru\u010dno obrazovanje.<\/p>\n<p>Svojom donacijom poma\u017eete volonterskoj inicijativi mladih ljudi koji po\u0161umljavaju mnogobrojne lokacije u Crnoj Gori, ali i pokazujete da ste <strong>dru\u0161tveno odgovorni!<\/strong><\/p>\n<p>Svoju donaciju mo\u017eete uplatiti putem sljede\u0107ih \u017eiro ra\u010duna:<\/p>\n<p><strong>NLB 530-13713-02 \/ CKB 510-84818-17 \/ Prva banka Crne Gore 535-14939-76<\/strong><\/p>\n<p>Za sve dodatne informacije, budite slobodni da pozovete <strong>020 602 710 ili 069 189 247\u00a0<\/strong><strong>ili se informi\u0161ete putem: <\/strong><a href=\"http:\/\/www.forum-mne.com\"><strong>www.forum-mne.com<\/strong><\/a><\/p>\n","protected":false},"excerpt":{"rendered":"<p>Najavljujemo veliku gra\u0111ansku akciju sadnje u Ulcinju, 17. maj 2016, u 11h Forum MNE\u00a0Vas poziva da donirate drvo Ulcinju na velikoj gra\u0111anskoj akciji sadnje koja \u0107e se odr\u017eati u borovoj \u0161umi, pla\u017ea Sapore Di Mare, 17. maja 2016. godine, s po\u010detkom u 11h i promovi\u0161ete sebe i svoj rad, ali i poka\u017eete da ste dru\u0161tveno [&hellip;]<\/p>\n","protected":false},"author":1,"featured_media":0,"comment_status":"closed","ping_status":"closed","sticky":false,"template":"","format":"standard","meta":{"spay_email":"","jetpack_publicize_message":"","jetpack_is_tweetstorm":false,"jetpack_publicize_feature_enabled":true},"categories":[8337],"tags":[],"jetpack_publicize_connections":[],"yoast_head":"<!-- This site is optimized with the Yoast SEO plugin v19.1 - https:\/\/yoast.com\/wordpress\/plugins\/seo\/ -->\n<title>Forum MNE Vas poziva da donirate drvo Ulcinju - Lajme nga Ulqini<\/title>\n<meta name=\"description\" content=\"Najavljujemo veliku gra\u0111ansku akciju sadnje u Ulcinju, 17. maj 2016, u 11h Forum MNE\u00a0Vas poziva da donirate drvo Ulcinju na velikoj gra\u0111anskoj akciji\" \/>\n<meta name=\"robots\" content=\"index, follow, max-snippet:-1, max-image-preview:large, max-video-preview:-1\" \/>\n<link rel=\"canonical\" href=\"https:\/\/www.visit-ulcinj.com\/blog\/2016\/04\/29\/forum-mne-vas-poziva-da-donirate-drvo-ulcinju\/\" \/>\n<meta property=\"og:locale\" content=\"en_US\" \/>\n<meta property=\"og:type\" content=\"article\" \/>\n<meta property=\"og:title\" content=\"Forum MNE Vas poziva da donirate drvo Ulcinju - Lajme nga Ulqini\" \/>\n<meta property=\"og:description\" content=\"Najavljujemo veliku gra\u0111ansku akciju sadnje u Ulcinju, 17. maj 2016, u 11h Forum MNE\u00a0Vas poziva da donirate drvo Ulcinju na velikoj gra\u0111anskoj akciji\" \/>\n<meta property=\"og:url\" content=\"https:\/\/www.visit-ulcinj.com\/blog\/2016\/04\/29\/forum-mne-vas-poziva-da-donirate-drvo-ulcinju\/\" \/>\n<meta property=\"og:site_name\" content=\"Lajme nga Ulqini\" \/>\n<meta property=\"article:published_time\" content=\"2016-04-29T19:25:46+00:00\" \/>\n<meta property=\"article:modified_time\" content=\"2016-04-29T19:52:59+00:00\" \/>\n<meta property=\"og:image\" content=\"http:\/\/www.visit-ulcinj.com\/blog\/wp-content\/uploads\/2016\/04\/Forum-MNE-poziva-da-donirate-drvo-Ulcinju.jpg\" \/>\n<meta name=\"twitter:label1\" content=\"Written by\" \/>\n\t<meta name=\"twitter:data1\" content=\"ulqini\" \/>\n\t<meta name=\"twitter:label2\" content=\"Est. reading time\" \/>\n\t<meta name=\"twitter:data2\" content=\"2 minutes\" \/>\n<script type=\"application\/ld+json\" class=\"yoast-schema-graph\">{\"@context\":\"https:\/\/schema.org\",\"@graph\":[{\"@type\":\"WebSite\",\"@id\":\"https:\/\/www.visit-ulcinj.com\/blog\/#website\",\"url\":\"https:\/\/www.visit-ulcinj.com\/blog\/\",\"name\":\"Lajme nga Ulqini\",\"description\":\"Lajme,Vijesti,Ulqini,Ulqin,Crna Gora,Mali i Zi\",\"potentialAction\":[{\"@type\":\"SearchAction\",\"target\":{\"@type\":\"EntryPoint\",\"urlTemplate\":\"https:\/\/www.visit-ulcinj.com\/blog\/?s={search_term_string}\"},\"query-input\":\"required name=search_term_string\"}],\"inLanguage\":\"en-US\"},{\"@type\":\"ImageObject\",\"inLanguage\":\"en-US\",\"@id\":\"https:\/\/www.visit-ulcinj.com\/blog\/2016\/04\/29\/forum-mne-vas-poziva-da-donirate-drvo-ulcinju\/#primaryimage\",\"url\":\"https:\/\/www.visit-ulcinj.com\/blog\/wp-content\/uploads\/2016\/04\/Forum-MNE-poziva-da-donirate-drvo-Ulcinju.jpg\",\"contentUrl\":\"https:\/\/www.visit-ulcinj.com\/blog\/wp-content\/uploads\/2016\/04\/Forum-MNE-poziva-da-donirate-drvo-Ulcinju.jpg\",\"width\":960,\"height\":364},{\"@type\":\"WebPage\",\"@id\":\"https:\/\/www.visit-ulcinj.com\/blog\/2016\/04\/29\/forum-mne-vas-poziva-da-donirate-drvo-ulcinju\/#webpage\",\"url\":\"https:\/\/www.visit-ulcinj.com\/blog\/2016\/04\/29\/forum-mne-vas-poziva-da-donirate-drvo-ulcinju\/\",\"name\":\"Forum MNE Vas poziva da donirate drvo Ulcinju - Lajme nga Ulqini\",\"isPartOf\":{\"@id\":\"https:\/\/www.visit-ulcinj.com\/blog\/#website\"},\"primaryImageOfPage\":{\"@id\":\"https:\/\/www.visit-ulcinj.com\/blog\/2016\/04\/29\/forum-mne-vas-poziva-da-donirate-drvo-ulcinju\/#primaryimage\"},\"datePublished\":\"2016-04-29T19:25:46+00:00\",\"dateModified\":\"2016-04-29T19:52:59+00:00\",\"author\":{\"@id\":\"https:\/\/www.visit-ulcinj.com\/blog\/#\/schema\/person\/dcab619c614d3038751c63bc2aadc06d\"},\"description\":\"Najavljujemo veliku gra\u0111ansku akciju sadnje u Ulcinju, 17. maj 2016, u 11h Forum MNE\u00a0Vas poziva da donirate drvo Ulcinju na velikoj gra\u0111anskoj akciji\",\"breadcrumb\":{\"@id\":\"https:\/\/www.visit-ulcinj.com\/blog\/2016\/04\/29\/forum-mne-vas-poziva-da-donirate-drvo-ulcinju\/#breadcrumb\"},\"inLanguage\":\"en-US\",\"potentialAction\":[{\"@type\":\"ReadAction\",\"target\":[\"https:\/\/www.visit-ulcinj.com\/blog\/2016\/04\/29\/forum-mne-vas-poziva-da-donirate-drvo-ulcinju\/\"]}]},{\"@type\":\"BreadcrumbList\",\"@id\":\"https:\/\/www.visit-ulcinj.com\/blog\/2016\/04\/29\/forum-mne-vas-poziva-da-donirate-drvo-ulcinju\/#breadcrumb\",\"itemListElement\":[{\"@type\":\"ListItem\",\"position\":1,\"name\":\"Forum MNE Vas poziva da donirate drvo Ulcinju\"}]},{\"@type\":\"Person\",\"@id\":\"https:\/\/www.visit-ulcinj.com\/blog\/#\/schema\/person\/dcab619c614d3038751c63bc2aadc06d\",\"name\":\"ulqini\",\"sameAs\":[\"http:\/\/www.visit-ulcinj.com\"],\"url\":\"https:\/\/www.visit-ulcinj.com\/blog\/author\/admin\/\"}]}<\/script>\n<!-- \/ Yoast SEO plugin. -->","yoast_head_json":{"title":"Forum MNE Vas poziva da donirate drvo Ulcinju - Lajme nga Ulqini","description":"Najavljujemo veliku gra\u0111ansku akciju sadnje u Ulcinju, 17. maj 2016, u 11h Forum MNE\u00a0Vas poziva da donirate drvo Ulcinju na velikoj gra\u0111anskoj akciji","robots":{"index":"index","follow":"follow","max-snippet":"max-snippet:-1","max-image-preview":"max-image-preview:large","max-video-preview":"max-video-preview:-1"},"canonical":"https:\/\/www.visit-ulcinj.com\/blog\/2016\/04\/29\/forum-mne-vas-poziva-da-donirate-drvo-ulcinju\/","og_locale":"en_US","og_type":"article","og_title":"Forum MNE Vas poziva da donirate drvo Ulcinju - Lajme nga Ulqini","og_description":"Najavljujemo veliku gra\u0111ansku akciju sadnje u Ulcinju, 17. maj 2016, u 11h Forum MNE\u00a0Vas poziva da donirate drvo Ulcinju na velikoj gra\u0111anskoj akciji","og_url":"https:\/\/www.visit-ulcinj.com\/blog\/2016\/04\/29\/forum-mne-vas-poziva-da-donirate-drvo-ulcinju\/","og_site_name":"Lajme nga Ulqini","article_published_time":"2016-04-29T19:25:46+00:00","article_modified_time":"2016-04-29T19:52:59+00:00","og_image":[{"url":"http:\/\/www.visit-ulcinj.com\/blog\/wp-content\/uploads\/2016\/04\/Forum-MNE-poziva-da-donirate-drvo-Ulcinju.jpg"}],"twitter_misc":{"Written by":"ulqini","Est. reading time":"2 minutes"},"schema":{"@context":"https:\/\/schema.org","@graph":[{"@type":"WebSite","@id":"https:\/\/www.visit-ulcinj.com\/blog\/#website","url":"https:\/\/www.visit-ulcinj.com\/blog\/","name":"Lajme nga Ulqini","description":"Lajme,Vijesti,Ulqini,Ulqin,Crna Gora,Mali i Zi","potentialAction":[{"@type":"SearchAction","target":{"@type":"EntryPoint","urlTemplate":"https:\/\/www.visit-ulcinj.com\/blog\/?s={search_term_string}"},"query-input":"required name=search_term_string"}],"inLanguage":"en-US"},{"@type":"ImageObject","inLanguage":"en-US","@id":"https:\/\/www.visit-ulcinj.com\/blog\/2016\/04\/29\/forum-mne-vas-poziva-da-donirate-drvo-ulcinju\/#primaryimage","url":"https:\/\/www.visit-ulcinj.com\/blog\/wp-content\/uploads\/2016\/04\/Forum-MNE-poziva-da-donirate-drvo-Ulcinju.jpg","contentUrl":"https:\/\/www.visit-ulcinj.com\/blog\/wp-content\/uploads\/2016\/04\/Forum-MNE-poziva-da-donirate-drvo-Ulcinju.jpg","width":960,"height":364},{"@type":"WebPage","@id":"https:\/\/www.visit-ulcinj.com\/blog\/2016\/04\/29\/forum-mne-vas-poziva-da-donirate-drvo-ulcinju\/#webpage","url":"https:\/\/www.visit-ulcinj.com\/blog\/2016\/04\/29\/forum-mne-vas-poziva-da-donirate-drvo-ulcinju\/","name":"Forum MNE Vas poziva da donirate drvo Ulcinju - Lajme nga Ulqini","isPartOf":{"@id":"https:\/\/www.visit-ulcinj.com\/blog\/#website"},"primaryImageOfPage":{"@id":"https:\/\/www.visit-ulcinj.com\/blog\/2016\/04\/29\/forum-mne-vas-poziva-da-donirate-drvo-ulcinju\/#primaryimage"},"datePublished":"2016-04-29T19:25:46+00:00","dateModified":"2016-04-29T19:52:59+00:00","author":{"@id":"https:\/\/www.visit-ulcinj.com\/blog\/#\/schema\/person\/dcab619c614d3038751c63bc2aadc06d"},"description":"Najavljujemo veliku gra\u0111ansku akciju sadnje u Ulcinju, 17. maj 2016, u 11h Forum MNE\u00a0Vas poziva da donirate drvo Ulcinju na velikoj gra\u0111anskoj akciji","breadcrumb":{"@id":"https:\/\/www.visit-ulcinj.com\/blog\/2016\/04\/29\/forum-mne-vas-poziva-da-donirate-drvo-ulcinju\/#breadcrumb"},"inLanguage":"en-US","potentialAction":[{"@type":"ReadAction","target":["https:\/\/www.visit-ulcinj.com\/blog\/2016\/04\/29\/forum-mne-vas-poziva-da-donirate-drvo-ulcinju\/"]}]},{"@type":"BreadcrumbList","@id":"https:\/\/www.visit-ulcinj.com\/blog\/2016\/04\/29\/forum-mne-vas-poziva-da-donirate-drvo-ulcinju\/#breadcrumb","itemListElement":[{"@type":"ListItem","position":1,"name":"Forum MNE Vas poziva da donirate drvo Ulcinju"}]},{"@type":"Person","@id":"https:\/\/www.visit-ulcinj.com\/blog\/#\/schema\/person\/dcab619c614d3038751c63bc2aadc06d","name":"ulqini","sameAs":["http:\/\/www.visit-ulcinj.com"],"url":"https:\/\/www.visit-ulcinj.com\/blog\/author\/admin\/"}]}},"jetpack_featured_media_url":"","jetpack_sharing_enabled":true,"jetpack_shortlink":"https:\/\/wp.me\/pe6lTn-p7N","_links":{"self":[{"href":"https:\/\/www.visit-ulcinj.com\/blog\/wp-json\/wp\/v2\/posts\/96583"}],"collection":[{"href":"https:\/\/www.visit-ulcinj.com\/blog\/wp-json\/wp\/v2\/posts"}],"about":[{"href":"https:\/\/www.visit-ulcinj.com\/blog\/wp-json\/wp\/v2\/types\/post"}],"author":[{"embeddable":true,"href":"https:\/\/www.visit-ulcinj.com\/blog\/wp-json\/wp\/v2\/users\/1"}],"replies":[{"embeddable":true,"href":"https:\/\/www.visit-ulcinj.com\/blog\/wp-json\/wp\/v2\/comments?post=96583"}],"version-history":[{"count":1,"href":"https:\/\/www.visit-ulcinj.com\/blog\/wp-json\/wp\/v2\/posts\/96583\/revisions"}],"predecessor-version":[{"id":96585,"href":"https:\/\/www.visit-ulcinj.com\/blog\/wp-json\/wp\/v2\/posts\/96583\/revisions\/96585"}],"wp:attachment":[{"href":"https:\/\/www.visit-ulcinj.com\/blog\/wp-json\/wp\/v2\/media?parent=96583"}],"wp:term":[{"taxonomy":"category","embeddable":true,"href":"https:\/\/www.visit-ulcinj.com\/blog\/wp-json\/wp\/v2\/categories?post=96583"},{"taxonomy":"post_tag","embeddable":true,"href":"https:\/\/www.visit-ulcinj.com\/blog\/wp-json\/wp\/v2\/tags?post=96583"}],"curies":[{"name":"wp","href":"https:\/\/api.w.org\/{rel}","templated":true}]}}