{"id":96595,"date":"2016-04-28T15:19:54","date_gmt":"2016-04-28T14:19:54","guid":{"rendered":"http:\/\/www.visit-ulcinj.com\/blog\/?p=96595"},"modified":"2016-04-28T15:24:55","modified_gmt":"2016-04-28T14:24:55","slug":"komuna-e-ulqinit-jep-qira-pronat-permes-shpalljes-publike","status":"publish","type":"post","link":"https:\/\/www.visit-ulcinj.com\/blog\/2016\/04\/28\/komuna-e-ulqinit-jep-qira-pronat-permes-shpalljes-publike\/","title":{"rendered":"Komuna e Ulqinit jep me qira pronat p\u00ebrmes shpalljes publike"},"content":{"rendered":"<p><a href=\"http:\/\/www.visit-ulcinj.com\/blog\/wp-content\/uploads\/2016\/04\/SHPALLJE-PUBLIKE-KOMUNA-ULQINIT.jpg\"><img loading=\"lazy\" class=\"alignleft wp-image-96596\" src=\"http:\/\/www.visit-ulcinj.com\/blog\/wp-content\/uploads\/2016\/04\/SHPALLJE-PUBLIKE-KOMUNA-ULQINIT.jpg\" alt=\"SHPALLJE-PUBLIKE-KOMUNA-ULQINIT\" width=\"508\" height=\"214\" srcset=\"https:\/\/www.visit-ulcinj.com\/blog\/wp-content\/uploads\/2016\/04\/SHPALLJE-PUBLIKE-KOMUNA-ULQINIT.jpg 583w, https:\/\/www.visit-ulcinj.com\/blog\/wp-content\/uploads\/2016\/04\/SHPALLJE-PUBLIKE-KOMUNA-ULQINIT-300x127.jpg 300w\" sizes=\"(max-width: 508px) 100vw, 508px\" \/><\/a>Komuna e Ulqinit ka shpallur thirrjen e dyte publike p\u00ebr dh\u00ebnien me qira t\u00eb tok\u00ebs p\u00ebr ngritjen e objekteve t\u00eb p\u00ebrkohshme n\u00eb baz\u00eb t\u00eb planit t\u00eb objekteve t\u00eb p\u00ebrkohshme p\u00ebr vitin 2016<\/p>\n<p>Me qira jepen lokacionet q\u00eb jan\u00eb t\u00eb cekura n\u00eb tabelat t\u00eb publikuara n\u00eb faqen e internetit t\u00eb komun\u00ebs s\u00eb Ulqinit (www.ul-gov.me). Qasja n\u00eb tabel\u00eb mund t\u00eb kryhet direkt, \u00e7do dit\u00eb pune, n\u00eb zyren 73 n\u00eb nd\u00ebrtes\u00ebn e komun\u00ebs.<\/p>\n<p>Objekti i shpalljes publike jan\u00eb 46 vende p\u00ebr ngritjen e objekteve t\u00eb p\u00ebrkohshme dhe 4 parkingje publike, te cilet nuk u dhene me qira ne thirjen e pare publike<\/p>\n<p>Ofertat duhet t\u00eb dor\u00ebzohen n\u00eb zarfe t\u00eb mbyllura-vulosura \u00e7do dit\u00eb pune nga ora 09 deri 14, duke filluar nga 27.4.2016. deri 6.5.2016 ne ora 11.00, drejtp\u00ebrdrejt\u00eb n\u00eb biron e qytetar\u00ebve t\u00eb Komun\u00ebs s\u00eb Ulqinit,<\/p>\n<p>Ftesa publike do t\u00eb publikohet n\u00eb t\u00eb p\u00ebrditshmen &#8220;Dan&#8221;, n\u00eb faqen e internetit t\u00eb komun\u00ebs s\u00eb Ulqinit www.ul-gov.me dhe n\u00eb tabel\u00ebn e shpalljeve t\u00eb Komun\u00ebs s\u00eb Ulqinit.<\/p>\n<p>Hapja publike, me prani t\u00eb t\u00eb gjith\u00eb ofertuesve ose p\u00ebrfaq\u00ebsues\u00ebve t\u00eb tyre t\u00eb autorizuar do t\u00eb mbahet m\u00eb 6.5.2016.\u00a0 n\u00eb sall\u00ebn e madhe t\u00eb Komun\u00ebs s\u00eb Ulqinit, duke filluar nga ora 12.00<\/p>\n<p>&nbsp;<\/p>\n<h4><a title=\"Shpallje publike e objekteve t\u00eb p\u00ebrkohshme\" href=\"http:\/\/www.opstinaulcinj.com\/upload\/document\/20160420_odluka_o_izboru_konana.pdf\" target=\"_blank\"><strong>Linku direkt &#8211; Shpallje publike e objekteve t\u00eb p\u00ebrkohshme 2016<\/strong><\/a><\/h4>\n<h4><strong><a title=\"[0.08MB]\" href=\"http:\/\/www.opstinaulcinj.com\/upload\/document\/20160420_odluka_o_izboru_konana.pdf\" target=\"_blank\">Vendimi p\u00ebr zgjidhjen e ofertuesit m\u00eb t\u00eb mir\u00eb: Objektet e p\u00ebrkohdh\u00ebm 2016<\/a><\/strong><\/h4>\n","protected":false},"excerpt":{"rendered":"<p>Komuna e Ulqinit ka shpallur thirrjen e dyte publike p\u00ebr dh\u00ebnien me qira t\u00eb tok\u00ebs p\u00ebr ngritjen e objekteve t\u00eb p\u00ebrkohshme n\u00eb baz\u00eb t\u00eb planit t\u00eb objekteve t\u00eb p\u00ebrkohshme p\u00ebr vitin 2016 Me qira jepen lokacionet q\u00eb jan\u00eb t\u00eb cekura n\u00eb tabelat t\u00eb publikuara n\u00eb faqen e internetit t\u00eb komun\u00ebs s\u00eb Ulqinit (www.ul-gov.me). Qasja n\u00eb [&hellip;]<\/p>\n","protected":false},"author":1,"featured_media":0,"comment_status":"closed","ping_status":"closed","sticky":false,"template":"","format":"standard","meta":{"spay_email":"","jetpack_publicize_message":"","jetpack_is_tweetstorm":false,"jetpack_publicize_feature_enabled":true},"categories":[2451],"tags":[],"jetpack_publicize_connections":[],"yoast_head":"<!-- This site is optimized with the Yoast SEO plugin v19.1 - https:\/\/yoast.com\/wordpress\/plugins\/seo\/ -->\n<title>Komuna e Ulqinit jep me qira pronat p\u00ebrmes shpalljes publike - Lajme nga Ulqini<\/title>\n<meta name=\"description\" content=\"Komuna e Ulqinit ka shpallur thirrjen e dyte publike p\u00ebr dh\u00ebnien me qira t\u00eb tok\u00ebs p\u00ebr ngritjen e objekteve t\u00eb p\u00ebrkohshme n\u00eb baz\u00eb t\u00eb planit t\u00eb objekteve t\u00eb\" \/>\n<meta name=\"robots\" content=\"index, follow, max-snippet:-1, max-image-preview:large, max-video-preview:-1\" \/>\n<link rel=\"canonical\" href=\"https:\/\/www.visit-ulcinj.com\/blog\/2016\/04\/28\/komuna-e-ulqinit-jep-qira-pronat-permes-shpalljes-publike\/\" \/>\n<meta property=\"og:locale\" content=\"en_US\" \/>\n<meta property=\"og:type\" content=\"article\" \/>\n<meta property=\"og:title\" content=\"Komuna e Ulqinit jep me qira pronat p\u00ebrmes shpalljes publike - Lajme nga Ulqini\" \/>\n<meta property=\"og:description\" content=\"Komuna e Ulqinit ka shpallur thirrjen e dyte publike p\u00ebr dh\u00ebnien me qira t\u00eb tok\u00ebs p\u00ebr ngritjen e objekteve t\u00eb p\u00ebrkohshme n\u00eb baz\u00eb t\u00eb planit t\u00eb objekteve t\u00eb\" \/>\n<meta property=\"og:url\" content=\"https:\/\/www.visit-ulcinj.com\/blog\/2016\/04\/28\/komuna-e-ulqinit-jep-qira-pronat-permes-shpalljes-publike\/\" \/>\n<meta property=\"og:site_name\" content=\"Lajme nga Ulqini\" \/>\n<meta property=\"article:published_time\" content=\"2016-04-28T14:19:54+00:00\" \/>\n<meta property=\"article:modified_time\" content=\"2016-04-28T14:24:55+00:00\" \/>\n<meta property=\"og:image\" content=\"http:\/\/www.visit-ulcinj.com\/blog\/wp-content\/uploads\/2016\/04\/SHPALLJE-PUBLIKE-KOMUNA-ULQINIT.jpg\" \/>\n<meta name=\"twitter:label1\" content=\"Written by\" \/>\n\t<meta name=\"twitter:data1\" content=\"ulqini\" \/>\n\t<meta name=\"twitter:label2\" content=\"Est. reading time\" \/>\n\t<meta name=\"twitter:data2\" content=\"1 minute\" \/>\n<script type=\"application\/ld+json\" class=\"yoast-schema-graph\">{\"@context\":\"https:\/\/schema.org\",\"@graph\":[{\"@type\":\"WebSite\",\"@id\":\"https:\/\/www.visit-ulcinj.com\/blog\/#website\",\"url\":\"https:\/\/www.visit-ulcinj.com\/blog\/\",\"name\":\"Lajme nga Ulqini\",\"description\":\"Lajme,Vijesti,Ulqini,Ulqin,Crna Gora,Mali i Zi\",\"potentialAction\":[{\"@type\":\"SearchAction\",\"target\":{\"@type\":\"EntryPoint\",\"urlTemplate\":\"https:\/\/www.visit-ulcinj.com\/blog\/?s={search_term_string}\"},\"query-input\":\"required name=search_term_string\"}],\"inLanguage\":\"en-US\"},{\"@type\":\"ImageObject\",\"inLanguage\":\"en-US\",\"@id\":\"https:\/\/www.visit-ulcinj.com\/blog\/2016\/04\/28\/komuna-e-ulqinit-jep-qira-pronat-permes-shpalljes-publike\/#primaryimage\",\"url\":\"https:\/\/www.visit-ulcinj.com\/blog\/wp-content\/uploads\/2016\/04\/SHPALLJE-PUBLIKE-KOMUNA-ULQINIT.jpg\",\"contentUrl\":\"https:\/\/www.visit-ulcinj.com\/blog\/wp-content\/uploads\/2016\/04\/SHPALLJE-PUBLIKE-KOMUNA-ULQINIT.jpg\",\"width\":583,\"height\":246},{\"@type\":\"WebPage\",\"@id\":\"https:\/\/www.visit-ulcinj.com\/blog\/2016\/04\/28\/komuna-e-ulqinit-jep-qira-pronat-permes-shpalljes-publike\/#webpage\",\"url\":\"https:\/\/www.visit-ulcinj.com\/blog\/2016\/04\/28\/komuna-e-ulqinit-jep-qira-pronat-permes-shpalljes-publike\/\",\"name\":\"Komuna e Ulqinit jep me qira pronat p\u00ebrmes shpalljes publike - Lajme nga Ulqini\",\"isPartOf\":{\"@id\":\"https:\/\/www.visit-ulcinj.com\/blog\/#website\"},\"primaryImageOfPage\":{\"@id\":\"https:\/\/www.visit-ulcinj.com\/blog\/2016\/04\/28\/komuna-e-ulqinit-jep-qira-pronat-permes-shpalljes-publike\/#primaryimage\"},\"datePublished\":\"2016-04-28T14:19:54+00:00\",\"dateModified\":\"2016-04-28T14:24:55+00:00\",\"author\":{\"@id\":\"https:\/\/www.visit-ulcinj.com\/blog\/#\/schema\/person\/dcab619c614d3038751c63bc2aadc06d\"},\"description\":\"Komuna e Ulqinit ka shpallur thirrjen e dyte publike p\u00ebr dh\u00ebnien me qira t\u00eb tok\u00ebs p\u00ebr ngritjen e objekteve t\u00eb p\u00ebrkohshme n\u00eb baz\u00eb t\u00eb planit t\u00eb objekteve t\u00eb\",\"breadcrumb\":{\"@id\":\"https:\/\/www.visit-ulcinj.com\/blog\/2016\/04\/28\/komuna-e-ulqinit-jep-qira-pronat-permes-shpalljes-publike\/#breadcrumb\"},\"inLanguage\":\"en-US\",\"potentialAction\":[{\"@type\":\"ReadAction\",\"target\":[\"https:\/\/www.visit-ulcinj.com\/blog\/2016\/04\/28\/komuna-e-ulqinit-jep-qira-pronat-permes-shpalljes-publike\/\"]}]},{\"@type\":\"BreadcrumbList\",\"@id\":\"https:\/\/www.visit-ulcinj.com\/blog\/2016\/04\/28\/komuna-e-ulqinit-jep-qira-pronat-permes-shpalljes-publike\/#breadcrumb\",\"itemListElement\":[{\"@type\":\"ListItem\",\"position\":1,\"name\":\"Komuna e Ulqinit jep me qira pronat p\u00ebrmes shpalljes publike\"}]},{\"@type\":\"Person\",\"@id\":\"https:\/\/www.visit-ulcinj.com\/blog\/#\/schema\/person\/dcab619c614d3038751c63bc2aadc06d\",\"name\":\"ulqini\",\"sameAs\":[\"http:\/\/www.visit-ulcinj.com\"],\"url\":\"https:\/\/www.visit-ulcinj.com\/blog\/author\/admin\/\"}]}<\/script>\n<!-- \/ Yoast SEO plugin. -->","yoast_head_json":{"title":"Komuna e Ulqinit jep me qira pronat p\u00ebrmes shpalljes publike - Lajme nga Ulqini","description":"Komuna e Ulqinit ka shpallur thirrjen e dyte publike p\u00ebr dh\u00ebnien me qira t\u00eb tok\u00ebs p\u00ebr ngritjen e objekteve t\u00eb p\u00ebrkohshme n\u00eb baz\u00eb t\u00eb planit t\u00eb objekteve t\u00eb","robots":{"index":"index","follow":"follow","max-snippet":"max-snippet:-1","max-image-preview":"max-image-preview:large","max-video-preview":"max-video-preview:-1"},"canonical":"https:\/\/www.visit-ulcinj.com\/blog\/2016\/04\/28\/komuna-e-ulqinit-jep-qira-pronat-permes-shpalljes-publike\/","og_locale":"en_US","og_type":"article","og_title":"Komuna e Ulqinit jep me qira pronat p\u00ebrmes shpalljes publike - Lajme nga Ulqini","og_description":"Komuna e Ulqinit ka shpallur thirrjen e dyte publike p\u00ebr dh\u00ebnien me qira t\u00eb tok\u00ebs p\u00ebr ngritjen e objekteve t\u00eb p\u00ebrkohshme n\u00eb baz\u00eb t\u00eb planit t\u00eb objekteve t\u00eb","og_url":"https:\/\/www.visit-ulcinj.com\/blog\/2016\/04\/28\/komuna-e-ulqinit-jep-qira-pronat-permes-shpalljes-publike\/","og_site_name":"Lajme nga Ulqini","article_published_time":"2016-04-28T14:19:54+00:00","article_modified_time":"2016-04-28T14:24:55+00:00","og_image":[{"url":"http:\/\/www.visit-ulcinj.com\/blog\/wp-content\/uploads\/2016\/04\/SHPALLJE-PUBLIKE-KOMUNA-ULQINIT.jpg"}],"twitter_misc":{"Written by":"ulqini","Est. reading time":"1 minute"},"schema":{"@context":"https:\/\/schema.org","@graph":[{"@type":"WebSite","@id":"https:\/\/www.visit-ulcinj.com\/blog\/#website","url":"https:\/\/www.visit-ulcinj.com\/blog\/","name":"Lajme nga Ulqini","description":"Lajme,Vijesti,Ulqini,Ulqin,Crna Gora,Mali i Zi","potentialAction":[{"@type":"SearchAction","target":{"@type":"EntryPoint","urlTemplate":"https:\/\/www.visit-ulcinj.com\/blog\/?s={search_term_string}"},"query-input":"required name=search_term_string"}],"inLanguage":"en-US"},{"@type":"ImageObject","inLanguage":"en-US","@id":"https:\/\/www.visit-ulcinj.com\/blog\/2016\/04\/28\/komuna-e-ulqinit-jep-qira-pronat-permes-shpalljes-publike\/#primaryimage","url":"https:\/\/www.visit-ulcinj.com\/blog\/wp-content\/uploads\/2016\/04\/SHPALLJE-PUBLIKE-KOMUNA-ULQINIT.jpg","contentUrl":"https:\/\/www.visit-ulcinj.com\/blog\/wp-content\/uploads\/2016\/04\/SHPALLJE-PUBLIKE-KOMUNA-ULQINIT.jpg","width":583,"height":246},{"@type":"WebPage","@id":"https:\/\/www.visit-ulcinj.com\/blog\/2016\/04\/28\/komuna-e-ulqinit-jep-qira-pronat-permes-shpalljes-publike\/#webpage","url":"https:\/\/www.visit-ulcinj.com\/blog\/2016\/04\/28\/komuna-e-ulqinit-jep-qira-pronat-permes-shpalljes-publike\/","name":"Komuna e Ulqinit jep me qira pronat p\u00ebrmes shpalljes publike - Lajme nga Ulqini","isPartOf":{"@id":"https:\/\/www.visit-ulcinj.com\/blog\/#website"},"primaryImageOfPage":{"@id":"https:\/\/www.visit-ulcinj.com\/blog\/2016\/04\/28\/komuna-e-ulqinit-jep-qira-pronat-permes-shpalljes-publike\/#primaryimage"},"datePublished":"2016-04-28T14:19:54+00:00","dateModified":"2016-04-28T14:24:55+00:00","author":{"@id":"https:\/\/www.visit-ulcinj.com\/blog\/#\/schema\/person\/dcab619c614d3038751c63bc2aadc06d"},"description":"Komuna e Ulqinit ka shpallur thirrjen e dyte publike p\u00ebr dh\u00ebnien me qira t\u00eb tok\u00ebs p\u00ebr ngritjen e objekteve t\u00eb p\u00ebrkohshme n\u00eb baz\u00eb t\u00eb planit t\u00eb objekteve t\u00eb","breadcrumb":{"@id":"https:\/\/www.visit-ulcinj.com\/blog\/2016\/04\/28\/komuna-e-ulqinit-jep-qira-pronat-permes-shpalljes-publike\/#breadcrumb"},"inLanguage":"en-US","potentialAction":[{"@type":"ReadAction","target":["https:\/\/www.visit-ulcinj.com\/blog\/2016\/04\/28\/komuna-e-ulqinit-jep-qira-pronat-permes-shpalljes-publike\/"]}]},{"@type":"BreadcrumbList","@id":"https:\/\/www.visit-ulcinj.com\/blog\/2016\/04\/28\/komuna-e-ulqinit-jep-qira-pronat-permes-shpalljes-publike\/#breadcrumb","itemListElement":[{"@type":"ListItem","position":1,"name":"Komuna e Ulqinit jep me qira pronat p\u00ebrmes shpalljes publike"}]},{"@type":"Person","@id":"https:\/\/www.visit-ulcinj.com\/blog\/#\/schema\/person\/dcab619c614d3038751c63bc2aadc06d","name":"ulqini","sameAs":["http:\/\/www.visit-ulcinj.com"],"url":"https:\/\/www.visit-ulcinj.com\/blog\/author\/admin\/"}]}},"jetpack_featured_media_url":"","jetpack_sharing_enabled":true,"jetpack_shortlink":"https:\/\/wp.me\/pe6lTn-p7Z","_links":{"self":[{"href":"https:\/\/www.visit-ulcinj.com\/blog\/wp-json\/wp\/v2\/posts\/96595"}],"collection":[{"href":"https:\/\/www.visit-ulcinj.com\/blog\/wp-json\/wp\/v2\/posts"}],"about":[{"href":"https:\/\/www.visit-ulcinj.com\/blog\/wp-json\/wp\/v2\/types\/post"}],"author":[{"embeddable":true,"href":"https:\/\/www.visit-ulcinj.com\/blog\/wp-json\/wp\/v2\/users\/1"}],"replies":[{"embeddable":true,"href":"https:\/\/www.visit-ulcinj.com\/blog\/wp-json\/wp\/v2\/comments?post=96595"}],"version-history":[{"count":4,"href":"https:\/\/www.visit-ulcinj.com\/blog\/wp-json\/wp\/v2\/posts\/96595\/revisions"}],"predecessor-version":[{"id":96600,"href":"https:\/\/www.visit-ulcinj.com\/blog\/wp-json\/wp\/v2\/posts\/96595\/revisions\/96600"}],"wp:attachment":[{"href":"https:\/\/www.visit-ulcinj.com\/blog\/wp-json\/wp\/v2\/media?parent=96595"}],"wp:term":[{"taxonomy":"category","embeddable":true,"href":"https:\/\/www.visit-ulcinj.com\/blog\/wp-json\/wp\/v2\/categories?post=96595"},{"taxonomy":"post_tag","embeddable":true,"href":"https:\/\/www.visit-ulcinj.com\/blog\/wp-json\/wp\/v2\/tags?post=96595"}],"curies":[{"name":"wp","href":"https:\/\/api.w.org\/{rel}","templated":true}]}}