{"id":96607,"date":"2016-04-28T15:58:11","date_gmt":"2016-04-28T14:58:11","guid":{"rendered":"http:\/\/www.visit-ulcinj.com\/blog\/?p=96607"},"modified":"2016-04-28T15:59:18","modified_gmt":"2016-04-28T14:59:18","slug":"canka-funksionimi-efikas-kuvendit-perkunder-bojkotit-te-heshtur","status":"publish","type":"post","link":"https:\/\/www.visit-ulcinj.com\/blog\/2016\/04\/28\/canka-funksionimi-efikas-kuvendit-perkunder-bojkotit-te-heshtur\/","title":{"rendered":"Canka: Funksionimi efikas i Kuvendit,  p\u00ebrkund\u00ebr bojkotit t\u00eb heshtur"},"content":{"rendered":"<p><a href=\"http:\/\/www.visit-ulcinj.com\/blog\/wp-content\/uploads\/2014\/01\/Mustafa-Canka-Gazetar.jpg\"><img loading=\"lazy\" class=\"alignleft wp-image-77868\" src=\"http:\/\/www.visit-ulcinj.com\/blog\/wp-content\/uploads\/2014\/01\/Mustafa-Canka-Gazetar.jpg\" alt=\"Mustafa-Canka-Gazetar\" width=\"508\" height=\"293\" srcset=\"https:\/\/www.visit-ulcinj.com\/blog\/wp-content\/uploads\/2014\/01\/Mustafa-Canka-Gazetar.jpg 1024w, https:\/\/www.visit-ulcinj.com\/blog\/wp-content\/uploads\/2014\/01\/Mustafa-Canka-Gazetar-300x172.jpg 300w\" sizes=\"(max-width: 508px) 100vw, 508px\" \/><\/a><strong>Kuvendi efikas p\u00ebrkund\u00ebr bojkotit t\u00eb heshtur<\/strong><\/p>\n<p>\u00cbsht\u00eb rregull i vjet\u00ebr dhe i v\u00ebrtetuar: kur punon Kuvendi komunal, kur ai kryen funksionin e vet, kur sjell vendime, ky komunitet \u00ebsht\u00eb i gjall\u00eb, n\u00eb t\u00eb zhvillohet ndeshja politike, qytetar\u00ebt mund t\u00eb shohin qart\u00eb dhe publikisht se kush p\u00ebr \u00e7far\u00eb punon dhe p\u00ebr \u00e7far\u00eb vendimesh voton.<\/p>\n<p>Mbas periudh\u00ebs s\u00eb gjat\u00eb dhe t\u00eb mundimshme t\u00eb obstruksioneve dhe bllokimeve, dje ishim d\u00ebshmitar\u00eb t\u00eb efikasitetit t\u00eb Parlamentit lokal. Sepse, u miratuan gati 30 vendime, t\u00eb cil\u00ebt me muaj, por edhe me vite, rrinin n\u00eb sirtar\u00ebt e sh\u00ebrbimeve parlamentare. Kjo para s\u00eb gjithash ka t\u00eb b\u00ebj\u00eb me plane, si dhe me vendime p\u00ebr kompletimin e parcelave urbanistike t\u00eb qytetar\u00ebve, prej t\u00eb cil\u00ebve pushteti lokal do t\u00eb vjel mbi 100 mij\u00eb euro!<\/p>\n<p>Patjet\u00ebr, dje kishte edhe shum\u00eb mungesa, por, si\u00e7 thuhet popullor\u00e7e: puna e kryer nuk ka mang\u00ebsi.<\/p>\n<p>V\u00ebrehej q\u00eb pas episodit jo t\u00eb mir\u00eb n\u00eb Prishtin\u00eb, kur dy delegacione nga Ulqini ishin n\u00eb vizita t\u00eb ndara tek kryetari i Kosov\u00ebs Hashim Tha\u00e7i, u thellua mosbesimi n\u00eb mes t\u00eb kryetarit t\u00eb Komun\u00ebs dhe pushtetit parlamentar. Me refuzimin q\u00eb t\u00eb pranohet plot\u00ebsimi i dor\u00ebzuar urgjent i kryekomunarit p\u00ebr Programin e rregullimit hap\u00ebsinor, me vler\u00eb gati gjysm\u00eb milioni euro, pa konsultime paraprake me partner\u00ebt e koalicionit, \u00ebsht\u00eb d\u00ebshmi q\u00eb e v\u00ebrteton k\u00ebt\u00eb fakt.<\/p>\n<p>Mbledhja e re e Parlamentit, e cila \u00ebsht\u00eb paralajm\u00ebruar p\u00ebr tre jav\u00eb, do t\u00eb tregoj\u00eb po ashtu se a ishin rast\u00ebsi v\u00ebshtir\u00ebsit\u00eb e djeshme me kuorum apo ekziston strategjia e \u201ebojkotit t\u00eb heshtur\u201c t\u00eb Kuvendit.<\/p>\n<p>Mustafa CANKA<\/p>\n<p>Ul.info<\/p>\n","protected":false},"excerpt":{"rendered":"<p>Kuvendi efikas p\u00ebrkund\u00ebr bojkotit t\u00eb heshtur \u00cbsht\u00eb rregull i vjet\u00ebr dhe i v\u00ebrtetuar: kur punon Kuvendi komunal, kur ai kryen funksionin e vet, kur sjell vendime, ky komunitet \u00ebsht\u00eb i gjall\u00eb, n\u00eb t\u00eb zhvillohet ndeshja politike, qytetar\u00ebt mund t\u00eb shohin qart\u00eb dhe publikisht se kush p\u00ebr \u00e7far\u00eb punon dhe p\u00ebr \u00e7far\u00eb vendimesh voton. Mbas periudh\u00ebs [&hellip;]<\/p>\n","protected":false},"author":1,"featured_media":0,"comment_status":"closed","ping_status":"closed","sticky":false,"template":"","format":"standard","meta":{"spay_email":"","jetpack_publicize_message":"","jetpack_is_tweetstorm":false,"jetpack_publicize_feature_enabled":true},"categories":[14249],"tags":[],"jetpack_publicize_connections":[],"yoast_head":"<!-- This site is optimized with the Yoast SEO plugin v19.1 - https:\/\/yoast.com\/wordpress\/plugins\/seo\/ -->\n<title>Canka: Funksionimi efikas i Kuvendit, p\u00ebrkund\u00ebr bojkotit t\u00eb heshtur - Lajme nga Ulqini<\/title>\n<meta name=\"description\" content=\"Kuvendi efikas p\u00ebrkund\u00ebr bojkotit t\u00eb heshtur \u00cbsht\u00eb rregull i vjet\u00ebr dhe i v\u00ebrtetuar: kur punon Kuvendi komunal, kur ai kryen funksionin e vet, kur sjell\" \/>\n<meta name=\"robots\" content=\"index, follow, max-snippet:-1, max-image-preview:large, max-video-preview:-1\" \/>\n<link rel=\"canonical\" href=\"https:\/\/www.visit-ulcinj.com\/blog\/2016\/04\/28\/canka-funksionimi-efikas-kuvendit-perkunder-bojkotit-te-heshtur\/\" \/>\n<meta property=\"og:locale\" content=\"en_US\" \/>\n<meta property=\"og:type\" content=\"article\" \/>\n<meta property=\"og:title\" content=\"Canka: Funksionimi efikas i Kuvendit, p\u00ebrkund\u00ebr bojkotit t\u00eb heshtur - Lajme nga Ulqini\" \/>\n<meta property=\"og:description\" content=\"Kuvendi efikas p\u00ebrkund\u00ebr bojkotit t\u00eb heshtur \u00cbsht\u00eb rregull i vjet\u00ebr dhe i v\u00ebrtetuar: kur punon Kuvendi komunal, kur ai kryen funksionin e vet, kur sjell\" \/>\n<meta property=\"og:url\" content=\"https:\/\/www.visit-ulcinj.com\/blog\/2016\/04\/28\/canka-funksionimi-efikas-kuvendit-perkunder-bojkotit-te-heshtur\/\" \/>\n<meta property=\"og:site_name\" content=\"Lajme nga Ulqini\" \/>\n<meta property=\"article:published_time\" content=\"2016-04-28T14:58:11+00:00\" \/>\n<meta property=\"article:modified_time\" content=\"2016-04-28T14:59:18+00:00\" \/>\n<meta property=\"og:image\" content=\"http:\/\/www.visit-ulcinj.com\/blog\/wp-content\/uploads\/2014\/01\/Mustafa-Canka-Gazetar.jpg\" \/>\n<meta name=\"twitter:label1\" content=\"Written by\" \/>\n\t<meta name=\"twitter:data1\" content=\"ulqini\" \/>\n\t<meta name=\"twitter:label2\" content=\"Est. reading time\" \/>\n\t<meta name=\"twitter:data2\" content=\"1 minute\" \/>\n<script type=\"application\/ld+json\" class=\"yoast-schema-graph\">{\"@context\":\"https:\/\/schema.org\",\"@graph\":[{\"@type\":\"WebSite\",\"@id\":\"https:\/\/www.visit-ulcinj.com\/blog\/#website\",\"url\":\"https:\/\/www.visit-ulcinj.com\/blog\/\",\"name\":\"Lajme nga Ulqini\",\"description\":\"Lajme,Vijesti,Ulqini,Ulqin,Crna Gora,Mali i Zi\",\"potentialAction\":[{\"@type\":\"SearchAction\",\"target\":{\"@type\":\"EntryPoint\",\"urlTemplate\":\"https:\/\/www.visit-ulcinj.com\/blog\/?s={search_term_string}\"},\"query-input\":\"required name=search_term_string\"}],\"inLanguage\":\"en-US\"},{\"@type\":\"ImageObject\",\"inLanguage\":\"en-US\",\"@id\":\"https:\/\/www.visit-ulcinj.com\/blog\/2016\/04\/28\/canka-funksionimi-efikas-kuvendit-perkunder-bojkotit-te-heshtur\/#primaryimage\",\"url\":\"https:\/\/www.visit-ulcinj.com\/blog\/wp-content\/uploads\/2014\/01\/Mustafa-Canka-Gazetar.jpg\",\"contentUrl\":\"https:\/\/www.visit-ulcinj.com\/blog\/wp-content\/uploads\/2014\/01\/Mustafa-Canka-Gazetar.jpg\",\"width\":1024,\"height\":590},{\"@type\":\"WebPage\",\"@id\":\"https:\/\/www.visit-ulcinj.com\/blog\/2016\/04\/28\/canka-funksionimi-efikas-kuvendit-perkunder-bojkotit-te-heshtur\/#webpage\",\"url\":\"https:\/\/www.visit-ulcinj.com\/blog\/2016\/04\/28\/canka-funksionimi-efikas-kuvendit-perkunder-bojkotit-te-heshtur\/\",\"name\":\"Canka: Funksionimi efikas i Kuvendit, p\u00ebrkund\u00ebr bojkotit t\u00eb heshtur - Lajme nga Ulqini\",\"isPartOf\":{\"@id\":\"https:\/\/www.visit-ulcinj.com\/blog\/#website\"},\"primaryImageOfPage\":{\"@id\":\"https:\/\/www.visit-ulcinj.com\/blog\/2016\/04\/28\/canka-funksionimi-efikas-kuvendit-perkunder-bojkotit-te-heshtur\/#primaryimage\"},\"datePublished\":\"2016-04-28T14:58:11+00:00\",\"dateModified\":\"2016-04-28T14:59:18+00:00\",\"author\":{\"@id\":\"https:\/\/www.visit-ulcinj.com\/blog\/#\/schema\/person\/dcab619c614d3038751c63bc2aadc06d\"},\"description\":\"Kuvendi efikas p\u00ebrkund\u00ebr bojkotit t\u00eb heshtur \u00cbsht\u00eb rregull i vjet\u00ebr dhe i v\u00ebrtetuar: kur punon Kuvendi komunal, kur ai kryen funksionin e vet, kur sjell\",\"breadcrumb\":{\"@id\":\"https:\/\/www.visit-ulcinj.com\/blog\/2016\/04\/28\/canka-funksionimi-efikas-kuvendit-perkunder-bojkotit-te-heshtur\/#breadcrumb\"},\"inLanguage\":\"en-US\",\"potentialAction\":[{\"@type\":\"ReadAction\",\"target\":[\"https:\/\/www.visit-ulcinj.com\/blog\/2016\/04\/28\/canka-funksionimi-efikas-kuvendit-perkunder-bojkotit-te-heshtur\/\"]}]},{\"@type\":\"BreadcrumbList\",\"@id\":\"https:\/\/www.visit-ulcinj.com\/blog\/2016\/04\/28\/canka-funksionimi-efikas-kuvendit-perkunder-bojkotit-te-heshtur\/#breadcrumb\",\"itemListElement\":[{\"@type\":\"ListItem\",\"position\":1,\"name\":\"Canka: Funksionimi efikas i Kuvendit, p\u00ebrkund\u00ebr bojkotit t\u00eb heshtur\"}]},{\"@type\":\"Person\",\"@id\":\"https:\/\/www.visit-ulcinj.com\/blog\/#\/schema\/person\/dcab619c614d3038751c63bc2aadc06d\",\"name\":\"ulqini\",\"sameAs\":[\"http:\/\/www.visit-ulcinj.com\"],\"url\":\"https:\/\/www.visit-ulcinj.com\/blog\/author\/admin\/\"}]}<\/script>\n<!-- \/ Yoast SEO plugin. -->","yoast_head_json":{"title":"Canka: Funksionimi efikas i Kuvendit, p\u00ebrkund\u00ebr bojkotit t\u00eb heshtur - Lajme nga Ulqini","description":"Kuvendi efikas p\u00ebrkund\u00ebr bojkotit t\u00eb heshtur \u00cbsht\u00eb rregull i vjet\u00ebr dhe i v\u00ebrtetuar: kur punon Kuvendi komunal, kur ai kryen funksionin e vet, kur sjell","robots":{"index":"index","follow":"follow","max-snippet":"max-snippet:-1","max-image-preview":"max-image-preview:large","max-video-preview":"max-video-preview:-1"},"canonical":"https:\/\/www.visit-ulcinj.com\/blog\/2016\/04\/28\/canka-funksionimi-efikas-kuvendit-perkunder-bojkotit-te-heshtur\/","og_locale":"en_US","og_type":"article","og_title":"Canka: Funksionimi efikas i Kuvendit, p\u00ebrkund\u00ebr bojkotit t\u00eb heshtur - Lajme nga Ulqini","og_description":"Kuvendi efikas p\u00ebrkund\u00ebr bojkotit t\u00eb heshtur \u00cbsht\u00eb rregull i vjet\u00ebr dhe i v\u00ebrtetuar: kur punon Kuvendi komunal, kur ai kryen funksionin e vet, kur sjell","og_url":"https:\/\/www.visit-ulcinj.com\/blog\/2016\/04\/28\/canka-funksionimi-efikas-kuvendit-perkunder-bojkotit-te-heshtur\/","og_site_name":"Lajme nga Ulqini","article_published_time":"2016-04-28T14:58:11+00:00","article_modified_time":"2016-04-28T14:59:18+00:00","og_image":[{"url":"http:\/\/www.visit-ulcinj.com\/blog\/wp-content\/uploads\/2014\/01\/Mustafa-Canka-Gazetar.jpg"}],"twitter_misc":{"Written by":"ulqini","Est. reading time":"1 minute"},"schema":{"@context":"https:\/\/schema.org","@graph":[{"@type":"WebSite","@id":"https:\/\/www.visit-ulcinj.com\/blog\/#website","url":"https:\/\/www.visit-ulcinj.com\/blog\/","name":"Lajme nga Ulqini","description":"Lajme,Vijesti,Ulqini,Ulqin,Crna Gora,Mali i Zi","potentialAction":[{"@type":"SearchAction","target":{"@type":"EntryPoint","urlTemplate":"https:\/\/www.visit-ulcinj.com\/blog\/?s={search_term_string}"},"query-input":"required name=search_term_string"}],"inLanguage":"en-US"},{"@type":"ImageObject","inLanguage":"en-US","@id":"https:\/\/www.visit-ulcinj.com\/blog\/2016\/04\/28\/canka-funksionimi-efikas-kuvendit-perkunder-bojkotit-te-heshtur\/#primaryimage","url":"https:\/\/www.visit-ulcinj.com\/blog\/wp-content\/uploads\/2014\/01\/Mustafa-Canka-Gazetar.jpg","contentUrl":"https:\/\/www.visit-ulcinj.com\/blog\/wp-content\/uploads\/2014\/01\/Mustafa-Canka-Gazetar.jpg","width":1024,"height":590},{"@type":"WebPage","@id":"https:\/\/www.visit-ulcinj.com\/blog\/2016\/04\/28\/canka-funksionimi-efikas-kuvendit-perkunder-bojkotit-te-heshtur\/#webpage","url":"https:\/\/www.visit-ulcinj.com\/blog\/2016\/04\/28\/canka-funksionimi-efikas-kuvendit-perkunder-bojkotit-te-heshtur\/","name":"Canka: Funksionimi efikas i Kuvendit, p\u00ebrkund\u00ebr bojkotit t\u00eb heshtur - Lajme nga Ulqini","isPartOf":{"@id":"https:\/\/www.visit-ulcinj.com\/blog\/#website"},"primaryImageOfPage":{"@id":"https:\/\/www.visit-ulcinj.com\/blog\/2016\/04\/28\/canka-funksionimi-efikas-kuvendit-perkunder-bojkotit-te-heshtur\/#primaryimage"},"datePublished":"2016-04-28T14:58:11+00:00","dateModified":"2016-04-28T14:59:18+00:00","author":{"@id":"https:\/\/www.visit-ulcinj.com\/blog\/#\/schema\/person\/dcab619c614d3038751c63bc2aadc06d"},"description":"Kuvendi efikas p\u00ebrkund\u00ebr bojkotit t\u00eb heshtur \u00cbsht\u00eb rregull i vjet\u00ebr dhe i v\u00ebrtetuar: kur punon Kuvendi komunal, kur ai kryen funksionin e vet, kur sjell","breadcrumb":{"@id":"https:\/\/www.visit-ulcinj.com\/blog\/2016\/04\/28\/canka-funksionimi-efikas-kuvendit-perkunder-bojkotit-te-heshtur\/#breadcrumb"},"inLanguage":"en-US","potentialAction":[{"@type":"ReadAction","target":["https:\/\/www.visit-ulcinj.com\/blog\/2016\/04\/28\/canka-funksionimi-efikas-kuvendit-perkunder-bojkotit-te-heshtur\/"]}]},{"@type":"BreadcrumbList","@id":"https:\/\/www.visit-ulcinj.com\/blog\/2016\/04\/28\/canka-funksionimi-efikas-kuvendit-perkunder-bojkotit-te-heshtur\/#breadcrumb","itemListElement":[{"@type":"ListItem","position":1,"name":"Canka: Funksionimi efikas i Kuvendit, p\u00ebrkund\u00ebr bojkotit t\u00eb heshtur"}]},{"@type":"Person","@id":"https:\/\/www.visit-ulcinj.com\/blog\/#\/schema\/person\/dcab619c614d3038751c63bc2aadc06d","name":"ulqini","sameAs":["http:\/\/www.visit-ulcinj.com"],"url":"https:\/\/www.visit-ulcinj.com\/blog\/author\/admin\/"}]}},"jetpack_featured_media_url":"","jetpack_sharing_enabled":true,"jetpack_shortlink":"https:\/\/wp.me\/pe6lTn-p8b","_links":{"self":[{"href":"https:\/\/www.visit-ulcinj.com\/blog\/wp-json\/wp\/v2\/posts\/96607"}],"collection":[{"href":"https:\/\/www.visit-ulcinj.com\/blog\/wp-json\/wp\/v2\/posts"}],"about":[{"href":"https:\/\/www.visit-ulcinj.com\/blog\/wp-json\/wp\/v2\/types\/post"}],"author":[{"embeddable":true,"href":"https:\/\/www.visit-ulcinj.com\/blog\/wp-json\/wp\/v2\/users\/1"}],"replies":[{"embeddable":true,"href":"https:\/\/www.visit-ulcinj.com\/blog\/wp-json\/wp\/v2\/comments?post=96607"}],"version-history":[{"count":2,"href":"https:\/\/www.visit-ulcinj.com\/blog\/wp-json\/wp\/v2\/posts\/96607\/revisions"}],"predecessor-version":[{"id":96609,"href":"https:\/\/www.visit-ulcinj.com\/blog\/wp-json\/wp\/v2\/posts\/96607\/revisions\/96609"}],"wp:attachment":[{"href":"https:\/\/www.visit-ulcinj.com\/blog\/wp-json\/wp\/v2\/media?parent=96607"}],"wp:term":[{"taxonomy":"category","embeddable":true,"href":"https:\/\/www.visit-ulcinj.com\/blog\/wp-json\/wp\/v2\/categories?post=96607"},{"taxonomy":"post_tag","embeddable":true,"href":"https:\/\/www.visit-ulcinj.com\/blog\/wp-json\/wp\/v2\/tags?post=96607"}],"curies":[{"name":"wp","href":"https:\/\/api.w.org\/{rel}","templated":true}]}}