{"id":96610,"date":"2016-04-28T16:10:15","date_gmt":"2016-04-28T15:10:15","guid":{"rendered":"http:\/\/www.visit-ulcinj.com\/blog\/?p=96610"},"modified":"2016-04-28T16:10:15","modified_gmt":"2016-04-28T15:10:15","slug":"bashoviq-per-vendosjen-e-rregullit-punes-dhe-ligjshmeris-ne-otu","status":"publish","type":"post","link":"https:\/\/www.visit-ulcinj.com\/blog\/2016\/04\/28\/bashoviq-per-vendosjen-e-rregullit-punes-dhe-ligjshmeris-ne-otu\/","title":{"rendered":"Bashoviq p\u00ebr vendosjen e rregullit, punes dhe ligjshm\u00ebris n\u00eb OTU"},"content":{"rendered":"<p><a href=\"http:\/\/www.visit-ulcinj.com\/blog\/wp-content\/uploads\/2016\/04\/Borisllav-Basovic-Ulqin-Ulcinj-.jpg\"><img loading=\"lazy\" class=\"alignleft wp-image-96611 size-full\" src=\"http:\/\/www.visit-ulcinj.com\/blog\/wp-content\/uploads\/2016\/04\/Borisllav-Basovic-Ulqin-Ulcinj-.jpg\" alt=\"OLYMPUS DIGITAL CAMERA\" width=\"300\" height=\"352\" srcset=\"https:\/\/www.visit-ulcinj.com\/blog\/wp-content\/uploads\/2016\/04\/Borisllav-Basovic-Ulqin-Ulcinj-.jpg 300w, https:\/\/www.visit-ulcinj.com\/blog\/wp-content\/uploads\/2016\/04\/Borisllav-Basovic-Ulqin-Ulcinj--256x300.jpg 256w\" sizes=\"(max-width: 300px) 100vw, 300px\" \/><\/a>K\u00ebshilltari i Partis\u00eb demokratike t\u00eb socialist\u00ebve n\u00eb Kuvendin komunal t\u00eb Ulqinit Borisllav Bashoviq ka k\u00ebrkuar q\u00eb n\u00eb Organizat\u00ebn lokale turistike (OT) t\u00eb vendoset rregulli, puna dhe ligjshm\u00ebria, raporton portali Ul.info.<\/p>\n<p>Ai pyeti kryetarin e Komun\u00ebs Nazif Cungun, i cili sipas funksionit \u00ebsht\u00eb kryetar i Kuvendit t\u00eb OT, sa t\u00eb ardhura ka realizuar OT prej themelimit deri m\u00eb sot dhe si jan\u00eb shpenzuar k\u00ebto mjete.<\/p>\n<p>Ve\u00e7an\u00ebrisht theksoi se duhet t\u00eb jepet p\u00ebrgjigja se kush dhe me \u00e7far\u00eb baze ka udh\u00ebtuar me mjetet e OT-s\u00eb.<\/p>\n<p>Ai tha se me ndryshimin e pushtetit n\u00eb Komun\u00eb t\u00eb Ulqinit n\u00eb fund t\u00eb vitit 2011 erdhi deri tek dhuna ligjore ndaj kat\u00ebr pun\u00ebtor\u00ebve t\u00eb OT-s\u00eb, gj\u00eb q\u00eb, si\u00e7 theksoi, u konstatua me vendime t\u00eb gjykatave. \u201cMadje, as pas k\u00ebrkes\u00ebs s\u00eb Ministris\u00eb s\u00eb pun\u00ebs dhe kujdesit social ato nuk u kthyen n\u00eb pun\u00eb t\u00eb cil\u00ebn e punonin m\u00eb her\u00ebt\u201d, shtoi Bashoviq.<\/p>\n","protected":false},"excerpt":{"rendered":"<p>K\u00ebshilltari i Partis\u00eb demokratike t\u00eb socialist\u00ebve n\u00eb Kuvendin komunal t\u00eb Ulqinit Borisllav Bashoviq ka k\u00ebrkuar q\u00eb n\u00eb Organizat\u00ebn lokale turistike (OT) t\u00eb vendoset rregulli, puna dhe ligjshm\u00ebria, raporton portali Ul.info. Ai pyeti kryetarin e Komun\u00ebs Nazif Cungun, i cili sipas funksionit \u00ebsht\u00eb kryetar i Kuvendit t\u00eb OT, sa t\u00eb ardhura ka realizuar OT prej themelimit [&hellip;]<\/p>\n","protected":false},"author":1,"featured_media":0,"comment_status":"closed","ping_status":"closed","sticky":false,"template":"","format":"standard","meta":{"spay_email":"","jetpack_publicize_message":"","jetpack_is_tweetstorm":false,"jetpack_publicize_feature_enabled":true},"categories":[2451],"tags":[],"jetpack_publicize_connections":[],"yoast_head":"<!-- This site is optimized with the Yoast SEO plugin v19.1 - https:\/\/yoast.com\/wordpress\/plugins\/seo\/ -->\n<title>Bashoviq p\u00ebr vendosjen e rregullit, punes dhe ligjshm\u00ebris n\u00eb OTU - Lajme nga Ulqini<\/title>\n<meta name=\"description\" content=\"K\u00ebshilltari i Partis\u00eb demokratike t\u00eb socialist\u00ebve n\u00eb Kuvendin komunal t\u00eb Ulqinit Borisllav Bashoviq ka k\u00ebrkuar q\u00eb n\u00eb Organizat\u00ebn lokale turistike (OT) t\u00eb\" \/>\n<meta name=\"robots\" content=\"index, follow, max-snippet:-1, max-image-preview:large, max-video-preview:-1\" \/>\n<link rel=\"canonical\" href=\"https:\/\/www.visit-ulcinj.com\/blog\/2016\/04\/28\/bashoviq-per-vendosjen-e-rregullit-punes-dhe-ligjshmeris-ne-otu\/\" \/>\n<meta property=\"og:locale\" content=\"en_US\" \/>\n<meta property=\"og:type\" content=\"article\" \/>\n<meta property=\"og:title\" content=\"Bashoviq p\u00ebr vendosjen e rregullit, punes dhe ligjshm\u00ebris n\u00eb OTU - Lajme nga Ulqini\" \/>\n<meta property=\"og:description\" content=\"K\u00ebshilltari i Partis\u00eb demokratike t\u00eb socialist\u00ebve n\u00eb Kuvendin komunal t\u00eb Ulqinit Borisllav Bashoviq ka k\u00ebrkuar q\u00eb n\u00eb Organizat\u00ebn lokale turistike (OT) t\u00eb\" \/>\n<meta property=\"og:url\" content=\"https:\/\/www.visit-ulcinj.com\/blog\/2016\/04\/28\/bashoviq-per-vendosjen-e-rregullit-punes-dhe-ligjshmeris-ne-otu\/\" \/>\n<meta property=\"og:site_name\" content=\"Lajme nga Ulqini\" \/>\n<meta property=\"article:published_time\" content=\"2016-04-28T15:10:15+00:00\" \/>\n<meta property=\"og:image\" content=\"http:\/\/www.visit-ulcinj.com\/blog\/wp-content\/uploads\/2016\/04\/Borisllav-Basovic-Ulqin-Ulcinj-.jpg\" \/>\n<meta name=\"twitter:label1\" content=\"Written by\" \/>\n\t<meta name=\"twitter:data1\" content=\"ulqini\" \/>\n\t<meta name=\"twitter:label2\" content=\"Est. reading time\" \/>\n\t<meta name=\"twitter:data2\" content=\"1 minute\" \/>\n<script type=\"application\/ld+json\" class=\"yoast-schema-graph\">{\"@context\":\"https:\/\/schema.org\",\"@graph\":[{\"@type\":\"WebSite\",\"@id\":\"https:\/\/www.visit-ulcinj.com\/blog\/#website\",\"url\":\"https:\/\/www.visit-ulcinj.com\/blog\/\",\"name\":\"Lajme nga Ulqini\",\"description\":\"Lajme,Vijesti,Ulqini,Ulqin,Crna Gora,Mali i Zi\",\"potentialAction\":[{\"@type\":\"SearchAction\",\"target\":{\"@type\":\"EntryPoint\",\"urlTemplate\":\"https:\/\/www.visit-ulcinj.com\/blog\/?s={search_term_string}\"},\"query-input\":\"required name=search_term_string\"}],\"inLanguage\":\"en-US\"},{\"@type\":\"ImageObject\",\"inLanguage\":\"en-US\",\"@id\":\"https:\/\/www.visit-ulcinj.com\/blog\/2016\/04\/28\/bashoviq-per-vendosjen-e-rregullit-punes-dhe-ligjshmeris-ne-otu\/#primaryimage\",\"url\":\"https:\/\/www.visit-ulcinj.com\/blog\/wp-content\/uploads\/2016\/04\/Borisllav-Basovic-Ulqin-Ulcinj-.jpg\",\"contentUrl\":\"https:\/\/www.visit-ulcinj.com\/blog\/wp-content\/uploads\/2016\/04\/Borisllav-Basovic-Ulqin-Ulcinj-.jpg\",\"width\":300,\"height\":352},{\"@type\":\"WebPage\",\"@id\":\"https:\/\/www.visit-ulcinj.com\/blog\/2016\/04\/28\/bashoviq-per-vendosjen-e-rregullit-punes-dhe-ligjshmeris-ne-otu\/#webpage\",\"url\":\"https:\/\/www.visit-ulcinj.com\/blog\/2016\/04\/28\/bashoviq-per-vendosjen-e-rregullit-punes-dhe-ligjshmeris-ne-otu\/\",\"name\":\"Bashoviq p\u00ebr vendosjen e rregullit, punes dhe ligjshm\u00ebris n\u00eb OTU - Lajme nga Ulqini\",\"isPartOf\":{\"@id\":\"https:\/\/www.visit-ulcinj.com\/blog\/#website\"},\"primaryImageOfPage\":{\"@id\":\"https:\/\/www.visit-ulcinj.com\/blog\/2016\/04\/28\/bashoviq-per-vendosjen-e-rregullit-punes-dhe-ligjshmeris-ne-otu\/#primaryimage\"},\"datePublished\":\"2016-04-28T15:10:15+00:00\",\"dateModified\":\"2016-04-28T15:10:15+00:00\",\"author\":{\"@id\":\"https:\/\/www.visit-ulcinj.com\/blog\/#\/schema\/person\/dcab619c614d3038751c63bc2aadc06d\"},\"description\":\"K\u00ebshilltari i Partis\u00eb demokratike t\u00eb socialist\u00ebve n\u00eb Kuvendin komunal t\u00eb Ulqinit Borisllav Bashoviq ka k\u00ebrkuar q\u00eb n\u00eb Organizat\u00ebn lokale turistike (OT) t\u00eb\",\"breadcrumb\":{\"@id\":\"https:\/\/www.visit-ulcinj.com\/blog\/2016\/04\/28\/bashoviq-per-vendosjen-e-rregullit-punes-dhe-ligjshmeris-ne-otu\/#breadcrumb\"},\"inLanguage\":\"en-US\",\"potentialAction\":[{\"@type\":\"ReadAction\",\"target\":[\"https:\/\/www.visit-ulcinj.com\/blog\/2016\/04\/28\/bashoviq-per-vendosjen-e-rregullit-punes-dhe-ligjshmeris-ne-otu\/\"]}]},{\"@type\":\"BreadcrumbList\",\"@id\":\"https:\/\/www.visit-ulcinj.com\/blog\/2016\/04\/28\/bashoviq-per-vendosjen-e-rregullit-punes-dhe-ligjshmeris-ne-otu\/#breadcrumb\",\"itemListElement\":[{\"@type\":\"ListItem\",\"position\":1,\"name\":\"Bashoviq p\u00ebr vendosjen e rregullit, punes dhe ligjshm\u00ebris n\u00eb OTU\"}]},{\"@type\":\"Person\",\"@id\":\"https:\/\/www.visit-ulcinj.com\/blog\/#\/schema\/person\/dcab619c614d3038751c63bc2aadc06d\",\"name\":\"ulqini\",\"sameAs\":[\"http:\/\/www.visit-ulcinj.com\"],\"url\":\"https:\/\/www.visit-ulcinj.com\/blog\/author\/admin\/\"}]}<\/script>\n<!-- \/ Yoast SEO plugin. -->","yoast_head_json":{"title":"Bashoviq p\u00ebr vendosjen e rregullit, punes dhe ligjshm\u00ebris n\u00eb OTU - Lajme nga Ulqini","description":"K\u00ebshilltari i Partis\u00eb demokratike t\u00eb socialist\u00ebve n\u00eb Kuvendin komunal t\u00eb Ulqinit Borisllav Bashoviq ka k\u00ebrkuar q\u00eb n\u00eb Organizat\u00ebn lokale turistike (OT) t\u00eb","robots":{"index":"index","follow":"follow","max-snippet":"max-snippet:-1","max-image-preview":"max-image-preview:large","max-video-preview":"max-video-preview:-1"},"canonical":"https:\/\/www.visit-ulcinj.com\/blog\/2016\/04\/28\/bashoviq-per-vendosjen-e-rregullit-punes-dhe-ligjshmeris-ne-otu\/","og_locale":"en_US","og_type":"article","og_title":"Bashoviq p\u00ebr vendosjen e rregullit, punes dhe ligjshm\u00ebris n\u00eb OTU - Lajme nga Ulqini","og_description":"K\u00ebshilltari i Partis\u00eb demokratike t\u00eb socialist\u00ebve n\u00eb Kuvendin komunal t\u00eb Ulqinit Borisllav Bashoviq ka k\u00ebrkuar q\u00eb n\u00eb Organizat\u00ebn lokale turistike (OT) t\u00eb","og_url":"https:\/\/www.visit-ulcinj.com\/blog\/2016\/04\/28\/bashoviq-per-vendosjen-e-rregullit-punes-dhe-ligjshmeris-ne-otu\/","og_site_name":"Lajme nga Ulqini","article_published_time":"2016-04-28T15:10:15+00:00","og_image":[{"url":"http:\/\/www.visit-ulcinj.com\/blog\/wp-content\/uploads\/2016\/04\/Borisllav-Basovic-Ulqin-Ulcinj-.jpg"}],"twitter_misc":{"Written by":"ulqini","Est. reading time":"1 minute"},"schema":{"@context":"https:\/\/schema.org","@graph":[{"@type":"WebSite","@id":"https:\/\/www.visit-ulcinj.com\/blog\/#website","url":"https:\/\/www.visit-ulcinj.com\/blog\/","name":"Lajme nga Ulqini","description":"Lajme,Vijesti,Ulqini,Ulqin,Crna Gora,Mali i Zi","potentialAction":[{"@type":"SearchAction","target":{"@type":"EntryPoint","urlTemplate":"https:\/\/www.visit-ulcinj.com\/blog\/?s={search_term_string}"},"query-input":"required name=search_term_string"}],"inLanguage":"en-US"},{"@type":"ImageObject","inLanguage":"en-US","@id":"https:\/\/www.visit-ulcinj.com\/blog\/2016\/04\/28\/bashoviq-per-vendosjen-e-rregullit-punes-dhe-ligjshmeris-ne-otu\/#primaryimage","url":"https:\/\/www.visit-ulcinj.com\/blog\/wp-content\/uploads\/2016\/04\/Borisllav-Basovic-Ulqin-Ulcinj-.jpg","contentUrl":"https:\/\/www.visit-ulcinj.com\/blog\/wp-content\/uploads\/2016\/04\/Borisllav-Basovic-Ulqin-Ulcinj-.jpg","width":300,"height":352},{"@type":"WebPage","@id":"https:\/\/www.visit-ulcinj.com\/blog\/2016\/04\/28\/bashoviq-per-vendosjen-e-rregullit-punes-dhe-ligjshmeris-ne-otu\/#webpage","url":"https:\/\/www.visit-ulcinj.com\/blog\/2016\/04\/28\/bashoviq-per-vendosjen-e-rregullit-punes-dhe-ligjshmeris-ne-otu\/","name":"Bashoviq p\u00ebr vendosjen e rregullit, punes dhe ligjshm\u00ebris n\u00eb OTU - Lajme nga Ulqini","isPartOf":{"@id":"https:\/\/www.visit-ulcinj.com\/blog\/#website"},"primaryImageOfPage":{"@id":"https:\/\/www.visit-ulcinj.com\/blog\/2016\/04\/28\/bashoviq-per-vendosjen-e-rregullit-punes-dhe-ligjshmeris-ne-otu\/#primaryimage"},"datePublished":"2016-04-28T15:10:15+00:00","dateModified":"2016-04-28T15:10:15+00:00","author":{"@id":"https:\/\/www.visit-ulcinj.com\/blog\/#\/schema\/person\/dcab619c614d3038751c63bc2aadc06d"},"description":"K\u00ebshilltari i Partis\u00eb demokratike t\u00eb socialist\u00ebve n\u00eb Kuvendin komunal t\u00eb Ulqinit Borisllav Bashoviq ka k\u00ebrkuar q\u00eb n\u00eb Organizat\u00ebn lokale turistike (OT) t\u00eb","breadcrumb":{"@id":"https:\/\/www.visit-ulcinj.com\/blog\/2016\/04\/28\/bashoviq-per-vendosjen-e-rregullit-punes-dhe-ligjshmeris-ne-otu\/#breadcrumb"},"inLanguage":"en-US","potentialAction":[{"@type":"ReadAction","target":["https:\/\/www.visit-ulcinj.com\/blog\/2016\/04\/28\/bashoviq-per-vendosjen-e-rregullit-punes-dhe-ligjshmeris-ne-otu\/"]}]},{"@type":"BreadcrumbList","@id":"https:\/\/www.visit-ulcinj.com\/blog\/2016\/04\/28\/bashoviq-per-vendosjen-e-rregullit-punes-dhe-ligjshmeris-ne-otu\/#breadcrumb","itemListElement":[{"@type":"ListItem","position":1,"name":"Bashoviq p\u00ebr vendosjen e rregullit, punes dhe ligjshm\u00ebris n\u00eb OTU"}]},{"@type":"Person","@id":"https:\/\/www.visit-ulcinj.com\/blog\/#\/schema\/person\/dcab619c614d3038751c63bc2aadc06d","name":"ulqini","sameAs":["http:\/\/www.visit-ulcinj.com"],"url":"https:\/\/www.visit-ulcinj.com\/blog\/author\/admin\/"}]}},"jetpack_featured_media_url":"","jetpack_sharing_enabled":true,"jetpack_shortlink":"https:\/\/wp.me\/pe6lTn-p8e","_links":{"self":[{"href":"https:\/\/www.visit-ulcinj.com\/blog\/wp-json\/wp\/v2\/posts\/96610"}],"collection":[{"href":"https:\/\/www.visit-ulcinj.com\/blog\/wp-json\/wp\/v2\/posts"}],"about":[{"href":"https:\/\/www.visit-ulcinj.com\/blog\/wp-json\/wp\/v2\/types\/post"}],"author":[{"embeddable":true,"href":"https:\/\/www.visit-ulcinj.com\/blog\/wp-json\/wp\/v2\/users\/1"}],"replies":[{"embeddable":true,"href":"https:\/\/www.visit-ulcinj.com\/blog\/wp-json\/wp\/v2\/comments?post=96610"}],"version-history":[{"count":1,"href":"https:\/\/www.visit-ulcinj.com\/blog\/wp-json\/wp\/v2\/posts\/96610\/revisions"}],"predecessor-version":[{"id":96612,"href":"https:\/\/www.visit-ulcinj.com\/blog\/wp-json\/wp\/v2\/posts\/96610\/revisions\/96612"}],"wp:attachment":[{"href":"https:\/\/www.visit-ulcinj.com\/blog\/wp-json\/wp\/v2\/media?parent=96610"}],"wp:term":[{"taxonomy":"category","embeddable":true,"href":"https:\/\/www.visit-ulcinj.com\/blog\/wp-json\/wp\/v2\/categories?post=96610"},{"taxonomy":"post_tag","embeddable":true,"href":"https:\/\/www.visit-ulcinj.com\/blog\/wp-json\/wp\/v2\/tags?post=96610"}],"curies":[{"name":"wp","href":"https:\/\/api.w.org\/{rel}","templated":true}]}}