{"id":9662,"date":"2009-01-23T18:40:28","date_gmt":"2009-01-23T17:40:28","guid":{"rendered":"http:\/\/www.visit-ulcinj.com\/blog\/?p=9662"},"modified":"2009-01-23T18:40:32","modified_gmt":"2009-01-23T17:40:32","slug":"ukraina-bllokon-anetaresimin-malit-te-zi-ne-obt","status":"publish","type":"post","link":"https:\/\/www.visit-ulcinj.com\/blog\/2009\/01\/23\/ukraina-bllokon-anetaresimin-malit-te-zi-ne-obt\/","title":{"rendered":"Ukraina bllokon an\u00ebtar\u00ebsimin Malit t\u00eb Zi n\u00eb OBT"},"content":{"rendered":"<p><strong><a rel=\"attachment wp-att-9663\" href=\"http:\/\/www.visit-ulcinj.com\/blog\/2009\/01\/23\/ukraina-bllokon-anetaresimin-malit-te-zi-ne-obt\/gordana-durovic-_sto_wto\/\"><img loading=\"lazy\" class=\"alignleft size-full wp-image-9663\" title=\"gordana-durovic-_sto_wto\" src=\"http:\/\/www.visit-ulcinj.com\/blog\/wp-content\/uploads\/2009\/01\/gordana-durovic-_sto_wto.jpg\" alt=\"gordana-durovic-_sto_wto\" width=\"570\" height=\"400\" \/><\/a>Ukraina bllokoi an\u00ebtar\u00ebsimin malazez n\u00eb OBT<\/strong><br \/>\nMali i Zi nuk do t\u00eb pranohet n\u00eb Organizat\u00ebn Bot\u00ebrore t\u00eb Tregtis\u00eb (WTO) m\u00eb 3 shkurt, si\u00e7 ishte planifikuar, p\u00ebr shkak t\u00eb kund\u00ebrshtimit t\u00eb Ukrain\u00ebs.<br \/>\nK\u00ebshtu deklaroi t\u00eb enjten z\u00ebvend\u00ebskryeministrja malazeze Gordana Djurovic, sipas s\u00eb cil\u00ebs, q\u00ebndrimi i Ukrain\u00ebs \u00ebsht\u00eb &#8220;pa precedenc\u00eb&#8221;, dhe se ndonj\u00eb rast i ngjash\u00ebm nuk ka ngjar\u00eb n\u00eb historin\u00eb e WTO-s\u00eb, q\u00eb prejse ekziston, nga viti 1995.<br \/>\nUkraina nga Mali i Zi k\u00ebrkoi sqarime legjislative shtes\u00eb rreth bujq\u00ebsis\u00eb, industris\u00eb, mallrave dhe sh\u00ebrbimeve.<br \/>\n<strong>Gazeta Express<\/strong><\/p>\n<!--YouTube Error: bad URL entered-->\n","protected":false},"excerpt":{"rendered":"<p>Ukraina bllokoi an\u00ebtar\u00ebsimin malazez n\u00eb OBT Mali i Zi nuk do t\u00eb pranohet n\u00eb Organizat\u00ebn Bot\u00ebrore t\u00eb Tregtis\u00eb (WTO) m\u00eb 3 shkurt, si\u00e7 ishte planifikuar, p\u00ebr shkak t\u00eb kund\u00ebrshtimit t\u00eb Ukrain\u00ebs. K\u00ebshtu deklaroi t\u00eb enjten z\u00ebvend\u00ebskryeministrja malazeze Gordana Djurovic, sipas s\u00eb cil\u00ebs, q\u00ebndrimi i Ukrain\u00ebs \u00ebsht\u00eb &#8220;pa precedenc\u00eb&#8221;, dhe se ndonj\u00eb rast i ngjash\u00ebm nuk [&hellip;]<\/p>\n","protected":false},"author":1,"featured_media":0,"comment_status":"open","ping_status":"closed","sticky":false,"template":"","format":"standard","meta":{"spay_email":"","jetpack_publicize_message":"","jetpack_is_tweetstorm":false,"jetpack_publicize_feature_enabled":true},"categories":[1],"tags":[5162,6050,95,6049,6051,6047,6048],"jetpack_publicize_connections":[],"yoast_head":"<!-- This site is optimized with the Yoast SEO plugin v19.1 - https:\/\/yoast.com\/wordpress\/plugins\/seo\/ -->\n<title>Ukraina bllokon an\u00ebtar\u00ebsimin Malit t\u00eb Zi n\u00eb OBT - Lajme nga Ulqini<\/title>\n<meta name=\"description\" content=\"Ukraina bllokoi an\u00ebtar\u00ebsimin malazez n\u00eb OBT Mali i Zi nuk do t\u00eb pranohet n\u00eb Organizat\u00ebn Bot\u00ebrore t\u00eb Tregtis\u00eb (WTO) m\u00eb 3 shkurt, si\u00e7 ishte planifikuar, p\u00ebr\" \/>\n<meta name=\"robots\" content=\"index, follow, max-snippet:-1, max-image-preview:large, max-video-preview:-1\" \/>\n<link rel=\"canonical\" href=\"https:\/\/www.visit-ulcinj.com\/blog\/2009\/01\/23\/ukraina-bllokon-anetaresimin-malit-te-zi-ne-obt\/\" \/>\n<meta property=\"og:locale\" content=\"en_US\" \/>\n<meta property=\"og:type\" content=\"article\" \/>\n<meta property=\"og:title\" content=\"Ukraina bllokon an\u00ebtar\u00ebsimin Malit t\u00eb Zi n\u00eb OBT - Lajme nga Ulqini\" \/>\n<meta property=\"og:description\" content=\"Ukraina bllokoi an\u00ebtar\u00ebsimin malazez n\u00eb OBT Mali i Zi nuk do t\u00eb pranohet n\u00eb Organizat\u00ebn Bot\u00ebrore t\u00eb Tregtis\u00eb (WTO) m\u00eb 3 shkurt, si\u00e7 ishte planifikuar, p\u00ebr\" \/>\n<meta property=\"og:url\" content=\"https:\/\/www.visit-ulcinj.com\/blog\/2009\/01\/23\/ukraina-bllokon-anetaresimin-malit-te-zi-ne-obt\/\" \/>\n<meta property=\"og:site_name\" content=\"Lajme nga Ulqini\" \/>\n<meta property=\"article:published_time\" content=\"2009-01-23T17:40:28+00:00\" \/>\n<meta property=\"article:modified_time\" content=\"2009-01-23T17:40:32+00:00\" \/>\n<meta property=\"og:image\" content=\"http:\/\/www.visit-ulcinj.com\/blog\/wp-content\/uploads\/2009\/01\/gordana-durovic-_sto_wto.jpg\" \/>\n<meta name=\"twitter:label1\" content=\"Written by\" \/>\n\t<meta name=\"twitter:data1\" content=\"ulqini\" \/>\n\t<meta name=\"twitter:label2\" content=\"Est. reading time\" \/>\n\t<meta name=\"twitter:data2\" content=\"1 minute\" \/>\n<script type=\"application\/ld+json\" class=\"yoast-schema-graph\">{\"@context\":\"https:\/\/schema.org\",\"@graph\":[{\"@type\":\"WebSite\",\"@id\":\"https:\/\/www.visit-ulcinj.com\/blog\/#website\",\"url\":\"https:\/\/www.visit-ulcinj.com\/blog\/\",\"name\":\"Lajme nga Ulqini\",\"description\":\"Lajme,Vijesti,Ulqini,Ulqin,Crna Gora,Mali i Zi\",\"potentialAction\":[{\"@type\":\"SearchAction\",\"target\":{\"@type\":\"EntryPoint\",\"urlTemplate\":\"https:\/\/www.visit-ulcinj.com\/blog\/?s={search_term_string}\"},\"query-input\":\"required name=search_term_string\"}],\"inLanguage\":\"en-US\"},{\"@type\":\"ImageObject\",\"inLanguage\":\"en-US\",\"@id\":\"https:\/\/www.visit-ulcinj.com\/blog\/2009\/01\/23\/ukraina-bllokon-anetaresimin-malit-te-zi-ne-obt\/#primaryimage\",\"url\":\"https:\/\/www.visit-ulcinj.com\/blog\/wp-content\/uploads\/2009\/01\/gordana-durovic-_sto_wto.jpg\",\"contentUrl\":\"https:\/\/www.visit-ulcinj.com\/blog\/wp-content\/uploads\/2009\/01\/gordana-durovic-_sto_wto.jpg\",\"width\":\"640\",\"height\":\"437\"},{\"@type\":\"WebPage\",\"@id\":\"https:\/\/www.visit-ulcinj.com\/blog\/2009\/01\/23\/ukraina-bllokon-anetaresimin-malit-te-zi-ne-obt\/#webpage\",\"url\":\"https:\/\/www.visit-ulcinj.com\/blog\/2009\/01\/23\/ukraina-bllokon-anetaresimin-malit-te-zi-ne-obt\/\",\"name\":\"Ukraina bllokon an\u00ebtar\u00ebsimin Malit t\u00eb Zi n\u00eb OBT - Lajme nga Ulqini\",\"isPartOf\":{\"@id\":\"https:\/\/www.visit-ulcinj.com\/blog\/#website\"},\"primaryImageOfPage\":{\"@id\":\"https:\/\/www.visit-ulcinj.com\/blog\/2009\/01\/23\/ukraina-bllokon-anetaresimin-malit-te-zi-ne-obt\/#primaryimage\"},\"datePublished\":\"2009-01-23T17:40:28+00:00\",\"dateModified\":\"2009-01-23T17:40:32+00:00\",\"author\":{\"@id\":\"https:\/\/www.visit-ulcinj.com\/blog\/#\/schema\/person\/dcab619c614d3038751c63bc2aadc06d\"},\"description\":\"Ukraina bllokoi an\u00ebtar\u00ebsimin malazez n\u00eb OBT Mali i Zi nuk do t\u00eb pranohet n\u00eb Organizat\u00ebn Bot\u00ebrore t\u00eb Tregtis\u00eb (WTO) m\u00eb 3 shkurt, si\u00e7 ishte planifikuar, p\u00ebr\",\"breadcrumb\":{\"@id\":\"https:\/\/www.visit-ulcinj.com\/blog\/2009\/01\/23\/ukraina-bllokon-anetaresimin-malit-te-zi-ne-obt\/#breadcrumb\"},\"inLanguage\":\"en-US\",\"potentialAction\":[{\"@type\":\"ReadAction\",\"target\":[\"https:\/\/www.visit-ulcinj.com\/blog\/2009\/01\/23\/ukraina-bllokon-anetaresimin-malit-te-zi-ne-obt\/\"]}]},{\"@type\":\"BreadcrumbList\",\"@id\":\"https:\/\/www.visit-ulcinj.com\/blog\/2009\/01\/23\/ukraina-bllokon-anetaresimin-malit-te-zi-ne-obt\/#breadcrumb\",\"itemListElement\":[{\"@type\":\"ListItem\",\"position\":1,\"name\":\"Ukraina bllokon an\u00ebtar\u00ebsimin Malit t\u00eb Zi n\u00eb OBT\"}]},{\"@type\":\"Person\",\"@id\":\"https:\/\/www.visit-ulcinj.com\/blog\/#\/schema\/person\/dcab619c614d3038751c63bc2aadc06d\",\"name\":\"ulqini\",\"sameAs\":[\"http:\/\/www.visit-ulcinj.com\"],\"url\":\"https:\/\/www.visit-ulcinj.com\/blog\/author\/admin\/\"}]}<\/script>\n<!-- \/ Yoast SEO plugin. -->","yoast_head_json":{"title":"Ukraina bllokon an\u00ebtar\u00ebsimin Malit t\u00eb Zi n\u00eb OBT - Lajme nga Ulqini","description":"Ukraina bllokoi an\u00ebtar\u00ebsimin malazez n\u00eb OBT Mali i Zi nuk do t\u00eb pranohet n\u00eb Organizat\u00ebn Bot\u00ebrore t\u00eb Tregtis\u00eb (WTO) m\u00eb 3 shkurt, si\u00e7 ishte planifikuar, p\u00ebr","robots":{"index":"index","follow":"follow","max-snippet":"max-snippet:-1","max-image-preview":"max-image-preview:large","max-video-preview":"max-video-preview:-1"},"canonical":"https:\/\/www.visit-ulcinj.com\/blog\/2009\/01\/23\/ukraina-bllokon-anetaresimin-malit-te-zi-ne-obt\/","og_locale":"en_US","og_type":"article","og_title":"Ukraina bllokon an\u00ebtar\u00ebsimin Malit t\u00eb Zi n\u00eb OBT - Lajme nga Ulqini","og_description":"Ukraina bllokoi an\u00ebtar\u00ebsimin malazez n\u00eb OBT Mali i Zi nuk do t\u00eb pranohet n\u00eb Organizat\u00ebn Bot\u00ebrore t\u00eb Tregtis\u00eb (WTO) m\u00eb 3 shkurt, si\u00e7 ishte planifikuar, p\u00ebr","og_url":"https:\/\/www.visit-ulcinj.com\/blog\/2009\/01\/23\/ukraina-bllokon-anetaresimin-malit-te-zi-ne-obt\/","og_site_name":"Lajme nga Ulqini","article_published_time":"2009-01-23T17:40:28+00:00","article_modified_time":"2009-01-23T17:40:32+00:00","og_image":[{"url":"http:\/\/www.visit-ulcinj.com\/blog\/wp-content\/uploads\/2009\/01\/gordana-durovic-_sto_wto.jpg"}],"twitter_misc":{"Written by":"ulqini","Est. reading time":"1 minute"},"schema":{"@context":"https:\/\/schema.org","@graph":[{"@type":"WebSite","@id":"https:\/\/www.visit-ulcinj.com\/blog\/#website","url":"https:\/\/www.visit-ulcinj.com\/blog\/","name":"Lajme nga Ulqini","description":"Lajme,Vijesti,Ulqini,Ulqin,Crna Gora,Mali i Zi","potentialAction":[{"@type":"SearchAction","target":{"@type":"EntryPoint","urlTemplate":"https:\/\/www.visit-ulcinj.com\/blog\/?s={search_term_string}"},"query-input":"required name=search_term_string"}],"inLanguage":"en-US"},{"@type":"ImageObject","inLanguage":"en-US","@id":"https:\/\/www.visit-ulcinj.com\/blog\/2009\/01\/23\/ukraina-bllokon-anetaresimin-malit-te-zi-ne-obt\/#primaryimage","url":"https:\/\/www.visit-ulcinj.com\/blog\/wp-content\/uploads\/2009\/01\/gordana-durovic-_sto_wto.jpg","contentUrl":"https:\/\/www.visit-ulcinj.com\/blog\/wp-content\/uploads\/2009\/01\/gordana-durovic-_sto_wto.jpg","width":"640","height":"437"},{"@type":"WebPage","@id":"https:\/\/www.visit-ulcinj.com\/blog\/2009\/01\/23\/ukraina-bllokon-anetaresimin-malit-te-zi-ne-obt\/#webpage","url":"https:\/\/www.visit-ulcinj.com\/blog\/2009\/01\/23\/ukraina-bllokon-anetaresimin-malit-te-zi-ne-obt\/","name":"Ukraina bllokon an\u00ebtar\u00ebsimin Malit t\u00eb Zi n\u00eb OBT - Lajme nga Ulqini","isPartOf":{"@id":"https:\/\/www.visit-ulcinj.com\/blog\/#website"},"primaryImageOfPage":{"@id":"https:\/\/www.visit-ulcinj.com\/blog\/2009\/01\/23\/ukraina-bllokon-anetaresimin-malit-te-zi-ne-obt\/#primaryimage"},"datePublished":"2009-01-23T17:40:28+00:00","dateModified":"2009-01-23T17:40:32+00:00","author":{"@id":"https:\/\/www.visit-ulcinj.com\/blog\/#\/schema\/person\/dcab619c614d3038751c63bc2aadc06d"},"description":"Ukraina bllokoi an\u00ebtar\u00ebsimin malazez n\u00eb OBT Mali i Zi nuk do t\u00eb pranohet n\u00eb Organizat\u00ebn Bot\u00ebrore t\u00eb Tregtis\u00eb (WTO) m\u00eb 3 shkurt, si\u00e7 ishte planifikuar, p\u00ebr","breadcrumb":{"@id":"https:\/\/www.visit-ulcinj.com\/blog\/2009\/01\/23\/ukraina-bllokon-anetaresimin-malit-te-zi-ne-obt\/#breadcrumb"},"inLanguage":"en-US","potentialAction":[{"@type":"ReadAction","target":["https:\/\/www.visit-ulcinj.com\/blog\/2009\/01\/23\/ukraina-bllokon-anetaresimin-malit-te-zi-ne-obt\/"]}]},{"@type":"BreadcrumbList","@id":"https:\/\/www.visit-ulcinj.com\/blog\/2009\/01\/23\/ukraina-bllokon-anetaresimin-malit-te-zi-ne-obt\/#breadcrumb","itemListElement":[{"@type":"ListItem","position":1,"name":"Ukraina bllokon an\u00ebtar\u00ebsimin Malit t\u00eb Zi n\u00eb OBT"}]},{"@type":"Person","@id":"https:\/\/www.visit-ulcinj.com\/blog\/#\/schema\/person\/dcab619c614d3038751c63bc2aadc06d","name":"ulqini","sameAs":["http:\/\/www.visit-ulcinj.com"],"url":"https:\/\/www.visit-ulcinj.com\/blog\/author\/admin\/"}]}},"jetpack_featured_media_url":"","jetpack_sharing_enabled":true,"jetpack_shortlink":"https:\/\/wp.me\/pe6lTn-2vQ","_links":{"self":[{"href":"https:\/\/www.visit-ulcinj.com\/blog\/wp-json\/wp\/v2\/posts\/9662"}],"collection":[{"href":"https:\/\/www.visit-ulcinj.com\/blog\/wp-json\/wp\/v2\/posts"}],"about":[{"href":"https:\/\/www.visit-ulcinj.com\/blog\/wp-json\/wp\/v2\/types\/post"}],"author":[{"embeddable":true,"href":"https:\/\/www.visit-ulcinj.com\/blog\/wp-json\/wp\/v2\/users\/1"}],"replies":[{"embeddable":true,"href":"https:\/\/www.visit-ulcinj.com\/blog\/wp-json\/wp\/v2\/comments?post=9662"}],"version-history":[{"count":0,"href":"https:\/\/www.visit-ulcinj.com\/blog\/wp-json\/wp\/v2\/posts\/9662\/revisions"}],"wp:attachment":[{"href":"https:\/\/www.visit-ulcinj.com\/blog\/wp-json\/wp\/v2\/media?parent=9662"}],"wp:term":[{"taxonomy":"category","embeddable":true,"href":"https:\/\/www.visit-ulcinj.com\/blog\/wp-json\/wp\/v2\/categories?post=9662"},{"taxonomy":"post_tag","embeddable":true,"href":"https:\/\/www.visit-ulcinj.com\/blog\/wp-json\/wp\/v2\/tags?post=9662"}],"curies":[{"name":"wp","href":"https:\/\/api.w.org\/{rel}","templated":true}]}}