{"id":96664,"date":"2016-05-05T22:52:01","date_gmt":"2016-05-05T21:52:01","guid":{"rendered":"http:\/\/www.visit-ulcinj.com\/blog\/?p=96664"},"modified":"2016-05-05T22:52:01","modified_gmt":"2016-05-05T21:52:01","slug":"komuna-ulqinit-fton-agjencite-turistike-per-bashkepunim","status":"publish","type":"post","link":"https:\/\/www.visit-ulcinj.com\/blog\/2016\/05\/05\/komuna-ulqinit-fton-agjencite-turistike-per-bashkepunim\/","title":{"rendered":"Komuna Ulqinit fton agjencit\u00eb turistike p\u00ebr bashk\u00ebpunim"},"content":{"rendered":"<p><a href=\"http:\/\/www.visit-ulcinj.com\/blog\/wp-content\/uploads\/2016\/05\/Nazif-Cungu-fton-agjencit\u00eb-turistike-t\u00eb-Ulqinit-p\u00ebr-bashk\u00ebpunim-1.jpg\"><img loading=\"lazy\" class=\"alignleft wp-image-96665\" src=\"http:\/\/www.visit-ulcinj.com\/blog\/wp-content\/uploads\/2016\/05\/Nazif-Cungu-fton-agjencit\u00eb-turistike-t\u00eb-Ulqinit-p\u00ebr-bashk\u00ebpunim-1.jpg\" alt=\"Nazif-Cungu-fton agjencit\u00eb turistike t\u00eb Ulqinit p\u00ebr bashk\u00ebpunim-1\" width=\"508\" height=\"337\" srcset=\"https:\/\/www.visit-ulcinj.com\/blog\/wp-content\/uploads\/2016\/05\/Nazif-Cungu-fton-agjencit\u00eb-turistike-t\u00eb-Ulqinit-p\u00ebr-bashk\u00ebpunim-1.jpg 750w, https:\/\/www.visit-ulcinj.com\/blog\/wp-content\/uploads\/2016\/05\/Nazif-Cungu-fton-agjencit\u00eb-turistike-t\u00eb-Ulqinit-p\u00ebr-bashk\u00ebpunim-1-300x199.jpg 300w\" sizes=\"(max-width: 508px) 100vw, 508px\" \/><\/a>Kryetari i Komun\u00ebs s\u00eb Ulqinit Nazif Cungu dhe bashk\u00ebpun\u00ebtor\u00ebt e tij mbajten sot takimin e rradh\u00ebs me p\u00ebrfaq\u00ebsuesit e agjencive turistike q\u00eb veprojn\u00eb n\u00eb qytetin ton\u00eb. N\u00eb takim ishin t\u00eb pranish\u00ebm dhe p\u00ebrfaqesuesit e\u00a0 Organizat\u00ebs turistike.<\/p>\n<p>Q\u00eb n\u00eb fillim t\u00eb takimit kryetari Cungu tha q\u00eb synimi yn\u00eb \u00ebsht\u00eb v\u00ebnija e marr\u00ebdh\u00ebnieve korrekte me interes t\u00eb p\u00ebrbashk\u00ebt. T\u00eb pranishmit u njoftuan\u00a0 me ndryshimet q\u00eb ka p\u00ebsuar ligji n\u00eb pjes\u00ebn e paraqitjes s\u00eb mysafireve dhe\u00a0 vjeljen e taks\u00eb banimit. Sipas asaj q\u00eb u d\u00ebgjua Sekretariati p\u00ebr buxhet dhe\u00a0 financa mund ti besoj\u00eb agjencive q\u00eb krahas paraqitjes t\u00eb merren dhe me vjeljen e taks\u00eb banimit konform\u00eb nj\u00eb programi t\u00eb ve\u00e7ant\u00eb. Kryetari Cungu insistoi q\u00eb t\u00eb sigurohen modelet dhe p\u00ebrvojat e komunave t\u00eb tjera bregdetare\u00a0 dhe t\u00eb gjindet forma m\u00eb e p\u00ebrshtatshme dhe m\u00eb e lev\u00ebrdishme p\u00ebr t\u00eb gjith\u00eb.<\/p>\n<p><a href=\"http:\/\/www.visit-ulcinj.com\/blog\/wp-content\/uploads\/2016\/05\/Nazif-Cungu-fton-agjencit\u00eb-turistike-t\u00eb-Ulqinit-p\u00ebr-bashk\u00ebpunim-.jpg\"><img loading=\"lazy\" class=\"alignleft wp-image-96666\" src=\"http:\/\/www.visit-ulcinj.com\/blog\/wp-content\/uploads\/2016\/05\/Nazif-Cungu-fton-agjencit\u00eb-turistike-t\u00eb-Ulqinit-p\u00ebr-bashk\u00ebpunim-.jpg\" alt=\"Nazif-Cungu-fton agjencit\u00eb turistike t\u00eb Ulqinit p\u00ebr bashk\u00ebpunim-\" width=\"508\" height=\"337\" srcset=\"https:\/\/www.visit-ulcinj.com\/blog\/wp-content\/uploads\/2016\/05\/Nazif-Cungu-fton-agjencit\u00eb-turistike-t\u00eb-Ulqinit-p\u00ebr-bashk\u00ebpunim-.jpg 750w, https:\/\/www.visit-ulcinj.com\/blog\/wp-content\/uploads\/2016\/05\/Nazif-Cungu-fton-agjencit\u00eb-turistike-t\u00eb-Ulqinit-p\u00ebr-bashk\u00ebpunim--300x199.jpg 300w\" sizes=\"(max-width: 508px) 100vw, 508px\" \/><\/a><\/p>\n<p>N\u00eb fjal\u00ebn e tij ai ishte k\u00ebmb\u00ebngul\u00ebs, bashkarisht me ju do t\u00eb rrisim cil\u00ebsin\u00eb\u00a0 dhe nuk do t\u00eb lejojm\u00eb\u00a0 kontrolle selektive, por do ti v\u00ebm\u00eb vehtes detyr\u00eb q\u00eb t\u00eb rrisim t\u00eb ardhurat nga taks\u00eb banimi dhe ata mjete me nj\u00eb kontroll rrigoroz ku\u00a0 do t\u00eb ken\u00eb qasje t\u00eb gjith\u00eb do t\u00eb vihen n\u00eb sh\u00ebrbim t\u00eb begatimit t\u00eb ofert\u00ebs turistike.<\/p>\n<p>Duke paralajm\u00ebruar s\u00ebshpejti takimin\u00a0 tjeter, ai luti p\u00ebrfaq\u00ebsuesit e agjencive turistike q\u00eb t\u00eb zgjedhin kandidatin e tyre i cili do t\u00eb jet\u00eb pjese e trupit koordinues q\u00eb do t\u00eb merret me p\u00ebrcjeljen e rrjedh\u00ebs s\u00eb sezonit turistik.<\/p>\n","protected":false},"excerpt":{"rendered":"<p>Kryetari i Komun\u00ebs s\u00eb Ulqinit Nazif Cungu dhe bashk\u00ebpun\u00ebtor\u00ebt e tij mbajten sot takimin e rradh\u00ebs me p\u00ebrfaq\u00ebsuesit e agjencive turistike q\u00eb veprojn\u00eb n\u00eb qytetin ton\u00eb. N\u00eb takim ishin t\u00eb pranish\u00ebm dhe p\u00ebrfaqesuesit e\u00a0 Organizat\u00ebs turistike. Q\u00eb n\u00eb fillim t\u00eb takimit kryetari Cungu tha q\u00eb synimi yn\u00eb \u00ebsht\u00eb v\u00ebnija e marr\u00ebdh\u00ebnieve korrekte me interes t\u00eb [&hellip;]<\/p>\n","protected":false},"author":1,"featured_media":0,"comment_status":"closed","ping_status":"closed","sticky":false,"template":"","format":"standard","meta":{"spay_email":"","jetpack_publicize_message":"","jetpack_is_tweetstorm":false,"jetpack_publicize_feature_enabled":true},"categories":[15],"tags":[],"jetpack_publicize_connections":[],"yoast_head":"<!-- This site is optimized with the Yoast SEO plugin v19.1 - https:\/\/yoast.com\/wordpress\/plugins\/seo\/ -->\n<title>Komuna Ulqinit fton agjencit\u00eb turistike p\u00ebr bashk\u00ebpunim - Lajme nga Ulqini<\/title>\n<meta name=\"description\" content=\"Kryetari i Komun\u00ebs s\u00eb Ulqinit Nazif Cungu dhe bashk\u00ebpun\u00ebtor\u00ebt e tij mbajten sot takimin e rradh\u00ebs me p\u00ebrfaq\u00ebsuesit e agjencive turistike q\u00eb veprojn\u00eb n\u00eb\" \/>\n<meta name=\"robots\" content=\"index, follow, max-snippet:-1, max-image-preview:large, max-video-preview:-1\" \/>\n<link rel=\"canonical\" href=\"https:\/\/www.visit-ulcinj.com\/blog\/2016\/05\/05\/komuna-ulqinit-fton-agjencite-turistike-per-bashkepunim\/\" \/>\n<meta property=\"og:locale\" content=\"en_US\" \/>\n<meta property=\"og:type\" content=\"article\" \/>\n<meta property=\"og:title\" content=\"Komuna Ulqinit fton agjencit\u00eb turistike p\u00ebr bashk\u00ebpunim - Lajme nga Ulqini\" \/>\n<meta property=\"og:description\" content=\"Kryetari i Komun\u00ebs s\u00eb Ulqinit Nazif Cungu dhe bashk\u00ebpun\u00ebtor\u00ebt e tij mbajten sot takimin e rradh\u00ebs me p\u00ebrfaq\u00ebsuesit e agjencive turistike q\u00eb veprojn\u00eb n\u00eb\" \/>\n<meta property=\"og:url\" content=\"https:\/\/www.visit-ulcinj.com\/blog\/2016\/05\/05\/komuna-ulqinit-fton-agjencite-turistike-per-bashkepunim\/\" \/>\n<meta property=\"og:site_name\" content=\"Lajme nga Ulqini\" \/>\n<meta property=\"article:published_time\" content=\"2016-05-05T21:52:01+00:00\" \/>\n<meta name=\"twitter:label1\" content=\"Written by\" \/>\n\t<meta name=\"twitter:data1\" content=\"ulqini\" \/>\n\t<meta name=\"twitter:label2\" content=\"Est. reading time\" \/>\n\t<meta name=\"twitter:data2\" content=\"1 minute\" \/>\n<script type=\"application\/ld+json\" class=\"yoast-schema-graph\">{\"@context\":\"https:\/\/schema.org\",\"@graph\":[{\"@type\":\"WebSite\",\"@id\":\"https:\/\/www.visit-ulcinj.com\/blog\/#website\",\"url\":\"https:\/\/www.visit-ulcinj.com\/blog\/\",\"name\":\"Lajme nga Ulqini\",\"description\":\"Lajme,Vijesti,Ulqini,Ulqin,Crna Gora,Mali i Zi\",\"potentialAction\":[{\"@type\":\"SearchAction\",\"target\":{\"@type\":\"EntryPoint\",\"urlTemplate\":\"https:\/\/www.visit-ulcinj.com\/blog\/?s={search_term_string}\"},\"query-input\":\"required name=search_term_string\"}],\"inLanguage\":\"en-US\"},{\"@type\":\"WebPage\",\"@id\":\"https:\/\/www.visit-ulcinj.com\/blog\/2016\/05\/05\/komuna-ulqinit-fton-agjencite-turistike-per-bashkepunim\/#webpage\",\"url\":\"https:\/\/www.visit-ulcinj.com\/blog\/2016\/05\/05\/komuna-ulqinit-fton-agjencite-turistike-per-bashkepunim\/\",\"name\":\"Komuna Ulqinit fton agjencit\u00eb turistike p\u00ebr bashk\u00ebpunim - Lajme nga Ulqini\",\"isPartOf\":{\"@id\":\"https:\/\/www.visit-ulcinj.com\/blog\/#website\"},\"datePublished\":\"2016-05-05T21:52:01+00:00\",\"dateModified\":\"2016-05-05T21:52:01+00:00\",\"author\":{\"@id\":\"https:\/\/www.visit-ulcinj.com\/blog\/#\/schema\/person\/dcab619c614d3038751c63bc2aadc06d\"},\"description\":\"Kryetari i Komun\u00ebs s\u00eb Ulqinit Nazif Cungu dhe bashk\u00ebpun\u00ebtor\u00ebt e tij mbajten sot takimin e rradh\u00ebs me p\u00ebrfaq\u00ebsuesit e agjencive turistike q\u00eb veprojn\u00eb n\u00eb\",\"breadcrumb\":{\"@id\":\"https:\/\/www.visit-ulcinj.com\/blog\/2016\/05\/05\/komuna-ulqinit-fton-agjencite-turistike-per-bashkepunim\/#breadcrumb\"},\"inLanguage\":\"en-US\",\"potentialAction\":[{\"@type\":\"ReadAction\",\"target\":[\"https:\/\/www.visit-ulcinj.com\/blog\/2016\/05\/05\/komuna-ulqinit-fton-agjencite-turistike-per-bashkepunim\/\"]}]},{\"@type\":\"BreadcrumbList\",\"@id\":\"https:\/\/www.visit-ulcinj.com\/blog\/2016\/05\/05\/komuna-ulqinit-fton-agjencite-turistike-per-bashkepunim\/#breadcrumb\",\"itemListElement\":[{\"@type\":\"ListItem\",\"position\":1,\"name\":\"Komuna Ulqinit fton agjencit\u00eb turistike p\u00ebr bashk\u00ebpunim\"}]},{\"@type\":\"Person\",\"@id\":\"https:\/\/www.visit-ulcinj.com\/blog\/#\/schema\/person\/dcab619c614d3038751c63bc2aadc06d\",\"name\":\"ulqini\",\"sameAs\":[\"http:\/\/www.visit-ulcinj.com\"],\"url\":\"https:\/\/www.visit-ulcinj.com\/blog\/author\/admin\/\"}]}<\/script>\n<!-- \/ Yoast SEO plugin. -->","yoast_head_json":{"title":"Komuna Ulqinit fton agjencit\u00eb turistike p\u00ebr bashk\u00ebpunim - Lajme nga Ulqini","description":"Kryetari i Komun\u00ebs s\u00eb Ulqinit Nazif Cungu dhe bashk\u00ebpun\u00ebtor\u00ebt e tij mbajten sot takimin e rradh\u00ebs me p\u00ebrfaq\u00ebsuesit e agjencive turistike q\u00eb veprojn\u00eb n\u00eb","robots":{"index":"index","follow":"follow","max-snippet":"max-snippet:-1","max-image-preview":"max-image-preview:large","max-video-preview":"max-video-preview:-1"},"canonical":"https:\/\/www.visit-ulcinj.com\/blog\/2016\/05\/05\/komuna-ulqinit-fton-agjencite-turistike-per-bashkepunim\/","og_locale":"en_US","og_type":"article","og_title":"Komuna Ulqinit fton agjencit\u00eb turistike p\u00ebr bashk\u00ebpunim - Lajme nga Ulqini","og_description":"Kryetari i Komun\u00ebs s\u00eb Ulqinit Nazif Cungu dhe bashk\u00ebpun\u00ebtor\u00ebt e tij mbajten sot takimin e rradh\u00ebs me p\u00ebrfaq\u00ebsuesit e agjencive turistike q\u00eb veprojn\u00eb n\u00eb","og_url":"https:\/\/www.visit-ulcinj.com\/blog\/2016\/05\/05\/komuna-ulqinit-fton-agjencite-turistike-per-bashkepunim\/","og_site_name":"Lajme nga Ulqini","article_published_time":"2016-05-05T21:52:01+00:00","twitter_misc":{"Written by":"ulqini","Est. reading time":"1 minute"},"schema":{"@context":"https:\/\/schema.org","@graph":[{"@type":"WebSite","@id":"https:\/\/www.visit-ulcinj.com\/blog\/#website","url":"https:\/\/www.visit-ulcinj.com\/blog\/","name":"Lajme nga Ulqini","description":"Lajme,Vijesti,Ulqini,Ulqin,Crna Gora,Mali i Zi","potentialAction":[{"@type":"SearchAction","target":{"@type":"EntryPoint","urlTemplate":"https:\/\/www.visit-ulcinj.com\/blog\/?s={search_term_string}"},"query-input":"required name=search_term_string"}],"inLanguage":"en-US"},{"@type":"WebPage","@id":"https:\/\/www.visit-ulcinj.com\/blog\/2016\/05\/05\/komuna-ulqinit-fton-agjencite-turistike-per-bashkepunim\/#webpage","url":"https:\/\/www.visit-ulcinj.com\/blog\/2016\/05\/05\/komuna-ulqinit-fton-agjencite-turistike-per-bashkepunim\/","name":"Komuna Ulqinit fton agjencit\u00eb turistike p\u00ebr bashk\u00ebpunim - Lajme nga Ulqini","isPartOf":{"@id":"https:\/\/www.visit-ulcinj.com\/blog\/#website"},"datePublished":"2016-05-05T21:52:01+00:00","dateModified":"2016-05-05T21:52:01+00:00","author":{"@id":"https:\/\/www.visit-ulcinj.com\/blog\/#\/schema\/person\/dcab619c614d3038751c63bc2aadc06d"},"description":"Kryetari i Komun\u00ebs s\u00eb Ulqinit Nazif Cungu dhe bashk\u00ebpun\u00ebtor\u00ebt e tij mbajten sot takimin e rradh\u00ebs me p\u00ebrfaq\u00ebsuesit e agjencive turistike q\u00eb veprojn\u00eb n\u00eb","breadcrumb":{"@id":"https:\/\/www.visit-ulcinj.com\/blog\/2016\/05\/05\/komuna-ulqinit-fton-agjencite-turistike-per-bashkepunim\/#breadcrumb"},"inLanguage":"en-US","potentialAction":[{"@type":"ReadAction","target":["https:\/\/www.visit-ulcinj.com\/blog\/2016\/05\/05\/komuna-ulqinit-fton-agjencite-turistike-per-bashkepunim\/"]}]},{"@type":"BreadcrumbList","@id":"https:\/\/www.visit-ulcinj.com\/blog\/2016\/05\/05\/komuna-ulqinit-fton-agjencite-turistike-per-bashkepunim\/#breadcrumb","itemListElement":[{"@type":"ListItem","position":1,"name":"Komuna Ulqinit fton agjencit\u00eb turistike p\u00ebr bashk\u00ebpunim"}]},{"@type":"Person","@id":"https:\/\/www.visit-ulcinj.com\/blog\/#\/schema\/person\/dcab619c614d3038751c63bc2aadc06d","name":"ulqini","sameAs":["http:\/\/www.visit-ulcinj.com"],"url":"https:\/\/www.visit-ulcinj.com\/blog\/author\/admin\/"}]}},"jetpack_featured_media_url":"","jetpack_sharing_enabled":true,"jetpack_shortlink":"https:\/\/wp.me\/pe6lTn-p96","_links":{"self":[{"href":"https:\/\/www.visit-ulcinj.com\/blog\/wp-json\/wp\/v2\/posts\/96664"}],"collection":[{"href":"https:\/\/www.visit-ulcinj.com\/blog\/wp-json\/wp\/v2\/posts"}],"about":[{"href":"https:\/\/www.visit-ulcinj.com\/blog\/wp-json\/wp\/v2\/types\/post"}],"author":[{"embeddable":true,"href":"https:\/\/www.visit-ulcinj.com\/blog\/wp-json\/wp\/v2\/users\/1"}],"replies":[{"embeddable":true,"href":"https:\/\/www.visit-ulcinj.com\/blog\/wp-json\/wp\/v2\/comments?post=96664"}],"version-history":[{"count":1,"href":"https:\/\/www.visit-ulcinj.com\/blog\/wp-json\/wp\/v2\/posts\/96664\/revisions"}],"predecessor-version":[{"id":96667,"href":"https:\/\/www.visit-ulcinj.com\/blog\/wp-json\/wp\/v2\/posts\/96664\/revisions\/96667"}],"wp:attachment":[{"href":"https:\/\/www.visit-ulcinj.com\/blog\/wp-json\/wp\/v2\/media?parent=96664"}],"wp:term":[{"taxonomy":"category","embeddable":true,"href":"https:\/\/www.visit-ulcinj.com\/blog\/wp-json\/wp\/v2\/categories?post=96664"},{"taxonomy":"post_tag","embeddable":true,"href":"https:\/\/www.visit-ulcinj.com\/blog\/wp-json\/wp\/v2\/tags?post=96664"}],"curies":[{"name":"wp","href":"https:\/\/api.w.org\/{rel}","templated":true}]}}