{"id":96668,"date":"2016-05-05T23:13:00","date_gmt":"2016-05-05T22:13:00","guid":{"rendered":"http:\/\/www.visit-ulcinj.com\/blog\/?p=96668"},"modified":"2016-05-05T23:13:00","modified_gmt":"2016-05-05T22:13:00","slug":"cungu-takohet-kryetaret-e-bashkesive-lokale-te-komunes-se-ulqinit","status":"publish","type":"post","link":"https:\/\/www.visit-ulcinj.com\/blog\/2016\/05\/05\/cungu-takohet-kryetaret-e-bashkesive-lokale-te-komunes-se-ulqinit\/","title":{"rendered":"Cungu takohet me kryetar\u00ebt e bashk\u00ebsive lokale t\u00eb Komun\u00ebs s\u00eb Ulqinit"},"content":{"rendered":"<p><a href=\"http:\/\/www.visit-ulcinj.com\/blog\/wp-content\/uploads\/2016\/05\/Cungu-takohet-me-kryetar\u00ebt-e-bashk\u00ebsive-lokale.jpg\"><img loading=\"lazy\" class=\"alignleft wp-image-96669\" src=\"http:\/\/www.visit-ulcinj.com\/blog\/wp-content\/uploads\/2016\/05\/Cungu-takohet-me-kryetar\u00ebt-e-bashk\u00ebsive-lokale.jpg\" alt=\"Cungu takohet me kryetar\u00ebt e bashk\u00ebsive lokale\" width=\"508\" height=\"286\" srcset=\"https:\/\/www.visit-ulcinj.com\/blog\/wp-content\/uploads\/2016\/05\/Cungu-takohet-me-kryetar\u00ebt-e-bashk\u00ebsive-lokale.jpg 884w, https:\/\/www.visit-ulcinj.com\/blog\/wp-content\/uploads\/2016\/05\/Cungu-takohet-me-kryetar\u00ebt-e-bashk\u00ebsive-lokale-300x169.jpg 300w, https:\/\/www.visit-ulcinj.com\/blog\/wp-content\/uploads\/2016\/05\/Cungu-takohet-me-kryetar\u00ebt-e-bashk\u00ebsive-lokale-768x432.jpg 768w\" sizes=\"(max-width: 508px) 100vw, 508px\" \/><\/a>Sot kryetari i Komun\u00ebs s\u00eb Ulqinit Nazif Cungu filloi turin e takimeve me kryetar\u00ebt e bashk\u00ebsive lokale t\u00eb Komun\u00ebs s\u00eb Ulqinit.<\/p>\n<p>Fillimisht takimi nisi me p\u00ebrfaq\u00ebsuesit e Bashk\u00ebsis\u00eb Lokale nr.2, si Bashk\u00ebsia Lokle m\u00eb e madhe n\u00eb qytetin ton\u00eb. Kryetari i k\u00ebsaj BL, Nexhat Lajka dhe\u00a0 Kadro Axhemoviqin p\u00ebrsh\u00ebndet\u00ebn nism\u00ebn dhe ve\u00e7uan nj\u00eb s\u00ebr\u00eb problemesh me t\u00eb cilat ballafaqohen banor\u00ebt e BL.<\/p>\n<p>Sipas tyre vemendje m\u00eb e madhe duhet kushtuar ujrave atmosferik, grumbullimit dhe sistemimit t\u00eb tyre, hapja e shahtave, por edhe \u00e7eshtje t\u00eb tjera q\u00eb kan\u00eb t\u00eb b\u00ebjn\u00eb me past\u00ebrtin\u00eb si\u00e7 \u00ebsht\u00eb pazari i eg\u00ebr n\u00eb lokalitetin e Totoshit, shitja vend e pavend, rregullimi i vazove n\u00ebp\u00ebr qytet,\u00a0 kontenier\u00ebt, rregullimi i disa shtyllave n\u00eb drejtim t\u00eb zon\u00ebs industriale, \u00e7\u00ebshtja e qenjve endacak\u00eb, parkingu dhe \u00e7\u00ebshtje t\u00eb tjera.<\/p>\n<p>Kryetari Cungu me bashk\u00ebpun\u00ebtor\u00ebt e tij jovetem q\u00eb evidentoi t\u00eb gjitha shqet\u00ebsimet e shprehura, por tha se nj\u00eb grup i zgjeruar nga udh\u00ebheq\u00ebs t\u00eb\u00a0 sekretariateve\u00a0 komunale, dit\u00ebn e premte do t\u00eb dal\u00eb n\u00eb terren dhe n\u00eb takimin e drejt\u00ebp\u00ebrdrejt\u00eb me strukturat udh\u00ebheq\u00ebse t\u00eb BL do t\u00eb nd\u00ebrmarr\u00eb masa konkrete.<\/p>\n<p>Ai edhe me k\u00ebt\u00eb rast ve\u00e7oi q\u00eb intervenimet do t\u00eb jen\u00eb t\u00eb shpejta, dhe do t\u00eb\u00a0\u00a0 b\u00ebhet \u00e7do gj\u00eb q\u00eb shum\u00eb nga problemet e ngritura t\u00eb zgjidhen para fillimit t\u00eb sezonit turistik.<\/p>\n<p>&nbsp;<\/p>\n<p>&nbsp;<\/p>\n","protected":false},"excerpt":{"rendered":"<p>Sot kryetari i Komun\u00ebs s\u00eb Ulqinit Nazif Cungu filloi turin e takimeve me kryetar\u00ebt e bashk\u00ebsive lokale t\u00eb Komun\u00ebs s\u00eb Ulqinit. Fillimisht takimi nisi me p\u00ebrfaq\u00ebsuesit e Bashk\u00ebsis\u00eb Lokale nr.2, si Bashk\u00ebsia Lokle m\u00eb e madhe n\u00eb qytetin ton\u00eb. Kryetari i k\u00ebsaj BL, Nexhat Lajka dhe\u00a0 Kadro Axhemoviqin p\u00ebrsh\u00ebndet\u00ebn nism\u00ebn dhe ve\u00e7uan nj\u00eb s\u00ebr\u00eb problemesh [&hellip;]<\/p>\n","protected":false},"author":1,"featured_media":0,"comment_status":"closed","ping_status":"closed","sticky":false,"template":"","format":"standard","meta":{"spay_email":"","jetpack_publicize_message":"","jetpack_is_tweetstorm":false,"jetpack_publicize_feature_enabled":true},"categories":[6950],"tags":[],"jetpack_publicize_connections":[],"yoast_head":"<!-- This site is optimized with the Yoast SEO plugin v19.1 - https:\/\/yoast.com\/wordpress\/plugins\/seo\/ -->\n<title>Cungu takohet me kryetar\u00ebt e bashk\u00ebsive lokale t\u00eb Komun\u00ebs s\u00eb Ulqinit - Lajme nga Ulqini<\/title>\n<meta name=\"description\" content=\"Sot kryetari i Komun\u00ebs s\u00eb Ulqinit Nazif Cungu filloi turin e takimeve me kryetar\u00ebt e bashk\u00ebsive lokale t\u00eb Komun\u00ebs s\u00eb Ulqinit. Fillimisht takimi nisi me\" \/>\n<meta name=\"robots\" content=\"index, follow, max-snippet:-1, max-image-preview:large, max-video-preview:-1\" \/>\n<link rel=\"canonical\" href=\"https:\/\/www.visit-ulcinj.com\/blog\/2016\/05\/05\/cungu-takohet-kryetaret-e-bashkesive-lokale-te-komunes-se-ulqinit\/\" \/>\n<meta property=\"og:locale\" content=\"en_US\" \/>\n<meta property=\"og:type\" content=\"article\" \/>\n<meta property=\"og:title\" content=\"Cungu takohet me kryetar\u00ebt e bashk\u00ebsive lokale t\u00eb Komun\u00ebs s\u00eb Ulqinit - Lajme nga Ulqini\" \/>\n<meta property=\"og:description\" content=\"Sot kryetari i Komun\u00ebs s\u00eb Ulqinit Nazif Cungu filloi turin e takimeve me kryetar\u00ebt e bashk\u00ebsive lokale t\u00eb Komun\u00ebs s\u00eb Ulqinit. Fillimisht takimi nisi me\" \/>\n<meta property=\"og:url\" content=\"https:\/\/www.visit-ulcinj.com\/blog\/2016\/05\/05\/cungu-takohet-kryetaret-e-bashkesive-lokale-te-komunes-se-ulqinit\/\" \/>\n<meta property=\"og:site_name\" content=\"Lajme nga Ulqini\" \/>\n<meta property=\"article:published_time\" content=\"2016-05-05T22:13:00+00:00\" \/>\n<meta name=\"twitter:label1\" content=\"Written by\" \/>\n\t<meta name=\"twitter:data1\" content=\"ulqini\" \/>\n\t<meta name=\"twitter:label2\" content=\"Est. reading time\" \/>\n\t<meta name=\"twitter:data2\" content=\"1 minute\" \/>\n<script type=\"application\/ld+json\" class=\"yoast-schema-graph\">{\"@context\":\"https:\/\/schema.org\",\"@graph\":[{\"@type\":\"WebSite\",\"@id\":\"https:\/\/www.visit-ulcinj.com\/blog\/#website\",\"url\":\"https:\/\/www.visit-ulcinj.com\/blog\/\",\"name\":\"Lajme nga Ulqini\",\"description\":\"Lajme,Vijesti,Ulqini,Ulqin,Crna Gora,Mali i Zi\",\"potentialAction\":[{\"@type\":\"SearchAction\",\"target\":{\"@type\":\"EntryPoint\",\"urlTemplate\":\"https:\/\/www.visit-ulcinj.com\/blog\/?s={search_term_string}\"},\"query-input\":\"required name=search_term_string\"}],\"inLanguage\":\"en-US\"},{\"@type\":\"WebPage\",\"@id\":\"https:\/\/www.visit-ulcinj.com\/blog\/2016\/05\/05\/cungu-takohet-kryetaret-e-bashkesive-lokale-te-komunes-se-ulqinit\/#webpage\",\"url\":\"https:\/\/www.visit-ulcinj.com\/blog\/2016\/05\/05\/cungu-takohet-kryetaret-e-bashkesive-lokale-te-komunes-se-ulqinit\/\",\"name\":\"Cungu takohet me kryetar\u00ebt e bashk\u00ebsive lokale t\u00eb Komun\u00ebs s\u00eb Ulqinit - Lajme nga Ulqini\",\"isPartOf\":{\"@id\":\"https:\/\/www.visit-ulcinj.com\/blog\/#website\"},\"datePublished\":\"2016-05-05T22:13:00+00:00\",\"dateModified\":\"2016-05-05T22:13:00+00:00\",\"author\":{\"@id\":\"https:\/\/www.visit-ulcinj.com\/blog\/#\/schema\/person\/dcab619c614d3038751c63bc2aadc06d\"},\"description\":\"Sot kryetari i Komun\u00ebs s\u00eb Ulqinit Nazif Cungu filloi turin e takimeve me kryetar\u00ebt e bashk\u00ebsive lokale t\u00eb Komun\u00ebs s\u00eb Ulqinit. Fillimisht takimi nisi me\",\"breadcrumb\":{\"@id\":\"https:\/\/www.visit-ulcinj.com\/blog\/2016\/05\/05\/cungu-takohet-kryetaret-e-bashkesive-lokale-te-komunes-se-ulqinit\/#breadcrumb\"},\"inLanguage\":\"en-US\",\"potentialAction\":[{\"@type\":\"ReadAction\",\"target\":[\"https:\/\/www.visit-ulcinj.com\/blog\/2016\/05\/05\/cungu-takohet-kryetaret-e-bashkesive-lokale-te-komunes-se-ulqinit\/\"]}]},{\"@type\":\"BreadcrumbList\",\"@id\":\"https:\/\/www.visit-ulcinj.com\/blog\/2016\/05\/05\/cungu-takohet-kryetaret-e-bashkesive-lokale-te-komunes-se-ulqinit\/#breadcrumb\",\"itemListElement\":[{\"@type\":\"ListItem\",\"position\":1,\"name\":\"Cungu takohet me kryetar\u00ebt e bashk\u00ebsive lokale t\u00eb Komun\u00ebs s\u00eb Ulqinit\"}]},{\"@type\":\"Person\",\"@id\":\"https:\/\/www.visit-ulcinj.com\/blog\/#\/schema\/person\/dcab619c614d3038751c63bc2aadc06d\",\"name\":\"ulqini\",\"sameAs\":[\"http:\/\/www.visit-ulcinj.com\"],\"url\":\"https:\/\/www.visit-ulcinj.com\/blog\/author\/admin\/\"}]}<\/script>\n<!-- \/ Yoast SEO plugin. -->","yoast_head_json":{"title":"Cungu takohet me kryetar\u00ebt e bashk\u00ebsive lokale t\u00eb Komun\u00ebs s\u00eb Ulqinit - Lajme nga Ulqini","description":"Sot kryetari i Komun\u00ebs s\u00eb Ulqinit Nazif Cungu filloi turin e takimeve me kryetar\u00ebt e bashk\u00ebsive lokale t\u00eb Komun\u00ebs s\u00eb Ulqinit. Fillimisht takimi nisi me","robots":{"index":"index","follow":"follow","max-snippet":"max-snippet:-1","max-image-preview":"max-image-preview:large","max-video-preview":"max-video-preview:-1"},"canonical":"https:\/\/www.visit-ulcinj.com\/blog\/2016\/05\/05\/cungu-takohet-kryetaret-e-bashkesive-lokale-te-komunes-se-ulqinit\/","og_locale":"en_US","og_type":"article","og_title":"Cungu takohet me kryetar\u00ebt e bashk\u00ebsive lokale t\u00eb Komun\u00ebs s\u00eb Ulqinit - Lajme nga Ulqini","og_description":"Sot kryetari i Komun\u00ebs s\u00eb Ulqinit Nazif Cungu filloi turin e takimeve me kryetar\u00ebt e bashk\u00ebsive lokale t\u00eb Komun\u00ebs s\u00eb Ulqinit. Fillimisht takimi nisi me","og_url":"https:\/\/www.visit-ulcinj.com\/blog\/2016\/05\/05\/cungu-takohet-kryetaret-e-bashkesive-lokale-te-komunes-se-ulqinit\/","og_site_name":"Lajme nga Ulqini","article_published_time":"2016-05-05T22:13:00+00:00","twitter_misc":{"Written by":"ulqini","Est. reading time":"1 minute"},"schema":{"@context":"https:\/\/schema.org","@graph":[{"@type":"WebSite","@id":"https:\/\/www.visit-ulcinj.com\/blog\/#website","url":"https:\/\/www.visit-ulcinj.com\/blog\/","name":"Lajme nga Ulqini","description":"Lajme,Vijesti,Ulqini,Ulqin,Crna Gora,Mali i Zi","potentialAction":[{"@type":"SearchAction","target":{"@type":"EntryPoint","urlTemplate":"https:\/\/www.visit-ulcinj.com\/blog\/?s={search_term_string}"},"query-input":"required name=search_term_string"}],"inLanguage":"en-US"},{"@type":"WebPage","@id":"https:\/\/www.visit-ulcinj.com\/blog\/2016\/05\/05\/cungu-takohet-kryetaret-e-bashkesive-lokale-te-komunes-se-ulqinit\/#webpage","url":"https:\/\/www.visit-ulcinj.com\/blog\/2016\/05\/05\/cungu-takohet-kryetaret-e-bashkesive-lokale-te-komunes-se-ulqinit\/","name":"Cungu takohet me kryetar\u00ebt e bashk\u00ebsive lokale t\u00eb Komun\u00ebs s\u00eb Ulqinit - Lajme nga Ulqini","isPartOf":{"@id":"https:\/\/www.visit-ulcinj.com\/blog\/#website"},"datePublished":"2016-05-05T22:13:00+00:00","dateModified":"2016-05-05T22:13:00+00:00","author":{"@id":"https:\/\/www.visit-ulcinj.com\/blog\/#\/schema\/person\/dcab619c614d3038751c63bc2aadc06d"},"description":"Sot kryetari i Komun\u00ebs s\u00eb Ulqinit Nazif Cungu filloi turin e takimeve me kryetar\u00ebt e bashk\u00ebsive lokale t\u00eb Komun\u00ebs s\u00eb Ulqinit. Fillimisht takimi nisi me","breadcrumb":{"@id":"https:\/\/www.visit-ulcinj.com\/blog\/2016\/05\/05\/cungu-takohet-kryetaret-e-bashkesive-lokale-te-komunes-se-ulqinit\/#breadcrumb"},"inLanguage":"en-US","potentialAction":[{"@type":"ReadAction","target":["https:\/\/www.visit-ulcinj.com\/blog\/2016\/05\/05\/cungu-takohet-kryetaret-e-bashkesive-lokale-te-komunes-se-ulqinit\/"]}]},{"@type":"BreadcrumbList","@id":"https:\/\/www.visit-ulcinj.com\/blog\/2016\/05\/05\/cungu-takohet-kryetaret-e-bashkesive-lokale-te-komunes-se-ulqinit\/#breadcrumb","itemListElement":[{"@type":"ListItem","position":1,"name":"Cungu takohet me kryetar\u00ebt e bashk\u00ebsive lokale t\u00eb Komun\u00ebs s\u00eb Ulqinit"}]},{"@type":"Person","@id":"https:\/\/www.visit-ulcinj.com\/blog\/#\/schema\/person\/dcab619c614d3038751c63bc2aadc06d","name":"ulqini","sameAs":["http:\/\/www.visit-ulcinj.com"],"url":"https:\/\/www.visit-ulcinj.com\/blog\/author\/admin\/"}]}},"jetpack_featured_media_url":"","jetpack_sharing_enabled":true,"jetpack_shortlink":"https:\/\/wp.me\/pe6lTn-p9a","_links":{"self":[{"href":"https:\/\/www.visit-ulcinj.com\/blog\/wp-json\/wp\/v2\/posts\/96668"}],"collection":[{"href":"https:\/\/www.visit-ulcinj.com\/blog\/wp-json\/wp\/v2\/posts"}],"about":[{"href":"https:\/\/www.visit-ulcinj.com\/blog\/wp-json\/wp\/v2\/types\/post"}],"author":[{"embeddable":true,"href":"https:\/\/www.visit-ulcinj.com\/blog\/wp-json\/wp\/v2\/users\/1"}],"replies":[{"embeddable":true,"href":"https:\/\/www.visit-ulcinj.com\/blog\/wp-json\/wp\/v2\/comments?post=96668"}],"version-history":[{"count":1,"href":"https:\/\/www.visit-ulcinj.com\/blog\/wp-json\/wp\/v2\/posts\/96668\/revisions"}],"predecessor-version":[{"id":96670,"href":"https:\/\/www.visit-ulcinj.com\/blog\/wp-json\/wp\/v2\/posts\/96668\/revisions\/96670"}],"wp:attachment":[{"href":"https:\/\/www.visit-ulcinj.com\/blog\/wp-json\/wp\/v2\/media?parent=96668"}],"wp:term":[{"taxonomy":"category","embeddable":true,"href":"https:\/\/www.visit-ulcinj.com\/blog\/wp-json\/wp\/v2\/categories?post=96668"},{"taxonomy":"post_tag","embeddable":true,"href":"https:\/\/www.visit-ulcinj.com\/blog\/wp-json\/wp\/v2\/tags?post=96668"}],"curies":[{"name":"wp","href":"https:\/\/api.w.org\/{rel}","templated":true}]}}