{"id":96676,"date":"2016-05-06T22:14:46","date_gmt":"2016-05-06T21:14:46","guid":{"rendered":"http:\/\/www.visit-ulcinj.com\/blog\/?p=96676"},"modified":"2016-05-08T10:08:22","modified_gmt":"2016-05-08T09:08:22","slug":"nazif-cungu-njihet-shqetesimet-e-banoreve-te-bashkesise-lokale-nr2","status":"publish","type":"post","link":"https:\/\/www.visit-ulcinj.com\/blog\/2016\/05\/06\/nazif-cungu-njihet-shqetesimet-e-banoreve-te-bashkesise-lokale-nr2\/","title":{"rendered":"Nazif Cungu njihet me shqet\u00ebsimet e banor\u00ebve te  Bashk\u00ebsis\u00eb Lokale Nr2"},"content":{"rendered":"<p id=\":11m\" class=\"hP\" tabindex=\"-1\"><strong><a href=\"http:\/\/www.visit-ulcinj.com\/blog\/wp-content\/uploads\/2016\/05\/Nazif-Cungu-njihet-me-shqet\u00ebsimet-e-banor\u00ebve-.jpg\"><img loading=\"lazy\" class=\"alignleft wp-image-96677\" src=\"http:\/\/www.visit-ulcinj.com\/blog\/wp-content\/uploads\/2016\/05\/Nazif-Cungu-njihet-me-shqet\u00ebsimet-e-banor\u00ebve-.jpg\" alt=\"Nazif Cungu njihet me shqet\u00ebsimet e banor\u00ebve-\" width=\"508\" height=\"286\" srcset=\"https:\/\/www.visit-ulcinj.com\/blog\/wp-content\/uploads\/2016\/05\/Nazif-Cungu-njihet-me-shqet\u00ebsimet-e-banor\u00ebve-.jpg 884w, https:\/\/www.visit-ulcinj.com\/blog\/wp-content\/uploads\/2016\/05\/Nazif-Cungu-njihet-me-shqet\u00ebsimet-e-banor\u00ebve--300x169.jpg 300w, https:\/\/www.visit-ulcinj.com\/blog\/wp-content\/uploads\/2016\/05\/Nazif-Cungu-njihet-me-shqet\u00ebsimet-e-banor\u00ebve--768x432.jpg 768w\" sizes=\"(max-width: 508px) 100vw, 508px\" \/><\/a>Shqet\u00ebsimet e banor\u00ebve t\u00eb B\u00cb Nr.2 evidentohen dhe marrin udh\u00eb t\u00eb zgjidhjes<\/strong><\/p>\n<p>Kryetari i Komun\u00ebs Nazif Cungu dhe bashk\u00ebpun\u00ebtor\u00ebt e tij ashtu si\u00e7\u00a0 ishte paralajm\u00ebruar kan\u00eb dalur sot n\u00eb teren p\u00ebr tu njoftuar m\u00eb p\u00ebr s\u00ebaf\u00ebrmi me problemet me t\u00eb cilat ballafaqohen banor\u00ebt e\u00a0 Bashk\u00ebsis\u00eb Lokale Nr2. Shqet\u00ebsimi m\u00eb i madh lidhej me problemet e pastrimit t\u00eb\u00a0 terrenit, ndri\u00e7imit t\u00eb pjes\u00ebs nga hoteli London dhe p\u00ebrgjat\u00eb lagjes Totosh, rregullimi i trotuarit, mbyllja e gropave, gjetja e nj\u00eb lokacioni\u00a0 p\u00ebr automjetet e dala jasht\u00ebp\u00ebrdorimit, por u prek dhe \u00e7\u00ebshtja e p\u00ebrmbytjes s\u00eb kanalit t\u00eb Bratic\u00ebs.<\/p>\n<p><a href=\"http:\/\/www.visit-ulcinj.com\/blog\/wp-content\/uploads\/2016\/05\/Nazif-Cungu-njihet-me-shqet\u00ebsimet-e-banor\u00ebve-2.jpg\"><img loading=\"lazy\" class=\"alignleft wp-image-96678\" src=\"http:\/\/www.visit-ulcinj.com\/blog\/wp-content\/uploads\/2016\/05\/Nazif-Cungu-njihet-me-shqet\u00ebsimet-e-banor\u00ebve-2.jpg\" alt=\"Nazif Cungu njihet me shqet\u00ebsimet e banor\u00ebve-2\" width=\"508\" height=\"286\" srcset=\"https:\/\/www.visit-ulcinj.com\/blog\/wp-content\/uploads\/2016\/05\/Nazif-Cungu-njihet-me-shqet\u00ebsimet-e-banor\u00ebve-2.jpg 884w, https:\/\/www.visit-ulcinj.com\/blog\/wp-content\/uploads\/2016\/05\/Nazif-Cungu-njihet-me-shqet\u00ebsimet-e-banor\u00ebve-2-300x169.jpg 300w, https:\/\/www.visit-ulcinj.com\/blog\/wp-content\/uploads\/2016\/05\/Nazif-Cungu-njihet-me-shqet\u00ebsimet-e-banor\u00ebve-2-768x432.jpg 768w\" sizes=\"(max-width: 508px) 100vw, 508px\" \/><\/a><\/p>\n<p>Poashtu, u la q\u00eb Agjencia p\u00ebr Nd\u00ebrtimin dhe Zhvillimin e Ulqinit t\u00eb\u00a0 p\u00ebrgatis\u00eb nj\u00eb zgjidhje p\u00ebr rregullimin e hap\u00ebsir\u00ebs ku gjinden kontinier\u00ebt n\u00eb Plazhin e madh, p\u00ebrball\u00eb\u00a0 restorantit Otrant. T\u00eb gjitha k\u00ebto probleme\u00a0 e shqet\u00ebsime do t\u00eb marrin rrug\u00ebn e zgjidhjes n\u00eb nj\u00eb koh\u00eb optimale. Strukturat udh\u00ebheq\u00ebse t\u00eb BL shpreh\u00ebn konsideratat e tyre, nd\u00ebrkoh\u00eb q\u00eb sot kryetari Cungu me bashk\u00ebpun\u00ebtore vazhdojn\u00eb takimet me p\u00ebrfaq\u00ebsuesit e BL Nr.1.<\/p>\n<p><a href=\"http:\/\/www.visit-ulcinj.com\/blog\/wp-content\/uploads\/2016\/05\/Nazif-Cungu-njihet-me-shqet\u00ebsimet-e-banor\u00ebve-3.jpg\"><img loading=\"lazy\" class=\"alignleft wp-image-96681\" src=\"http:\/\/www.visit-ulcinj.com\/blog\/wp-content\/uploads\/2016\/05\/Nazif-Cungu-njihet-me-shqet\u00ebsimet-e-banor\u00ebve-3.jpg\" alt=\"Nazif Cungu njihet me shqet\u00ebsimet e banor\u00ebve-3\" width=\"508\" height=\"286\" srcset=\"https:\/\/www.visit-ulcinj.com\/blog\/wp-content\/uploads\/2016\/05\/Nazif-Cungu-njihet-me-shqet\u00ebsimet-e-banor\u00ebve-3.jpg 884w, https:\/\/www.visit-ulcinj.com\/blog\/wp-content\/uploads\/2016\/05\/Nazif-Cungu-njihet-me-shqet\u00ebsimet-e-banor\u00ebve-3-300x169.jpg 300w, https:\/\/www.visit-ulcinj.com\/blog\/wp-content\/uploads\/2016\/05\/Nazif-Cungu-njihet-me-shqet\u00ebsimet-e-banor\u00ebve-3-768x432.jpg 768w\" sizes=\"(max-width: 508px) 100vw, 508px\" \/><\/a><\/p>\n<p><a href=\"http:\/\/www.visit-ulcinj.com\/blog\/wp-content\/uploads\/2016\/05\/Nazif-Cungu-njihet-me-shqet\u00ebsimet-e-banor\u00ebve-1.jpg\"><img loading=\"lazy\" class=\"alignleft wp-image-96679\" src=\"http:\/\/www.visit-ulcinj.com\/blog\/wp-content\/uploads\/2016\/05\/Nazif-Cungu-njihet-me-shqet\u00ebsimet-e-banor\u00ebve-1.jpg\" alt=\"Nazif Cungu njihet me shqet\u00ebsimet e banor\u00ebve-1\" width=\"508\" height=\"286\" srcset=\"https:\/\/www.visit-ulcinj.com\/blog\/wp-content\/uploads\/2016\/05\/Nazif-Cungu-njihet-me-shqet\u00ebsimet-e-banor\u00ebve-1.jpg 884w, https:\/\/www.visit-ulcinj.com\/blog\/wp-content\/uploads\/2016\/05\/Nazif-Cungu-njihet-me-shqet\u00ebsimet-e-banor\u00ebve-1-300x169.jpg 300w, https:\/\/www.visit-ulcinj.com\/blog\/wp-content\/uploads\/2016\/05\/Nazif-Cungu-njihet-me-shqet\u00ebsimet-e-banor\u00ebve-1-768x432.jpg 768w\" sizes=\"(max-width: 508px) 100vw, 508px\" \/><\/a><\/p>\n","protected":false},"excerpt":{"rendered":"<p>Shqet\u00ebsimet e banor\u00ebve t\u00eb B\u00cb Nr.2 evidentohen dhe marrin udh\u00eb t\u00eb zgjidhjes Kryetari i Komun\u00ebs Nazif Cungu dhe bashk\u00ebpun\u00ebtor\u00ebt e tij ashtu si\u00e7\u00a0 ishte paralajm\u00ebruar kan\u00eb dalur sot n\u00eb teren p\u00ebr tu njoftuar m\u00eb p\u00ebr s\u00ebaf\u00ebrmi me problemet me t\u00eb cilat ballafaqohen banor\u00ebt e\u00a0 Bashk\u00ebsis\u00eb Lokale Nr2. Shqet\u00ebsimi m\u00eb i madh lidhej me problemet e [&hellip;]<\/p>\n","protected":false},"author":1,"featured_media":0,"comment_status":"closed","ping_status":"closed","sticky":false,"template":"","format":"standard","meta":{"spay_email":"","jetpack_publicize_message":"","jetpack_is_tweetstorm":false,"jetpack_publicize_feature_enabled":true},"categories":[1,11],"tags":[],"jetpack_publicize_connections":[],"yoast_head":"<!-- This site is optimized with the Yoast SEO plugin v19.1 - https:\/\/yoast.com\/wordpress\/plugins\/seo\/ -->\n<title>Nazif Cungu njihet me shqet\u00ebsimet e banor\u00ebve te Bashk\u00ebsis\u00eb Lokale Nr2 - Lajme nga Ulqini<\/title>\n<meta name=\"description\" content=\"Shqet\u00ebsimet e banor\u00ebve t\u00eb B\u00cb Nr.2 evidentohen dhe marrin udh\u00eb t\u00eb zgjidhjes Kryetari i Komun\u00ebs Nazif Cungu dhe bashk\u00ebpun\u00ebtor\u00ebt e tij ashtu si\u00e7\u00a0 ishte\" \/>\n<meta name=\"robots\" content=\"index, follow, max-snippet:-1, max-image-preview:large, max-video-preview:-1\" \/>\n<link rel=\"canonical\" href=\"https:\/\/www.visit-ulcinj.com\/blog\/2016\/05\/06\/nazif-cungu-njihet-shqetesimet-e-banoreve-te-bashkesise-lokale-nr2\/\" \/>\n<meta property=\"og:locale\" content=\"en_US\" \/>\n<meta property=\"og:type\" content=\"article\" \/>\n<meta property=\"og:title\" content=\"Nazif Cungu njihet me shqet\u00ebsimet e banor\u00ebve te Bashk\u00ebsis\u00eb Lokale Nr2 - Lajme nga Ulqini\" \/>\n<meta property=\"og:description\" content=\"Shqet\u00ebsimet e banor\u00ebve t\u00eb B\u00cb Nr.2 evidentohen dhe marrin udh\u00eb t\u00eb zgjidhjes Kryetari i Komun\u00ebs Nazif Cungu dhe bashk\u00ebpun\u00ebtor\u00ebt e tij ashtu si\u00e7\u00a0 ishte\" \/>\n<meta property=\"og:url\" content=\"https:\/\/www.visit-ulcinj.com\/blog\/2016\/05\/06\/nazif-cungu-njihet-shqetesimet-e-banoreve-te-bashkesise-lokale-nr2\/\" \/>\n<meta property=\"og:site_name\" content=\"Lajme nga Ulqini\" \/>\n<meta property=\"article:published_time\" content=\"2016-05-06T21:14:46+00:00\" \/>\n<meta property=\"article:modified_time\" content=\"2016-05-08T09:08:22+00:00\" \/>\n<meta name=\"twitter:label1\" content=\"Written by\" \/>\n\t<meta name=\"twitter:data1\" content=\"ulqini\" \/>\n\t<meta name=\"twitter:label2\" content=\"Est. reading time\" \/>\n\t<meta name=\"twitter:data2\" content=\"1 minute\" \/>\n<script type=\"application\/ld+json\" class=\"yoast-schema-graph\">{\"@context\":\"https:\/\/schema.org\",\"@graph\":[{\"@type\":\"WebSite\",\"@id\":\"https:\/\/www.visit-ulcinj.com\/blog\/#website\",\"url\":\"https:\/\/www.visit-ulcinj.com\/blog\/\",\"name\":\"Lajme nga Ulqini\",\"description\":\"Lajme,Vijesti,Ulqini,Ulqin,Crna Gora,Mali i Zi\",\"potentialAction\":[{\"@type\":\"SearchAction\",\"target\":{\"@type\":\"EntryPoint\",\"urlTemplate\":\"https:\/\/www.visit-ulcinj.com\/blog\/?s={search_term_string}\"},\"query-input\":\"required name=search_term_string\"}],\"inLanguage\":\"en-US\"},{\"@type\":\"WebPage\",\"@id\":\"https:\/\/www.visit-ulcinj.com\/blog\/2016\/05\/06\/nazif-cungu-njihet-shqetesimet-e-banoreve-te-bashkesise-lokale-nr2\/#webpage\",\"url\":\"https:\/\/www.visit-ulcinj.com\/blog\/2016\/05\/06\/nazif-cungu-njihet-shqetesimet-e-banoreve-te-bashkesise-lokale-nr2\/\",\"name\":\"Nazif Cungu njihet me shqet\u00ebsimet e banor\u00ebve te Bashk\u00ebsis\u00eb Lokale Nr2 - Lajme nga Ulqini\",\"isPartOf\":{\"@id\":\"https:\/\/www.visit-ulcinj.com\/blog\/#website\"},\"datePublished\":\"2016-05-06T21:14:46+00:00\",\"dateModified\":\"2016-05-08T09:08:22+00:00\",\"author\":{\"@id\":\"https:\/\/www.visit-ulcinj.com\/blog\/#\/schema\/person\/dcab619c614d3038751c63bc2aadc06d\"},\"description\":\"Shqet\u00ebsimet e banor\u00ebve t\u00eb B\u00cb Nr.2 evidentohen dhe marrin udh\u00eb t\u00eb zgjidhjes Kryetari i Komun\u00ebs Nazif Cungu dhe bashk\u00ebpun\u00ebtor\u00ebt e tij ashtu si\u00e7\u00a0 ishte\",\"breadcrumb\":{\"@id\":\"https:\/\/www.visit-ulcinj.com\/blog\/2016\/05\/06\/nazif-cungu-njihet-shqetesimet-e-banoreve-te-bashkesise-lokale-nr2\/#breadcrumb\"},\"inLanguage\":\"en-US\",\"potentialAction\":[{\"@type\":\"ReadAction\",\"target\":[\"https:\/\/www.visit-ulcinj.com\/blog\/2016\/05\/06\/nazif-cungu-njihet-shqetesimet-e-banoreve-te-bashkesise-lokale-nr2\/\"]}]},{\"@type\":\"BreadcrumbList\",\"@id\":\"https:\/\/www.visit-ulcinj.com\/blog\/2016\/05\/06\/nazif-cungu-njihet-shqetesimet-e-banoreve-te-bashkesise-lokale-nr2\/#breadcrumb\",\"itemListElement\":[{\"@type\":\"ListItem\",\"position\":1,\"name\":\"Nazif Cungu njihet me shqet\u00ebsimet e banor\u00ebve te Bashk\u00ebsis\u00eb Lokale Nr2\"}]},{\"@type\":\"Person\",\"@id\":\"https:\/\/www.visit-ulcinj.com\/blog\/#\/schema\/person\/dcab619c614d3038751c63bc2aadc06d\",\"name\":\"ulqini\",\"sameAs\":[\"http:\/\/www.visit-ulcinj.com\"],\"url\":\"https:\/\/www.visit-ulcinj.com\/blog\/author\/admin\/\"}]}<\/script>\n<!-- \/ Yoast SEO plugin. -->","yoast_head_json":{"title":"Nazif Cungu njihet me shqet\u00ebsimet e banor\u00ebve te Bashk\u00ebsis\u00eb Lokale Nr2 - Lajme nga Ulqini","description":"Shqet\u00ebsimet e banor\u00ebve t\u00eb B\u00cb Nr.2 evidentohen dhe marrin udh\u00eb t\u00eb zgjidhjes Kryetari i Komun\u00ebs Nazif Cungu dhe bashk\u00ebpun\u00ebtor\u00ebt e tij ashtu si\u00e7\u00a0 ishte","robots":{"index":"index","follow":"follow","max-snippet":"max-snippet:-1","max-image-preview":"max-image-preview:large","max-video-preview":"max-video-preview:-1"},"canonical":"https:\/\/www.visit-ulcinj.com\/blog\/2016\/05\/06\/nazif-cungu-njihet-shqetesimet-e-banoreve-te-bashkesise-lokale-nr2\/","og_locale":"en_US","og_type":"article","og_title":"Nazif Cungu njihet me shqet\u00ebsimet e banor\u00ebve te Bashk\u00ebsis\u00eb Lokale Nr2 - Lajme nga Ulqini","og_description":"Shqet\u00ebsimet e banor\u00ebve t\u00eb B\u00cb Nr.2 evidentohen dhe marrin udh\u00eb t\u00eb zgjidhjes Kryetari i Komun\u00ebs Nazif Cungu dhe bashk\u00ebpun\u00ebtor\u00ebt e tij ashtu si\u00e7\u00a0 ishte","og_url":"https:\/\/www.visit-ulcinj.com\/blog\/2016\/05\/06\/nazif-cungu-njihet-shqetesimet-e-banoreve-te-bashkesise-lokale-nr2\/","og_site_name":"Lajme nga Ulqini","article_published_time":"2016-05-06T21:14:46+00:00","article_modified_time":"2016-05-08T09:08:22+00:00","twitter_misc":{"Written by":"ulqini","Est. reading time":"1 minute"},"schema":{"@context":"https:\/\/schema.org","@graph":[{"@type":"WebSite","@id":"https:\/\/www.visit-ulcinj.com\/blog\/#website","url":"https:\/\/www.visit-ulcinj.com\/blog\/","name":"Lajme nga Ulqini","description":"Lajme,Vijesti,Ulqini,Ulqin,Crna Gora,Mali i Zi","potentialAction":[{"@type":"SearchAction","target":{"@type":"EntryPoint","urlTemplate":"https:\/\/www.visit-ulcinj.com\/blog\/?s={search_term_string}"},"query-input":"required name=search_term_string"}],"inLanguage":"en-US"},{"@type":"WebPage","@id":"https:\/\/www.visit-ulcinj.com\/blog\/2016\/05\/06\/nazif-cungu-njihet-shqetesimet-e-banoreve-te-bashkesise-lokale-nr2\/#webpage","url":"https:\/\/www.visit-ulcinj.com\/blog\/2016\/05\/06\/nazif-cungu-njihet-shqetesimet-e-banoreve-te-bashkesise-lokale-nr2\/","name":"Nazif Cungu njihet me shqet\u00ebsimet e banor\u00ebve te Bashk\u00ebsis\u00eb Lokale Nr2 - Lajme nga Ulqini","isPartOf":{"@id":"https:\/\/www.visit-ulcinj.com\/blog\/#website"},"datePublished":"2016-05-06T21:14:46+00:00","dateModified":"2016-05-08T09:08:22+00:00","author":{"@id":"https:\/\/www.visit-ulcinj.com\/blog\/#\/schema\/person\/dcab619c614d3038751c63bc2aadc06d"},"description":"Shqet\u00ebsimet e banor\u00ebve t\u00eb B\u00cb Nr.2 evidentohen dhe marrin udh\u00eb t\u00eb zgjidhjes Kryetari i Komun\u00ebs Nazif Cungu dhe bashk\u00ebpun\u00ebtor\u00ebt e tij ashtu si\u00e7\u00a0 ishte","breadcrumb":{"@id":"https:\/\/www.visit-ulcinj.com\/blog\/2016\/05\/06\/nazif-cungu-njihet-shqetesimet-e-banoreve-te-bashkesise-lokale-nr2\/#breadcrumb"},"inLanguage":"en-US","potentialAction":[{"@type":"ReadAction","target":["https:\/\/www.visit-ulcinj.com\/blog\/2016\/05\/06\/nazif-cungu-njihet-shqetesimet-e-banoreve-te-bashkesise-lokale-nr2\/"]}]},{"@type":"BreadcrumbList","@id":"https:\/\/www.visit-ulcinj.com\/blog\/2016\/05\/06\/nazif-cungu-njihet-shqetesimet-e-banoreve-te-bashkesise-lokale-nr2\/#breadcrumb","itemListElement":[{"@type":"ListItem","position":1,"name":"Nazif Cungu njihet me shqet\u00ebsimet e banor\u00ebve te Bashk\u00ebsis\u00eb Lokale Nr2"}]},{"@type":"Person","@id":"https:\/\/www.visit-ulcinj.com\/blog\/#\/schema\/person\/dcab619c614d3038751c63bc2aadc06d","name":"ulqini","sameAs":["http:\/\/www.visit-ulcinj.com"],"url":"https:\/\/www.visit-ulcinj.com\/blog\/author\/admin\/"}]}},"jetpack_featured_media_url":"","jetpack_sharing_enabled":true,"jetpack_shortlink":"https:\/\/wp.me\/pe6lTn-p9i","_links":{"self":[{"href":"https:\/\/www.visit-ulcinj.com\/blog\/wp-json\/wp\/v2\/posts\/96676"}],"collection":[{"href":"https:\/\/www.visit-ulcinj.com\/blog\/wp-json\/wp\/v2\/posts"}],"about":[{"href":"https:\/\/www.visit-ulcinj.com\/blog\/wp-json\/wp\/v2\/types\/post"}],"author":[{"embeddable":true,"href":"https:\/\/www.visit-ulcinj.com\/blog\/wp-json\/wp\/v2\/users\/1"}],"replies":[{"embeddable":true,"href":"https:\/\/www.visit-ulcinj.com\/blog\/wp-json\/wp\/v2\/comments?post=96676"}],"version-history":[{"count":2,"href":"https:\/\/www.visit-ulcinj.com\/blog\/wp-json\/wp\/v2\/posts\/96676\/revisions"}],"predecessor-version":[{"id":96682,"href":"https:\/\/www.visit-ulcinj.com\/blog\/wp-json\/wp\/v2\/posts\/96676\/revisions\/96682"}],"wp:attachment":[{"href":"https:\/\/www.visit-ulcinj.com\/blog\/wp-json\/wp\/v2\/media?parent=96676"}],"wp:term":[{"taxonomy":"category","embeddable":true,"href":"https:\/\/www.visit-ulcinj.com\/blog\/wp-json\/wp\/v2\/categories?post=96676"},{"taxonomy":"post_tag","embeddable":true,"href":"https:\/\/www.visit-ulcinj.com\/blog\/wp-json\/wp\/v2\/tags?post=96676"}],"curies":[{"name":"wp","href":"https:\/\/api.w.org\/{rel}","templated":true}]}}