{"id":96694,"date":"2016-05-08T10:06:35","date_gmt":"2016-05-08T09:06:35","guid":{"rendered":"http:\/\/www.visit-ulcinj.com\/blog\/?p=96694"},"modified":"2016-05-09T06:47:56","modified_gmt":"2016-05-09T05:47:56","slug":"florin-krasniqi-pronar-rezidences-se-balshajve-ne-kalane-e-ulqinit","status":"publish","type":"post","link":"https:\/\/www.visit-ulcinj.com\/blog\/2016\/05\/08\/florin-krasniqi-pronar-rezidences-se-balshajve-ne-kalane-e-ulqinit\/","title":{"rendered":"Florin Krasniqi pronar i \u201cRezidenc\u00ebs s\u00eb Balshajve\u201d n\u00eb Kalan\u00eb e Ulqinit"},"content":{"rendered":"<div id=\"stcpDiv\"><strong><a href=\"http:\/\/www.visit-ulcinj.com\/blog\/wp-content\/uploads\/2016\/05\/Florin-Krasniqi-pronar-Rezidenc\u00ebs-s\u00eb-Balshajve-Ulqin.jpg\"><img loading=\"lazy\" class=\"alignleft wp-image-96695\" src=\"http:\/\/www.visit-ulcinj.com\/blog\/wp-content\/uploads\/2016\/05\/Florin-Krasniqi-pronar-Rezidenc\u00ebs-s\u00eb-Balshajve-Ulqin.jpg\" alt=\"Florin Krasniqi pronar -Rezidenc\u00ebs s\u00eb Balshajve-Ulqin\" width=\"508\" height=\"350\" srcset=\"https:\/\/www.visit-ulcinj.com\/blog\/wp-content\/uploads\/2016\/05\/Florin-Krasniqi-pronar-Rezidenc\u00ebs-s\u00eb-Balshajve-Ulqin.jpg 960w, https:\/\/www.visit-ulcinj.com\/blog\/wp-content\/uploads\/2016\/05\/Florin-Krasniqi-pronar-Rezidenc\u00ebs-s\u00eb-Balshajve-Ulqin-300x207.jpg 300w, https:\/\/www.visit-ulcinj.com\/blog\/wp-content\/uploads\/2016\/05\/Florin-Krasniqi-pronar-Rezidenc\u00ebs-s\u00eb-Balshajve-Ulqin-768x529.jpg 768w\" sizes=\"(max-width: 508px) 100vw, 508px\" \/><\/a>\u201cRezidenca e Balshajve\u201d n\u00eb Kalan\u00eb e Ulqinit, e cila l\u00ebshon apartamente me qira p\u00ebr turist\u00ebt, \u00ebsht\u00eb n\u00ebn pron\u00ebsin\u00eb e ish-deputetit t\u00eb L\u00ebvizjes Vet\u00ebvendosje, Florin Krasniqi.<\/strong><\/div>\n<div>\n<div id=\"stcpDiv\">\n<p>Kjo rezidenc\u00eb u p\u00ebrurua gjat\u00eb dit\u00eb s\u00eb djeshme, n\u00ebn pranin\u00eb e mysafir\u00ebve dhe politikan\u00eb nga Mali i Zi e Kosova, shkruan lajmi.net<\/p>\n<p>K\u00ebshtu ka b\u00ebr\u00eb t\u00eb ditur nj\u00ebri nga banor\u00ebt e Kalas\u00eb s\u00eb Ulqnit, Ismet Karamanaga.<\/p>\n<p>\u201cMbr\u00ebm\u00eb n\u00eb pranin\u00eb e shum\u00eb mysafir\u00ebve, dhe personazh\u00ebve nga politika dhe kultura nga Ulqini, por edhe nga Republika e Malit t\u00eb Zi dhe asaj t\u00eb Kosov\u00ebs, u b\u00ebr\u00eb hapja solemne e \u2018Rezidenc\u00ebs e Balshajve\u2019, thot\u00eb ai.<\/p>\n<p>Sipas Karamanag\u00ebs,\u00a0\u201cRezidenca e Balshajve\u201d me \u201cKull\u00ebn e Balshajve\u201d \u00ebsht\u00eb nj\u00eb kompeks apartamentesh i cili padyshim do ta ngris\u00eb ofert\u00ebn turistike t\u00eb Kalas\u00eb.<\/p>\n<p>\u201cMendoj se, pran\u00eb kuzhin\u00ebs t\u00eb mrekullueshme \u2018Rezidenca e Balshajve\u2019 oron edhe apartamente p\u00ebr bujtje t\u00eb nivit t\u00eb lart\u00eb. T\u00eb gjitha k\u00ebto, por edhe shum\u00eb supriza t\u00eb tjera, do t\u00eb mund\u00ebsojn\u00eb q\u00eb ta ndieni veten t\u00eb relaksuar n\u00eb k\u00ebt\u00eb bukuri t\u00eb rall\u00eb. Kalaja e Ulqinit e lasht\u00eb dhe e bukur, ku secili gur d\u00ebshmon p\u00ebr nj\u00eb t\u00eb kaluar t\u00eb bujshme, dhe me nj\u00eb bukuri t\u00eb jasht\u00ebzakon\u00ebshme, ju fton q\u00eb ta vizitoni.<\/p>\n<p>Pronari zotri Florin KRASNIQI, apo \u201cKujdestari\u201d , si\u00e7 e d\u00ebshiron ta quajn vehten \u00ebsht\u00eb nj\u00eb njeri i ve\u00e7ant\u00eb, me nj\u00eb inteligjenc\u00eb t\u00eb jasht\u00ebzakonsh\u00ebme, kozmopolit, modest, i pash\u00ebm dhe markant. Jam m\u00eb se i sigurt se zotri Florini \u00ebsht\u00eb m\u00eb se i mir\u00ebpritur nga t\u00eb gjith\u00eb ne n\u00eb Kala, n\u00eb Ulqin, por edhe m\u00eb gj\u00ebr\u00eb.<\/p>\n<p>Gjithashtu, mendoj se zotri Florini edhe n\u00eb t\u00eb ardhmnen do t\u00eb na sjell\u00eb m\u00eb supriza, n\u00eb ve\u00e7anti do t\u00eb marr\u00eb pjes\u00eb n\u00eb investime t\u00eb cilat do t\u00eb mundsojn\u00eb ngritjen e nivelit t\u00eb jetes\u00ebs n\u00eb Kala.<\/p>\n<p>Dhe n\u00eb fund, d\u00ebshiroj t\u00eb them\u00eb edhe nj\u00eb fjali me t\u00eb cil\u00ebn kam dyshir\u00eb ti shpreh emocionet e mia si nj\u00eb nd\u00ebr banor\u00ebt e Kalas\u00eb. Ishte kjo nj\u00eb mbr\u00ebmje e bukur, solemne e paharruar dhe e p\u00ebrshtatshme ambientit e Kalas\u00eb son\u00eb shekullore dhe publikut q\u00eb ka marr\u00eb pjes\u00eb aktive n\u00eb k\u00ebt\u00eb solemnitet\u201d, ka shkruar ai. \/lajmi.net<\/p>\n<\/div>\n<\/div>\n","protected":false},"excerpt":{"rendered":"<p>\u201cRezidenca e Balshajve\u201d n\u00eb Kalan\u00eb e Ulqinit, e cila l\u00ebshon apartamente me qira p\u00ebr turist\u00ebt, \u00ebsht\u00eb n\u00ebn pron\u00ebsin\u00eb e ish-deputetit t\u00eb L\u00ebvizjes Vet\u00ebvendosje, Florin Krasniqi. Kjo rezidenc\u00eb u p\u00ebrurua gjat\u00eb dit\u00eb s\u00eb djeshme, n\u00ebn pranin\u00eb e mysafir\u00ebve dhe politikan\u00eb nga Mali i Zi e Kosova, shkruan lajmi.net K\u00ebshtu ka b\u00ebr\u00eb t\u00eb ditur nj\u00ebri nga banor\u00ebt [&hellip;]<\/p>\n","protected":false},"author":1,"featured_media":0,"comment_status":"closed","ping_status":"closed","sticky":false,"template":"","format":"standard","meta":{"spay_email":"","jetpack_publicize_message":"","jetpack_is_tweetstorm":false,"jetpack_publicize_feature_enabled":true},"categories":[1],"tags":[],"jetpack_publicize_connections":[],"yoast_head":"<!-- This site is optimized with the Yoast SEO plugin v19.1 - https:\/\/yoast.com\/wordpress\/plugins\/seo\/ -->\n<title>Florin Krasniqi pronar i \u201cRezidenc\u00ebs s\u00eb Balshajve\u201d n\u00eb Kalan\u00eb e Ulqinit - Lajme nga Ulqini<\/title>\n<meta name=\"description\" content=\"\u201cRezidenca e Balshajve\u201d n\u00eb Kalan\u00eb e Ulqinit, e cila l\u00ebshon apartamente me qira p\u00ebr turist\u00ebt, \u00ebsht\u00eb n\u00ebn pron\u00ebsin\u00eb e ish-deputetit t\u00eb L\u00ebvizjes Vet\u00ebvendosje,\" \/>\n<meta name=\"robots\" content=\"index, follow, max-snippet:-1, max-image-preview:large, max-video-preview:-1\" \/>\n<link rel=\"canonical\" href=\"https:\/\/www.visit-ulcinj.com\/blog\/2016\/05\/08\/florin-krasniqi-pronar-rezidences-se-balshajve-ne-kalane-e-ulqinit\/\" \/>\n<meta property=\"og:locale\" content=\"en_US\" \/>\n<meta property=\"og:type\" content=\"article\" \/>\n<meta property=\"og:title\" content=\"Florin Krasniqi pronar i \u201cRezidenc\u00ebs s\u00eb Balshajve\u201d n\u00eb Kalan\u00eb e Ulqinit - Lajme nga Ulqini\" \/>\n<meta property=\"og:description\" content=\"\u201cRezidenca e Balshajve\u201d n\u00eb Kalan\u00eb e Ulqinit, e cila l\u00ebshon apartamente me qira p\u00ebr turist\u00ebt, \u00ebsht\u00eb n\u00ebn pron\u00ebsin\u00eb e ish-deputetit t\u00eb L\u00ebvizjes Vet\u00ebvendosje,\" \/>\n<meta property=\"og:url\" content=\"https:\/\/www.visit-ulcinj.com\/blog\/2016\/05\/08\/florin-krasniqi-pronar-rezidences-se-balshajve-ne-kalane-e-ulqinit\/\" \/>\n<meta property=\"og:site_name\" content=\"Lajme nga Ulqini\" \/>\n<meta property=\"article:published_time\" content=\"2016-05-08T09:06:35+00:00\" \/>\n<meta property=\"article:modified_time\" content=\"2016-05-09T05:47:56+00:00\" \/>\n<meta name=\"twitter:label1\" content=\"Written by\" \/>\n\t<meta name=\"twitter:data1\" content=\"ulqini\" \/>\n\t<meta name=\"twitter:label2\" content=\"Est. reading time\" \/>\n\t<meta name=\"twitter:data2\" content=\"2 minutes\" \/>\n<script type=\"application\/ld+json\" class=\"yoast-schema-graph\">{\"@context\":\"https:\/\/schema.org\",\"@graph\":[{\"@type\":\"WebSite\",\"@id\":\"https:\/\/www.visit-ulcinj.com\/blog\/#website\",\"url\":\"https:\/\/www.visit-ulcinj.com\/blog\/\",\"name\":\"Lajme nga Ulqini\",\"description\":\"Lajme,Vijesti,Ulqini,Ulqin,Crna Gora,Mali i Zi\",\"potentialAction\":[{\"@type\":\"SearchAction\",\"target\":{\"@type\":\"EntryPoint\",\"urlTemplate\":\"https:\/\/www.visit-ulcinj.com\/blog\/?s={search_term_string}\"},\"query-input\":\"required name=search_term_string\"}],\"inLanguage\":\"en-US\"},{\"@type\":\"WebPage\",\"@id\":\"https:\/\/www.visit-ulcinj.com\/blog\/2016\/05\/08\/florin-krasniqi-pronar-rezidences-se-balshajve-ne-kalane-e-ulqinit\/#webpage\",\"url\":\"https:\/\/www.visit-ulcinj.com\/blog\/2016\/05\/08\/florin-krasniqi-pronar-rezidences-se-balshajve-ne-kalane-e-ulqinit\/\",\"name\":\"Florin Krasniqi pronar i \u201cRezidenc\u00ebs s\u00eb Balshajve\u201d n\u00eb Kalan\u00eb e Ulqinit - Lajme nga Ulqini\",\"isPartOf\":{\"@id\":\"https:\/\/www.visit-ulcinj.com\/blog\/#website\"},\"datePublished\":\"2016-05-08T09:06:35+00:00\",\"dateModified\":\"2016-05-09T05:47:56+00:00\",\"author\":{\"@id\":\"https:\/\/www.visit-ulcinj.com\/blog\/#\/schema\/person\/dcab619c614d3038751c63bc2aadc06d\"},\"description\":\"\u201cRezidenca e Balshajve\u201d n\u00eb Kalan\u00eb e Ulqinit, e cila l\u00ebshon apartamente me qira p\u00ebr turist\u00ebt, \u00ebsht\u00eb n\u00ebn pron\u00ebsin\u00eb e ish-deputetit t\u00eb L\u00ebvizjes Vet\u00ebvendosje,\",\"breadcrumb\":{\"@id\":\"https:\/\/www.visit-ulcinj.com\/blog\/2016\/05\/08\/florin-krasniqi-pronar-rezidences-se-balshajve-ne-kalane-e-ulqinit\/#breadcrumb\"},\"inLanguage\":\"en-US\",\"potentialAction\":[{\"@type\":\"ReadAction\",\"target\":[\"https:\/\/www.visit-ulcinj.com\/blog\/2016\/05\/08\/florin-krasniqi-pronar-rezidences-se-balshajve-ne-kalane-e-ulqinit\/\"]}]},{\"@type\":\"BreadcrumbList\",\"@id\":\"https:\/\/www.visit-ulcinj.com\/blog\/2016\/05\/08\/florin-krasniqi-pronar-rezidences-se-balshajve-ne-kalane-e-ulqinit\/#breadcrumb\",\"itemListElement\":[{\"@type\":\"ListItem\",\"position\":1,\"name\":\"Florin Krasniqi pronar i \u201cRezidenc\u00ebs s\u00eb Balshajve\u201d n\u00eb Kalan\u00eb e Ulqinit\"}]},{\"@type\":\"Person\",\"@id\":\"https:\/\/www.visit-ulcinj.com\/blog\/#\/schema\/person\/dcab619c614d3038751c63bc2aadc06d\",\"name\":\"ulqini\",\"sameAs\":[\"http:\/\/www.visit-ulcinj.com\"],\"url\":\"https:\/\/www.visit-ulcinj.com\/blog\/author\/admin\/\"}]}<\/script>\n<!-- \/ Yoast SEO plugin. -->","yoast_head_json":{"title":"Florin Krasniqi pronar i \u201cRezidenc\u00ebs s\u00eb Balshajve\u201d n\u00eb Kalan\u00eb e Ulqinit - Lajme nga Ulqini","description":"\u201cRezidenca e Balshajve\u201d n\u00eb Kalan\u00eb e Ulqinit, e cila l\u00ebshon apartamente me qira p\u00ebr turist\u00ebt, \u00ebsht\u00eb n\u00ebn pron\u00ebsin\u00eb e ish-deputetit t\u00eb L\u00ebvizjes Vet\u00ebvendosje,","robots":{"index":"index","follow":"follow","max-snippet":"max-snippet:-1","max-image-preview":"max-image-preview:large","max-video-preview":"max-video-preview:-1"},"canonical":"https:\/\/www.visit-ulcinj.com\/blog\/2016\/05\/08\/florin-krasniqi-pronar-rezidences-se-balshajve-ne-kalane-e-ulqinit\/","og_locale":"en_US","og_type":"article","og_title":"Florin Krasniqi pronar i \u201cRezidenc\u00ebs s\u00eb Balshajve\u201d n\u00eb Kalan\u00eb e Ulqinit - Lajme nga Ulqini","og_description":"\u201cRezidenca e Balshajve\u201d n\u00eb Kalan\u00eb e Ulqinit, e cila l\u00ebshon apartamente me qira p\u00ebr turist\u00ebt, \u00ebsht\u00eb n\u00ebn pron\u00ebsin\u00eb e ish-deputetit t\u00eb L\u00ebvizjes Vet\u00ebvendosje,","og_url":"https:\/\/www.visit-ulcinj.com\/blog\/2016\/05\/08\/florin-krasniqi-pronar-rezidences-se-balshajve-ne-kalane-e-ulqinit\/","og_site_name":"Lajme nga Ulqini","article_published_time":"2016-05-08T09:06:35+00:00","article_modified_time":"2016-05-09T05:47:56+00:00","twitter_misc":{"Written by":"ulqini","Est. reading time":"2 minutes"},"schema":{"@context":"https:\/\/schema.org","@graph":[{"@type":"WebSite","@id":"https:\/\/www.visit-ulcinj.com\/blog\/#website","url":"https:\/\/www.visit-ulcinj.com\/blog\/","name":"Lajme nga Ulqini","description":"Lajme,Vijesti,Ulqini,Ulqin,Crna Gora,Mali i Zi","potentialAction":[{"@type":"SearchAction","target":{"@type":"EntryPoint","urlTemplate":"https:\/\/www.visit-ulcinj.com\/blog\/?s={search_term_string}"},"query-input":"required name=search_term_string"}],"inLanguage":"en-US"},{"@type":"WebPage","@id":"https:\/\/www.visit-ulcinj.com\/blog\/2016\/05\/08\/florin-krasniqi-pronar-rezidences-se-balshajve-ne-kalane-e-ulqinit\/#webpage","url":"https:\/\/www.visit-ulcinj.com\/blog\/2016\/05\/08\/florin-krasniqi-pronar-rezidences-se-balshajve-ne-kalane-e-ulqinit\/","name":"Florin Krasniqi pronar i \u201cRezidenc\u00ebs s\u00eb Balshajve\u201d n\u00eb Kalan\u00eb e Ulqinit - Lajme nga Ulqini","isPartOf":{"@id":"https:\/\/www.visit-ulcinj.com\/blog\/#website"},"datePublished":"2016-05-08T09:06:35+00:00","dateModified":"2016-05-09T05:47:56+00:00","author":{"@id":"https:\/\/www.visit-ulcinj.com\/blog\/#\/schema\/person\/dcab619c614d3038751c63bc2aadc06d"},"description":"\u201cRezidenca e Balshajve\u201d n\u00eb Kalan\u00eb e Ulqinit, e cila l\u00ebshon apartamente me qira p\u00ebr turist\u00ebt, \u00ebsht\u00eb n\u00ebn pron\u00ebsin\u00eb e ish-deputetit t\u00eb L\u00ebvizjes Vet\u00ebvendosje,","breadcrumb":{"@id":"https:\/\/www.visit-ulcinj.com\/blog\/2016\/05\/08\/florin-krasniqi-pronar-rezidences-se-balshajve-ne-kalane-e-ulqinit\/#breadcrumb"},"inLanguage":"en-US","potentialAction":[{"@type":"ReadAction","target":["https:\/\/www.visit-ulcinj.com\/blog\/2016\/05\/08\/florin-krasniqi-pronar-rezidences-se-balshajve-ne-kalane-e-ulqinit\/"]}]},{"@type":"BreadcrumbList","@id":"https:\/\/www.visit-ulcinj.com\/blog\/2016\/05\/08\/florin-krasniqi-pronar-rezidences-se-balshajve-ne-kalane-e-ulqinit\/#breadcrumb","itemListElement":[{"@type":"ListItem","position":1,"name":"Florin Krasniqi pronar i \u201cRezidenc\u00ebs s\u00eb Balshajve\u201d n\u00eb Kalan\u00eb e Ulqinit"}]},{"@type":"Person","@id":"https:\/\/www.visit-ulcinj.com\/blog\/#\/schema\/person\/dcab619c614d3038751c63bc2aadc06d","name":"ulqini","sameAs":["http:\/\/www.visit-ulcinj.com"],"url":"https:\/\/www.visit-ulcinj.com\/blog\/author\/admin\/"}]}},"jetpack_featured_media_url":"","jetpack_sharing_enabled":true,"jetpack_shortlink":"https:\/\/wp.me\/pe6lTn-p9A","_links":{"self":[{"href":"https:\/\/www.visit-ulcinj.com\/blog\/wp-json\/wp\/v2\/posts\/96694"}],"collection":[{"href":"https:\/\/www.visit-ulcinj.com\/blog\/wp-json\/wp\/v2\/posts"}],"about":[{"href":"https:\/\/www.visit-ulcinj.com\/blog\/wp-json\/wp\/v2\/types\/post"}],"author":[{"embeddable":true,"href":"https:\/\/www.visit-ulcinj.com\/blog\/wp-json\/wp\/v2\/users\/1"}],"replies":[{"embeddable":true,"href":"https:\/\/www.visit-ulcinj.com\/blog\/wp-json\/wp\/v2\/comments?post=96694"}],"version-history":[{"count":1,"href":"https:\/\/www.visit-ulcinj.com\/blog\/wp-json\/wp\/v2\/posts\/96694\/revisions"}],"predecessor-version":[{"id":96696,"href":"https:\/\/www.visit-ulcinj.com\/blog\/wp-json\/wp\/v2\/posts\/96694\/revisions\/96696"}],"wp:attachment":[{"href":"https:\/\/www.visit-ulcinj.com\/blog\/wp-json\/wp\/v2\/media?parent=96694"}],"wp:term":[{"taxonomy":"category","embeddable":true,"href":"https:\/\/www.visit-ulcinj.com\/blog\/wp-json\/wp\/v2\/categories?post=96694"},{"taxonomy":"post_tag","embeddable":true,"href":"https:\/\/www.visit-ulcinj.com\/blog\/wp-json\/wp\/v2\/tags?post=96694"}],"curies":[{"name":"wp","href":"https:\/\/api.w.org\/{rel}","templated":true}]}}