{"id":96711,"date":"2016-05-08T15:13:15","date_gmt":"2016-05-08T14:13:15","guid":{"rendered":"http:\/\/www.visit-ulcinj.com\/blog\/?p=96711"},"modified":"2016-05-08T15:16:44","modified_gmt":"2016-05-08T14:16:44","slug":"cungu-uron-zgjedhjen-e-kryetarit-te-ri-te-pdk-se-kadri-veselin","status":"publish","type":"post","link":"https:\/\/www.visit-ulcinj.com\/blog\/2016\/05\/08\/cungu-uron-zgjedhjen-e-kryetarit-te-ri-te-pdk-se-kadri-veselin\/","title":{"rendered":"Cungu uron zgjedhjen e kryetarit t\u00eb ri t\u00eb PDK-s\u00eb Kadri Veselin"},"content":{"rendered":"<p><a href=\"http:\/\/www.visit-ulcinj.com\/blog\/wp-content\/uploads\/2016\/02\/Nazif-Cungu-konferenca-media-Ulqin-Ulcinj.jpg\"><img loading=\"lazy\" class=\"alignleft wp-image-94586\" src=\"http:\/\/www.visit-ulcinj.com\/blog\/wp-content\/uploads\/2016\/02\/Nazif-Cungu-konferenca-media-Ulqin-Ulcinj.jpg\" alt=\"Nazif-Cungu-konferenca-media-Ulqin-Ulcinj\" width=\"508\" height=\"338\" srcset=\"https:\/\/www.visit-ulcinj.com\/blog\/wp-content\/uploads\/2016\/02\/Nazif-Cungu-konferenca-media-Ulqin-Ulcinj.jpg 668w, https:\/\/www.visit-ulcinj.com\/blog\/wp-content\/uploads\/2016\/02\/Nazif-Cungu-konferenca-media-Ulqin-Ulcinj-300x200.jpg 300w\" sizes=\"(max-width: 508px) 100vw, 508px\" \/><\/a>Kadri Veselin e ka uruar edhe kryetari i partis\u00eb kryesore t\u00eb shqiptar\u00ebve t\u00eb Malit t\u00eb Zi, Forca e Re demokratike, Nazif Cungu<\/p>\n<p>Cungu, i cili \u00ebsht\u00eb nj\u00ebher\u00ebsh edhe kryetar i komun\u00ebs s\u00eb Ulqinit, n\u00eb urimin e tij ka th\u00ebn\u00eb se Veseli e ka p\u00ebrvoj\u00ebn dhe profilin politik p\u00ebr t\u00eb z\u00ebvend\u00ebsuar Tha\u00e7in n\u00eb drejtimin e PDK-s\u00eb.<\/p>\n<p>\u201cUn\u00eb jam i sigurt q\u00eb pas largimit t\u00eb themeluesit dhe ish-kryetarit, z. Hashim Tha\u00e7i, ju jeni i vetmi q\u00eb keni p\u00ebrvoj\u00ebn dhe profilin politik p\u00ebr ta z\u00ebvend\u00ebsuar at\u00eb n\u00eb drejtimin e partis\u00eb m\u00eb t\u00eb madhe n\u00eb Kosov\u00eb. Po ashtu duke njohur kontributin tuaj t\u00eb jasht\u00ebzakonsh\u00ebm historik n\u00eb luft\u00ebn p\u00ebr t\u00eb drejtat e shqiptar\u00ebve dhe q\u00ebndrimet e theksuara patriotike, jam i bindur se ardhja juaj n\u00eb k\u00ebt\u00eb detyr\u00eb \u00ebsht\u00eb n\u00eb interes edhe t\u00eb shqiptar\u00ebve t\u00eb Malit t\u00eb Zi\u201d, \u00ebsht\u00eb shprehur kryetari i Forc\u00ebs s\u00eb Re Demokratike n\u00eb Mal t\u00eb Zi, Nazif Cungu.<\/p>\n<p><a href=\"http:\/\/www.visit-ulcinj.com\/blog\/wp-content\/uploads\/2016\/05\/Nazif-Cungu-Kadri-Veseli.jpg\"><img loading=\"lazy\" class=\"alignleft wp-image-96713\" src=\"http:\/\/www.visit-ulcinj.com\/blog\/wp-content\/uploads\/2016\/05\/Nazif-Cungu-Kadri-Veseli.jpg\" alt=\"Nazif-Cungu-Kadri-Veseli\" width=\"508\" height=\"286\" srcset=\"https:\/\/www.visit-ulcinj.com\/blog\/wp-content\/uploads\/2016\/05\/Nazif-Cungu-Kadri-Veseli.jpg 645w, https:\/\/www.visit-ulcinj.com\/blog\/wp-content\/uploads\/2016\/05\/Nazif-Cungu-Kadri-Veseli-300x169.jpg 300w\" sizes=\"(max-width: 508px) 100vw, 508px\" \/><\/a><\/p>\n<p>N\u00eb mesazhin e tij, Cungu e ka uruar PDK-n\u00eb edhe p\u00ebr organizimin e shk\u00eblqyer t\u00eb konvent\u00ebs s\u00eb partis\u00eb, duke shprehur gatishm\u00ebrin\u00eb p\u00ebr bashk\u00ebpunim t\u00eb frytsh\u00ebm n\u00eb interes t\u00eb problemeve komb\u00ebtare dhe fqinj\u00ebsis\u00eb s\u00eb mir\u00eb rajonale.<\/p>\n<p>Nazif Cungu<\/p>\n<p>&nbsp;<\/p>\n","protected":false},"excerpt":{"rendered":"<p>Kadri Veselin e ka uruar edhe kryetari i partis\u00eb kryesore t\u00eb shqiptar\u00ebve t\u00eb Malit t\u00eb Zi, Forca e Re demokratike, Nazif Cungu Cungu, i cili \u00ebsht\u00eb nj\u00ebher\u00ebsh edhe kryetar i komun\u00ebs s\u00eb Ulqinit, n\u00eb urimin e tij ka th\u00ebn\u00eb se Veseli e ka p\u00ebrvoj\u00ebn dhe profilin politik p\u00ebr t\u00eb z\u00ebvend\u00ebsuar Tha\u00e7in n\u00eb drejtimin e PDK-s\u00eb. [&hellip;]<\/p>\n","protected":false},"author":1,"featured_media":0,"comment_status":"closed","ping_status":"closed","sticky":false,"template":"","format":"standard","meta":{"spay_email":"","jetpack_publicize_message":"","jetpack_is_tweetstorm":false,"jetpack_publicize_feature_enabled":true},"categories":[12],"tags":[],"jetpack_publicize_connections":[],"yoast_head":"<!-- This site is optimized with the Yoast SEO plugin v19.1 - https:\/\/yoast.com\/wordpress\/plugins\/seo\/ -->\n<title>Cungu uron zgjedhjen e kryetarit t\u00eb ri t\u00eb PDK-s\u00eb Kadri Veselin - Lajme nga Ulqini<\/title>\n<meta name=\"description\" content=\"Kadri Veselin e ka uruar edhe kryetari i partis\u00eb kryesore t\u00eb shqiptar\u00ebve t\u00eb Malit t\u00eb Zi, Forca e Re demokratike, Nazif Cungu Cungu, i cili \u00ebsht\u00eb nj\u00ebher\u00ebsh\" \/>\n<meta name=\"robots\" content=\"index, follow, max-snippet:-1, max-image-preview:large, max-video-preview:-1\" \/>\n<link rel=\"canonical\" href=\"https:\/\/www.visit-ulcinj.com\/blog\/2016\/05\/08\/cungu-uron-zgjedhjen-e-kryetarit-te-ri-te-pdk-se-kadri-veselin\/\" \/>\n<meta property=\"og:locale\" content=\"en_US\" \/>\n<meta property=\"og:type\" content=\"article\" \/>\n<meta property=\"og:title\" content=\"Cungu uron zgjedhjen e kryetarit t\u00eb ri t\u00eb PDK-s\u00eb Kadri Veselin - Lajme nga Ulqini\" \/>\n<meta property=\"og:description\" content=\"Kadri Veselin e ka uruar edhe kryetari i partis\u00eb kryesore t\u00eb shqiptar\u00ebve t\u00eb Malit t\u00eb Zi, Forca e Re demokratike, Nazif Cungu Cungu, i cili \u00ebsht\u00eb nj\u00ebher\u00ebsh\" \/>\n<meta property=\"og:url\" content=\"https:\/\/www.visit-ulcinj.com\/blog\/2016\/05\/08\/cungu-uron-zgjedhjen-e-kryetarit-te-ri-te-pdk-se-kadri-veselin\/\" \/>\n<meta property=\"og:site_name\" content=\"Lajme nga Ulqini\" \/>\n<meta property=\"article:published_time\" content=\"2016-05-08T14:13:15+00:00\" \/>\n<meta property=\"article:modified_time\" content=\"2016-05-08T14:16:44+00:00\" \/>\n<meta property=\"og:image\" content=\"http:\/\/www.visit-ulcinj.com\/blog\/wp-content\/uploads\/2016\/02\/Nazif-Cungu-konferenca-media-Ulqin-Ulcinj.jpg\" \/>\n<meta name=\"twitter:label1\" content=\"Written by\" \/>\n\t<meta name=\"twitter:data1\" content=\"ulqini\" \/>\n\t<meta name=\"twitter:label2\" content=\"Est. reading time\" \/>\n\t<meta name=\"twitter:data2\" content=\"1 minute\" \/>\n<script type=\"application\/ld+json\" class=\"yoast-schema-graph\">{\"@context\":\"https:\/\/schema.org\",\"@graph\":[{\"@type\":\"WebSite\",\"@id\":\"https:\/\/www.visit-ulcinj.com\/blog\/#website\",\"url\":\"https:\/\/www.visit-ulcinj.com\/blog\/\",\"name\":\"Lajme nga Ulqini\",\"description\":\"Lajme,Vijesti,Ulqini,Ulqin,Crna Gora,Mali i Zi\",\"potentialAction\":[{\"@type\":\"SearchAction\",\"target\":{\"@type\":\"EntryPoint\",\"urlTemplate\":\"https:\/\/www.visit-ulcinj.com\/blog\/?s={search_term_string}\"},\"query-input\":\"required name=search_term_string\"}],\"inLanguage\":\"en-US\"},{\"@type\":\"ImageObject\",\"inLanguage\":\"en-US\",\"@id\":\"https:\/\/www.visit-ulcinj.com\/blog\/2016\/05\/08\/cungu-uron-zgjedhjen-e-kryetarit-te-ri-te-pdk-se-kadri-veselin\/#primaryimage\",\"url\":\"https:\/\/www.visit-ulcinj.com\/blog\/wp-content\/uploads\/2016\/02\/Nazif-Cungu-konferenca-media-Ulqin-Ulcinj.jpg\",\"contentUrl\":\"https:\/\/www.visit-ulcinj.com\/blog\/wp-content\/uploads\/2016\/02\/Nazif-Cungu-konferenca-media-Ulqin-Ulcinj.jpg\",\"width\":668,\"height\":445},{\"@type\":\"WebPage\",\"@id\":\"https:\/\/www.visit-ulcinj.com\/blog\/2016\/05\/08\/cungu-uron-zgjedhjen-e-kryetarit-te-ri-te-pdk-se-kadri-veselin\/#webpage\",\"url\":\"https:\/\/www.visit-ulcinj.com\/blog\/2016\/05\/08\/cungu-uron-zgjedhjen-e-kryetarit-te-ri-te-pdk-se-kadri-veselin\/\",\"name\":\"Cungu uron zgjedhjen e kryetarit t\u00eb ri t\u00eb PDK-s\u00eb Kadri Veselin - Lajme nga Ulqini\",\"isPartOf\":{\"@id\":\"https:\/\/www.visit-ulcinj.com\/blog\/#website\"},\"primaryImageOfPage\":{\"@id\":\"https:\/\/www.visit-ulcinj.com\/blog\/2016\/05\/08\/cungu-uron-zgjedhjen-e-kryetarit-te-ri-te-pdk-se-kadri-veselin\/#primaryimage\"},\"datePublished\":\"2016-05-08T14:13:15+00:00\",\"dateModified\":\"2016-05-08T14:16:44+00:00\",\"author\":{\"@id\":\"https:\/\/www.visit-ulcinj.com\/blog\/#\/schema\/person\/dcab619c614d3038751c63bc2aadc06d\"},\"description\":\"Kadri Veselin e ka uruar edhe kryetari i partis\u00eb kryesore t\u00eb shqiptar\u00ebve t\u00eb Malit t\u00eb Zi, Forca e Re demokratike, Nazif Cungu Cungu, i cili \u00ebsht\u00eb nj\u00ebher\u00ebsh\",\"breadcrumb\":{\"@id\":\"https:\/\/www.visit-ulcinj.com\/blog\/2016\/05\/08\/cungu-uron-zgjedhjen-e-kryetarit-te-ri-te-pdk-se-kadri-veselin\/#breadcrumb\"},\"inLanguage\":\"en-US\",\"potentialAction\":[{\"@type\":\"ReadAction\",\"target\":[\"https:\/\/www.visit-ulcinj.com\/blog\/2016\/05\/08\/cungu-uron-zgjedhjen-e-kryetarit-te-ri-te-pdk-se-kadri-veselin\/\"]}]},{\"@type\":\"BreadcrumbList\",\"@id\":\"https:\/\/www.visit-ulcinj.com\/blog\/2016\/05\/08\/cungu-uron-zgjedhjen-e-kryetarit-te-ri-te-pdk-se-kadri-veselin\/#breadcrumb\",\"itemListElement\":[{\"@type\":\"ListItem\",\"position\":1,\"name\":\"Cungu uron zgjedhjen e kryetarit t\u00eb ri t\u00eb PDK-s\u00eb Kadri Veselin\"}]},{\"@type\":\"Person\",\"@id\":\"https:\/\/www.visit-ulcinj.com\/blog\/#\/schema\/person\/dcab619c614d3038751c63bc2aadc06d\",\"name\":\"ulqini\",\"sameAs\":[\"http:\/\/www.visit-ulcinj.com\"],\"url\":\"https:\/\/www.visit-ulcinj.com\/blog\/author\/admin\/\"}]}<\/script>\n<!-- \/ Yoast SEO plugin. -->","yoast_head_json":{"title":"Cungu uron zgjedhjen e kryetarit t\u00eb ri t\u00eb PDK-s\u00eb Kadri Veselin - Lajme nga Ulqini","description":"Kadri Veselin e ka uruar edhe kryetari i partis\u00eb kryesore t\u00eb shqiptar\u00ebve t\u00eb Malit t\u00eb Zi, Forca e Re demokratike, Nazif Cungu Cungu, i cili \u00ebsht\u00eb nj\u00ebher\u00ebsh","robots":{"index":"index","follow":"follow","max-snippet":"max-snippet:-1","max-image-preview":"max-image-preview:large","max-video-preview":"max-video-preview:-1"},"canonical":"https:\/\/www.visit-ulcinj.com\/blog\/2016\/05\/08\/cungu-uron-zgjedhjen-e-kryetarit-te-ri-te-pdk-se-kadri-veselin\/","og_locale":"en_US","og_type":"article","og_title":"Cungu uron zgjedhjen e kryetarit t\u00eb ri t\u00eb PDK-s\u00eb Kadri Veselin - Lajme nga Ulqini","og_description":"Kadri Veselin e ka uruar edhe kryetari i partis\u00eb kryesore t\u00eb shqiptar\u00ebve t\u00eb Malit t\u00eb Zi, Forca e Re demokratike, Nazif Cungu Cungu, i cili \u00ebsht\u00eb nj\u00ebher\u00ebsh","og_url":"https:\/\/www.visit-ulcinj.com\/blog\/2016\/05\/08\/cungu-uron-zgjedhjen-e-kryetarit-te-ri-te-pdk-se-kadri-veselin\/","og_site_name":"Lajme nga Ulqini","article_published_time":"2016-05-08T14:13:15+00:00","article_modified_time":"2016-05-08T14:16:44+00:00","og_image":[{"url":"http:\/\/www.visit-ulcinj.com\/blog\/wp-content\/uploads\/2016\/02\/Nazif-Cungu-konferenca-media-Ulqin-Ulcinj.jpg"}],"twitter_misc":{"Written by":"ulqini","Est. reading time":"1 minute"},"schema":{"@context":"https:\/\/schema.org","@graph":[{"@type":"WebSite","@id":"https:\/\/www.visit-ulcinj.com\/blog\/#website","url":"https:\/\/www.visit-ulcinj.com\/blog\/","name":"Lajme nga Ulqini","description":"Lajme,Vijesti,Ulqini,Ulqin,Crna Gora,Mali i Zi","potentialAction":[{"@type":"SearchAction","target":{"@type":"EntryPoint","urlTemplate":"https:\/\/www.visit-ulcinj.com\/blog\/?s={search_term_string}"},"query-input":"required name=search_term_string"}],"inLanguage":"en-US"},{"@type":"ImageObject","inLanguage":"en-US","@id":"https:\/\/www.visit-ulcinj.com\/blog\/2016\/05\/08\/cungu-uron-zgjedhjen-e-kryetarit-te-ri-te-pdk-se-kadri-veselin\/#primaryimage","url":"https:\/\/www.visit-ulcinj.com\/blog\/wp-content\/uploads\/2016\/02\/Nazif-Cungu-konferenca-media-Ulqin-Ulcinj.jpg","contentUrl":"https:\/\/www.visit-ulcinj.com\/blog\/wp-content\/uploads\/2016\/02\/Nazif-Cungu-konferenca-media-Ulqin-Ulcinj.jpg","width":668,"height":445},{"@type":"WebPage","@id":"https:\/\/www.visit-ulcinj.com\/blog\/2016\/05\/08\/cungu-uron-zgjedhjen-e-kryetarit-te-ri-te-pdk-se-kadri-veselin\/#webpage","url":"https:\/\/www.visit-ulcinj.com\/blog\/2016\/05\/08\/cungu-uron-zgjedhjen-e-kryetarit-te-ri-te-pdk-se-kadri-veselin\/","name":"Cungu uron zgjedhjen e kryetarit t\u00eb ri t\u00eb PDK-s\u00eb Kadri Veselin - Lajme nga Ulqini","isPartOf":{"@id":"https:\/\/www.visit-ulcinj.com\/blog\/#website"},"primaryImageOfPage":{"@id":"https:\/\/www.visit-ulcinj.com\/blog\/2016\/05\/08\/cungu-uron-zgjedhjen-e-kryetarit-te-ri-te-pdk-se-kadri-veselin\/#primaryimage"},"datePublished":"2016-05-08T14:13:15+00:00","dateModified":"2016-05-08T14:16:44+00:00","author":{"@id":"https:\/\/www.visit-ulcinj.com\/blog\/#\/schema\/person\/dcab619c614d3038751c63bc2aadc06d"},"description":"Kadri Veselin e ka uruar edhe kryetari i partis\u00eb kryesore t\u00eb shqiptar\u00ebve t\u00eb Malit t\u00eb Zi, Forca e Re demokratike, Nazif Cungu Cungu, i cili \u00ebsht\u00eb nj\u00ebher\u00ebsh","breadcrumb":{"@id":"https:\/\/www.visit-ulcinj.com\/blog\/2016\/05\/08\/cungu-uron-zgjedhjen-e-kryetarit-te-ri-te-pdk-se-kadri-veselin\/#breadcrumb"},"inLanguage":"en-US","potentialAction":[{"@type":"ReadAction","target":["https:\/\/www.visit-ulcinj.com\/blog\/2016\/05\/08\/cungu-uron-zgjedhjen-e-kryetarit-te-ri-te-pdk-se-kadri-veselin\/"]}]},{"@type":"BreadcrumbList","@id":"https:\/\/www.visit-ulcinj.com\/blog\/2016\/05\/08\/cungu-uron-zgjedhjen-e-kryetarit-te-ri-te-pdk-se-kadri-veselin\/#breadcrumb","itemListElement":[{"@type":"ListItem","position":1,"name":"Cungu uron zgjedhjen e kryetarit t\u00eb ri t\u00eb PDK-s\u00eb Kadri Veselin"}]},{"@type":"Person","@id":"https:\/\/www.visit-ulcinj.com\/blog\/#\/schema\/person\/dcab619c614d3038751c63bc2aadc06d","name":"ulqini","sameAs":["http:\/\/www.visit-ulcinj.com"],"url":"https:\/\/www.visit-ulcinj.com\/blog\/author\/admin\/"}]}},"jetpack_featured_media_url":"","jetpack_sharing_enabled":true,"jetpack_shortlink":"https:\/\/wp.me\/pe6lTn-p9R","_links":{"self":[{"href":"https:\/\/www.visit-ulcinj.com\/blog\/wp-json\/wp\/v2\/posts\/96711"}],"collection":[{"href":"https:\/\/www.visit-ulcinj.com\/blog\/wp-json\/wp\/v2\/posts"}],"about":[{"href":"https:\/\/www.visit-ulcinj.com\/blog\/wp-json\/wp\/v2\/types\/post"}],"author":[{"embeddable":true,"href":"https:\/\/www.visit-ulcinj.com\/blog\/wp-json\/wp\/v2\/users\/1"}],"replies":[{"embeddable":true,"href":"https:\/\/www.visit-ulcinj.com\/blog\/wp-json\/wp\/v2\/comments?post=96711"}],"version-history":[{"count":2,"href":"https:\/\/www.visit-ulcinj.com\/blog\/wp-json\/wp\/v2\/posts\/96711\/revisions"}],"predecessor-version":[{"id":96714,"href":"https:\/\/www.visit-ulcinj.com\/blog\/wp-json\/wp\/v2\/posts\/96711\/revisions\/96714"}],"wp:attachment":[{"href":"https:\/\/www.visit-ulcinj.com\/blog\/wp-json\/wp\/v2\/media?parent=96711"}],"wp:term":[{"taxonomy":"category","embeddable":true,"href":"https:\/\/www.visit-ulcinj.com\/blog\/wp-json\/wp\/v2\/categories?post=96711"},{"taxonomy":"post_tag","embeddable":true,"href":"https:\/\/www.visit-ulcinj.com\/blog\/wp-json\/wp\/v2\/tags?post=96711"}],"curies":[{"name":"wp","href":"https:\/\/api.w.org\/{rel}","templated":true}]}}