{"id":96731,"date":"2016-05-09T14:47:13","date_gmt":"2016-05-09T13:47:13","guid":{"rendered":"http:\/\/www.visit-ulcinj.com\/blog\/?p=96731"},"modified":"2016-05-09T14:47:44","modified_gmt":"2016-05-09T13:47:44","slug":"cungu-urim-per-9-majin-diten-e-evropes","status":"publish","type":"post","link":"https:\/\/www.visit-ulcinj.com\/blog\/2016\/05\/09\/cungu-urim-per-9-majin-diten-e-evropes\/","title":{"rendered":"Cungu: Urim p\u00ebr 9 majin &#8211; Dit\u00ebn e Evrop\u00ebs"},"content":{"rendered":"<p><strong><a href=\"http:\/\/www.visit-ulcinj.com\/blog\/wp-content\/uploads\/2016\/05\/Dita-Europes.jpg\"><img loading=\"lazy\" class=\"alignleft wp-image-96732\" src=\"http:\/\/www.visit-ulcinj.com\/blog\/wp-content\/uploads\/2016\/05\/Dita-Europes.jpg\" alt=\"Dita-Europes\" width=\"508\" height=\"302\" \/><\/a>Kryetari i Komun\u00ebs s\u00eb Ulqinit Nazif Cungu ka uruar qytetar\u00ebt me rastin e 9 majit &#8211; Dit\u00ebs s\u00eb Evrop\u00ebs.<\/strong><\/p>\n<p>N\u00eb mesazhin e tij nd\u00ebr t\u00eb tjera thuhet:<\/p>\n<p>Kam k\u00ebnaq\u00ebsin\u00eb e ve\u00e7ant\u00eb q\u00eb tju uroj Dit\u00ebn e Evrop\u00ebs, dit\u00eb q\u00eb simbolizon paq\u00ebn dhe unitetin n\u00eb Evrop\u00eb. Un\u00eb jam i bindur q\u00eb Mali i Zi k\u00ebt\u00eb fest\u00eb n\u00eb nj\u00eb periudh\u00eb sa m\u00eb t\u00eb af\u00ebrt do ta kremtoj\u00eb si\u00a0 an\u00ebtar\u00eb i Bashkimit Evropian , andaj t\u00eb gjith\u00eb duhet t\u00eb vazhdojm\u00eb dhe t\u00eb intensifikojm\u00eb reformat\u00a0 e duhura me synim q\u00eb sa m\u00eb par\u00eb t\u00eb marim vendin e meritura n\u00eb familjen evropiane.<\/p>\n<p>&nbsp;<\/p>\n<p>Urime!<\/p>\n","protected":false},"excerpt":{"rendered":"<p>Kryetari i Komun\u00ebs s\u00eb Ulqinit Nazif Cungu ka uruar qytetar\u00ebt me rastin e 9 majit &#8211; Dit\u00ebs s\u00eb Evrop\u00ebs. N\u00eb mesazhin e tij nd\u00ebr t\u00eb tjera thuhet: Kam k\u00ebnaq\u00ebsin\u00eb e ve\u00e7ant\u00eb q\u00eb tju uroj Dit\u00ebn e Evrop\u00ebs, dit\u00eb q\u00eb simbolizon paq\u00ebn dhe unitetin n\u00eb Evrop\u00eb. Un\u00eb jam i bindur q\u00eb Mali i Zi k\u00ebt\u00eb fest\u00eb [&hellip;]<\/p>\n","protected":false},"author":1,"featured_media":0,"comment_status":"closed","ping_status":"closed","sticky":false,"template":"","format":"standard","meta":{"spay_email":"","jetpack_publicize_message":"","jetpack_is_tweetstorm":false,"jetpack_publicize_feature_enabled":true},"categories":[2451],"tags":[],"jetpack_publicize_connections":[],"yoast_head":"<!-- This site is optimized with the Yoast SEO plugin v19.1 - https:\/\/yoast.com\/wordpress\/plugins\/seo\/ -->\n<title>Cungu: Urim p\u00ebr 9 majin - Dit\u00ebn e Evrop\u00ebs - Lajme nga Ulqini<\/title>\n<meta name=\"description\" content=\"Kryetari i Komun\u00ebs s\u00eb Ulqinit Nazif Cungu ka uruar qytetar\u00ebt me rastin e 9 majit - Dit\u00ebs s\u00eb Evrop\u00ebs. N\u00eb mesazhin e tij nd\u00ebr t\u00eb tjera thuhet: Kam\" \/>\n<meta name=\"robots\" content=\"index, follow, max-snippet:-1, max-image-preview:large, max-video-preview:-1\" \/>\n<link rel=\"canonical\" href=\"https:\/\/www.visit-ulcinj.com\/blog\/2016\/05\/09\/cungu-urim-per-9-majin-diten-e-evropes\/\" \/>\n<meta property=\"og:locale\" content=\"en_US\" \/>\n<meta property=\"og:type\" content=\"article\" \/>\n<meta property=\"og:title\" content=\"Cungu: Urim p\u00ebr 9 majin - Dit\u00ebn e Evrop\u00ebs - Lajme nga Ulqini\" \/>\n<meta property=\"og:description\" content=\"Kryetari i Komun\u00ebs s\u00eb Ulqinit Nazif Cungu ka uruar qytetar\u00ebt me rastin e 9 majit - Dit\u00ebs s\u00eb Evrop\u00ebs. N\u00eb mesazhin e tij nd\u00ebr t\u00eb tjera thuhet: Kam\" \/>\n<meta property=\"og:url\" content=\"https:\/\/www.visit-ulcinj.com\/blog\/2016\/05\/09\/cungu-urim-per-9-majin-diten-e-evropes\/\" \/>\n<meta property=\"og:site_name\" content=\"Lajme nga Ulqini\" \/>\n<meta property=\"article:published_time\" content=\"2016-05-09T13:47:13+00:00\" \/>\n<meta property=\"article:modified_time\" content=\"2016-05-09T13:47:44+00:00\" \/>\n<meta property=\"og:image\" content=\"http:\/\/www.visit-ulcinj.com\/blog\/wp-content\/uploads\/2016\/05\/Dita-Europes.jpg\" \/>\n<meta name=\"twitter:label1\" content=\"Written by\" \/>\n\t<meta name=\"twitter:data1\" content=\"ulqini\" \/>\n\t<meta name=\"twitter:label2\" content=\"Est. reading time\" \/>\n\t<meta name=\"twitter:data2\" content=\"1 minute\" \/>\n<script type=\"application\/ld+json\" class=\"yoast-schema-graph\">{\"@context\":\"https:\/\/schema.org\",\"@graph\":[{\"@type\":\"WebSite\",\"@id\":\"https:\/\/www.visit-ulcinj.com\/blog\/#website\",\"url\":\"https:\/\/www.visit-ulcinj.com\/blog\/\",\"name\":\"Lajme nga Ulqini\",\"description\":\"Lajme,Vijesti,Ulqini,Ulqin,Crna Gora,Mali i Zi\",\"potentialAction\":[{\"@type\":\"SearchAction\",\"target\":{\"@type\":\"EntryPoint\",\"urlTemplate\":\"https:\/\/www.visit-ulcinj.com\/blog\/?s={search_term_string}\"},\"query-input\":\"required name=search_term_string\"}],\"inLanguage\":\"en-US\"},{\"@type\":\"ImageObject\",\"inLanguage\":\"en-US\",\"@id\":\"https:\/\/www.visit-ulcinj.com\/blog\/2016\/05\/09\/cungu-urim-per-9-majin-diten-e-evropes\/#primaryimage\",\"url\":\"http:\/\/www.visit-ulcinj.com\/blog\/wp-content\/uploads\/2016\/05\/Dita-Europes.jpg\",\"contentUrl\":\"http:\/\/www.visit-ulcinj.com\/blog\/wp-content\/uploads\/2016\/05\/Dita-Europes.jpg\"},{\"@type\":\"WebPage\",\"@id\":\"https:\/\/www.visit-ulcinj.com\/blog\/2016\/05\/09\/cungu-urim-per-9-majin-diten-e-evropes\/#webpage\",\"url\":\"https:\/\/www.visit-ulcinj.com\/blog\/2016\/05\/09\/cungu-urim-per-9-majin-diten-e-evropes\/\",\"name\":\"Cungu: Urim p\u00ebr 9 majin - Dit\u00ebn e Evrop\u00ebs - Lajme nga Ulqini\",\"isPartOf\":{\"@id\":\"https:\/\/www.visit-ulcinj.com\/blog\/#website\"},\"primaryImageOfPage\":{\"@id\":\"https:\/\/www.visit-ulcinj.com\/blog\/2016\/05\/09\/cungu-urim-per-9-majin-diten-e-evropes\/#primaryimage\"},\"datePublished\":\"2016-05-09T13:47:13+00:00\",\"dateModified\":\"2016-05-09T13:47:44+00:00\",\"author\":{\"@id\":\"https:\/\/www.visit-ulcinj.com\/blog\/#\/schema\/person\/dcab619c614d3038751c63bc2aadc06d\"},\"description\":\"Kryetari i Komun\u00ebs s\u00eb Ulqinit Nazif Cungu ka uruar qytetar\u00ebt me rastin e 9 majit - Dit\u00ebs s\u00eb Evrop\u00ebs. N\u00eb mesazhin e tij nd\u00ebr t\u00eb tjera thuhet: Kam\",\"breadcrumb\":{\"@id\":\"https:\/\/www.visit-ulcinj.com\/blog\/2016\/05\/09\/cungu-urim-per-9-majin-diten-e-evropes\/#breadcrumb\"},\"inLanguage\":\"en-US\",\"potentialAction\":[{\"@type\":\"ReadAction\",\"target\":[\"https:\/\/www.visit-ulcinj.com\/blog\/2016\/05\/09\/cungu-urim-per-9-majin-diten-e-evropes\/\"]}]},{\"@type\":\"BreadcrumbList\",\"@id\":\"https:\/\/www.visit-ulcinj.com\/blog\/2016\/05\/09\/cungu-urim-per-9-majin-diten-e-evropes\/#breadcrumb\",\"itemListElement\":[{\"@type\":\"ListItem\",\"position\":1,\"name\":\"Cungu: Urim p\u00ebr 9 majin &#8211; Dit\u00ebn e Evrop\u00ebs\"}]},{\"@type\":\"Person\",\"@id\":\"https:\/\/www.visit-ulcinj.com\/blog\/#\/schema\/person\/dcab619c614d3038751c63bc2aadc06d\",\"name\":\"ulqini\",\"sameAs\":[\"http:\/\/www.visit-ulcinj.com\"],\"url\":\"https:\/\/www.visit-ulcinj.com\/blog\/author\/admin\/\"}]}<\/script>\n<!-- \/ Yoast SEO plugin. -->","yoast_head_json":{"title":"Cungu: Urim p\u00ebr 9 majin - Dit\u00ebn e Evrop\u00ebs - Lajme nga Ulqini","description":"Kryetari i Komun\u00ebs s\u00eb Ulqinit Nazif Cungu ka uruar qytetar\u00ebt me rastin e 9 majit - Dit\u00ebs s\u00eb Evrop\u00ebs. N\u00eb mesazhin e tij nd\u00ebr t\u00eb tjera thuhet: Kam","robots":{"index":"index","follow":"follow","max-snippet":"max-snippet:-1","max-image-preview":"max-image-preview:large","max-video-preview":"max-video-preview:-1"},"canonical":"https:\/\/www.visit-ulcinj.com\/blog\/2016\/05\/09\/cungu-urim-per-9-majin-diten-e-evropes\/","og_locale":"en_US","og_type":"article","og_title":"Cungu: Urim p\u00ebr 9 majin - Dit\u00ebn e Evrop\u00ebs - Lajme nga Ulqini","og_description":"Kryetari i Komun\u00ebs s\u00eb Ulqinit Nazif Cungu ka uruar qytetar\u00ebt me rastin e 9 majit - Dit\u00ebs s\u00eb Evrop\u00ebs. N\u00eb mesazhin e tij nd\u00ebr t\u00eb tjera thuhet: Kam","og_url":"https:\/\/www.visit-ulcinj.com\/blog\/2016\/05\/09\/cungu-urim-per-9-majin-diten-e-evropes\/","og_site_name":"Lajme nga Ulqini","article_published_time":"2016-05-09T13:47:13+00:00","article_modified_time":"2016-05-09T13:47:44+00:00","og_image":[{"url":"http:\/\/www.visit-ulcinj.com\/blog\/wp-content\/uploads\/2016\/05\/Dita-Europes.jpg"}],"twitter_misc":{"Written by":"ulqini","Est. reading time":"1 minute"},"schema":{"@context":"https:\/\/schema.org","@graph":[{"@type":"WebSite","@id":"https:\/\/www.visit-ulcinj.com\/blog\/#website","url":"https:\/\/www.visit-ulcinj.com\/blog\/","name":"Lajme nga Ulqini","description":"Lajme,Vijesti,Ulqini,Ulqin,Crna Gora,Mali i Zi","potentialAction":[{"@type":"SearchAction","target":{"@type":"EntryPoint","urlTemplate":"https:\/\/www.visit-ulcinj.com\/blog\/?s={search_term_string}"},"query-input":"required name=search_term_string"}],"inLanguage":"en-US"},{"@type":"ImageObject","inLanguage":"en-US","@id":"https:\/\/www.visit-ulcinj.com\/blog\/2016\/05\/09\/cungu-urim-per-9-majin-diten-e-evropes\/#primaryimage","url":"http:\/\/www.visit-ulcinj.com\/blog\/wp-content\/uploads\/2016\/05\/Dita-Europes.jpg","contentUrl":"http:\/\/www.visit-ulcinj.com\/blog\/wp-content\/uploads\/2016\/05\/Dita-Europes.jpg"},{"@type":"WebPage","@id":"https:\/\/www.visit-ulcinj.com\/blog\/2016\/05\/09\/cungu-urim-per-9-majin-diten-e-evropes\/#webpage","url":"https:\/\/www.visit-ulcinj.com\/blog\/2016\/05\/09\/cungu-urim-per-9-majin-diten-e-evropes\/","name":"Cungu: Urim p\u00ebr 9 majin - Dit\u00ebn e Evrop\u00ebs - Lajme nga Ulqini","isPartOf":{"@id":"https:\/\/www.visit-ulcinj.com\/blog\/#website"},"primaryImageOfPage":{"@id":"https:\/\/www.visit-ulcinj.com\/blog\/2016\/05\/09\/cungu-urim-per-9-majin-diten-e-evropes\/#primaryimage"},"datePublished":"2016-05-09T13:47:13+00:00","dateModified":"2016-05-09T13:47:44+00:00","author":{"@id":"https:\/\/www.visit-ulcinj.com\/blog\/#\/schema\/person\/dcab619c614d3038751c63bc2aadc06d"},"description":"Kryetari i Komun\u00ebs s\u00eb Ulqinit Nazif Cungu ka uruar qytetar\u00ebt me rastin e 9 majit - Dit\u00ebs s\u00eb Evrop\u00ebs. N\u00eb mesazhin e tij nd\u00ebr t\u00eb tjera thuhet: Kam","breadcrumb":{"@id":"https:\/\/www.visit-ulcinj.com\/blog\/2016\/05\/09\/cungu-urim-per-9-majin-diten-e-evropes\/#breadcrumb"},"inLanguage":"en-US","potentialAction":[{"@type":"ReadAction","target":["https:\/\/www.visit-ulcinj.com\/blog\/2016\/05\/09\/cungu-urim-per-9-majin-diten-e-evropes\/"]}]},{"@type":"BreadcrumbList","@id":"https:\/\/www.visit-ulcinj.com\/blog\/2016\/05\/09\/cungu-urim-per-9-majin-diten-e-evropes\/#breadcrumb","itemListElement":[{"@type":"ListItem","position":1,"name":"Cungu: Urim p\u00ebr 9 majin &#8211; Dit\u00ebn e Evrop\u00ebs"}]},{"@type":"Person","@id":"https:\/\/www.visit-ulcinj.com\/blog\/#\/schema\/person\/dcab619c614d3038751c63bc2aadc06d","name":"ulqini","sameAs":["http:\/\/www.visit-ulcinj.com"],"url":"https:\/\/www.visit-ulcinj.com\/blog\/author\/admin\/"}]}},"jetpack_featured_media_url":"","jetpack_sharing_enabled":true,"jetpack_shortlink":"https:\/\/wp.me\/pe6lTn-pab","_links":{"self":[{"href":"https:\/\/www.visit-ulcinj.com\/blog\/wp-json\/wp\/v2\/posts\/96731"}],"collection":[{"href":"https:\/\/www.visit-ulcinj.com\/blog\/wp-json\/wp\/v2\/posts"}],"about":[{"href":"https:\/\/www.visit-ulcinj.com\/blog\/wp-json\/wp\/v2\/types\/post"}],"author":[{"embeddable":true,"href":"https:\/\/www.visit-ulcinj.com\/blog\/wp-json\/wp\/v2\/users\/1"}],"replies":[{"embeddable":true,"href":"https:\/\/www.visit-ulcinj.com\/blog\/wp-json\/wp\/v2\/comments?post=96731"}],"version-history":[{"count":1,"href":"https:\/\/www.visit-ulcinj.com\/blog\/wp-json\/wp\/v2\/posts\/96731\/revisions"}],"predecessor-version":[{"id":96733,"href":"https:\/\/www.visit-ulcinj.com\/blog\/wp-json\/wp\/v2\/posts\/96731\/revisions\/96733"}],"wp:attachment":[{"href":"https:\/\/www.visit-ulcinj.com\/blog\/wp-json\/wp\/v2\/media?parent=96731"}],"wp:term":[{"taxonomy":"category","embeddable":true,"href":"https:\/\/www.visit-ulcinj.com\/blog\/wp-json\/wp\/v2\/categories?post=96731"},{"taxonomy":"post_tag","embeddable":true,"href":"https:\/\/www.visit-ulcinj.com\/blog\/wp-json\/wp\/v2\/tags?post=96731"}],"curies":[{"name":"wp","href":"https:\/\/api.w.org\/{rel}","templated":true}]}}