{"id":96751,"date":"2016-05-11T18:02:52","date_gmt":"2016-05-11T17:02:52","guid":{"rendered":"http:\/\/www.visit-ulcinj.com\/blog\/?p=96751"},"modified":"2016-05-12T12:26:47","modified_gmt":"2016-05-12T11:26:47","slug":"shoqata-e-bjeshkatareve-rumia-arriten-suksese-te-lakmueshme","status":"publish","type":"post","link":"https:\/\/www.visit-ulcinj.com\/blog\/2016\/05\/11\/shoqata-e-bjeshkatareve-rumia-arriten-suksese-te-lakmueshme\/","title":{"rendered":"Shoqata e bjeshkatar\u00ebve \u201cRumia\u201d arriten suksese t\u00eb lakmueshme"},"content":{"rendered":"<p><a href=\"http:\/\/www.visit-ulcinj.com\/blog\/wp-content\/uploads\/2016\/05\/Shoqata-Rumia-Nazif-Cungu.jpg\"><img loading=\"lazy\" class=\"alignleft wp-image-96752\" src=\"http:\/\/www.visit-ulcinj.com\/blog\/wp-content\/uploads\/2016\/05\/Shoqata-Rumia-Nazif-Cungu.jpg\" alt=\"Shoqata-Rumia-Nazif-Cungu\" width=\"508\" height=\"337\" srcset=\"https:\/\/www.visit-ulcinj.com\/blog\/wp-content\/uploads\/2016\/05\/Shoqata-Rumia-Nazif-Cungu.jpg 750w, https:\/\/www.visit-ulcinj.com\/blog\/wp-content\/uploads\/2016\/05\/Shoqata-Rumia-Nazif-Cungu-300x199.jpg 300w\" sizes=\"(max-width: 508px) 100vw, 508px\" \/><\/a>Shoqata e bjeshkatar\u00ebve\u00a0 \u201cRumia\u201d ka vite q\u00eb ushtron aktivitetin e saj. Ajo tubon nj\u00eb num\u00ebr t\u00eb madh t\u00eb adhuruesve t\u00eb natyr\u00ebs dhe bukurive t\u00eb shtigjeve, kodrave dhe maleve q\u00eb na rrethojn\u00eb. K\u00ebta t\u00eb apasionuar t\u00eb udh\u00ebhequr nga kryetari i tyre Muhamet Kollari u takuan me kryetarin e Komun\u00ebs s\u00eb Ulqinit Nazif Cungu t\u00eb cilin e njoftuan m\u00eb p\u00ebr s\u00eb afrmi me aktivitetet q\u00eb kan\u00eb zhvilluar dhe angazhimet brenda dhe jasht\u00eb vendit, por dhe me veshtir\u00ebsit\u00eb\u00a0 financiare q\u00eb ballafaqohen.<\/p>\n<p>Ve\u00e7mas ata u ndal\u00ebn n\u00eb aktivitetin e p\u00ebrvitsh\u00ebm si\u00e7 \u00ebsht\u00eb dalja tradicionale n\u00eb malin e Rumis\u00eb, manifestim q\u00eb pritet t\u00eb realizohet n\u00eb fillim t\u00eb muajit t\u00eb ardhesh\u00ebm. Kryetari nga ana e tij i p\u00ebrg\u00ebzoi p\u00ebr sukseset dhe rezulatet e arritura si dhe i premtoi p\u00ebrkrahje materiale, brenda mund\u00ebsive.<\/p>\n","protected":false},"excerpt":{"rendered":"<p>Shoqata e bjeshkatar\u00ebve\u00a0 \u201cRumia\u201d ka vite q\u00eb ushtron aktivitetin e saj. Ajo tubon nj\u00eb num\u00ebr t\u00eb madh t\u00eb adhuruesve t\u00eb natyr\u00ebs dhe bukurive t\u00eb shtigjeve, kodrave dhe maleve q\u00eb na rrethojn\u00eb. K\u00ebta t\u00eb apasionuar t\u00eb udh\u00ebhequr nga kryetari i tyre Muhamet Kollari u takuan me kryetarin e Komun\u00ebs s\u00eb Ulqinit Nazif Cungu t\u00eb cilin e [&hellip;]<\/p>\n","protected":false},"author":1,"featured_media":0,"comment_status":"closed","ping_status":"closed","sticky":false,"template":"","format":"standard","meta":{"spay_email":"","jetpack_publicize_message":"","jetpack_is_tweetstorm":false,"jetpack_publicize_feature_enabled":true},"categories":[1],"tags":[],"jetpack_publicize_connections":[],"yoast_head":"<!-- This site is optimized with the Yoast SEO plugin v19.1 - https:\/\/yoast.com\/wordpress\/plugins\/seo\/ -->\n<title>Shoqata e bjeshkatar\u00ebve \u201cRumia\u201d arriten suksese t\u00eb lakmueshme - Lajme nga Ulqini<\/title>\n<meta name=\"description\" content=\"Shoqata e bjeshkatar\u00ebve\u00a0 \u201cRumia\u201d ka vite q\u00eb ushtron aktivitetin e saj. Ajo tubon nj\u00eb num\u00ebr t\u00eb madh t\u00eb adhuruesve t\u00eb natyr\u00ebs dhe bukurive t\u00eb shtigjeve,\" \/>\n<meta name=\"robots\" content=\"index, follow, max-snippet:-1, max-image-preview:large, max-video-preview:-1\" \/>\n<link rel=\"canonical\" href=\"https:\/\/www.visit-ulcinj.com\/blog\/2016\/05\/11\/shoqata-e-bjeshkatareve-rumia-arriten-suksese-te-lakmueshme\/\" \/>\n<meta property=\"og:locale\" content=\"en_US\" \/>\n<meta property=\"og:type\" content=\"article\" \/>\n<meta property=\"og:title\" content=\"Shoqata e bjeshkatar\u00ebve \u201cRumia\u201d arriten suksese t\u00eb lakmueshme - Lajme nga Ulqini\" \/>\n<meta property=\"og:description\" content=\"Shoqata e bjeshkatar\u00ebve\u00a0 \u201cRumia\u201d ka vite q\u00eb ushtron aktivitetin e saj. Ajo tubon nj\u00eb num\u00ebr t\u00eb madh t\u00eb adhuruesve t\u00eb natyr\u00ebs dhe bukurive t\u00eb shtigjeve,\" \/>\n<meta property=\"og:url\" content=\"https:\/\/www.visit-ulcinj.com\/blog\/2016\/05\/11\/shoqata-e-bjeshkatareve-rumia-arriten-suksese-te-lakmueshme\/\" \/>\n<meta property=\"og:site_name\" content=\"Lajme nga Ulqini\" \/>\n<meta property=\"article:published_time\" content=\"2016-05-11T17:02:52+00:00\" \/>\n<meta property=\"article:modified_time\" content=\"2016-05-12T11:26:47+00:00\" \/>\n<meta property=\"og:image\" content=\"http:\/\/www.visit-ulcinj.com\/blog\/wp-content\/uploads\/2016\/05\/Shoqata-Rumia-Nazif-Cungu.jpg\" \/>\n<meta name=\"twitter:label1\" content=\"Written by\" \/>\n\t<meta name=\"twitter:data1\" content=\"ulqini\" \/>\n\t<meta name=\"twitter:label2\" content=\"Est. reading time\" \/>\n\t<meta name=\"twitter:data2\" content=\"1 minute\" \/>\n<script type=\"application\/ld+json\" class=\"yoast-schema-graph\">{\"@context\":\"https:\/\/schema.org\",\"@graph\":[{\"@type\":\"WebSite\",\"@id\":\"https:\/\/www.visit-ulcinj.com\/blog\/#website\",\"url\":\"https:\/\/www.visit-ulcinj.com\/blog\/\",\"name\":\"Lajme nga Ulqini\",\"description\":\"Lajme,Vijesti,Ulqini,Ulqin,Crna Gora,Mali i Zi\",\"potentialAction\":[{\"@type\":\"SearchAction\",\"target\":{\"@type\":\"EntryPoint\",\"urlTemplate\":\"https:\/\/www.visit-ulcinj.com\/blog\/?s={search_term_string}\"},\"query-input\":\"required name=search_term_string\"}],\"inLanguage\":\"en-US\"},{\"@type\":\"ImageObject\",\"inLanguage\":\"en-US\",\"@id\":\"https:\/\/www.visit-ulcinj.com\/blog\/2016\/05\/11\/shoqata-e-bjeshkatareve-rumia-arriten-suksese-te-lakmueshme\/#primaryimage\",\"url\":\"https:\/\/www.visit-ulcinj.com\/blog\/wp-content\/uploads\/2016\/05\/Shoqata-Rumia-Nazif-Cungu.jpg\",\"contentUrl\":\"https:\/\/www.visit-ulcinj.com\/blog\/wp-content\/uploads\/2016\/05\/Shoqata-Rumia-Nazif-Cungu.jpg\",\"width\":750,\"height\":497},{\"@type\":\"WebPage\",\"@id\":\"https:\/\/www.visit-ulcinj.com\/blog\/2016\/05\/11\/shoqata-e-bjeshkatareve-rumia-arriten-suksese-te-lakmueshme\/#webpage\",\"url\":\"https:\/\/www.visit-ulcinj.com\/blog\/2016\/05\/11\/shoqata-e-bjeshkatareve-rumia-arriten-suksese-te-lakmueshme\/\",\"name\":\"Shoqata e bjeshkatar\u00ebve \u201cRumia\u201d arriten suksese t\u00eb lakmueshme - Lajme nga Ulqini\",\"isPartOf\":{\"@id\":\"https:\/\/www.visit-ulcinj.com\/blog\/#website\"},\"primaryImageOfPage\":{\"@id\":\"https:\/\/www.visit-ulcinj.com\/blog\/2016\/05\/11\/shoqata-e-bjeshkatareve-rumia-arriten-suksese-te-lakmueshme\/#primaryimage\"},\"datePublished\":\"2016-05-11T17:02:52+00:00\",\"dateModified\":\"2016-05-12T11:26:47+00:00\",\"author\":{\"@id\":\"https:\/\/www.visit-ulcinj.com\/blog\/#\/schema\/person\/dcab619c614d3038751c63bc2aadc06d\"},\"description\":\"Shoqata e bjeshkatar\u00ebve\u00a0 \u201cRumia\u201d ka vite q\u00eb ushtron aktivitetin e saj. Ajo tubon nj\u00eb num\u00ebr t\u00eb madh t\u00eb adhuruesve t\u00eb natyr\u00ebs dhe bukurive t\u00eb shtigjeve,\",\"breadcrumb\":{\"@id\":\"https:\/\/www.visit-ulcinj.com\/blog\/2016\/05\/11\/shoqata-e-bjeshkatareve-rumia-arriten-suksese-te-lakmueshme\/#breadcrumb\"},\"inLanguage\":\"en-US\",\"potentialAction\":[{\"@type\":\"ReadAction\",\"target\":[\"https:\/\/www.visit-ulcinj.com\/blog\/2016\/05\/11\/shoqata-e-bjeshkatareve-rumia-arriten-suksese-te-lakmueshme\/\"]}]},{\"@type\":\"BreadcrumbList\",\"@id\":\"https:\/\/www.visit-ulcinj.com\/blog\/2016\/05\/11\/shoqata-e-bjeshkatareve-rumia-arriten-suksese-te-lakmueshme\/#breadcrumb\",\"itemListElement\":[{\"@type\":\"ListItem\",\"position\":1,\"name\":\"Shoqata e bjeshkatar\u00ebve \u201cRumia\u201d arriten suksese t\u00eb lakmueshme\"}]},{\"@type\":\"Person\",\"@id\":\"https:\/\/www.visit-ulcinj.com\/blog\/#\/schema\/person\/dcab619c614d3038751c63bc2aadc06d\",\"name\":\"ulqini\",\"sameAs\":[\"http:\/\/www.visit-ulcinj.com\"],\"url\":\"https:\/\/www.visit-ulcinj.com\/blog\/author\/admin\/\"}]}<\/script>\n<!-- \/ Yoast SEO plugin. -->","yoast_head_json":{"title":"Shoqata e bjeshkatar\u00ebve \u201cRumia\u201d arriten suksese t\u00eb lakmueshme - Lajme nga Ulqini","description":"Shoqata e bjeshkatar\u00ebve\u00a0 \u201cRumia\u201d ka vite q\u00eb ushtron aktivitetin e saj. Ajo tubon nj\u00eb num\u00ebr t\u00eb madh t\u00eb adhuruesve t\u00eb natyr\u00ebs dhe bukurive t\u00eb shtigjeve,","robots":{"index":"index","follow":"follow","max-snippet":"max-snippet:-1","max-image-preview":"max-image-preview:large","max-video-preview":"max-video-preview:-1"},"canonical":"https:\/\/www.visit-ulcinj.com\/blog\/2016\/05\/11\/shoqata-e-bjeshkatareve-rumia-arriten-suksese-te-lakmueshme\/","og_locale":"en_US","og_type":"article","og_title":"Shoqata e bjeshkatar\u00ebve \u201cRumia\u201d arriten suksese t\u00eb lakmueshme - Lajme nga Ulqini","og_description":"Shoqata e bjeshkatar\u00ebve\u00a0 \u201cRumia\u201d ka vite q\u00eb ushtron aktivitetin e saj. Ajo tubon nj\u00eb num\u00ebr t\u00eb madh t\u00eb adhuruesve t\u00eb natyr\u00ebs dhe bukurive t\u00eb shtigjeve,","og_url":"https:\/\/www.visit-ulcinj.com\/blog\/2016\/05\/11\/shoqata-e-bjeshkatareve-rumia-arriten-suksese-te-lakmueshme\/","og_site_name":"Lajme nga Ulqini","article_published_time":"2016-05-11T17:02:52+00:00","article_modified_time":"2016-05-12T11:26:47+00:00","og_image":[{"url":"http:\/\/www.visit-ulcinj.com\/blog\/wp-content\/uploads\/2016\/05\/Shoqata-Rumia-Nazif-Cungu.jpg"}],"twitter_misc":{"Written by":"ulqini","Est. reading time":"1 minute"},"schema":{"@context":"https:\/\/schema.org","@graph":[{"@type":"WebSite","@id":"https:\/\/www.visit-ulcinj.com\/blog\/#website","url":"https:\/\/www.visit-ulcinj.com\/blog\/","name":"Lajme nga Ulqini","description":"Lajme,Vijesti,Ulqini,Ulqin,Crna Gora,Mali i Zi","potentialAction":[{"@type":"SearchAction","target":{"@type":"EntryPoint","urlTemplate":"https:\/\/www.visit-ulcinj.com\/blog\/?s={search_term_string}"},"query-input":"required name=search_term_string"}],"inLanguage":"en-US"},{"@type":"ImageObject","inLanguage":"en-US","@id":"https:\/\/www.visit-ulcinj.com\/blog\/2016\/05\/11\/shoqata-e-bjeshkatareve-rumia-arriten-suksese-te-lakmueshme\/#primaryimage","url":"https:\/\/www.visit-ulcinj.com\/blog\/wp-content\/uploads\/2016\/05\/Shoqata-Rumia-Nazif-Cungu.jpg","contentUrl":"https:\/\/www.visit-ulcinj.com\/blog\/wp-content\/uploads\/2016\/05\/Shoqata-Rumia-Nazif-Cungu.jpg","width":750,"height":497},{"@type":"WebPage","@id":"https:\/\/www.visit-ulcinj.com\/blog\/2016\/05\/11\/shoqata-e-bjeshkatareve-rumia-arriten-suksese-te-lakmueshme\/#webpage","url":"https:\/\/www.visit-ulcinj.com\/blog\/2016\/05\/11\/shoqata-e-bjeshkatareve-rumia-arriten-suksese-te-lakmueshme\/","name":"Shoqata e bjeshkatar\u00ebve \u201cRumia\u201d arriten suksese t\u00eb lakmueshme - Lajme nga Ulqini","isPartOf":{"@id":"https:\/\/www.visit-ulcinj.com\/blog\/#website"},"primaryImageOfPage":{"@id":"https:\/\/www.visit-ulcinj.com\/blog\/2016\/05\/11\/shoqata-e-bjeshkatareve-rumia-arriten-suksese-te-lakmueshme\/#primaryimage"},"datePublished":"2016-05-11T17:02:52+00:00","dateModified":"2016-05-12T11:26:47+00:00","author":{"@id":"https:\/\/www.visit-ulcinj.com\/blog\/#\/schema\/person\/dcab619c614d3038751c63bc2aadc06d"},"description":"Shoqata e bjeshkatar\u00ebve\u00a0 \u201cRumia\u201d ka vite q\u00eb ushtron aktivitetin e saj. Ajo tubon nj\u00eb num\u00ebr t\u00eb madh t\u00eb adhuruesve t\u00eb natyr\u00ebs dhe bukurive t\u00eb shtigjeve,","breadcrumb":{"@id":"https:\/\/www.visit-ulcinj.com\/blog\/2016\/05\/11\/shoqata-e-bjeshkatareve-rumia-arriten-suksese-te-lakmueshme\/#breadcrumb"},"inLanguage":"en-US","potentialAction":[{"@type":"ReadAction","target":["https:\/\/www.visit-ulcinj.com\/blog\/2016\/05\/11\/shoqata-e-bjeshkatareve-rumia-arriten-suksese-te-lakmueshme\/"]}]},{"@type":"BreadcrumbList","@id":"https:\/\/www.visit-ulcinj.com\/blog\/2016\/05\/11\/shoqata-e-bjeshkatareve-rumia-arriten-suksese-te-lakmueshme\/#breadcrumb","itemListElement":[{"@type":"ListItem","position":1,"name":"Shoqata e bjeshkatar\u00ebve \u201cRumia\u201d arriten suksese t\u00eb lakmueshme"}]},{"@type":"Person","@id":"https:\/\/www.visit-ulcinj.com\/blog\/#\/schema\/person\/dcab619c614d3038751c63bc2aadc06d","name":"ulqini","sameAs":["http:\/\/www.visit-ulcinj.com"],"url":"https:\/\/www.visit-ulcinj.com\/blog\/author\/admin\/"}]}},"jetpack_featured_media_url":"","jetpack_sharing_enabled":true,"jetpack_shortlink":"https:\/\/wp.me\/pe6lTn-pav","_links":{"self":[{"href":"https:\/\/www.visit-ulcinj.com\/blog\/wp-json\/wp\/v2\/posts\/96751"}],"collection":[{"href":"https:\/\/www.visit-ulcinj.com\/blog\/wp-json\/wp\/v2\/posts"}],"about":[{"href":"https:\/\/www.visit-ulcinj.com\/blog\/wp-json\/wp\/v2\/types\/post"}],"author":[{"embeddable":true,"href":"https:\/\/www.visit-ulcinj.com\/blog\/wp-json\/wp\/v2\/users\/1"}],"replies":[{"embeddable":true,"href":"https:\/\/www.visit-ulcinj.com\/blog\/wp-json\/wp\/v2\/comments?post=96751"}],"version-history":[{"count":1,"href":"https:\/\/www.visit-ulcinj.com\/blog\/wp-json\/wp\/v2\/posts\/96751\/revisions"}],"predecessor-version":[{"id":96753,"href":"https:\/\/www.visit-ulcinj.com\/blog\/wp-json\/wp\/v2\/posts\/96751\/revisions\/96753"}],"wp:attachment":[{"href":"https:\/\/www.visit-ulcinj.com\/blog\/wp-json\/wp\/v2\/media?parent=96751"}],"wp:term":[{"taxonomy":"category","embeddable":true,"href":"https:\/\/www.visit-ulcinj.com\/blog\/wp-json\/wp\/v2\/categories?post=96751"},{"taxonomy":"post_tag","embeddable":true,"href":"https:\/\/www.visit-ulcinj.com\/blog\/wp-json\/wp\/v2\/tags?post=96751"}],"curies":[{"name":"wp","href":"https:\/\/api.w.org\/{rel}","templated":true}]}}