{"id":96759,"date":"2016-05-11T18:16:42","date_gmt":"2016-05-11T17:16:42","guid":{"rendered":"http:\/\/www.visit-ulcinj.com\/blog\/?p=96759"},"modified":"2016-05-11T18:16:42","modified_gmt":"2016-05-11T17:16:42","slug":"cungu-takohet-kreret-e-bashkesise-islame-te-ulqinit","status":"publish","type":"post","link":"https:\/\/www.visit-ulcinj.com\/blog\/2016\/05\/11\/cungu-takohet-kreret-e-bashkesise-islame-te-ulqinit\/","title":{"rendered":"Cungu takohet me krer\u00ebt e Bashk\u00ebsis\u00eb Islame t\u00eb Ulqinit"},"content":{"rendered":"<p><strong><a href=\"http:\/\/www.visit-ulcinj.com\/blog\/wp-content\/uploads\/2016\/05\/Cungu-Bardhi-Dollaku-Dragovoja-.jpg\"><img loading=\"lazy\" class=\"alignleft wp-image-96760\" src=\"http:\/\/www.visit-ulcinj.com\/blog\/wp-content\/uploads\/2016\/05\/Cungu-Bardhi-Dollaku-Dragovoja-.jpg\" alt=\"Cungu-Bardhi-Dollaku-Dragovoja-\" width=\"508\" height=\"337\" srcset=\"https:\/\/www.visit-ulcinj.com\/blog\/wp-content\/uploads\/2016\/05\/Cungu-Bardhi-Dollaku-Dragovoja-.jpg 750w, https:\/\/www.visit-ulcinj.com\/blog\/wp-content\/uploads\/2016\/05\/Cungu-Bardhi-Dollaku-Dragovoja--300x199.jpg 300w\" sizes=\"(max-width: 508px) 100vw, 508px\" \/><\/a>Krer\u00ebt e Bashk\u00ebsis\u00eb Islame t\u00eb Ulqinit takohen me kryetarin e komun\u00ebs <\/strong><\/p>\n<p>Kryetari i Bashk\u00ebsis\u00eb Islame Ulqin Gazmend Dollaku, kryeimami Ali Bardhi dhe sekretari Agim Dragovoja u takuan me kryetarin e Komun\u00ebs s\u00eb Ulqinit Nazif Cungu.<\/p>\n<p>Me k\u00ebt\u00eb rast u prek\u00ebn tema t\u00eb ndryshme dhe t\u00eb r\u00ebnd\u00ebsishme, si\u00e7 jan\u00eb ata t\u00eb\u00a0 pron\u00ebsis\u00eb, vijimi i punimeve n\u00eb disa objekte si dhe rikonstruimi i disa t\u00eb tjerave nga ana e Agjencis\u00eb Turke p\u00ebr Bashk\u00ebpunim Nd\u00ebrkomb\u00ebtar dhe Zhvillim \u2013 TIKA.<\/p>\n<p>Edhe n\u00eb k\u00ebt\u00eb takim kryetari Cungu shprehu gadishm\u00ebrin\u00eb e tij p\u00ebr ti dal\u00eb n\u00eb ndihm\u00eb k\u00ebrkesave t\u00eb komuniteteve fetare dhe zgjidhjen e problemeve. Komuna e Ulqinit, respektivisht Kuvendi i saj jo rrall\u00eb her\u00eb, nj\u00ebz\u00ebri ka miratuar vendime n\u00eb interes t\u00eb k\u00ebrkesave t\u00eb komuniteteve fetare n\u00eb Ulqin.<\/p>\n","protected":false},"excerpt":{"rendered":"<p>Krer\u00ebt e Bashk\u00ebsis\u00eb Islame t\u00eb Ulqinit takohen me kryetarin e komun\u00ebs Kryetari i Bashk\u00ebsis\u00eb Islame Ulqin Gazmend Dollaku, kryeimami Ali Bardhi dhe sekretari Agim Dragovoja u takuan me kryetarin e Komun\u00ebs s\u00eb Ulqinit Nazif Cungu. Me k\u00ebt\u00eb rast u prek\u00ebn tema t\u00eb ndryshme dhe t\u00eb r\u00ebnd\u00ebsishme, si\u00e7 jan\u00eb ata t\u00eb\u00a0 pron\u00ebsis\u00eb, vijimi i punimeve n\u00eb [&hellip;]<\/p>\n","protected":false},"author":1,"featured_media":0,"comment_status":"closed","ping_status":"closed","sticky":false,"template":"","format":"standard","meta":{"spay_email":"","jetpack_publicize_message":"","jetpack_is_tweetstorm":false,"jetpack_publicize_feature_enabled":true},"categories":[11],"tags":[],"jetpack_publicize_connections":[],"yoast_head":"<!-- This site is optimized with the Yoast SEO plugin v19.1 - https:\/\/yoast.com\/wordpress\/plugins\/seo\/ -->\n<title>Cungu takohet me krer\u00ebt e Bashk\u00ebsis\u00eb Islame t\u00eb Ulqinit - Lajme nga Ulqini<\/title>\n<meta name=\"description\" content=\"Krer\u00ebt e Bashk\u00ebsis\u00eb Islame t\u00eb Ulqinit takohen me kryetarin e komun\u00ebs Kryetari i Bashk\u00ebsis\u00eb Islame Ulqin Gazmend Dollaku, kryeimami Ali Bardhi dhe\" \/>\n<meta name=\"robots\" content=\"index, follow, max-snippet:-1, max-image-preview:large, max-video-preview:-1\" \/>\n<link rel=\"canonical\" href=\"https:\/\/www.visit-ulcinj.com\/blog\/2016\/05\/11\/cungu-takohet-kreret-e-bashkesise-islame-te-ulqinit\/\" \/>\n<meta property=\"og:locale\" content=\"en_US\" \/>\n<meta property=\"og:type\" content=\"article\" \/>\n<meta property=\"og:title\" content=\"Cungu takohet me krer\u00ebt e Bashk\u00ebsis\u00eb Islame t\u00eb Ulqinit - Lajme nga Ulqini\" \/>\n<meta property=\"og:description\" content=\"Krer\u00ebt e Bashk\u00ebsis\u00eb Islame t\u00eb Ulqinit takohen me kryetarin e komun\u00ebs Kryetari i Bashk\u00ebsis\u00eb Islame Ulqin Gazmend Dollaku, kryeimami Ali Bardhi dhe\" \/>\n<meta property=\"og:url\" content=\"https:\/\/www.visit-ulcinj.com\/blog\/2016\/05\/11\/cungu-takohet-kreret-e-bashkesise-islame-te-ulqinit\/\" \/>\n<meta property=\"og:site_name\" content=\"Lajme nga Ulqini\" \/>\n<meta property=\"article:published_time\" content=\"2016-05-11T17:16:42+00:00\" \/>\n<meta property=\"og:image\" content=\"http:\/\/www.visit-ulcinj.com\/blog\/wp-content\/uploads\/2016\/05\/Cungu-Bardhi-Dollaku-Dragovoja-.jpg\" \/>\n<meta name=\"twitter:label1\" content=\"Written by\" \/>\n\t<meta name=\"twitter:data1\" content=\"ulqini\" \/>\n\t<meta name=\"twitter:label2\" content=\"Est. reading time\" \/>\n\t<meta name=\"twitter:data2\" content=\"1 minute\" \/>\n<script type=\"application\/ld+json\" class=\"yoast-schema-graph\">{\"@context\":\"https:\/\/schema.org\",\"@graph\":[{\"@type\":\"WebSite\",\"@id\":\"https:\/\/www.visit-ulcinj.com\/blog\/#website\",\"url\":\"https:\/\/www.visit-ulcinj.com\/blog\/\",\"name\":\"Lajme nga Ulqini\",\"description\":\"Lajme,Vijesti,Ulqini,Ulqin,Crna Gora,Mali i Zi\",\"potentialAction\":[{\"@type\":\"SearchAction\",\"target\":{\"@type\":\"EntryPoint\",\"urlTemplate\":\"https:\/\/www.visit-ulcinj.com\/blog\/?s={search_term_string}\"},\"query-input\":\"required name=search_term_string\"}],\"inLanguage\":\"en-US\"},{\"@type\":\"ImageObject\",\"inLanguage\":\"en-US\",\"@id\":\"https:\/\/www.visit-ulcinj.com\/blog\/2016\/05\/11\/cungu-takohet-kreret-e-bashkesise-islame-te-ulqinit\/#primaryimage\",\"url\":\"https:\/\/www.visit-ulcinj.com\/blog\/wp-content\/uploads\/2016\/05\/Cungu-Bardhi-Dollaku-Dragovoja-.jpg\",\"contentUrl\":\"https:\/\/www.visit-ulcinj.com\/blog\/wp-content\/uploads\/2016\/05\/Cungu-Bardhi-Dollaku-Dragovoja-.jpg\",\"width\":750,\"height\":497},{\"@type\":\"WebPage\",\"@id\":\"https:\/\/www.visit-ulcinj.com\/blog\/2016\/05\/11\/cungu-takohet-kreret-e-bashkesise-islame-te-ulqinit\/#webpage\",\"url\":\"https:\/\/www.visit-ulcinj.com\/blog\/2016\/05\/11\/cungu-takohet-kreret-e-bashkesise-islame-te-ulqinit\/\",\"name\":\"Cungu takohet me krer\u00ebt e Bashk\u00ebsis\u00eb Islame t\u00eb Ulqinit - Lajme nga Ulqini\",\"isPartOf\":{\"@id\":\"https:\/\/www.visit-ulcinj.com\/blog\/#website\"},\"primaryImageOfPage\":{\"@id\":\"https:\/\/www.visit-ulcinj.com\/blog\/2016\/05\/11\/cungu-takohet-kreret-e-bashkesise-islame-te-ulqinit\/#primaryimage\"},\"datePublished\":\"2016-05-11T17:16:42+00:00\",\"dateModified\":\"2016-05-11T17:16:42+00:00\",\"author\":{\"@id\":\"https:\/\/www.visit-ulcinj.com\/blog\/#\/schema\/person\/dcab619c614d3038751c63bc2aadc06d\"},\"description\":\"Krer\u00ebt e Bashk\u00ebsis\u00eb Islame t\u00eb Ulqinit takohen me kryetarin e komun\u00ebs Kryetari i Bashk\u00ebsis\u00eb Islame Ulqin Gazmend Dollaku, kryeimami Ali Bardhi dhe\",\"breadcrumb\":{\"@id\":\"https:\/\/www.visit-ulcinj.com\/blog\/2016\/05\/11\/cungu-takohet-kreret-e-bashkesise-islame-te-ulqinit\/#breadcrumb\"},\"inLanguage\":\"en-US\",\"potentialAction\":[{\"@type\":\"ReadAction\",\"target\":[\"https:\/\/www.visit-ulcinj.com\/blog\/2016\/05\/11\/cungu-takohet-kreret-e-bashkesise-islame-te-ulqinit\/\"]}]},{\"@type\":\"BreadcrumbList\",\"@id\":\"https:\/\/www.visit-ulcinj.com\/blog\/2016\/05\/11\/cungu-takohet-kreret-e-bashkesise-islame-te-ulqinit\/#breadcrumb\",\"itemListElement\":[{\"@type\":\"ListItem\",\"position\":1,\"name\":\"Cungu takohet me krer\u00ebt e Bashk\u00ebsis\u00eb Islame t\u00eb Ulqinit\"}]},{\"@type\":\"Person\",\"@id\":\"https:\/\/www.visit-ulcinj.com\/blog\/#\/schema\/person\/dcab619c614d3038751c63bc2aadc06d\",\"name\":\"ulqini\",\"sameAs\":[\"http:\/\/www.visit-ulcinj.com\"],\"url\":\"https:\/\/www.visit-ulcinj.com\/blog\/author\/admin\/\"}]}<\/script>\n<!-- \/ Yoast SEO plugin. -->","yoast_head_json":{"title":"Cungu takohet me krer\u00ebt e Bashk\u00ebsis\u00eb Islame t\u00eb Ulqinit - Lajme nga Ulqini","description":"Krer\u00ebt e Bashk\u00ebsis\u00eb Islame t\u00eb Ulqinit takohen me kryetarin e komun\u00ebs Kryetari i Bashk\u00ebsis\u00eb Islame Ulqin Gazmend Dollaku, kryeimami Ali Bardhi dhe","robots":{"index":"index","follow":"follow","max-snippet":"max-snippet:-1","max-image-preview":"max-image-preview:large","max-video-preview":"max-video-preview:-1"},"canonical":"https:\/\/www.visit-ulcinj.com\/blog\/2016\/05\/11\/cungu-takohet-kreret-e-bashkesise-islame-te-ulqinit\/","og_locale":"en_US","og_type":"article","og_title":"Cungu takohet me krer\u00ebt e Bashk\u00ebsis\u00eb Islame t\u00eb Ulqinit - Lajme nga Ulqini","og_description":"Krer\u00ebt e Bashk\u00ebsis\u00eb Islame t\u00eb Ulqinit takohen me kryetarin e komun\u00ebs Kryetari i Bashk\u00ebsis\u00eb Islame Ulqin Gazmend Dollaku, kryeimami Ali Bardhi dhe","og_url":"https:\/\/www.visit-ulcinj.com\/blog\/2016\/05\/11\/cungu-takohet-kreret-e-bashkesise-islame-te-ulqinit\/","og_site_name":"Lajme nga Ulqini","article_published_time":"2016-05-11T17:16:42+00:00","og_image":[{"url":"http:\/\/www.visit-ulcinj.com\/blog\/wp-content\/uploads\/2016\/05\/Cungu-Bardhi-Dollaku-Dragovoja-.jpg"}],"twitter_misc":{"Written by":"ulqini","Est. reading time":"1 minute"},"schema":{"@context":"https:\/\/schema.org","@graph":[{"@type":"WebSite","@id":"https:\/\/www.visit-ulcinj.com\/blog\/#website","url":"https:\/\/www.visit-ulcinj.com\/blog\/","name":"Lajme nga Ulqini","description":"Lajme,Vijesti,Ulqini,Ulqin,Crna Gora,Mali i Zi","potentialAction":[{"@type":"SearchAction","target":{"@type":"EntryPoint","urlTemplate":"https:\/\/www.visit-ulcinj.com\/blog\/?s={search_term_string}"},"query-input":"required name=search_term_string"}],"inLanguage":"en-US"},{"@type":"ImageObject","inLanguage":"en-US","@id":"https:\/\/www.visit-ulcinj.com\/blog\/2016\/05\/11\/cungu-takohet-kreret-e-bashkesise-islame-te-ulqinit\/#primaryimage","url":"https:\/\/www.visit-ulcinj.com\/blog\/wp-content\/uploads\/2016\/05\/Cungu-Bardhi-Dollaku-Dragovoja-.jpg","contentUrl":"https:\/\/www.visit-ulcinj.com\/blog\/wp-content\/uploads\/2016\/05\/Cungu-Bardhi-Dollaku-Dragovoja-.jpg","width":750,"height":497},{"@type":"WebPage","@id":"https:\/\/www.visit-ulcinj.com\/blog\/2016\/05\/11\/cungu-takohet-kreret-e-bashkesise-islame-te-ulqinit\/#webpage","url":"https:\/\/www.visit-ulcinj.com\/blog\/2016\/05\/11\/cungu-takohet-kreret-e-bashkesise-islame-te-ulqinit\/","name":"Cungu takohet me krer\u00ebt e Bashk\u00ebsis\u00eb Islame t\u00eb Ulqinit - Lajme nga Ulqini","isPartOf":{"@id":"https:\/\/www.visit-ulcinj.com\/blog\/#website"},"primaryImageOfPage":{"@id":"https:\/\/www.visit-ulcinj.com\/blog\/2016\/05\/11\/cungu-takohet-kreret-e-bashkesise-islame-te-ulqinit\/#primaryimage"},"datePublished":"2016-05-11T17:16:42+00:00","dateModified":"2016-05-11T17:16:42+00:00","author":{"@id":"https:\/\/www.visit-ulcinj.com\/blog\/#\/schema\/person\/dcab619c614d3038751c63bc2aadc06d"},"description":"Krer\u00ebt e Bashk\u00ebsis\u00eb Islame t\u00eb Ulqinit takohen me kryetarin e komun\u00ebs Kryetari i Bashk\u00ebsis\u00eb Islame Ulqin Gazmend Dollaku, kryeimami Ali Bardhi dhe","breadcrumb":{"@id":"https:\/\/www.visit-ulcinj.com\/blog\/2016\/05\/11\/cungu-takohet-kreret-e-bashkesise-islame-te-ulqinit\/#breadcrumb"},"inLanguage":"en-US","potentialAction":[{"@type":"ReadAction","target":["https:\/\/www.visit-ulcinj.com\/blog\/2016\/05\/11\/cungu-takohet-kreret-e-bashkesise-islame-te-ulqinit\/"]}]},{"@type":"BreadcrumbList","@id":"https:\/\/www.visit-ulcinj.com\/blog\/2016\/05\/11\/cungu-takohet-kreret-e-bashkesise-islame-te-ulqinit\/#breadcrumb","itemListElement":[{"@type":"ListItem","position":1,"name":"Cungu takohet me krer\u00ebt e Bashk\u00ebsis\u00eb Islame t\u00eb Ulqinit"}]},{"@type":"Person","@id":"https:\/\/www.visit-ulcinj.com\/blog\/#\/schema\/person\/dcab619c614d3038751c63bc2aadc06d","name":"ulqini","sameAs":["http:\/\/www.visit-ulcinj.com"],"url":"https:\/\/www.visit-ulcinj.com\/blog\/author\/admin\/"}]}},"jetpack_featured_media_url":"","jetpack_sharing_enabled":true,"jetpack_shortlink":"https:\/\/wp.me\/pe6lTn-paD","_links":{"self":[{"href":"https:\/\/www.visit-ulcinj.com\/blog\/wp-json\/wp\/v2\/posts\/96759"}],"collection":[{"href":"https:\/\/www.visit-ulcinj.com\/blog\/wp-json\/wp\/v2\/posts"}],"about":[{"href":"https:\/\/www.visit-ulcinj.com\/blog\/wp-json\/wp\/v2\/types\/post"}],"author":[{"embeddable":true,"href":"https:\/\/www.visit-ulcinj.com\/blog\/wp-json\/wp\/v2\/users\/1"}],"replies":[{"embeddable":true,"href":"https:\/\/www.visit-ulcinj.com\/blog\/wp-json\/wp\/v2\/comments?post=96759"}],"version-history":[{"count":1,"href":"https:\/\/www.visit-ulcinj.com\/blog\/wp-json\/wp\/v2\/posts\/96759\/revisions"}],"predecessor-version":[{"id":96761,"href":"https:\/\/www.visit-ulcinj.com\/blog\/wp-json\/wp\/v2\/posts\/96759\/revisions\/96761"}],"wp:attachment":[{"href":"https:\/\/www.visit-ulcinj.com\/blog\/wp-json\/wp\/v2\/media?parent=96759"}],"wp:term":[{"taxonomy":"category","embeddable":true,"href":"https:\/\/www.visit-ulcinj.com\/blog\/wp-json\/wp\/v2\/categories?post=96759"},{"taxonomy":"post_tag","embeddable":true,"href":"https:\/\/www.visit-ulcinj.com\/blog\/wp-json\/wp\/v2\/tags?post=96759"}],"curies":[{"name":"wp","href":"https:\/\/api.w.org\/{rel}","templated":true}]}}