{"id":96771,"date":"2016-05-12T17:00:58","date_gmt":"2016-05-12T16:00:58","guid":{"rendered":"http:\/\/www.visit-ulcinj.com\/blog\/?p=96771"},"modified":"2016-05-19T11:21:06","modified_gmt":"2016-05-19T10:21:06","slug":"ambasadorja-e-shba-viziton-ulqinin","status":"publish","type":"post","link":"https:\/\/www.visit-ulcinj.com\/blog\/2016\/05\/12\/ambasadorja-e-shba-viziton-ulqinin\/","title":{"rendered":"Ambasadorja e SHBA viziton Ulqinin &#8211; Video"},"content":{"rendered":"<p><a href=\"http:\/\/www.visit-ulcinj.com\/blog\/wp-content\/uploads\/2016\/05\/Ambasadorja-e-SHBA-viziton-Ulqinin-2.jpg\"><img loading=\"lazy\" class=\"alignleft wp-image-96772\" src=\"http:\/\/www.visit-ulcinj.com\/blog\/wp-content\/uploads\/2016\/05\/Ambasadorja-e-SHBA-viziton-Ulqinin-2.jpg\" alt=\"Ambasadorja e SHBA viziton Ulqinin-2\" width=\"508\" height=\"337\" srcset=\"https:\/\/www.visit-ulcinj.com\/blog\/wp-content\/uploads\/2016\/05\/Ambasadorja-e-SHBA-viziton-Ulqinin-2.jpg 750w, https:\/\/www.visit-ulcinj.com\/blog\/wp-content\/uploads\/2016\/05\/Ambasadorja-e-SHBA-viziton-Ulqinin-2-300x199.jpg 300w\" sizes=\"(max-width: 508px) 100vw, 508px\" \/><\/a>N\u00eb Ulqin q\u00ebndroi p\u00ebr vizit\u00eb ambasadorja e SHBA-s\u00eb n\u00eb Podgoric\u00eb Margaret Ujehara.<\/p>\n<p>Takimi i par\u00eb ishte planifikuar me kreun e qytetit Nazif Cungu dhe\u00a0 bashk\u00ebpun\u00ebtor\u00ebt e tij.<\/p>\n<p>Kryetari Cungu duke i uruar mir\u00ebseardhje i b\u00ebri nj\u00eb panoram\u00eb t\u00eb qytetit n\u00eb shum\u00eb k\u00ebnd\u00ebv\u00ebshtrime, duke u ndalur ve\u00e7mas n\u00eb fush\u00ebn e turizmit si nj\u00eb prej\u00a0 sektor\u00ebve kryesor\u00eb. Ai foli p\u00ebr investimet e pritshme dhe zhvillimin e q\u00ebndrueshem t\u00eb qytetit dhe shprehu interesimin edhe p\u00ebr p\u00ebr investitor\u00ebt amerikan k\u00ebt\u00eb kur kemi parasyshe q\u00eb n\u00eb SHBA jeton nj\u00eb komunitet i madh i\u00a0 njer\u00ebzve tan\u00eb.<\/p>\n<p><a href=\"http:\/\/www.visit-ulcinj.com\/blog\/wp-content\/uploads\/2016\/05\/Ambasadorja-e-SHBA-viziton-Ulqinin-.jpg\"><img loading=\"lazy\" class=\"alignleft wp-image-96773\" src=\"http:\/\/www.visit-ulcinj.com\/blog\/wp-content\/uploads\/2016\/05\/Ambasadorja-e-SHBA-viziton-Ulqinin-.jpg\" alt=\"Ambasadorja e SHBA viziton Ulqinin-\" width=\"508\" height=\"337\" srcset=\"https:\/\/www.visit-ulcinj.com\/blog\/wp-content\/uploads\/2016\/05\/Ambasadorja-e-SHBA-viziton-Ulqinin-.jpg 750w, https:\/\/www.visit-ulcinj.com\/blog\/wp-content\/uploads\/2016\/05\/Ambasadorja-e-SHBA-viziton-Ulqinin--300x199.jpg 300w\" sizes=\"(max-width: 508px) 100vw, 508px\" \/><\/a><\/p>\n<p>Nga ana tjet\u00ebr ambasadorja\u00a0 Ujehara duke falenderuar p\u00ebr pritjen , ve\u00e7oi\u00a0 bukurit\u00eb e Ulqinit, u ndal tek kriporja, foli p\u00ebr mund\u00ebsit\u00eb e bashk\u00ebpunimit\u00a0 dhe t\u00eb investimeve nga diaspora, premtoi angazhim t\u00eb ambasad\u00ebs n\u00eb k\u00ebt\u00eb drejtim, por dhe duke b\u00ebr\u00eb thirje p\u00ebr leht\u00ebsimin e procedurave p\u00ebr investitor\u00ebt e mund\u00ebsh\u00ebm.<\/p>\n<p>Pas nj\u00eb takimi tep\u00ebr miq\u00ebsor\u00eb dhe t\u00eb hapur u ra dakort q\u00eb komuna e Ulqinit\u00a0 t\u00eb aplikoj\u00eb me nj\u00eb projekt pran\u00eb ambasad\u00ebs q\u00eb ajo t\u00eb mb\u00ebshtes\u00eb vazhdimin e projektit t\u00eb kompjuterizimit t\u00eb sh\u00ebrbimeve n\u00eb komun\u00ebn ton\u00eb, n\u00ebp\u00ebrmes\u00a0 granteve p\u00ebr rritjen e transparenc\u00ebs q\u00eb ambasada i ka n\u00eb dispozicion.<\/p>\n<p><a href=\"http:\/\/www.visit-ulcinj.com\/blog\/wp-content\/uploads\/2016\/05\/Ambasadorja-e-SHBA-viziton-Ulqinin-1.jpg\"><img loading=\"lazy\" class=\"alignleft wp-image-96774\" src=\"http:\/\/www.visit-ulcinj.com\/blog\/wp-content\/uploads\/2016\/05\/Ambasadorja-e-SHBA-viziton-Ulqinin-1.jpg\" alt=\"Ambasadorja e SHBA viziton Ulqinin-1\" width=\"508\" height=\"337\" srcset=\"https:\/\/www.visit-ulcinj.com\/blog\/wp-content\/uploads\/2016\/05\/Ambasadorja-e-SHBA-viziton-Ulqinin-1.jpg 750w, https:\/\/www.visit-ulcinj.com\/blog\/wp-content\/uploads\/2016\/05\/Ambasadorja-e-SHBA-viziton-Ulqinin-1-300x199.jpg 300w\" sizes=\"(max-width: 508px) 100vw, 508px\" \/><\/a><\/p>\n<p>M\u00eb pas ambasadorja e shoq\u00ebruar nga Kryetari u takuan\u00a0 n\u00eb bibliotek\u00ebn e qytetit me p\u00ebrfaq\u00ebsuesit e projektit \u2018\u2019Partneriteti lokal kund\u00ebr abuzimit me droga dhe delikuences s\u00eb t\u00eb miturve\u2019\u2019 realizuar nga OJQ \u2018\u2019Horizonti i Ri\u2019\u2019 projekt mb\u00ebshtetur nga Ambasada e SHBA\u2013s\u00eb.<\/p>\n<p>Vijuesve iu ndan\u00eb mir\u00ebnjohje dhe diploma.<\/p>\n<p><iframe loading=\"lazy\" frameborder=\"0\" width=\"508\" height=\"315\" src=\"\/\/www.dailymotion.com\/embed\/video\/x4an8cz?autoPlay=1\" allowfullscreen><\/iframe><\/p>\n","protected":false},"excerpt":{"rendered":"<p>N\u00eb Ulqin q\u00ebndroi p\u00ebr vizit\u00eb ambasadorja e SHBA-s\u00eb n\u00eb Podgoric\u00eb Margaret Ujehara. Takimi i par\u00eb ishte planifikuar me kreun e qytetit Nazif Cungu dhe\u00a0 bashk\u00ebpun\u00ebtor\u00ebt e tij. Kryetari Cungu duke i uruar mir\u00ebseardhje i b\u00ebri nj\u00eb panoram\u00eb t\u00eb qytetit n\u00eb shum\u00eb k\u00ebnd\u00ebv\u00ebshtrime, duke u ndalur ve\u00e7mas n\u00eb fush\u00ebn e turizmit si nj\u00eb prej\u00a0 sektor\u00ebve kryesor\u00eb. [&hellip;]<\/p>\n","protected":false},"author":1,"featured_media":0,"comment_status":"closed","ping_status":"closed","sticky":false,"template":"","format":"standard","meta":{"spay_email":"","jetpack_publicize_message":"","jetpack_is_tweetstorm":false,"jetpack_publicize_feature_enabled":true},"categories":[1],"tags":[],"jetpack_publicize_connections":[],"yoast_head":"<!-- This site is optimized with the Yoast SEO plugin v19.1 - https:\/\/yoast.com\/wordpress\/plugins\/seo\/ -->\n<title>Ambasadorja e SHBA viziton Ulqinin - Video - Lajme nga Ulqini<\/title>\n<meta name=\"description\" content=\"N\u00eb Ulqin q\u00ebndroi p\u00ebr vizit\u00eb ambasadorja e SHBA-s\u00eb n\u00eb Podgoric\u00eb Margaret Ujehara. Takimi i par\u00eb ishte planifikuar me kreun e qytetit Nazif Cungu dhe\u00a0\" \/>\n<meta name=\"robots\" content=\"index, follow, max-snippet:-1, max-image-preview:large, max-video-preview:-1\" \/>\n<link rel=\"canonical\" href=\"https:\/\/www.visit-ulcinj.com\/blog\/2016\/05\/12\/ambasadorja-e-shba-viziton-ulqinin\/\" \/>\n<meta property=\"og:locale\" content=\"en_US\" \/>\n<meta property=\"og:type\" content=\"article\" \/>\n<meta property=\"og:title\" content=\"Ambasadorja e SHBA viziton Ulqinin - Video - Lajme nga Ulqini\" \/>\n<meta property=\"og:description\" content=\"N\u00eb Ulqin q\u00ebndroi p\u00ebr vizit\u00eb ambasadorja e SHBA-s\u00eb n\u00eb Podgoric\u00eb Margaret Ujehara. Takimi i par\u00eb ishte planifikuar me kreun e qytetit Nazif Cungu dhe\u00a0\" \/>\n<meta property=\"og:url\" content=\"https:\/\/www.visit-ulcinj.com\/blog\/2016\/05\/12\/ambasadorja-e-shba-viziton-ulqinin\/\" \/>\n<meta property=\"og:site_name\" content=\"Lajme nga Ulqini\" \/>\n<meta property=\"article:published_time\" content=\"2016-05-12T16:00:58+00:00\" \/>\n<meta property=\"article:modified_time\" content=\"2016-05-19T10:21:06+00:00\" \/>\n<meta property=\"og:image\" content=\"http:\/\/www.visit-ulcinj.com\/blog\/wp-content\/uploads\/2016\/05\/Ambasadorja-e-SHBA-viziton-Ulqinin-2.jpg\" \/>\n<meta name=\"twitter:label1\" content=\"Written by\" \/>\n\t<meta name=\"twitter:data1\" content=\"ulqini\" \/>\n\t<meta name=\"twitter:label2\" content=\"Est. reading time\" \/>\n\t<meta name=\"twitter:data2\" content=\"1 minute\" \/>\n<script type=\"application\/ld+json\" class=\"yoast-schema-graph\">{\"@context\":\"https:\/\/schema.org\",\"@graph\":[{\"@type\":\"WebSite\",\"@id\":\"https:\/\/www.visit-ulcinj.com\/blog\/#website\",\"url\":\"https:\/\/www.visit-ulcinj.com\/blog\/\",\"name\":\"Lajme nga Ulqini\",\"description\":\"Lajme,Vijesti,Ulqini,Ulqin,Crna Gora,Mali i Zi\",\"potentialAction\":[{\"@type\":\"SearchAction\",\"target\":{\"@type\":\"EntryPoint\",\"urlTemplate\":\"https:\/\/www.visit-ulcinj.com\/blog\/?s={search_term_string}\"},\"query-input\":\"required name=search_term_string\"}],\"inLanguage\":\"en-US\"},{\"@type\":\"ImageObject\",\"inLanguage\":\"en-US\",\"@id\":\"https:\/\/www.visit-ulcinj.com\/blog\/2016\/05\/12\/ambasadorja-e-shba-viziton-ulqinin\/#primaryimage\",\"url\":\"https:\/\/www.visit-ulcinj.com\/blog\/wp-content\/uploads\/2016\/05\/Ambasadorja-e-SHBA-viziton-Ulqinin-2.jpg\",\"contentUrl\":\"https:\/\/www.visit-ulcinj.com\/blog\/wp-content\/uploads\/2016\/05\/Ambasadorja-e-SHBA-viziton-Ulqinin-2.jpg\",\"width\":750,\"height\":497},{\"@type\":\"WebPage\",\"@id\":\"https:\/\/www.visit-ulcinj.com\/blog\/2016\/05\/12\/ambasadorja-e-shba-viziton-ulqinin\/#webpage\",\"url\":\"https:\/\/www.visit-ulcinj.com\/blog\/2016\/05\/12\/ambasadorja-e-shba-viziton-ulqinin\/\",\"name\":\"Ambasadorja e SHBA viziton Ulqinin - Video - Lajme nga Ulqini\",\"isPartOf\":{\"@id\":\"https:\/\/www.visit-ulcinj.com\/blog\/#website\"},\"primaryImageOfPage\":{\"@id\":\"https:\/\/www.visit-ulcinj.com\/blog\/2016\/05\/12\/ambasadorja-e-shba-viziton-ulqinin\/#primaryimage\"},\"datePublished\":\"2016-05-12T16:00:58+00:00\",\"dateModified\":\"2016-05-19T10:21:06+00:00\",\"author\":{\"@id\":\"https:\/\/www.visit-ulcinj.com\/blog\/#\/schema\/person\/dcab619c614d3038751c63bc2aadc06d\"},\"description\":\"N\u00eb Ulqin q\u00ebndroi p\u00ebr vizit\u00eb ambasadorja e SHBA-s\u00eb n\u00eb Podgoric\u00eb Margaret Ujehara. Takimi i par\u00eb ishte planifikuar me kreun e qytetit Nazif Cungu dhe\u00a0\",\"breadcrumb\":{\"@id\":\"https:\/\/www.visit-ulcinj.com\/blog\/2016\/05\/12\/ambasadorja-e-shba-viziton-ulqinin\/#breadcrumb\"},\"inLanguage\":\"en-US\",\"potentialAction\":[{\"@type\":\"ReadAction\",\"target\":[\"https:\/\/www.visit-ulcinj.com\/blog\/2016\/05\/12\/ambasadorja-e-shba-viziton-ulqinin\/\"]}]},{\"@type\":\"BreadcrumbList\",\"@id\":\"https:\/\/www.visit-ulcinj.com\/blog\/2016\/05\/12\/ambasadorja-e-shba-viziton-ulqinin\/#breadcrumb\",\"itemListElement\":[{\"@type\":\"ListItem\",\"position\":1,\"name\":\"Ambasadorja e SHBA viziton Ulqinin &#8211; Video\"}]},{\"@type\":\"Person\",\"@id\":\"https:\/\/www.visit-ulcinj.com\/blog\/#\/schema\/person\/dcab619c614d3038751c63bc2aadc06d\",\"name\":\"ulqini\",\"sameAs\":[\"http:\/\/www.visit-ulcinj.com\"],\"url\":\"https:\/\/www.visit-ulcinj.com\/blog\/author\/admin\/\"}]}<\/script>\n<!-- \/ Yoast SEO plugin. -->","yoast_head_json":{"title":"Ambasadorja e SHBA viziton Ulqinin - Video - Lajme nga Ulqini","description":"N\u00eb Ulqin q\u00ebndroi p\u00ebr vizit\u00eb ambasadorja e SHBA-s\u00eb n\u00eb Podgoric\u00eb Margaret Ujehara. Takimi i par\u00eb ishte planifikuar me kreun e qytetit Nazif Cungu dhe\u00a0","robots":{"index":"index","follow":"follow","max-snippet":"max-snippet:-1","max-image-preview":"max-image-preview:large","max-video-preview":"max-video-preview:-1"},"canonical":"https:\/\/www.visit-ulcinj.com\/blog\/2016\/05\/12\/ambasadorja-e-shba-viziton-ulqinin\/","og_locale":"en_US","og_type":"article","og_title":"Ambasadorja e SHBA viziton Ulqinin - Video - Lajme nga Ulqini","og_description":"N\u00eb Ulqin q\u00ebndroi p\u00ebr vizit\u00eb ambasadorja e SHBA-s\u00eb n\u00eb Podgoric\u00eb Margaret Ujehara. Takimi i par\u00eb ishte planifikuar me kreun e qytetit Nazif Cungu dhe\u00a0","og_url":"https:\/\/www.visit-ulcinj.com\/blog\/2016\/05\/12\/ambasadorja-e-shba-viziton-ulqinin\/","og_site_name":"Lajme nga Ulqini","article_published_time":"2016-05-12T16:00:58+00:00","article_modified_time":"2016-05-19T10:21:06+00:00","og_image":[{"url":"http:\/\/www.visit-ulcinj.com\/blog\/wp-content\/uploads\/2016\/05\/Ambasadorja-e-SHBA-viziton-Ulqinin-2.jpg"}],"twitter_misc":{"Written by":"ulqini","Est. reading time":"1 minute"},"schema":{"@context":"https:\/\/schema.org","@graph":[{"@type":"WebSite","@id":"https:\/\/www.visit-ulcinj.com\/blog\/#website","url":"https:\/\/www.visit-ulcinj.com\/blog\/","name":"Lajme nga Ulqini","description":"Lajme,Vijesti,Ulqini,Ulqin,Crna Gora,Mali i Zi","potentialAction":[{"@type":"SearchAction","target":{"@type":"EntryPoint","urlTemplate":"https:\/\/www.visit-ulcinj.com\/blog\/?s={search_term_string}"},"query-input":"required name=search_term_string"}],"inLanguage":"en-US"},{"@type":"ImageObject","inLanguage":"en-US","@id":"https:\/\/www.visit-ulcinj.com\/blog\/2016\/05\/12\/ambasadorja-e-shba-viziton-ulqinin\/#primaryimage","url":"https:\/\/www.visit-ulcinj.com\/blog\/wp-content\/uploads\/2016\/05\/Ambasadorja-e-SHBA-viziton-Ulqinin-2.jpg","contentUrl":"https:\/\/www.visit-ulcinj.com\/blog\/wp-content\/uploads\/2016\/05\/Ambasadorja-e-SHBA-viziton-Ulqinin-2.jpg","width":750,"height":497},{"@type":"WebPage","@id":"https:\/\/www.visit-ulcinj.com\/blog\/2016\/05\/12\/ambasadorja-e-shba-viziton-ulqinin\/#webpage","url":"https:\/\/www.visit-ulcinj.com\/blog\/2016\/05\/12\/ambasadorja-e-shba-viziton-ulqinin\/","name":"Ambasadorja e SHBA viziton Ulqinin - Video - Lajme nga Ulqini","isPartOf":{"@id":"https:\/\/www.visit-ulcinj.com\/blog\/#website"},"primaryImageOfPage":{"@id":"https:\/\/www.visit-ulcinj.com\/blog\/2016\/05\/12\/ambasadorja-e-shba-viziton-ulqinin\/#primaryimage"},"datePublished":"2016-05-12T16:00:58+00:00","dateModified":"2016-05-19T10:21:06+00:00","author":{"@id":"https:\/\/www.visit-ulcinj.com\/blog\/#\/schema\/person\/dcab619c614d3038751c63bc2aadc06d"},"description":"N\u00eb Ulqin q\u00ebndroi p\u00ebr vizit\u00eb ambasadorja e SHBA-s\u00eb n\u00eb Podgoric\u00eb Margaret Ujehara. Takimi i par\u00eb ishte planifikuar me kreun e qytetit Nazif Cungu dhe\u00a0","breadcrumb":{"@id":"https:\/\/www.visit-ulcinj.com\/blog\/2016\/05\/12\/ambasadorja-e-shba-viziton-ulqinin\/#breadcrumb"},"inLanguage":"en-US","potentialAction":[{"@type":"ReadAction","target":["https:\/\/www.visit-ulcinj.com\/blog\/2016\/05\/12\/ambasadorja-e-shba-viziton-ulqinin\/"]}]},{"@type":"BreadcrumbList","@id":"https:\/\/www.visit-ulcinj.com\/blog\/2016\/05\/12\/ambasadorja-e-shba-viziton-ulqinin\/#breadcrumb","itemListElement":[{"@type":"ListItem","position":1,"name":"Ambasadorja e SHBA viziton Ulqinin &#8211; Video"}]},{"@type":"Person","@id":"https:\/\/www.visit-ulcinj.com\/blog\/#\/schema\/person\/dcab619c614d3038751c63bc2aadc06d","name":"ulqini","sameAs":["http:\/\/www.visit-ulcinj.com"],"url":"https:\/\/www.visit-ulcinj.com\/blog\/author\/admin\/"}]}},"jetpack_featured_media_url":"","jetpack_sharing_enabled":true,"jetpack_shortlink":"https:\/\/wp.me\/pe6lTn-paP","_links":{"self":[{"href":"https:\/\/www.visit-ulcinj.com\/blog\/wp-json\/wp\/v2\/posts\/96771"}],"collection":[{"href":"https:\/\/www.visit-ulcinj.com\/blog\/wp-json\/wp\/v2\/posts"}],"about":[{"href":"https:\/\/www.visit-ulcinj.com\/blog\/wp-json\/wp\/v2\/types\/post"}],"author":[{"embeddable":true,"href":"https:\/\/www.visit-ulcinj.com\/blog\/wp-json\/wp\/v2\/users\/1"}],"replies":[{"embeddable":true,"href":"https:\/\/www.visit-ulcinj.com\/blog\/wp-json\/wp\/v2\/comments?post=96771"}],"version-history":[{"count":2,"href":"https:\/\/www.visit-ulcinj.com\/blog\/wp-json\/wp\/v2\/posts\/96771\/revisions"}],"predecessor-version":[{"id":96958,"href":"https:\/\/www.visit-ulcinj.com\/blog\/wp-json\/wp\/v2\/posts\/96771\/revisions\/96958"}],"wp:attachment":[{"href":"https:\/\/www.visit-ulcinj.com\/blog\/wp-json\/wp\/v2\/media?parent=96771"}],"wp:term":[{"taxonomy":"category","embeddable":true,"href":"https:\/\/www.visit-ulcinj.com\/blog\/wp-json\/wp\/v2\/categories?post=96771"},{"taxonomy":"post_tag","embeddable":true,"href":"https:\/\/www.visit-ulcinj.com\/blog\/wp-json\/wp\/v2\/tags?post=96771"}],"curies":[{"name":"wp","href":"https:\/\/api.w.org\/{rel}","templated":true}]}}