{"id":96791,"date":"2016-05-13T18:05:53","date_gmt":"2016-05-13T17:05:53","guid":{"rendered":"http:\/\/www.visit-ulcinj.com\/blog\/?p=96791"},"modified":"2016-05-13T18:05:53","modified_gmt":"2016-05-13T17:05:53","slug":"nje-grup-nxenesish-viziton-komunen-e-ulqinit","status":"publish","type":"post","link":"https:\/\/www.visit-ulcinj.com\/blog\/2016\/05\/13\/nje-grup-nxenesish-viziton-komunen-e-ulqinit\/","title":{"rendered":"Nj\u00eb grup nx\u00ebn\u00ebsish viziton komunen e Ulqinit"},"content":{"rendered":"<p><a href=\"http:\/\/www.visit-ulcinj.com\/blog\/wp-content\/uploads\/2016\/05\/Grup-nxensi-ne-komunen-e-ulqinit.jpg\"><img loading=\"lazy\" class=\"alignleft wp-image-96792\" src=\"http:\/\/www.visit-ulcinj.com\/blog\/wp-content\/uploads\/2016\/05\/Grup-nxensi-ne-komunen-e-ulqinit.jpg\" alt=\"Grup-nxensi-ne-komunen e ulqinit\" width=\"508\" height=\"337\" srcset=\"https:\/\/www.visit-ulcinj.com\/blog\/wp-content\/uploads\/2016\/05\/Grup-nxensi-ne-komunen-e-ulqinit.jpg 750w, https:\/\/www.visit-ulcinj.com\/blog\/wp-content\/uploads\/2016\/05\/Grup-nxensi-ne-komunen-e-ulqinit-300x199.jpg 300w\" sizes=\"(max-width: 508px) 100vw, 508px\" \/><\/a>Nj\u00eb grup nx\u00ebn\u00ebsish\u00a0 dhe m\u00ebsimdh\u00ebn\u00ebsish\u00a0 nga shkolla e mesme e qytetit ton\u00eb\u00a0 para nisjes disa dit\u00ebshe n\u00eb disa qytete t\u00eb Shqip\u00ebris\u00eb u takuan me kryetarin\u00a0 e Komun\u00ebs Nazif Cungu.<\/p>\n<p>N\u00eb fakt b\u00ebhet fjal\u00eb p\u00ebr nj\u00eb udh\u00ebtim t\u00eb nx\u00ebn\u00ebsve shqiptar\u00eb nga Ulqini, Tuzi, Plava, Gucinja dhe Rozhaja t\u00eb ftuar nga Institucioni i Presidenc\u00ebs s\u00eb Shqip\u00ebris\u00eb, respektivisht presidenti Bujar Nishani. Ky udh\u00ebtim ka p\u00ebr q\u00ebllim q\u00eb nx\u00ebn\u00ebsit e viteve t\u00eb treta t\u00eb njihen m\u00eb p\u00ebr s\u00ebafrmi me disa nga qytetet e njohura shqiptare.<\/p>\n<p>Stacioni i par\u00eb do t\u00eb jet\u00eb qyteti i Shkodr\u00ebs ku do t\u00eb vizitohet kalaja e Rozafatit, do t\u00eb vazhdohet me qytetin dymij\u00eb e pesqindvje\u00e7ar\u00eb t\u00eb Durr\u00ebsit, p\u00ebr t\u00eb vazhduar m\u00eb pas me Beratin , qytetin e nj\u00eb mij\u00eb dritareve.<\/p>\n<p>Takimi me Kreun e shtetit shqiptar Bujar Nishani \u00ebsht\u00eb parapar\u00eb n\u00eb Presidenc\u00eb n\u00eb Tiran\u00eb e udh\u00ebtimi n\u00eb viset shqiptare p\u00ebrfundon me vizit\u00ebn n\u00eb Muzeun e Kruj\u00ebs.<\/p>\n<p>Kryetari Cungu duke i p\u00ebrsh\u00ebndetur p\u00ebrzem\u00ebrsisht i uroi udh\u00eb t\u00eb mbar\u00eb i bindur q\u00eb ata do t\u00eb d\u00ebshmojn\u00eb kultur\u00eb dhe sjellje sh\u00ebmbullore. M\u00ebsimdh\u00ebn\u00ebsit prof. Rrok Lulgjurat dhe prof. Kadri Sinani shpreh\u00ebn\u00a0\u00a0 falenderime p\u00ebr pritjen e organizuar.<\/p>\n<p>&nbsp;<\/p>\n","protected":false},"excerpt":{"rendered":"<p>Nj\u00eb grup nx\u00ebn\u00ebsish\u00a0 dhe m\u00ebsimdh\u00ebn\u00ebsish\u00a0 nga shkolla e mesme e qytetit ton\u00eb\u00a0 para nisjes disa dit\u00ebshe n\u00eb disa qytete t\u00eb Shqip\u00ebris\u00eb u takuan me kryetarin\u00a0 e Komun\u00ebs Nazif Cungu. N\u00eb fakt b\u00ebhet fjal\u00eb p\u00ebr nj\u00eb udh\u00ebtim t\u00eb nx\u00ebn\u00ebsve shqiptar\u00eb nga Ulqini, Tuzi, Plava, Gucinja dhe Rozhaja t\u00eb ftuar nga Institucioni i Presidenc\u00ebs s\u00eb Shqip\u00ebris\u00eb, respektivisht [&hellip;]<\/p>\n","protected":false},"author":1,"featured_media":0,"comment_status":"closed","ping_status":"closed","sticky":false,"template":"","format":"standard","meta":{"spay_email":"","jetpack_publicize_message":"","jetpack_is_tweetstorm":false,"jetpack_publicize_feature_enabled":true},"categories":[6950],"tags":[],"jetpack_publicize_connections":[],"yoast_head":"<!-- This site is optimized with the Yoast SEO plugin v19.1 - https:\/\/yoast.com\/wordpress\/plugins\/seo\/ -->\n<title>Nj\u00eb grup nx\u00ebn\u00ebsish viziton komunen e Ulqinit - Lajme nga Ulqini<\/title>\n<meta name=\"description\" content=\"Nj\u00eb grup nx\u00ebn\u00ebsish\u00a0 dhe m\u00ebsimdh\u00ebn\u00ebsish\u00a0 nga shkolla e mesme e qytetit ton\u00eb\u00a0 para nisjes disa dit\u00ebshe n\u00eb disa qytete t\u00eb Shqip\u00ebris\u00eb u takuan me kryetarin\u00a0 e\" \/>\n<meta name=\"robots\" content=\"index, follow, max-snippet:-1, max-image-preview:large, max-video-preview:-1\" \/>\n<link rel=\"canonical\" href=\"https:\/\/www.visit-ulcinj.com\/blog\/2016\/05\/13\/nje-grup-nxenesish-viziton-komunen-e-ulqinit\/\" \/>\n<meta property=\"og:locale\" content=\"en_US\" \/>\n<meta property=\"og:type\" content=\"article\" \/>\n<meta property=\"og:title\" content=\"Nj\u00eb grup nx\u00ebn\u00ebsish viziton komunen e Ulqinit - Lajme nga Ulqini\" \/>\n<meta property=\"og:description\" content=\"Nj\u00eb grup nx\u00ebn\u00ebsish\u00a0 dhe m\u00ebsimdh\u00ebn\u00ebsish\u00a0 nga shkolla e mesme e qytetit ton\u00eb\u00a0 para nisjes disa dit\u00ebshe n\u00eb disa qytete t\u00eb Shqip\u00ebris\u00eb u takuan me kryetarin\u00a0 e\" \/>\n<meta property=\"og:url\" content=\"https:\/\/www.visit-ulcinj.com\/blog\/2016\/05\/13\/nje-grup-nxenesish-viziton-komunen-e-ulqinit\/\" \/>\n<meta property=\"og:site_name\" content=\"Lajme nga Ulqini\" \/>\n<meta property=\"article:published_time\" content=\"2016-05-13T17:05:53+00:00\" \/>\n<meta property=\"og:image\" content=\"http:\/\/www.visit-ulcinj.com\/blog\/wp-content\/uploads\/2016\/05\/Grup-nxensi-ne-komunen-e-ulqinit.jpg\" \/>\n<meta name=\"twitter:label1\" content=\"Written by\" \/>\n\t<meta name=\"twitter:data1\" content=\"ulqini\" \/>\n\t<meta name=\"twitter:label2\" content=\"Est. reading time\" \/>\n\t<meta name=\"twitter:data2\" content=\"1 minute\" \/>\n<script type=\"application\/ld+json\" class=\"yoast-schema-graph\">{\"@context\":\"https:\/\/schema.org\",\"@graph\":[{\"@type\":\"WebSite\",\"@id\":\"https:\/\/www.visit-ulcinj.com\/blog\/#website\",\"url\":\"https:\/\/www.visit-ulcinj.com\/blog\/\",\"name\":\"Lajme nga Ulqini\",\"description\":\"Lajme,Vijesti,Ulqini,Ulqin,Crna Gora,Mali i Zi\",\"potentialAction\":[{\"@type\":\"SearchAction\",\"target\":{\"@type\":\"EntryPoint\",\"urlTemplate\":\"https:\/\/www.visit-ulcinj.com\/blog\/?s={search_term_string}\"},\"query-input\":\"required name=search_term_string\"}],\"inLanguage\":\"en-US\"},{\"@type\":\"ImageObject\",\"inLanguage\":\"en-US\",\"@id\":\"https:\/\/www.visit-ulcinj.com\/blog\/2016\/05\/13\/nje-grup-nxenesish-viziton-komunen-e-ulqinit\/#primaryimage\",\"url\":\"https:\/\/www.visit-ulcinj.com\/blog\/wp-content\/uploads\/2016\/05\/Grup-nxensi-ne-komunen-e-ulqinit.jpg\",\"contentUrl\":\"https:\/\/www.visit-ulcinj.com\/blog\/wp-content\/uploads\/2016\/05\/Grup-nxensi-ne-komunen-e-ulqinit.jpg\",\"width\":750,\"height\":497},{\"@type\":\"WebPage\",\"@id\":\"https:\/\/www.visit-ulcinj.com\/blog\/2016\/05\/13\/nje-grup-nxenesish-viziton-komunen-e-ulqinit\/#webpage\",\"url\":\"https:\/\/www.visit-ulcinj.com\/blog\/2016\/05\/13\/nje-grup-nxenesish-viziton-komunen-e-ulqinit\/\",\"name\":\"Nj\u00eb grup nx\u00ebn\u00ebsish viziton komunen e Ulqinit - Lajme nga Ulqini\",\"isPartOf\":{\"@id\":\"https:\/\/www.visit-ulcinj.com\/blog\/#website\"},\"primaryImageOfPage\":{\"@id\":\"https:\/\/www.visit-ulcinj.com\/blog\/2016\/05\/13\/nje-grup-nxenesish-viziton-komunen-e-ulqinit\/#primaryimage\"},\"datePublished\":\"2016-05-13T17:05:53+00:00\",\"dateModified\":\"2016-05-13T17:05:53+00:00\",\"author\":{\"@id\":\"https:\/\/www.visit-ulcinj.com\/blog\/#\/schema\/person\/dcab619c614d3038751c63bc2aadc06d\"},\"description\":\"Nj\u00eb grup nx\u00ebn\u00ebsish\u00a0 dhe m\u00ebsimdh\u00ebn\u00ebsish\u00a0 nga shkolla e mesme e qytetit ton\u00eb\u00a0 para nisjes disa dit\u00ebshe n\u00eb disa qytete t\u00eb Shqip\u00ebris\u00eb u takuan me kryetarin\u00a0 e\",\"breadcrumb\":{\"@id\":\"https:\/\/www.visit-ulcinj.com\/blog\/2016\/05\/13\/nje-grup-nxenesish-viziton-komunen-e-ulqinit\/#breadcrumb\"},\"inLanguage\":\"en-US\",\"potentialAction\":[{\"@type\":\"ReadAction\",\"target\":[\"https:\/\/www.visit-ulcinj.com\/blog\/2016\/05\/13\/nje-grup-nxenesish-viziton-komunen-e-ulqinit\/\"]}]},{\"@type\":\"BreadcrumbList\",\"@id\":\"https:\/\/www.visit-ulcinj.com\/blog\/2016\/05\/13\/nje-grup-nxenesish-viziton-komunen-e-ulqinit\/#breadcrumb\",\"itemListElement\":[{\"@type\":\"ListItem\",\"position\":1,\"name\":\"Nj\u00eb grup nx\u00ebn\u00ebsish viziton komunen e Ulqinit\"}]},{\"@type\":\"Person\",\"@id\":\"https:\/\/www.visit-ulcinj.com\/blog\/#\/schema\/person\/dcab619c614d3038751c63bc2aadc06d\",\"name\":\"ulqini\",\"sameAs\":[\"http:\/\/www.visit-ulcinj.com\"],\"url\":\"https:\/\/www.visit-ulcinj.com\/blog\/author\/admin\/\"}]}<\/script>\n<!-- \/ Yoast SEO plugin. -->","yoast_head_json":{"title":"Nj\u00eb grup nx\u00ebn\u00ebsish viziton komunen e Ulqinit - Lajme nga Ulqini","description":"Nj\u00eb grup nx\u00ebn\u00ebsish\u00a0 dhe m\u00ebsimdh\u00ebn\u00ebsish\u00a0 nga shkolla e mesme e qytetit ton\u00eb\u00a0 para nisjes disa dit\u00ebshe n\u00eb disa qytete t\u00eb Shqip\u00ebris\u00eb u takuan me kryetarin\u00a0 e","robots":{"index":"index","follow":"follow","max-snippet":"max-snippet:-1","max-image-preview":"max-image-preview:large","max-video-preview":"max-video-preview:-1"},"canonical":"https:\/\/www.visit-ulcinj.com\/blog\/2016\/05\/13\/nje-grup-nxenesish-viziton-komunen-e-ulqinit\/","og_locale":"en_US","og_type":"article","og_title":"Nj\u00eb grup nx\u00ebn\u00ebsish viziton komunen e Ulqinit - Lajme nga Ulqini","og_description":"Nj\u00eb grup nx\u00ebn\u00ebsish\u00a0 dhe m\u00ebsimdh\u00ebn\u00ebsish\u00a0 nga shkolla e mesme e qytetit ton\u00eb\u00a0 para nisjes disa dit\u00ebshe n\u00eb disa qytete t\u00eb Shqip\u00ebris\u00eb u takuan me kryetarin\u00a0 e","og_url":"https:\/\/www.visit-ulcinj.com\/blog\/2016\/05\/13\/nje-grup-nxenesish-viziton-komunen-e-ulqinit\/","og_site_name":"Lajme nga Ulqini","article_published_time":"2016-05-13T17:05:53+00:00","og_image":[{"url":"http:\/\/www.visit-ulcinj.com\/blog\/wp-content\/uploads\/2016\/05\/Grup-nxensi-ne-komunen-e-ulqinit.jpg"}],"twitter_misc":{"Written by":"ulqini","Est. reading time":"1 minute"},"schema":{"@context":"https:\/\/schema.org","@graph":[{"@type":"WebSite","@id":"https:\/\/www.visit-ulcinj.com\/blog\/#website","url":"https:\/\/www.visit-ulcinj.com\/blog\/","name":"Lajme nga Ulqini","description":"Lajme,Vijesti,Ulqini,Ulqin,Crna Gora,Mali i Zi","potentialAction":[{"@type":"SearchAction","target":{"@type":"EntryPoint","urlTemplate":"https:\/\/www.visit-ulcinj.com\/blog\/?s={search_term_string}"},"query-input":"required name=search_term_string"}],"inLanguage":"en-US"},{"@type":"ImageObject","inLanguage":"en-US","@id":"https:\/\/www.visit-ulcinj.com\/blog\/2016\/05\/13\/nje-grup-nxenesish-viziton-komunen-e-ulqinit\/#primaryimage","url":"https:\/\/www.visit-ulcinj.com\/blog\/wp-content\/uploads\/2016\/05\/Grup-nxensi-ne-komunen-e-ulqinit.jpg","contentUrl":"https:\/\/www.visit-ulcinj.com\/blog\/wp-content\/uploads\/2016\/05\/Grup-nxensi-ne-komunen-e-ulqinit.jpg","width":750,"height":497},{"@type":"WebPage","@id":"https:\/\/www.visit-ulcinj.com\/blog\/2016\/05\/13\/nje-grup-nxenesish-viziton-komunen-e-ulqinit\/#webpage","url":"https:\/\/www.visit-ulcinj.com\/blog\/2016\/05\/13\/nje-grup-nxenesish-viziton-komunen-e-ulqinit\/","name":"Nj\u00eb grup nx\u00ebn\u00ebsish viziton komunen e Ulqinit - Lajme nga Ulqini","isPartOf":{"@id":"https:\/\/www.visit-ulcinj.com\/blog\/#website"},"primaryImageOfPage":{"@id":"https:\/\/www.visit-ulcinj.com\/blog\/2016\/05\/13\/nje-grup-nxenesish-viziton-komunen-e-ulqinit\/#primaryimage"},"datePublished":"2016-05-13T17:05:53+00:00","dateModified":"2016-05-13T17:05:53+00:00","author":{"@id":"https:\/\/www.visit-ulcinj.com\/blog\/#\/schema\/person\/dcab619c614d3038751c63bc2aadc06d"},"description":"Nj\u00eb grup nx\u00ebn\u00ebsish\u00a0 dhe m\u00ebsimdh\u00ebn\u00ebsish\u00a0 nga shkolla e mesme e qytetit ton\u00eb\u00a0 para nisjes disa dit\u00ebshe n\u00eb disa qytete t\u00eb Shqip\u00ebris\u00eb u takuan me kryetarin\u00a0 e","breadcrumb":{"@id":"https:\/\/www.visit-ulcinj.com\/blog\/2016\/05\/13\/nje-grup-nxenesish-viziton-komunen-e-ulqinit\/#breadcrumb"},"inLanguage":"en-US","potentialAction":[{"@type":"ReadAction","target":["https:\/\/www.visit-ulcinj.com\/blog\/2016\/05\/13\/nje-grup-nxenesish-viziton-komunen-e-ulqinit\/"]}]},{"@type":"BreadcrumbList","@id":"https:\/\/www.visit-ulcinj.com\/blog\/2016\/05\/13\/nje-grup-nxenesish-viziton-komunen-e-ulqinit\/#breadcrumb","itemListElement":[{"@type":"ListItem","position":1,"name":"Nj\u00eb grup nx\u00ebn\u00ebsish viziton komunen e Ulqinit"}]},{"@type":"Person","@id":"https:\/\/www.visit-ulcinj.com\/blog\/#\/schema\/person\/dcab619c614d3038751c63bc2aadc06d","name":"ulqini","sameAs":["http:\/\/www.visit-ulcinj.com"],"url":"https:\/\/www.visit-ulcinj.com\/blog\/author\/admin\/"}]}},"jetpack_featured_media_url":"","jetpack_sharing_enabled":true,"jetpack_shortlink":"https:\/\/wp.me\/pe6lTn-pb9","_links":{"self":[{"href":"https:\/\/www.visit-ulcinj.com\/blog\/wp-json\/wp\/v2\/posts\/96791"}],"collection":[{"href":"https:\/\/www.visit-ulcinj.com\/blog\/wp-json\/wp\/v2\/posts"}],"about":[{"href":"https:\/\/www.visit-ulcinj.com\/blog\/wp-json\/wp\/v2\/types\/post"}],"author":[{"embeddable":true,"href":"https:\/\/www.visit-ulcinj.com\/blog\/wp-json\/wp\/v2\/users\/1"}],"replies":[{"embeddable":true,"href":"https:\/\/www.visit-ulcinj.com\/blog\/wp-json\/wp\/v2\/comments?post=96791"}],"version-history":[{"count":1,"href":"https:\/\/www.visit-ulcinj.com\/blog\/wp-json\/wp\/v2\/posts\/96791\/revisions"}],"predecessor-version":[{"id":96793,"href":"https:\/\/www.visit-ulcinj.com\/blog\/wp-json\/wp\/v2\/posts\/96791\/revisions\/96793"}],"wp:attachment":[{"href":"https:\/\/www.visit-ulcinj.com\/blog\/wp-json\/wp\/v2\/media?parent=96791"}],"wp:term":[{"taxonomy":"category","embeddable":true,"href":"https:\/\/www.visit-ulcinj.com\/blog\/wp-json\/wp\/v2\/categories?post=96791"},{"taxonomy":"post_tag","embeddable":true,"href":"https:\/\/www.visit-ulcinj.com\/blog\/wp-json\/wp\/v2\/tags?post=96791"}],"curies":[{"name":"wp","href":"https:\/\/api.w.org\/{rel}","templated":true}]}}