{"id":96794,"date":"2016-05-13T18:13:11","date_gmt":"2016-05-13T17:13:11","guid":{"rendered":"http:\/\/www.visit-ulcinj.com\/blog\/?p=96794"},"modified":"2016-05-13T18:13:11","modified_gmt":"2016-05-13T17:13:11","slug":"komuna-e-vendosur-te-menjanoje-problemet-per-rrjedhen-normale-te-sezones","status":"publish","type":"post","link":"https:\/\/www.visit-ulcinj.com\/blog\/2016\/05\/13\/komuna-e-vendosur-te-menjanoje-problemet-per-rrjedhen-normale-te-sezones\/","title":{"rendered":"Komuna e vendosur t\u00eb menjanoj\u00eb problemet p\u00ebr rrjedh\u00ebn normale t\u00eb sezon\u00ebs"},"content":{"rendered":"<p><a href=\"http:\/\/www.visit-ulcinj.com\/blog\/wp-content\/uploads\/2016\/05\/Komuna-Ulqinit-STAF.jpg\"><img loading=\"lazy\" class=\"alignleft wp-image-96795\" src=\"http:\/\/www.visit-ulcinj.com\/blog\/wp-content\/uploads\/2016\/05\/Komuna-Ulqinit-STAF.jpg\" alt=\"Komuna-Ulqinit-STAF\" width=\"508\" height=\"337\" srcset=\"https:\/\/www.visit-ulcinj.com\/blog\/wp-content\/uploads\/2016\/05\/Komuna-Ulqinit-STAF.jpg 750w, https:\/\/www.visit-ulcinj.com\/blog\/wp-content\/uploads\/2016\/05\/Komuna-Ulqinit-STAF-300x199.jpg 300w\" sizes=\"(max-width: 508px) 100vw, 508px\" \/><\/a>Kryetari Nazif Cungu, n\u00ebnkryetar\u00ebt, sekretar\u00ebt dhe p\u00ebfaq\u00ebsuesit e dretoris\u00eb s\u00eb policis\u00eb komunale shqyrtuan nj\u00eb s\u00ebr\u00eb \u00e7\u00ebshtj\u00ebs dhe caktuan afatet p\u00ebr eliminimin e tyre. Kryetari Cungu \u00ebsht\u00eb i vendosur q\u00eb n\u00eb sezonin e k\u00ebtij viti duhet zgjidhur \u00e7\u00ebshtja e lyp\u00ebsave, ajo e trafikut, vendparkimit, dislokimi i pun\u00ebtor\u00ebve fizik, kaf\u00ebshve endacake, menjanimi i banderolave, plakatave vend\u00a0 e pavend dhe \u00e7\u00ebshtja e sinjalizimit horizontal dhe vertikal.<\/p>\n<p>N\u00eb takim p\u00ebr secilin subjekt u caktuan detyrat. Mund t\u00eb thuhet se disa nga problemet e p\u00ebrvitshme q\u00eb n\u00eb fillim t\u00eb jav\u00ebs s\u00eb ardhshme do t\u00eb marrin zgjidhje.<\/p>\n<p>Pritet q\u00eb sh\u00ebrbimeve tu vijn\u00eb n\u00eb ndihm\u00eb qytetar\u00ebt e bashk\u00ebsis\u00eb lokale ve\u00e7mas p\u00ebr problemet e Ran\u00ebs.<\/p>\n","protected":false},"excerpt":{"rendered":"<p>Kryetari Nazif Cungu, n\u00ebnkryetar\u00ebt, sekretar\u00ebt dhe p\u00ebfaq\u00ebsuesit e dretoris\u00eb s\u00eb policis\u00eb komunale shqyrtuan nj\u00eb s\u00ebr\u00eb \u00e7\u00ebshtj\u00ebs dhe caktuan afatet p\u00ebr eliminimin e tyre. Kryetari Cungu \u00ebsht\u00eb i vendosur q\u00eb n\u00eb sezonin e k\u00ebtij viti duhet zgjidhur \u00e7\u00ebshtja e lyp\u00ebsave, ajo e trafikut, vendparkimit, dislokimi i pun\u00ebtor\u00ebve fizik, kaf\u00ebshve endacake, menjanimi i banderolave, plakatave vend\u00a0 e [&hellip;]<\/p>\n","protected":false},"author":1,"featured_media":0,"comment_status":"closed","ping_status":"closed","sticky":false,"template":"","format":"standard","meta":{"spay_email":"","jetpack_publicize_message":"","jetpack_is_tweetstorm":false,"jetpack_publicize_feature_enabled":true},"categories":[2451],"tags":[],"jetpack_publicize_connections":[],"yoast_head":"<!-- This site is optimized with the Yoast SEO plugin v19.1 - https:\/\/yoast.com\/wordpress\/plugins\/seo\/ -->\n<title>Komuna e vendosur t\u00eb menjanoj\u00eb problemet p\u00ebr rrjedh\u00ebn normale t\u00eb sezon\u00ebs - Lajme nga Ulqini<\/title>\n<meta name=\"description\" content=\"Kryetari Nazif Cungu, n\u00ebnkryetar\u00ebt, sekretar\u00ebt dhe p\u00ebfaq\u00ebsuesit e dretoris\u00eb s\u00eb policis\u00eb komunale shqyrtuan nj\u00eb s\u00ebr\u00eb \u00e7\u00ebshtj\u00ebs dhe caktuan afatet p\u00ebr\" \/>\n<meta name=\"robots\" content=\"index, follow, max-snippet:-1, max-image-preview:large, max-video-preview:-1\" \/>\n<link rel=\"canonical\" href=\"https:\/\/www.visit-ulcinj.com\/blog\/2016\/05\/13\/komuna-e-vendosur-te-menjanoje-problemet-per-rrjedhen-normale-te-sezones\/\" \/>\n<meta property=\"og:locale\" content=\"en_US\" \/>\n<meta property=\"og:type\" content=\"article\" \/>\n<meta property=\"og:title\" content=\"Komuna e vendosur t\u00eb menjanoj\u00eb problemet p\u00ebr rrjedh\u00ebn normale t\u00eb sezon\u00ebs - Lajme nga Ulqini\" \/>\n<meta property=\"og:description\" content=\"Kryetari Nazif Cungu, n\u00ebnkryetar\u00ebt, sekretar\u00ebt dhe p\u00ebfaq\u00ebsuesit e dretoris\u00eb s\u00eb policis\u00eb komunale shqyrtuan nj\u00eb s\u00ebr\u00eb \u00e7\u00ebshtj\u00ebs dhe caktuan afatet p\u00ebr\" \/>\n<meta property=\"og:url\" content=\"https:\/\/www.visit-ulcinj.com\/blog\/2016\/05\/13\/komuna-e-vendosur-te-menjanoje-problemet-per-rrjedhen-normale-te-sezones\/\" \/>\n<meta property=\"og:site_name\" content=\"Lajme nga Ulqini\" \/>\n<meta property=\"article:published_time\" content=\"2016-05-13T17:13:11+00:00\" \/>\n<meta property=\"og:image\" content=\"http:\/\/www.visit-ulcinj.com\/blog\/wp-content\/uploads\/2016\/05\/Komuna-Ulqinit-STAF.jpg\" \/>\n<meta name=\"twitter:label1\" content=\"Written by\" \/>\n\t<meta name=\"twitter:data1\" content=\"ulqini\" \/>\n\t<meta name=\"twitter:label2\" content=\"Est. reading time\" \/>\n\t<meta name=\"twitter:data2\" content=\"1 minute\" \/>\n<script type=\"application\/ld+json\" class=\"yoast-schema-graph\">{\"@context\":\"https:\/\/schema.org\",\"@graph\":[{\"@type\":\"WebSite\",\"@id\":\"https:\/\/www.visit-ulcinj.com\/blog\/#website\",\"url\":\"https:\/\/www.visit-ulcinj.com\/blog\/\",\"name\":\"Lajme nga Ulqini\",\"description\":\"Lajme,Vijesti,Ulqini,Ulqin,Crna Gora,Mali i Zi\",\"potentialAction\":[{\"@type\":\"SearchAction\",\"target\":{\"@type\":\"EntryPoint\",\"urlTemplate\":\"https:\/\/www.visit-ulcinj.com\/blog\/?s={search_term_string}\"},\"query-input\":\"required name=search_term_string\"}],\"inLanguage\":\"en-US\"},{\"@type\":\"ImageObject\",\"inLanguage\":\"en-US\",\"@id\":\"https:\/\/www.visit-ulcinj.com\/blog\/2016\/05\/13\/komuna-e-vendosur-te-menjanoje-problemet-per-rrjedhen-normale-te-sezones\/#primaryimage\",\"url\":\"https:\/\/www.visit-ulcinj.com\/blog\/wp-content\/uploads\/2016\/05\/Komuna-Ulqinit-STAF.jpg\",\"contentUrl\":\"https:\/\/www.visit-ulcinj.com\/blog\/wp-content\/uploads\/2016\/05\/Komuna-Ulqinit-STAF.jpg\",\"width\":750,\"height\":497},{\"@type\":\"WebPage\",\"@id\":\"https:\/\/www.visit-ulcinj.com\/blog\/2016\/05\/13\/komuna-e-vendosur-te-menjanoje-problemet-per-rrjedhen-normale-te-sezones\/#webpage\",\"url\":\"https:\/\/www.visit-ulcinj.com\/blog\/2016\/05\/13\/komuna-e-vendosur-te-menjanoje-problemet-per-rrjedhen-normale-te-sezones\/\",\"name\":\"Komuna e vendosur t\u00eb menjanoj\u00eb problemet p\u00ebr rrjedh\u00ebn normale t\u00eb sezon\u00ebs - Lajme nga Ulqini\",\"isPartOf\":{\"@id\":\"https:\/\/www.visit-ulcinj.com\/blog\/#website\"},\"primaryImageOfPage\":{\"@id\":\"https:\/\/www.visit-ulcinj.com\/blog\/2016\/05\/13\/komuna-e-vendosur-te-menjanoje-problemet-per-rrjedhen-normale-te-sezones\/#primaryimage\"},\"datePublished\":\"2016-05-13T17:13:11+00:00\",\"dateModified\":\"2016-05-13T17:13:11+00:00\",\"author\":{\"@id\":\"https:\/\/www.visit-ulcinj.com\/blog\/#\/schema\/person\/dcab619c614d3038751c63bc2aadc06d\"},\"description\":\"Kryetari Nazif Cungu, n\u00ebnkryetar\u00ebt, sekretar\u00ebt dhe p\u00ebfaq\u00ebsuesit e dretoris\u00eb s\u00eb policis\u00eb komunale shqyrtuan nj\u00eb s\u00ebr\u00eb \u00e7\u00ebshtj\u00ebs dhe caktuan afatet p\u00ebr\",\"breadcrumb\":{\"@id\":\"https:\/\/www.visit-ulcinj.com\/blog\/2016\/05\/13\/komuna-e-vendosur-te-menjanoje-problemet-per-rrjedhen-normale-te-sezones\/#breadcrumb\"},\"inLanguage\":\"en-US\",\"potentialAction\":[{\"@type\":\"ReadAction\",\"target\":[\"https:\/\/www.visit-ulcinj.com\/blog\/2016\/05\/13\/komuna-e-vendosur-te-menjanoje-problemet-per-rrjedhen-normale-te-sezones\/\"]}]},{\"@type\":\"BreadcrumbList\",\"@id\":\"https:\/\/www.visit-ulcinj.com\/blog\/2016\/05\/13\/komuna-e-vendosur-te-menjanoje-problemet-per-rrjedhen-normale-te-sezones\/#breadcrumb\",\"itemListElement\":[{\"@type\":\"ListItem\",\"position\":1,\"name\":\"Komuna e vendosur t\u00eb menjanoj\u00eb problemet p\u00ebr rrjedh\u00ebn normale t\u00eb sezon\u00ebs\"}]},{\"@type\":\"Person\",\"@id\":\"https:\/\/www.visit-ulcinj.com\/blog\/#\/schema\/person\/dcab619c614d3038751c63bc2aadc06d\",\"name\":\"ulqini\",\"sameAs\":[\"http:\/\/www.visit-ulcinj.com\"],\"url\":\"https:\/\/www.visit-ulcinj.com\/blog\/author\/admin\/\"}]}<\/script>\n<!-- \/ Yoast SEO plugin. -->","yoast_head_json":{"title":"Komuna e vendosur t\u00eb menjanoj\u00eb problemet p\u00ebr rrjedh\u00ebn normale t\u00eb sezon\u00ebs - Lajme nga Ulqini","description":"Kryetari Nazif Cungu, n\u00ebnkryetar\u00ebt, sekretar\u00ebt dhe p\u00ebfaq\u00ebsuesit e dretoris\u00eb s\u00eb policis\u00eb komunale shqyrtuan nj\u00eb s\u00ebr\u00eb \u00e7\u00ebshtj\u00ebs dhe caktuan afatet p\u00ebr","robots":{"index":"index","follow":"follow","max-snippet":"max-snippet:-1","max-image-preview":"max-image-preview:large","max-video-preview":"max-video-preview:-1"},"canonical":"https:\/\/www.visit-ulcinj.com\/blog\/2016\/05\/13\/komuna-e-vendosur-te-menjanoje-problemet-per-rrjedhen-normale-te-sezones\/","og_locale":"en_US","og_type":"article","og_title":"Komuna e vendosur t\u00eb menjanoj\u00eb problemet p\u00ebr rrjedh\u00ebn normale t\u00eb sezon\u00ebs - Lajme nga Ulqini","og_description":"Kryetari Nazif Cungu, n\u00ebnkryetar\u00ebt, sekretar\u00ebt dhe p\u00ebfaq\u00ebsuesit e dretoris\u00eb s\u00eb policis\u00eb komunale shqyrtuan nj\u00eb s\u00ebr\u00eb \u00e7\u00ebshtj\u00ebs dhe caktuan afatet p\u00ebr","og_url":"https:\/\/www.visit-ulcinj.com\/blog\/2016\/05\/13\/komuna-e-vendosur-te-menjanoje-problemet-per-rrjedhen-normale-te-sezones\/","og_site_name":"Lajme nga Ulqini","article_published_time":"2016-05-13T17:13:11+00:00","og_image":[{"url":"http:\/\/www.visit-ulcinj.com\/blog\/wp-content\/uploads\/2016\/05\/Komuna-Ulqinit-STAF.jpg"}],"twitter_misc":{"Written by":"ulqini","Est. reading time":"1 minute"},"schema":{"@context":"https:\/\/schema.org","@graph":[{"@type":"WebSite","@id":"https:\/\/www.visit-ulcinj.com\/blog\/#website","url":"https:\/\/www.visit-ulcinj.com\/blog\/","name":"Lajme nga Ulqini","description":"Lajme,Vijesti,Ulqini,Ulqin,Crna Gora,Mali i Zi","potentialAction":[{"@type":"SearchAction","target":{"@type":"EntryPoint","urlTemplate":"https:\/\/www.visit-ulcinj.com\/blog\/?s={search_term_string}"},"query-input":"required name=search_term_string"}],"inLanguage":"en-US"},{"@type":"ImageObject","inLanguage":"en-US","@id":"https:\/\/www.visit-ulcinj.com\/blog\/2016\/05\/13\/komuna-e-vendosur-te-menjanoje-problemet-per-rrjedhen-normale-te-sezones\/#primaryimage","url":"https:\/\/www.visit-ulcinj.com\/blog\/wp-content\/uploads\/2016\/05\/Komuna-Ulqinit-STAF.jpg","contentUrl":"https:\/\/www.visit-ulcinj.com\/blog\/wp-content\/uploads\/2016\/05\/Komuna-Ulqinit-STAF.jpg","width":750,"height":497},{"@type":"WebPage","@id":"https:\/\/www.visit-ulcinj.com\/blog\/2016\/05\/13\/komuna-e-vendosur-te-menjanoje-problemet-per-rrjedhen-normale-te-sezones\/#webpage","url":"https:\/\/www.visit-ulcinj.com\/blog\/2016\/05\/13\/komuna-e-vendosur-te-menjanoje-problemet-per-rrjedhen-normale-te-sezones\/","name":"Komuna e vendosur t\u00eb menjanoj\u00eb problemet p\u00ebr rrjedh\u00ebn normale t\u00eb sezon\u00ebs - Lajme nga Ulqini","isPartOf":{"@id":"https:\/\/www.visit-ulcinj.com\/blog\/#website"},"primaryImageOfPage":{"@id":"https:\/\/www.visit-ulcinj.com\/blog\/2016\/05\/13\/komuna-e-vendosur-te-menjanoje-problemet-per-rrjedhen-normale-te-sezones\/#primaryimage"},"datePublished":"2016-05-13T17:13:11+00:00","dateModified":"2016-05-13T17:13:11+00:00","author":{"@id":"https:\/\/www.visit-ulcinj.com\/blog\/#\/schema\/person\/dcab619c614d3038751c63bc2aadc06d"},"description":"Kryetari Nazif Cungu, n\u00ebnkryetar\u00ebt, sekretar\u00ebt dhe p\u00ebfaq\u00ebsuesit e dretoris\u00eb s\u00eb policis\u00eb komunale shqyrtuan nj\u00eb s\u00ebr\u00eb \u00e7\u00ebshtj\u00ebs dhe caktuan afatet p\u00ebr","breadcrumb":{"@id":"https:\/\/www.visit-ulcinj.com\/blog\/2016\/05\/13\/komuna-e-vendosur-te-menjanoje-problemet-per-rrjedhen-normale-te-sezones\/#breadcrumb"},"inLanguage":"en-US","potentialAction":[{"@type":"ReadAction","target":["https:\/\/www.visit-ulcinj.com\/blog\/2016\/05\/13\/komuna-e-vendosur-te-menjanoje-problemet-per-rrjedhen-normale-te-sezones\/"]}]},{"@type":"BreadcrumbList","@id":"https:\/\/www.visit-ulcinj.com\/blog\/2016\/05\/13\/komuna-e-vendosur-te-menjanoje-problemet-per-rrjedhen-normale-te-sezones\/#breadcrumb","itemListElement":[{"@type":"ListItem","position":1,"name":"Komuna e vendosur t\u00eb menjanoj\u00eb problemet p\u00ebr rrjedh\u00ebn normale t\u00eb sezon\u00ebs"}]},{"@type":"Person","@id":"https:\/\/www.visit-ulcinj.com\/blog\/#\/schema\/person\/dcab619c614d3038751c63bc2aadc06d","name":"ulqini","sameAs":["http:\/\/www.visit-ulcinj.com"],"url":"https:\/\/www.visit-ulcinj.com\/blog\/author\/admin\/"}]}},"jetpack_featured_media_url":"","jetpack_sharing_enabled":true,"jetpack_shortlink":"https:\/\/wp.me\/pe6lTn-pbc","_links":{"self":[{"href":"https:\/\/www.visit-ulcinj.com\/blog\/wp-json\/wp\/v2\/posts\/96794"}],"collection":[{"href":"https:\/\/www.visit-ulcinj.com\/blog\/wp-json\/wp\/v2\/posts"}],"about":[{"href":"https:\/\/www.visit-ulcinj.com\/blog\/wp-json\/wp\/v2\/types\/post"}],"author":[{"embeddable":true,"href":"https:\/\/www.visit-ulcinj.com\/blog\/wp-json\/wp\/v2\/users\/1"}],"replies":[{"embeddable":true,"href":"https:\/\/www.visit-ulcinj.com\/blog\/wp-json\/wp\/v2\/comments?post=96794"}],"version-history":[{"count":1,"href":"https:\/\/www.visit-ulcinj.com\/blog\/wp-json\/wp\/v2\/posts\/96794\/revisions"}],"predecessor-version":[{"id":96796,"href":"https:\/\/www.visit-ulcinj.com\/blog\/wp-json\/wp\/v2\/posts\/96794\/revisions\/96796"}],"wp:attachment":[{"href":"https:\/\/www.visit-ulcinj.com\/blog\/wp-json\/wp\/v2\/media?parent=96794"}],"wp:term":[{"taxonomy":"category","embeddable":true,"href":"https:\/\/www.visit-ulcinj.com\/blog\/wp-json\/wp\/v2\/categories?post=96794"},{"taxonomy":"post_tag","embeddable":true,"href":"https:\/\/www.visit-ulcinj.com\/blog\/wp-json\/wp\/v2\/tags?post=96794"}],"curies":[{"name":"wp","href":"https:\/\/api.w.org\/{rel}","templated":true}]}}