{"id":96797,"date":"2016-05-13T18:25:59","date_gmt":"2016-05-13T17:25:59","guid":{"rendered":"http:\/\/www.visit-ulcinj.com\/blog\/?p=96797"},"modified":"2016-05-13T18:25:59","modified_gmt":"2016-05-13T17:25:59","slug":"kida-klip-te-ri-ne-ulqin","status":"publish","type":"post","link":"https:\/\/www.visit-ulcinj.com\/blog\/2016\/05\/13\/kida-klip-te-ri-ne-ulqin\/","title":{"rendered":"Kida me klip t\u00eb ri n\u00eb Ulqin"},"content":{"rendered":"<div id=\"stcpDiv\">\n<div class=\"shortText\"><a href=\"http:\/\/www.visit-ulcinj.com\/blog\/wp-content\/uploads\/2016\/05\/Kida-ne-ulqin.jpg\"><img loading=\"lazy\" class=\"alignleft wp-image-96798\" src=\"http:\/\/www.visit-ulcinj.com\/blog\/wp-content\/uploads\/2016\/05\/Kida-ne-ulqin.jpg\" alt=\"Kida-ne-ulqin\" width=\"508\" height=\"286\" \/><\/a>K\u00ebng\u00ebtarja Orhidea Latifi, e njohur p\u00ebr publikun si Kida \u00ebsht\u00eb duke i xhiruar pamjet e klipit t\u00eb saj t\u00eb ri n\u00eb Ulqin.<\/div>\n<p>Pas bashk\u00ebpunimit t\u00eb suksessh\u00ebm me k\u00ebng\u00ebtarin Ermal Fejzullahu, k\u00ebng\u00ebs \u2018Mia more\u2019 k\u00ebt\u00eb her\u00eb ajo vjen me nj\u00eb k\u00ebng\u00eb Solo, transmeton lajmi.net.<\/p>\n<p>Bazuar n\u00eb disa fotografi t\u00eb sigurara shihet se k\u00ebng\u00ebtarja do t\u00eb vij\u00eb m\u00eb ndryshe se\u00e7 jemi m\u00ebsuar ta shohim.<\/p>\n<p>Kjo k\u00ebng\u00eb\u00a0\u00ebsht\u00eb e punuar nga Zzap &amp; Chriss, kurse\u00a0p\u00ebr tekstin jan\u00eb p\u00ebrkujdesur Mozzik dhe Getinjo.<\/p>\n<p>Bazuar n\u00eb pamjet e para, k\u00ebnga duket t\u00eb jet\u00eb premtuese, nd\u00ebrsa n\u00ebse do ta ket\u00eb suksesin q\u00eb pati \u2018Mia more\u2019 mbetet ta shohim.\/lajmi.net.<\/p>\n<\/div>\n","protected":false},"excerpt":{"rendered":"<p>K\u00ebng\u00ebtarja Orhidea Latifi, e njohur p\u00ebr publikun si Kida \u00ebsht\u00eb duke i xhiruar pamjet e klipit t\u00eb saj t\u00eb ri n\u00eb Ulqin. Pas bashk\u00ebpunimit t\u00eb suksessh\u00ebm me k\u00ebng\u00ebtarin Ermal Fejzullahu, k\u00ebng\u00ebs \u2018Mia more\u2019 k\u00ebt\u00eb her\u00eb ajo vjen me nj\u00eb k\u00ebng\u00eb Solo, transmeton lajmi.net. Bazuar n\u00eb disa fotografi t\u00eb sigurara shihet se k\u00ebng\u00ebtarja do t\u00eb vij\u00eb [&hellip;]<\/p>\n","protected":false},"author":1,"featured_media":0,"comment_status":"closed","ping_status":"closed","sticky":false,"template":"","format":"standard","meta":{"spay_email":"","jetpack_publicize_message":"","jetpack_is_tweetstorm":false,"jetpack_publicize_feature_enabled":true},"categories":[1],"tags":[],"jetpack_publicize_connections":[],"yoast_head":"<!-- This site is optimized with the Yoast SEO plugin v19.1 - https:\/\/yoast.com\/wordpress\/plugins\/seo\/ -->\n<title>Kida me klip t\u00eb ri n\u00eb Ulqin - Lajme nga Ulqini<\/title>\n<meta name=\"description\" content=\"K\u00ebng\u00ebtarja Orhidea Latifi, e njohur p\u00ebr publikun si Kida \u00ebsht\u00eb duke i xhiruar pamjet e klipit t\u00eb saj t\u00eb ri n\u00eb Ulqin. Pas bashk\u00ebpunimit t\u00eb suksessh\u00ebm me\" \/>\n<meta name=\"robots\" content=\"index, follow, max-snippet:-1, max-image-preview:large, max-video-preview:-1\" \/>\n<link rel=\"canonical\" href=\"https:\/\/www.visit-ulcinj.com\/blog\/2016\/05\/13\/kida-klip-te-ri-ne-ulqin\/\" \/>\n<meta property=\"og:locale\" content=\"en_US\" \/>\n<meta property=\"og:type\" content=\"article\" \/>\n<meta property=\"og:title\" content=\"Kida me klip t\u00eb ri n\u00eb Ulqin - Lajme nga Ulqini\" \/>\n<meta property=\"og:description\" content=\"K\u00ebng\u00ebtarja Orhidea Latifi, e njohur p\u00ebr publikun si Kida \u00ebsht\u00eb duke i xhiruar pamjet e klipit t\u00eb saj t\u00eb ri n\u00eb Ulqin. Pas bashk\u00ebpunimit t\u00eb suksessh\u00ebm me\" \/>\n<meta property=\"og:url\" content=\"https:\/\/www.visit-ulcinj.com\/blog\/2016\/05\/13\/kida-klip-te-ri-ne-ulqin\/\" \/>\n<meta property=\"og:site_name\" content=\"Lajme nga Ulqini\" \/>\n<meta property=\"article:published_time\" content=\"2016-05-13T17:25:59+00:00\" \/>\n<meta property=\"og:image\" content=\"http:\/\/www.visit-ulcinj.com\/blog\/wp-content\/uploads\/2016\/05\/Kida-ne-ulqin.jpg\" \/>\n<meta name=\"twitter:label1\" content=\"Written by\" \/>\n\t<meta name=\"twitter:data1\" content=\"ulqini\" \/>\n\t<meta name=\"twitter:label2\" content=\"Est. reading time\" \/>\n\t<meta name=\"twitter:data2\" content=\"1 minute\" \/>\n<script type=\"application\/ld+json\" class=\"yoast-schema-graph\">{\"@context\":\"https:\/\/schema.org\",\"@graph\":[{\"@type\":\"WebSite\",\"@id\":\"https:\/\/www.visit-ulcinj.com\/blog\/#website\",\"url\":\"https:\/\/www.visit-ulcinj.com\/blog\/\",\"name\":\"Lajme nga Ulqini\",\"description\":\"Lajme,Vijesti,Ulqini,Ulqin,Crna Gora,Mali i Zi\",\"potentialAction\":[{\"@type\":\"SearchAction\",\"target\":{\"@type\":\"EntryPoint\",\"urlTemplate\":\"https:\/\/www.visit-ulcinj.com\/blog\/?s={search_term_string}\"},\"query-input\":\"required name=search_term_string\"}],\"inLanguage\":\"en-US\"},{\"@type\":\"ImageObject\",\"inLanguage\":\"en-US\",\"@id\":\"https:\/\/www.visit-ulcinj.com\/blog\/2016\/05\/13\/kida-klip-te-ri-ne-ulqin\/#primaryimage\",\"url\":\"http:\/\/www.visit-ulcinj.com\/blog\/wp-content\/uploads\/2016\/05\/Kida-ne-ulqin.jpg\",\"contentUrl\":\"http:\/\/www.visit-ulcinj.com\/blog\/wp-content\/uploads\/2016\/05\/Kida-ne-ulqin.jpg\"},{\"@type\":\"WebPage\",\"@id\":\"https:\/\/www.visit-ulcinj.com\/blog\/2016\/05\/13\/kida-klip-te-ri-ne-ulqin\/#webpage\",\"url\":\"https:\/\/www.visit-ulcinj.com\/blog\/2016\/05\/13\/kida-klip-te-ri-ne-ulqin\/\",\"name\":\"Kida me klip t\u00eb ri n\u00eb Ulqin - Lajme nga Ulqini\",\"isPartOf\":{\"@id\":\"https:\/\/www.visit-ulcinj.com\/blog\/#website\"},\"primaryImageOfPage\":{\"@id\":\"https:\/\/www.visit-ulcinj.com\/blog\/2016\/05\/13\/kida-klip-te-ri-ne-ulqin\/#primaryimage\"},\"datePublished\":\"2016-05-13T17:25:59+00:00\",\"dateModified\":\"2016-05-13T17:25:59+00:00\",\"author\":{\"@id\":\"https:\/\/www.visit-ulcinj.com\/blog\/#\/schema\/person\/dcab619c614d3038751c63bc2aadc06d\"},\"description\":\"K\u00ebng\u00ebtarja Orhidea Latifi, e njohur p\u00ebr publikun si Kida \u00ebsht\u00eb duke i xhiruar pamjet e klipit t\u00eb saj t\u00eb ri n\u00eb Ulqin. Pas bashk\u00ebpunimit t\u00eb suksessh\u00ebm me\",\"breadcrumb\":{\"@id\":\"https:\/\/www.visit-ulcinj.com\/blog\/2016\/05\/13\/kida-klip-te-ri-ne-ulqin\/#breadcrumb\"},\"inLanguage\":\"en-US\",\"potentialAction\":[{\"@type\":\"ReadAction\",\"target\":[\"https:\/\/www.visit-ulcinj.com\/blog\/2016\/05\/13\/kida-klip-te-ri-ne-ulqin\/\"]}]},{\"@type\":\"BreadcrumbList\",\"@id\":\"https:\/\/www.visit-ulcinj.com\/blog\/2016\/05\/13\/kida-klip-te-ri-ne-ulqin\/#breadcrumb\",\"itemListElement\":[{\"@type\":\"ListItem\",\"position\":1,\"name\":\"Kida me klip t\u00eb ri n\u00eb Ulqin\"}]},{\"@type\":\"Person\",\"@id\":\"https:\/\/www.visit-ulcinj.com\/blog\/#\/schema\/person\/dcab619c614d3038751c63bc2aadc06d\",\"name\":\"ulqini\",\"sameAs\":[\"http:\/\/www.visit-ulcinj.com\"],\"url\":\"https:\/\/www.visit-ulcinj.com\/blog\/author\/admin\/\"}]}<\/script>\n<!-- \/ Yoast SEO plugin. -->","yoast_head_json":{"title":"Kida me klip t\u00eb ri n\u00eb Ulqin - Lajme nga Ulqini","description":"K\u00ebng\u00ebtarja Orhidea Latifi, e njohur p\u00ebr publikun si Kida \u00ebsht\u00eb duke i xhiruar pamjet e klipit t\u00eb saj t\u00eb ri n\u00eb Ulqin. Pas bashk\u00ebpunimit t\u00eb suksessh\u00ebm me","robots":{"index":"index","follow":"follow","max-snippet":"max-snippet:-1","max-image-preview":"max-image-preview:large","max-video-preview":"max-video-preview:-1"},"canonical":"https:\/\/www.visit-ulcinj.com\/blog\/2016\/05\/13\/kida-klip-te-ri-ne-ulqin\/","og_locale":"en_US","og_type":"article","og_title":"Kida me klip t\u00eb ri n\u00eb Ulqin - Lajme nga Ulqini","og_description":"K\u00ebng\u00ebtarja Orhidea Latifi, e njohur p\u00ebr publikun si Kida \u00ebsht\u00eb duke i xhiruar pamjet e klipit t\u00eb saj t\u00eb ri n\u00eb Ulqin. Pas bashk\u00ebpunimit t\u00eb suksessh\u00ebm me","og_url":"https:\/\/www.visit-ulcinj.com\/blog\/2016\/05\/13\/kida-klip-te-ri-ne-ulqin\/","og_site_name":"Lajme nga Ulqini","article_published_time":"2016-05-13T17:25:59+00:00","og_image":[{"url":"http:\/\/www.visit-ulcinj.com\/blog\/wp-content\/uploads\/2016\/05\/Kida-ne-ulqin.jpg"}],"twitter_misc":{"Written by":"ulqini","Est. reading time":"1 minute"},"schema":{"@context":"https:\/\/schema.org","@graph":[{"@type":"WebSite","@id":"https:\/\/www.visit-ulcinj.com\/blog\/#website","url":"https:\/\/www.visit-ulcinj.com\/blog\/","name":"Lajme nga Ulqini","description":"Lajme,Vijesti,Ulqini,Ulqin,Crna Gora,Mali i Zi","potentialAction":[{"@type":"SearchAction","target":{"@type":"EntryPoint","urlTemplate":"https:\/\/www.visit-ulcinj.com\/blog\/?s={search_term_string}"},"query-input":"required name=search_term_string"}],"inLanguage":"en-US"},{"@type":"ImageObject","inLanguage":"en-US","@id":"https:\/\/www.visit-ulcinj.com\/blog\/2016\/05\/13\/kida-klip-te-ri-ne-ulqin\/#primaryimage","url":"http:\/\/www.visit-ulcinj.com\/blog\/wp-content\/uploads\/2016\/05\/Kida-ne-ulqin.jpg","contentUrl":"http:\/\/www.visit-ulcinj.com\/blog\/wp-content\/uploads\/2016\/05\/Kida-ne-ulqin.jpg"},{"@type":"WebPage","@id":"https:\/\/www.visit-ulcinj.com\/blog\/2016\/05\/13\/kida-klip-te-ri-ne-ulqin\/#webpage","url":"https:\/\/www.visit-ulcinj.com\/blog\/2016\/05\/13\/kida-klip-te-ri-ne-ulqin\/","name":"Kida me klip t\u00eb ri n\u00eb Ulqin - Lajme nga Ulqini","isPartOf":{"@id":"https:\/\/www.visit-ulcinj.com\/blog\/#website"},"primaryImageOfPage":{"@id":"https:\/\/www.visit-ulcinj.com\/blog\/2016\/05\/13\/kida-klip-te-ri-ne-ulqin\/#primaryimage"},"datePublished":"2016-05-13T17:25:59+00:00","dateModified":"2016-05-13T17:25:59+00:00","author":{"@id":"https:\/\/www.visit-ulcinj.com\/blog\/#\/schema\/person\/dcab619c614d3038751c63bc2aadc06d"},"description":"K\u00ebng\u00ebtarja Orhidea Latifi, e njohur p\u00ebr publikun si Kida \u00ebsht\u00eb duke i xhiruar pamjet e klipit t\u00eb saj t\u00eb ri n\u00eb Ulqin. Pas bashk\u00ebpunimit t\u00eb suksessh\u00ebm me","breadcrumb":{"@id":"https:\/\/www.visit-ulcinj.com\/blog\/2016\/05\/13\/kida-klip-te-ri-ne-ulqin\/#breadcrumb"},"inLanguage":"en-US","potentialAction":[{"@type":"ReadAction","target":["https:\/\/www.visit-ulcinj.com\/blog\/2016\/05\/13\/kida-klip-te-ri-ne-ulqin\/"]}]},{"@type":"BreadcrumbList","@id":"https:\/\/www.visit-ulcinj.com\/blog\/2016\/05\/13\/kida-klip-te-ri-ne-ulqin\/#breadcrumb","itemListElement":[{"@type":"ListItem","position":1,"name":"Kida me klip t\u00eb ri n\u00eb Ulqin"}]},{"@type":"Person","@id":"https:\/\/www.visit-ulcinj.com\/blog\/#\/schema\/person\/dcab619c614d3038751c63bc2aadc06d","name":"ulqini","sameAs":["http:\/\/www.visit-ulcinj.com"],"url":"https:\/\/www.visit-ulcinj.com\/blog\/author\/admin\/"}]}},"jetpack_featured_media_url":"","jetpack_sharing_enabled":true,"jetpack_shortlink":"https:\/\/wp.me\/pe6lTn-pbf","_links":{"self":[{"href":"https:\/\/www.visit-ulcinj.com\/blog\/wp-json\/wp\/v2\/posts\/96797"}],"collection":[{"href":"https:\/\/www.visit-ulcinj.com\/blog\/wp-json\/wp\/v2\/posts"}],"about":[{"href":"https:\/\/www.visit-ulcinj.com\/blog\/wp-json\/wp\/v2\/types\/post"}],"author":[{"embeddable":true,"href":"https:\/\/www.visit-ulcinj.com\/blog\/wp-json\/wp\/v2\/users\/1"}],"replies":[{"embeddable":true,"href":"https:\/\/www.visit-ulcinj.com\/blog\/wp-json\/wp\/v2\/comments?post=96797"}],"version-history":[{"count":1,"href":"https:\/\/www.visit-ulcinj.com\/blog\/wp-json\/wp\/v2\/posts\/96797\/revisions"}],"predecessor-version":[{"id":96799,"href":"https:\/\/www.visit-ulcinj.com\/blog\/wp-json\/wp\/v2\/posts\/96797\/revisions\/96799"}],"wp:attachment":[{"href":"https:\/\/www.visit-ulcinj.com\/blog\/wp-json\/wp\/v2\/media?parent=96797"}],"wp:term":[{"taxonomy":"category","embeddable":true,"href":"https:\/\/www.visit-ulcinj.com\/blog\/wp-json\/wp\/v2\/categories?post=96797"},{"taxonomy":"post_tag","embeddable":true,"href":"https:\/\/www.visit-ulcinj.com\/blog\/wp-json\/wp\/v2\/tags?post=96797"}],"curies":[{"name":"wp","href":"https:\/\/api.w.org\/{rel}","templated":true}]}}