{"id":96800,"date":"2016-05-13T18:41:21","date_gmt":"2016-05-13T17:41:21","guid":{"rendered":"http:\/\/www.visit-ulcinj.com\/blog\/?p=96800"},"modified":"2016-05-14T19:24:02","modified_gmt":"2016-05-14T18:24:02","slug":"incident-ne-kuvend-te-malit-te-zi-nderpritet-seanca-video","status":"publish","type":"post","link":"https:\/\/www.visit-ulcinj.com\/blog\/2016\/05\/13\/incident-ne-kuvend-te-malit-te-zi-nderpritet-seanca-video\/","title":{"rendered":"Incident n\u00eb kuvend t\u00eb Malit t\u00eb Zi, nd\u00ebrpritet seanca -Video"},"content":{"rendered":"<div id=\"stcpDiv\">\n<p><a href=\"http:\/\/www.visit-ulcinj.com\/blog\/wp-content\/uploads\/2016\/05\/incident-kuvendi-mali-zi.jpg\"><img loading=\"lazy\" class=\"alignleft wp-image-96801\" src=\"http:\/\/www.visit-ulcinj.com\/blog\/wp-content\/uploads\/2016\/05\/incident-kuvendi-mali-zi.jpg\" alt=\"incident-kuvendi-mali-zi\" width=\"508\" height=\"314\" srcset=\"https:\/\/www.visit-ulcinj.com\/blog\/wp-content\/uploads\/2016\/05\/incident-kuvendi-mali-zi.jpg 685w, https:\/\/www.visit-ulcinj.com\/blog\/wp-content\/uploads\/2016\/05\/incident-kuvendi-mali-zi-300x186.jpg 300w\" sizes=\"(max-width: 508px) 100vw, 508px\" \/><\/a><strong>\u00cbsht\u00eb nd\u00ebrprer\u00eb seanca e Kuvendit n\u00eb t\u00eb cil\u00ebn \u00ebsht\u00eb dashur t\u00eb diskutohet mbi an\u00ebtar\u00ebt e rinj t\u00eb qeveris\u00eb s\u00eb besimit zgjedhor.<\/strong><\/p>\n<p>Seanca e parlamentit t\u00eb Malit t\u00eb Zi me t\u00eb cil\u00ebn \u00ebsht\u00eb dasht\u00eb t\u00eb diskutohet p\u00ebr zgjedhjen e an\u00ebtar\u00ebve t\u00eb ri t\u00eb Qeveris\u00eb \u00ebsht\u00eb nd\u00ebrprer\u00eb pasi q\u00eb deputetet e Frontit demokratik e kan\u00eb quajtur me fjal\u00eb fyese kryeministrin Millo Gjukanoviq. Gjukanoviq kishte filluar t\u00eb arsyetoj\u00eb propozimin e ndryshimeve t\u00eb p\u00ebrb\u00ebrjes s\u00eb Qeveris\u00eb ,kurse pastaj i t\u00ebr\u00eb klubi i deputet\u00ebve t\u00eb Frontit Demokratik ka filluar t\u00eb brohoris \u201cMillo hajn\u201d . Deputet\u00ebt nuk arriti ti qet\u00ebsoj\u00eb kryetari i Parlamentit Krivokapiq as pas disa v\u00ebrejtjeve . Pas fyerjeve Gjukanoviq u ka rekomanduar \u201cJu lumt\u00eb budallenj\u201d. Gjukanoviq i ka propozuar sot parlamentit q\u00eb p\u00ebr n\u00ebnkryetar\u00eb t\u00eb Qeveris\u00eb t\u00eb zgjedhin ministrin e deritash\u00ebm t\u00eb bujq\u00ebsis\u00eb ,Petar Ivanoviq , \u00ebsht\u00eb publikuar n\u00eb faqen e parlamentit. P\u00ebrve\u00e7 p\u00ebr k\u00ebt\u00eb propozim ,deputetet do t\u00eb diskutojn\u00eb edhe p\u00ebr zgjedhjen e 5 an\u00ebtar\u00ebve t\u00eb rinj t\u00eb Qeveris\u00eb nga radh\u00ebt e opozit\u00ebs. Gjukanoviq ka aprovuar mbr\u00ebm\u00eb propozimin e PSD , DEMOS dhe URA q\u00eb kandidat\u00eb p\u00ebr minist\u00ebr t\u00eb bujq\u00ebsis\u00eb t\u00eb jet\u00eb Milenko Popoviq ,kurse p\u00ebr z\u00ebvend\u00ebs kryeminist\u00ebr Miodrag Vujoviq. T\u00eb p\u00ebrkujtojm\u00eb se Gjukanoviq m\u00eb par\u00eb ka refuzuar propozimin e tri partive q\u00eb Vujoviq t\u00eb jet\u00eb minist\u00ebr i bujq\u00ebsis\u00eb, duke shtuar se kandidati i propozuar me profilin e vet\u00eb profesionist\u00eb nuk u p\u00ebrgjigjet detyrimeve specifike t\u00eb k\u00ebsaj Ministrie gjat\u00eb muajve t\u00eb ardhsh\u00ebm. Kandidat\u00eb p\u00ebr minist\u00ebr t\u00eb pun\u00ebve t\u00eb brendshme dhe t\u00eb financave dhe p\u00ebrkujdesjes sociale ,kan\u00eb mbetur Goran Danilloviq , Rashko Konjeviq dhe Boris Mariq.<\/p>\n<p>TVCG<\/p>\n<p>[flv]http:\/\/www.rtcg.me\/upload\/boxFileData\/2016\/05\/13\/176073\/konverttttt.mp4[\/flv]<\/p>\n<p>&nbsp;<\/p>\n<\/div>\n","protected":false},"excerpt":{"rendered":"<p>\u00cbsht\u00eb nd\u00ebrprer\u00eb seanca e Kuvendit n\u00eb t\u00eb cil\u00ebn \u00ebsht\u00eb dashur t\u00eb diskutohet mbi an\u00ebtar\u00ebt e rinj t\u00eb qeveris\u00eb s\u00eb besimit zgjedhor. Seanca e parlamentit t\u00eb Malit t\u00eb Zi me t\u00eb cil\u00ebn \u00ebsht\u00eb dasht\u00eb t\u00eb diskutohet p\u00ebr zgjedhjen e an\u00ebtar\u00ebve t\u00eb ri t\u00eb Qeveris\u00eb \u00ebsht\u00eb nd\u00ebrprer\u00eb pasi q\u00eb deputetet e Frontit demokratik e kan\u00eb quajtur me [&hellip;]<\/p>\n","protected":false},"author":1,"featured_media":0,"comment_status":"closed","ping_status":"closed","sticky":false,"template":"","format":"standard","meta":{"spay_email":"","jetpack_publicize_message":"","jetpack_is_tweetstorm":false,"jetpack_publicize_feature_enabled":true},"categories":[12],"tags":[],"jetpack_publicize_connections":[],"yoast_head":"<!-- This site is optimized with the Yoast SEO plugin v19.1 - https:\/\/yoast.com\/wordpress\/plugins\/seo\/ -->\n<title>Incident n\u00eb kuvend t\u00eb Malit t\u00eb Zi, nd\u00ebrpritet seanca -Video - Lajme nga Ulqini<\/title>\n<meta name=\"description\" content=\"\u00cbsht\u00eb nd\u00ebrprer\u00eb seanca e Kuvendit n\u00eb t\u00eb cil\u00ebn \u00ebsht\u00eb dashur t\u00eb diskutohet mbi an\u00ebtar\u00ebt e rinj t\u00eb qeveris\u00eb s\u00eb besimit zgjedhor. Seanca e parlamentit t\u00eb\" \/>\n<meta name=\"robots\" content=\"index, follow, max-snippet:-1, max-image-preview:large, max-video-preview:-1\" \/>\n<link rel=\"canonical\" href=\"https:\/\/www.visit-ulcinj.com\/blog\/2016\/05\/13\/incident-ne-kuvend-te-malit-te-zi-nderpritet-seanca-video\/\" \/>\n<meta property=\"og:locale\" content=\"en_US\" \/>\n<meta property=\"og:type\" content=\"article\" \/>\n<meta property=\"og:title\" content=\"Incident n\u00eb kuvend t\u00eb Malit t\u00eb Zi, nd\u00ebrpritet seanca -Video - Lajme nga Ulqini\" \/>\n<meta property=\"og:description\" content=\"\u00cbsht\u00eb nd\u00ebrprer\u00eb seanca e Kuvendit n\u00eb t\u00eb cil\u00ebn \u00ebsht\u00eb dashur t\u00eb diskutohet mbi an\u00ebtar\u00ebt e rinj t\u00eb qeveris\u00eb s\u00eb besimit zgjedhor. Seanca e parlamentit t\u00eb\" \/>\n<meta property=\"og:url\" content=\"https:\/\/www.visit-ulcinj.com\/blog\/2016\/05\/13\/incident-ne-kuvend-te-malit-te-zi-nderpritet-seanca-video\/\" \/>\n<meta property=\"og:site_name\" content=\"Lajme nga Ulqini\" \/>\n<meta property=\"article:published_time\" content=\"2016-05-13T17:41:21+00:00\" \/>\n<meta property=\"article:modified_time\" content=\"2016-05-14T18:24:02+00:00\" \/>\n<meta property=\"og:image\" content=\"http:\/\/www.visit-ulcinj.com\/blog\/wp-content\/uploads\/2016\/05\/incident-kuvendi-mali-zi.jpg\" \/>\n<meta name=\"twitter:label1\" content=\"Written by\" \/>\n\t<meta name=\"twitter:data1\" content=\"ulqini\" \/>\n\t<meta name=\"twitter:label2\" content=\"Est. reading time\" \/>\n\t<meta name=\"twitter:data2\" content=\"2 minutes\" \/>\n<script type=\"application\/ld+json\" class=\"yoast-schema-graph\">{\"@context\":\"https:\/\/schema.org\",\"@graph\":[{\"@type\":\"WebSite\",\"@id\":\"https:\/\/www.visit-ulcinj.com\/blog\/#website\",\"url\":\"https:\/\/www.visit-ulcinj.com\/blog\/\",\"name\":\"Lajme nga Ulqini\",\"description\":\"Lajme,Vijesti,Ulqini,Ulqin,Crna Gora,Mali i Zi\",\"potentialAction\":[{\"@type\":\"SearchAction\",\"target\":{\"@type\":\"EntryPoint\",\"urlTemplate\":\"https:\/\/www.visit-ulcinj.com\/blog\/?s={search_term_string}\"},\"query-input\":\"required name=search_term_string\"}],\"inLanguage\":\"en-US\"},{\"@type\":\"ImageObject\",\"inLanguage\":\"en-US\",\"@id\":\"https:\/\/www.visit-ulcinj.com\/blog\/2016\/05\/13\/incident-ne-kuvend-te-malit-te-zi-nderpritet-seanca-video\/#primaryimage\",\"url\":\"https:\/\/www.visit-ulcinj.com\/blog\/wp-content\/uploads\/2016\/05\/incident-kuvendi-mali-zi.jpg\",\"contentUrl\":\"https:\/\/www.visit-ulcinj.com\/blog\/wp-content\/uploads\/2016\/05\/incident-kuvendi-mali-zi.jpg\",\"width\":685,\"height\":424},{\"@type\":\"WebPage\",\"@id\":\"https:\/\/www.visit-ulcinj.com\/blog\/2016\/05\/13\/incident-ne-kuvend-te-malit-te-zi-nderpritet-seanca-video\/#webpage\",\"url\":\"https:\/\/www.visit-ulcinj.com\/blog\/2016\/05\/13\/incident-ne-kuvend-te-malit-te-zi-nderpritet-seanca-video\/\",\"name\":\"Incident n\u00eb kuvend t\u00eb Malit t\u00eb Zi, nd\u00ebrpritet seanca -Video - Lajme nga Ulqini\",\"isPartOf\":{\"@id\":\"https:\/\/www.visit-ulcinj.com\/blog\/#website\"},\"primaryImageOfPage\":{\"@id\":\"https:\/\/www.visit-ulcinj.com\/blog\/2016\/05\/13\/incident-ne-kuvend-te-malit-te-zi-nderpritet-seanca-video\/#primaryimage\"},\"datePublished\":\"2016-05-13T17:41:21+00:00\",\"dateModified\":\"2016-05-14T18:24:02+00:00\",\"author\":{\"@id\":\"https:\/\/www.visit-ulcinj.com\/blog\/#\/schema\/person\/dcab619c614d3038751c63bc2aadc06d\"},\"description\":\"\u00cbsht\u00eb nd\u00ebrprer\u00eb seanca e Kuvendit n\u00eb t\u00eb cil\u00ebn \u00ebsht\u00eb dashur t\u00eb diskutohet mbi an\u00ebtar\u00ebt e rinj t\u00eb qeveris\u00eb s\u00eb besimit zgjedhor. Seanca e parlamentit t\u00eb\",\"breadcrumb\":{\"@id\":\"https:\/\/www.visit-ulcinj.com\/blog\/2016\/05\/13\/incident-ne-kuvend-te-malit-te-zi-nderpritet-seanca-video\/#breadcrumb\"},\"inLanguage\":\"en-US\",\"potentialAction\":[{\"@type\":\"ReadAction\",\"target\":[\"https:\/\/www.visit-ulcinj.com\/blog\/2016\/05\/13\/incident-ne-kuvend-te-malit-te-zi-nderpritet-seanca-video\/\"]}]},{\"@type\":\"BreadcrumbList\",\"@id\":\"https:\/\/www.visit-ulcinj.com\/blog\/2016\/05\/13\/incident-ne-kuvend-te-malit-te-zi-nderpritet-seanca-video\/#breadcrumb\",\"itemListElement\":[{\"@type\":\"ListItem\",\"position\":1,\"name\":\"Incident n\u00eb kuvend t\u00eb Malit t\u00eb Zi, nd\u00ebrpritet seanca -Video\"}]},{\"@type\":\"Person\",\"@id\":\"https:\/\/www.visit-ulcinj.com\/blog\/#\/schema\/person\/dcab619c614d3038751c63bc2aadc06d\",\"name\":\"ulqini\",\"sameAs\":[\"http:\/\/www.visit-ulcinj.com\"],\"url\":\"https:\/\/www.visit-ulcinj.com\/blog\/author\/admin\/\"}]}<\/script>\n<!-- \/ Yoast SEO plugin. -->","yoast_head_json":{"title":"Incident n\u00eb kuvend t\u00eb Malit t\u00eb Zi, nd\u00ebrpritet seanca -Video - Lajme nga Ulqini","description":"\u00cbsht\u00eb nd\u00ebrprer\u00eb seanca e Kuvendit n\u00eb t\u00eb cil\u00ebn \u00ebsht\u00eb dashur t\u00eb diskutohet mbi an\u00ebtar\u00ebt e rinj t\u00eb qeveris\u00eb s\u00eb besimit zgjedhor. Seanca e parlamentit t\u00eb","robots":{"index":"index","follow":"follow","max-snippet":"max-snippet:-1","max-image-preview":"max-image-preview:large","max-video-preview":"max-video-preview:-1"},"canonical":"https:\/\/www.visit-ulcinj.com\/blog\/2016\/05\/13\/incident-ne-kuvend-te-malit-te-zi-nderpritet-seanca-video\/","og_locale":"en_US","og_type":"article","og_title":"Incident n\u00eb kuvend t\u00eb Malit t\u00eb Zi, nd\u00ebrpritet seanca -Video - Lajme nga Ulqini","og_description":"\u00cbsht\u00eb nd\u00ebrprer\u00eb seanca e Kuvendit n\u00eb t\u00eb cil\u00ebn \u00ebsht\u00eb dashur t\u00eb diskutohet mbi an\u00ebtar\u00ebt e rinj t\u00eb qeveris\u00eb s\u00eb besimit zgjedhor. Seanca e parlamentit t\u00eb","og_url":"https:\/\/www.visit-ulcinj.com\/blog\/2016\/05\/13\/incident-ne-kuvend-te-malit-te-zi-nderpritet-seanca-video\/","og_site_name":"Lajme nga Ulqini","article_published_time":"2016-05-13T17:41:21+00:00","article_modified_time":"2016-05-14T18:24:02+00:00","og_image":[{"url":"http:\/\/www.visit-ulcinj.com\/blog\/wp-content\/uploads\/2016\/05\/incident-kuvendi-mali-zi.jpg"}],"twitter_misc":{"Written by":"ulqini","Est. reading time":"2 minutes"},"schema":{"@context":"https:\/\/schema.org","@graph":[{"@type":"WebSite","@id":"https:\/\/www.visit-ulcinj.com\/blog\/#website","url":"https:\/\/www.visit-ulcinj.com\/blog\/","name":"Lajme nga Ulqini","description":"Lajme,Vijesti,Ulqini,Ulqin,Crna Gora,Mali i Zi","potentialAction":[{"@type":"SearchAction","target":{"@type":"EntryPoint","urlTemplate":"https:\/\/www.visit-ulcinj.com\/blog\/?s={search_term_string}"},"query-input":"required name=search_term_string"}],"inLanguage":"en-US"},{"@type":"ImageObject","inLanguage":"en-US","@id":"https:\/\/www.visit-ulcinj.com\/blog\/2016\/05\/13\/incident-ne-kuvend-te-malit-te-zi-nderpritet-seanca-video\/#primaryimage","url":"https:\/\/www.visit-ulcinj.com\/blog\/wp-content\/uploads\/2016\/05\/incident-kuvendi-mali-zi.jpg","contentUrl":"https:\/\/www.visit-ulcinj.com\/blog\/wp-content\/uploads\/2016\/05\/incident-kuvendi-mali-zi.jpg","width":685,"height":424},{"@type":"WebPage","@id":"https:\/\/www.visit-ulcinj.com\/blog\/2016\/05\/13\/incident-ne-kuvend-te-malit-te-zi-nderpritet-seanca-video\/#webpage","url":"https:\/\/www.visit-ulcinj.com\/blog\/2016\/05\/13\/incident-ne-kuvend-te-malit-te-zi-nderpritet-seanca-video\/","name":"Incident n\u00eb kuvend t\u00eb Malit t\u00eb Zi, nd\u00ebrpritet seanca -Video - Lajme nga Ulqini","isPartOf":{"@id":"https:\/\/www.visit-ulcinj.com\/blog\/#website"},"primaryImageOfPage":{"@id":"https:\/\/www.visit-ulcinj.com\/blog\/2016\/05\/13\/incident-ne-kuvend-te-malit-te-zi-nderpritet-seanca-video\/#primaryimage"},"datePublished":"2016-05-13T17:41:21+00:00","dateModified":"2016-05-14T18:24:02+00:00","author":{"@id":"https:\/\/www.visit-ulcinj.com\/blog\/#\/schema\/person\/dcab619c614d3038751c63bc2aadc06d"},"description":"\u00cbsht\u00eb nd\u00ebrprer\u00eb seanca e Kuvendit n\u00eb t\u00eb cil\u00ebn \u00ebsht\u00eb dashur t\u00eb diskutohet mbi an\u00ebtar\u00ebt e rinj t\u00eb qeveris\u00eb s\u00eb besimit zgjedhor. Seanca e parlamentit t\u00eb","breadcrumb":{"@id":"https:\/\/www.visit-ulcinj.com\/blog\/2016\/05\/13\/incident-ne-kuvend-te-malit-te-zi-nderpritet-seanca-video\/#breadcrumb"},"inLanguage":"en-US","potentialAction":[{"@type":"ReadAction","target":["https:\/\/www.visit-ulcinj.com\/blog\/2016\/05\/13\/incident-ne-kuvend-te-malit-te-zi-nderpritet-seanca-video\/"]}]},{"@type":"BreadcrumbList","@id":"https:\/\/www.visit-ulcinj.com\/blog\/2016\/05\/13\/incident-ne-kuvend-te-malit-te-zi-nderpritet-seanca-video\/#breadcrumb","itemListElement":[{"@type":"ListItem","position":1,"name":"Incident n\u00eb kuvend t\u00eb Malit t\u00eb Zi, nd\u00ebrpritet seanca -Video"}]},{"@type":"Person","@id":"https:\/\/www.visit-ulcinj.com\/blog\/#\/schema\/person\/dcab619c614d3038751c63bc2aadc06d","name":"ulqini","sameAs":["http:\/\/www.visit-ulcinj.com"],"url":"https:\/\/www.visit-ulcinj.com\/blog\/author\/admin\/"}]}},"jetpack_featured_media_url":"","jetpack_sharing_enabled":true,"jetpack_shortlink":"https:\/\/wp.me\/pe6lTn-pbi","_links":{"self":[{"href":"https:\/\/www.visit-ulcinj.com\/blog\/wp-json\/wp\/v2\/posts\/96800"}],"collection":[{"href":"https:\/\/www.visit-ulcinj.com\/blog\/wp-json\/wp\/v2\/posts"}],"about":[{"href":"https:\/\/www.visit-ulcinj.com\/blog\/wp-json\/wp\/v2\/types\/post"}],"author":[{"embeddable":true,"href":"https:\/\/www.visit-ulcinj.com\/blog\/wp-json\/wp\/v2\/users\/1"}],"replies":[{"embeddable":true,"href":"https:\/\/www.visit-ulcinj.com\/blog\/wp-json\/wp\/v2\/comments?post=96800"}],"version-history":[{"count":1,"href":"https:\/\/www.visit-ulcinj.com\/blog\/wp-json\/wp\/v2\/posts\/96800\/revisions"}],"predecessor-version":[{"id":96802,"href":"https:\/\/www.visit-ulcinj.com\/blog\/wp-json\/wp\/v2\/posts\/96800\/revisions\/96802"}],"wp:attachment":[{"href":"https:\/\/www.visit-ulcinj.com\/blog\/wp-json\/wp\/v2\/media?parent=96800"}],"wp:term":[{"taxonomy":"category","embeddable":true,"href":"https:\/\/www.visit-ulcinj.com\/blog\/wp-json\/wp\/v2\/categories?post=96800"},{"taxonomy":"post_tag","embeddable":true,"href":"https:\/\/www.visit-ulcinj.com\/blog\/wp-json\/wp\/v2\/tags?post=96800"}],"curies":[{"name":"wp","href":"https:\/\/api.w.org\/{rel}","templated":true}]}}