{"id":96814,"date":"2016-05-14T18:29:27","date_gmt":"2016-05-14T17:29:27","guid":{"rendered":"http:\/\/www.visit-ulcinj.com\/blog\/?p=96814"},"modified":"2016-05-14T18:30:04","modified_gmt":"2016-05-14T17:30:04","slug":"kineski-turoperatori-u-ulcinju","status":"publish","type":"post","link":"https:\/\/www.visit-ulcinj.com\/blog\/2016\/05\/14\/kineski-turoperatori-u-ulcinju\/","title":{"rendered":"Kineski turoperatori u Ulcinju + Foto"},"content":{"rendered":"<p><strong><a href=\"http:\/\/www.visit-ulcinj.com\/blog\/wp-content\/uploads\/2016\/05\/Turoperator\u00ebt-nga-Kina-ne-Ulqin-7.jpg\"><img loading=\"lazy\" class=\"alignleft wp-image-96809\" src=\"http:\/\/www.visit-ulcinj.com\/blog\/wp-content\/uploads\/2016\/05\/Turoperator\u00ebt-nga-Kina-ne-Ulqin-7.jpg\" alt=\"Turoperator\u00ebt nga Kina ne Ulqin-7\" width=\"508\" height=\"381\" srcset=\"https:\/\/www.visit-ulcinj.com\/blog\/wp-content\/uploads\/2016\/05\/Turoperator\u00ebt-nga-Kina-ne-Ulqin-7.jpg 663w, https:\/\/www.visit-ulcinj.com\/blog\/wp-content\/uploads\/2016\/05\/Turoperator\u00ebt-nga-Kina-ne-Ulqin-7-300x225.jpg 300w\" sizes=\"(max-width: 508px) 100vw, 508px\" \/><\/a><\/strong>U organizaciji Nacionalne Turisti\u010dke Organizacije Crne Gore u periodu od 12 do15.maja u Crnoj gori boravi studijska grupa turoperatora iz Kine. Posjeta je organizovana u saradnji sa Air Srbijom i lokalnim organizacijama Ulcinja, Bara, Tivta, Kotora i Budve.<\/p>\n<p>U grupi su predstavnici 8 kineskih turoperatera: Hong kong Economic times, Ming Pao Daily news, national geographic Traveler, head of Corporate \u2013 Communications Greater China, U Magazine, Voyage Magazine.<\/p>\n<p>U petak, 13.maja ova studijska grupa boravila je u posjeti Ulcinju, gdje su bili u prilici da posjete Stari grad gdje ime je vodi\u010d objasnio ne\u0161to vi\u0161e o istoriji Starog grada sa posebnim akcentom na trgovinu robova u Ulcinju, Migela de Servantesa, ulcinjskim gusarima, kulturno istorijskim znamenitostima itd. Prelijep sun\u010dan dan i prekrasan pogled koji se pru\u017ea sa staroga grada su bili razlog vi\u0161e da oni naprave mnogo fotografija. Nakon toga su laganom vo\u017enjom stigli do Velike pla\u017ee i Ade Bojane koje su neizostavne destinacije ukoliko se nalazite u Ulcinju, a bili su o\u010darani kilometrima duge pjeskovite ulcinjske pla\u017ee. Kratak odmor su imali tokom ru\u010dka u restoranu Antique na velikoj pla\u017ei, koji se pobrinuo za jako ukusne i dekorativne specijalitete, gdje su na\u0161i gosti u predivnom ukusu i autenti\u010dnom ambijentu u\u017eivali tokom pripreme hrane na ulcinjski na\u010din.<\/p>\n<p>Sa velikim osmjehom na licu i puni utisaka, kao i sa velikom zahvalno\u0161\u0107u jer smo im omogu\u0107ili da na pravi na\u010din do\u017eive Ulcinj, na\u0161i gosti iz Kine su napustili na\u0161 grad i krenuli prema Budvi kako je predvi\u0111eno programom koji je napravljen za njih.<\/p>\n<p>Kina \u00a0je najbr\u017ee rastu\u0107e emitivno tr\u017ei\u0161te a jedno, radi se o najve\u0107im potro\u0161a\u010dima koji tokom jednog putovanja potro\u0161e u prosjeku 3,5 hiljade dolara. Presudni faktori tokom odabira destinacije su bezbjednost, komfor, prirodne ljepote, lokalna kultura, tradicija i obi\u010daji, \u0161to kandiduje Crnu Goru kao destinaciju za odmor turista sa ovog tr\u017ei\u0161ta.<\/p>\n<p>Stru\u010dna slu\u017eba TO Ulcinj<\/p>\n\n\t\t<style type=\"text\/css\">\n\t\t\t#gallery-1 {\n\t\t\t\tmargin: auto;\n\t\t\t}\n\t\t\t#gallery-1 .gallery-item {\n\t\t\t\tfloat: left;\n\t\t\t\tmargin-top: 10px;\n\t\t\t\ttext-align: center;\n\t\t\t\twidth: 33%;\n\t\t\t}\n\t\t\t#gallery-1 img {\n\t\t\t\tborder: 2px solid #cfcfcf;\n\t\t\t}\n\t\t\t#gallery-1 .gallery-caption {\n\t\t\t\tmargin-left: 0;\n\t\t\t}\n\t\t\t\/* see gallery_shortcode() in wp-includes\/media.php *\/\n\t\t<\/style>\n\t\t<div id='gallery-1' class='gallery galleryid-96814 gallery-columns-3 gallery-size-thumbnail'><dl class='gallery-item'>\n\t\t\t<dt class='gallery-icon landscape'>\n\t\t\t\t<a href='https:\/\/www.visit-ulcinj.com\/blog\/2016\/05\/14\/turoperatoret-nga-kina-njoftohen-mundesite-qe-ofron-ulqini\/turoperatoret-nga-kina-ne-ulqin-1\/'><img width=\"150\" height=\"150\" src=\"https:\/\/www.visit-ulcinj.com\/blog\/wp-content\/uploads\/2016\/05\/Turoperator\u00ebt-nga-Kina-ne-Ulqin-1-150x150.jpg\" class=\"attachment-thumbnail size-thumbnail\" alt=\"\" loading=\"lazy\" \/><\/a>\n\t\t\t<\/dt><\/dl><dl class='gallery-item'>\n\t\t\t<dt class='gallery-icon landscape'>\n\t\t\t\t<a href='https:\/\/www.visit-ulcinj.com\/blog\/2016\/05\/14\/turoperatoret-nga-kina-njoftohen-mundesite-qe-ofron-ulqini\/turoperatoret-nga-kina-ne-ulqin\/'><img width=\"150\" height=\"150\" src=\"https:\/\/www.visit-ulcinj.com\/blog\/wp-content\/uploads\/2016\/05\/Turoperator\u00ebt-nga-Kina-ne-Ulqin--150x150.jpg\" class=\"attachment-thumbnail size-thumbnail\" alt=\"\" loading=\"lazy\" \/><\/a>\n\t\t\t<\/dt><\/dl><dl class='gallery-item'>\n\t\t\t<dt class='gallery-icon landscape'>\n\t\t\t\t<a href='https:\/\/www.visit-ulcinj.com\/blog\/2016\/05\/14\/turoperatoret-nga-kina-njoftohen-mundesite-qe-ofron-ulqini\/turoperatoret-nga-kina-ne-ulqin-8\/'><img width=\"150\" height=\"150\" src=\"https:\/\/www.visit-ulcinj.com\/blog\/wp-content\/uploads\/2016\/05\/Turoperator\u00ebt-nga-Kina-ne-Ulqin-8-150x150.jpg\" class=\"attachment-thumbnail size-thumbnail\" alt=\"\" loading=\"lazy\" \/><\/a>\n\t\t\t<\/dt><\/dl><br style=\"clear: both\" \/><dl class='gallery-item'>\n\t\t\t<dt class='gallery-icon landscape'>\n\t\t\t\t<a href='https:\/\/www.visit-ulcinj.com\/blog\/2016\/05\/14\/turoperatoret-nga-kina-njoftohen-mundesite-qe-ofron-ulqini\/turoperatoret-nga-kina-ne-ulqin-6\/'><img width=\"150\" height=\"150\" src=\"https:\/\/www.visit-ulcinj.com\/blog\/wp-content\/uploads\/2016\/05\/Turoperator\u00ebt-nga-Kina-ne-Ulqin-6-150x150.jpg\" class=\"attachment-thumbnail size-thumbnail\" alt=\"\" loading=\"lazy\" \/><\/a>\n\t\t\t<\/dt><\/dl><dl class='gallery-item'>\n\t\t\t<dt class='gallery-icon landscape'>\n\t\t\t\t<a href='https:\/\/www.visit-ulcinj.com\/blog\/2016\/05\/14\/turoperatoret-nga-kina-njoftohen-mundesite-qe-ofron-ulqini\/turoperatoret-nga-kina-ne-ulqin-5\/'><img width=\"150\" height=\"150\" src=\"https:\/\/www.visit-ulcinj.com\/blog\/wp-content\/uploads\/2016\/05\/Turoperator\u00ebt-nga-Kina-ne-Ulqin-5-150x150.jpg\" class=\"attachment-thumbnail size-thumbnail\" alt=\"\" loading=\"lazy\" \/><\/a>\n\t\t\t<\/dt><\/dl><dl class='gallery-item'>\n\t\t\t<dt class='gallery-icon landscape'>\n\t\t\t\t<a href='https:\/\/www.visit-ulcinj.com\/blog\/2016\/05\/14\/turoperatoret-nga-kina-njoftohen-mundesite-qe-ofron-ulqini\/turoperatoret-nga-kina-ne-ulqin-4\/'><img width=\"150\" height=\"150\" src=\"https:\/\/www.visit-ulcinj.com\/blog\/wp-content\/uploads\/2016\/05\/Turoperator\u00ebt-nga-Kina-ne-Ulqin-4-150x150.jpg\" class=\"attachment-thumbnail size-thumbnail\" alt=\"\" loading=\"lazy\" \/><\/a>\n\t\t\t<\/dt><\/dl><br style=\"clear: both\" \/><dl class='gallery-item'>\n\t\t\t<dt class='gallery-icon landscape'>\n\t\t\t\t<a href='https:\/\/www.visit-ulcinj.com\/blog\/2016\/05\/14\/turoperatoret-nga-kina-njoftohen-mundesite-qe-ofron-ulqini\/turoperatoret-nga-kina-ne-ulqin-3\/'><img width=\"150\" height=\"150\" src=\"https:\/\/www.visit-ulcinj.com\/blog\/wp-content\/uploads\/2016\/05\/Turoperator\u00ebt-nga-Kina-ne-Ulqin-3-150x150.jpg\" class=\"attachment-thumbnail size-thumbnail\" alt=\"\" loading=\"lazy\" \/><\/a>\n\t\t\t<\/dt><\/dl><dl class='gallery-item'>\n\t\t\t<dt class='gallery-icon landscape'>\n\t\t\t\t<a href='https:\/\/www.visit-ulcinj.com\/blog\/2016\/05\/14\/turoperatoret-nga-kina-njoftohen-mundesite-qe-ofron-ulqini\/turoperatoret-nga-kina-ne-ulqin-2\/'><img width=\"150\" height=\"150\" src=\"https:\/\/www.visit-ulcinj.com\/blog\/wp-content\/uploads\/2016\/05\/Turoperator\u00ebt-nga-Kina-ne-Ulqin-2-150x150.jpg\" class=\"attachment-thumbnail size-thumbnail\" alt=\"\" loading=\"lazy\" \/><\/a>\n\t\t\t<\/dt><\/dl>\n\t\t\t<br style='clear: both' \/>\n\t\t<\/div>\n\n","protected":false},"excerpt":{"rendered":"<p>U organizaciji Nacionalne Turisti\u010dke Organizacije Crne Gore u periodu od 12 do15.maja u Crnoj gori boravi studijska grupa turoperatora iz Kine. Posjeta je organizovana u saradnji sa Air Srbijom i lokalnim organizacijama Ulcinja, Bara, Tivta, Kotora i Budve. U grupi su predstavnici 8 kineskih turoperatera: Hong kong Economic times, Ming Pao Daily news, national geographic [&hellip;]<\/p>\n","protected":false},"author":1,"featured_media":0,"comment_status":"closed","ping_status":"closed","sticky":false,"template":"","format":"standard","meta":{"spay_email":"","jetpack_publicize_message":"","jetpack_is_tweetstorm":false,"jetpack_publicize_feature_enabled":true},"categories":[8337],"tags":[],"jetpack_publicize_connections":[],"yoast_head":"<!-- This site is optimized with the Yoast SEO plugin v19.1 - https:\/\/yoast.com\/wordpress\/plugins\/seo\/ -->\n<title>Kineski turoperatori u Ulcinju + Foto - Lajme nga Ulqini<\/title>\n<meta name=\"description\" content=\"U organizaciji Nacionalne Turisti\u010dke Organizacije Crne Gore u periodu od 12 do15.maja u Crnoj gori boravi studijska grupa turoperatora iz Kine. Posjeta je\" \/>\n<meta name=\"robots\" content=\"index, follow, max-snippet:-1, max-image-preview:large, max-video-preview:-1\" \/>\n<link rel=\"canonical\" href=\"https:\/\/www.visit-ulcinj.com\/blog\/2016\/05\/14\/kineski-turoperatori-u-ulcinju\/\" \/>\n<meta property=\"og:locale\" content=\"en_US\" \/>\n<meta property=\"og:type\" content=\"article\" \/>\n<meta property=\"og:title\" content=\"Kineski turoperatori u Ulcinju + Foto - Lajme nga Ulqini\" \/>\n<meta property=\"og:description\" content=\"U organizaciji Nacionalne Turisti\u010dke Organizacije Crne Gore u periodu od 12 do15.maja u Crnoj gori boravi studijska grupa turoperatora iz Kine. Posjeta je\" \/>\n<meta property=\"og:url\" content=\"https:\/\/www.visit-ulcinj.com\/blog\/2016\/05\/14\/kineski-turoperatori-u-ulcinju\/\" \/>\n<meta property=\"og:site_name\" content=\"Lajme nga Ulqini\" \/>\n<meta property=\"article:published_time\" content=\"2016-05-14T17:29:27+00:00\" \/>\n<meta property=\"article:modified_time\" content=\"2016-05-14T17:30:04+00:00\" \/>\n<meta property=\"og:image\" content=\"https:\/\/www.visit-ulcinj.com\/blog\/wp-content\/uploads\/2016\/05\/Turoperator\u00ebt-nga-Kina-ne-Ulqin-1-150x150.jpg\" \/>\n<meta name=\"twitter:label1\" content=\"Written by\" \/>\n\t<meta name=\"twitter:data1\" content=\"ulqini\" \/>\n\t<meta name=\"twitter:label2\" content=\"Est. reading time\" \/>\n\t<meta name=\"twitter:data2\" content=\"2 minutes\" \/>\n<script type=\"application\/ld+json\" class=\"yoast-schema-graph\">{\"@context\":\"https:\/\/schema.org\",\"@graph\":[{\"@type\":\"WebSite\",\"@id\":\"https:\/\/www.visit-ulcinj.com\/blog\/#website\",\"url\":\"https:\/\/www.visit-ulcinj.com\/blog\/\",\"name\":\"Lajme nga Ulqini\",\"description\":\"Lajme,Vijesti,Ulqini,Ulqin,Crna Gora,Mali i Zi\",\"potentialAction\":[{\"@type\":\"SearchAction\",\"target\":{\"@type\":\"EntryPoint\",\"urlTemplate\":\"https:\/\/www.visit-ulcinj.com\/blog\/?s={search_term_string}\"},\"query-input\":\"required name=search_term_string\"}],\"inLanguage\":\"en-US\"},{\"@type\":\"WebPage\",\"@id\":\"https:\/\/www.visit-ulcinj.com\/blog\/2016\/05\/14\/kineski-turoperatori-u-ulcinju\/#webpage\",\"url\":\"https:\/\/www.visit-ulcinj.com\/blog\/2016\/05\/14\/kineski-turoperatori-u-ulcinju\/\",\"name\":\"Kineski turoperatori u Ulcinju + Foto - Lajme nga Ulqini\",\"isPartOf\":{\"@id\":\"https:\/\/www.visit-ulcinj.com\/blog\/#website\"},\"datePublished\":\"2016-05-14T17:29:27+00:00\",\"dateModified\":\"2016-05-14T17:30:04+00:00\",\"author\":{\"@id\":\"https:\/\/www.visit-ulcinj.com\/blog\/#\/schema\/person\/dcab619c614d3038751c63bc2aadc06d\"},\"description\":\"U organizaciji Nacionalne Turisti\u010dke Organizacije Crne Gore u periodu od 12 do15.maja u Crnoj gori boravi studijska grupa turoperatora iz Kine. Posjeta je\",\"breadcrumb\":{\"@id\":\"https:\/\/www.visit-ulcinj.com\/blog\/2016\/05\/14\/kineski-turoperatori-u-ulcinju\/#breadcrumb\"},\"inLanguage\":\"en-US\",\"potentialAction\":[{\"@type\":\"ReadAction\",\"target\":[\"https:\/\/www.visit-ulcinj.com\/blog\/2016\/05\/14\/kineski-turoperatori-u-ulcinju\/\"]}]},{\"@type\":\"BreadcrumbList\",\"@id\":\"https:\/\/www.visit-ulcinj.com\/blog\/2016\/05\/14\/kineski-turoperatori-u-ulcinju\/#breadcrumb\",\"itemListElement\":[{\"@type\":\"ListItem\",\"position\":1,\"name\":\"Kineski turoperatori u Ulcinju + Foto\"}]},{\"@type\":\"Person\",\"@id\":\"https:\/\/www.visit-ulcinj.com\/blog\/#\/schema\/person\/dcab619c614d3038751c63bc2aadc06d\",\"name\":\"ulqini\",\"sameAs\":[\"http:\/\/www.visit-ulcinj.com\"],\"url\":\"https:\/\/www.visit-ulcinj.com\/blog\/author\/admin\/\"}]}<\/script>\n<!-- \/ Yoast SEO plugin. -->","yoast_head_json":{"title":"Kineski turoperatori u Ulcinju + Foto - Lajme nga Ulqini","description":"U organizaciji Nacionalne Turisti\u010dke Organizacije Crne Gore u periodu od 12 do15.maja u Crnoj gori boravi studijska grupa turoperatora iz Kine. Posjeta je","robots":{"index":"index","follow":"follow","max-snippet":"max-snippet:-1","max-image-preview":"max-image-preview:large","max-video-preview":"max-video-preview:-1"},"canonical":"https:\/\/www.visit-ulcinj.com\/blog\/2016\/05\/14\/kineski-turoperatori-u-ulcinju\/","og_locale":"en_US","og_type":"article","og_title":"Kineski turoperatori u Ulcinju + Foto - Lajme nga Ulqini","og_description":"U organizaciji Nacionalne Turisti\u010dke Organizacije Crne Gore u periodu od 12 do15.maja u Crnoj gori boravi studijska grupa turoperatora iz Kine. Posjeta je","og_url":"https:\/\/www.visit-ulcinj.com\/blog\/2016\/05\/14\/kineski-turoperatori-u-ulcinju\/","og_site_name":"Lajme nga Ulqini","article_published_time":"2016-05-14T17:29:27+00:00","article_modified_time":"2016-05-14T17:30:04+00:00","og_image":[{"url":"https:\/\/www.visit-ulcinj.com\/blog\/wp-content\/uploads\/2016\/05\/Turoperator\u00ebt-nga-Kina-ne-Ulqin-1-150x150.jpg"}],"twitter_misc":{"Written by":"ulqini","Est. reading time":"2 minutes"},"schema":{"@context":"https:\/\/schema.org","@graph":[{"@type":"WebSite","@id":"https:\/\/www.visit-ulcinj.com\/blog\/#website","url":"https:\/\/www.visit-ulcinj.com\/blog\/","name":"Lajme nga Ulqini","description":"Lajme,Vijesti,Ulqini,Ulqin,Crna Gora,Mali i Zi","potentialAction":[{"@type":"SearchAction","target":{"@type":"EntryPoint","urlTemplate":"https:\/\/www.visit-ulcinj.com\/blog\/?s={search_term_string}"},"query-input":"required name=search_term_string"}],"inLanguage":"en-US"},{"@type":"WebPage","@id":"https:\/\/www.visit-ulcinj.com\/blog\/2016\/05\/14\/kineski-turoperatori-u-ulcinju\/#webpage","url":"https:\/\/www.visit-ulcinj.com\/blog\/2016\/05\/14\/kineski-turoperatori-u-ulcinju\/","name":"Kineski turoperatori u Ulcinju + Foto - Lajme nga Ulqini","isPartOf":{"@id":"https:\/\/www.visit-ulcinj.com\/blog\/#website"},"datePublished":"2016-05-14T17:29:27+00:00","dateModified":"2016-05-14T17:30:04+00:00","author":{"@id":"https:\/\/www.visit-ulcinj.com\/blog\/#\/schema\/person\/dcab619c614d3038751c63bc2aadc06d"},"description":"U organizaciji Nacionalne Turisti\u010dke Organizacije Crne Gore u periodu od 12 do15.maja u Crnoj gori boravi studijska grupa turoperatora iz Kine. Posjeta je","breadcrumb":{"@id":"https:\/\/www.visit-ulcinj.com\/blog\/2016\/05\/14\/kineski-turoperatori-u-ulcinju\/#breadcrumb"},"inLanguage":"en-US","potentialAction":[{"@type":"ReadAction","target":["https:\/\/www.visit-ulcinj.com\/blog\/2016\/05\/14\/kineski-turoperatori-u-ulcinju\/"]}]},{"@type":"BreadcrumbList","@id":"https:\/\/www.visit-ulcinj.com\/blog\/2016\/05\/14\/kineski-turoperatori-u-ulcinju\/#breadcrumb","itemListElement":[{"@type":"ListItem","position":1,"name":"Kineski turoperatori u Ulcinju + Foto"}]},{"@type":"Person","@id":"https:\/\/www.visit-ulcinj.com\/blog\/#\/schema\/person\/dcab619c614d3038751c63bc2aadc06d","name":"ulqini","sameAs":["http:\/\/www.visit-ulcinj.com"],"url":"https:\/\/www.visit-ulcinj.com\/blog\/author\/admin\/"}]}},"jetpack_featured_media_url":"","jetpack_sharing_enabled":true,"jetpack_shortlink":"https:\/\/wp.me\/pe6lTn-pbw","_links":{"self":[{"href":"https:\/\/www.visit-ulcinj.com\/blog\/wp-json\/wp\/v2\/posts\/96814"}],"collection":[{"href":"https:\/\/www.visit-ulcinj.com\/blog\/wp-json\/wp\/v2\/posts"}],"about":[{"href":"https:\/\/www.visit-ulcinj.com\/blog\/wp-json\/wp\/v2\/types\/post"}],"author":[{"embeddable":true,"href":"https:\/\/www.visit-ulcinj.com\/blog\/wp-json\/wp\/v2\/users\/1"}],"replies":[{"embeddable":true,"href":"https:\/\/www.visit-ulcinj.com\/blog\/wp-json\/wp\/v2\/comments?post=96814"}],"version-history":[{"count":2,"href":"https:\/\/www.visit-ulcinj.com\/blog\/wp-json\/wp\/v2\/posts\/96814\/revisions"}],"predecessor-version":[{"id":96816,"href":"https:\/\/www.visit-ulcinj.com\/blog\/wp-json\/wp\/v2\/posts\/96814\/revisions\/96816"}],"wp:attachment":[{"href":"https:\/\/www.visit-ulcinj.com\/blog\/wp-json\/wp\/v2\/media?parent=96814"}],"wp:term":[{"taxonomy":"category","embeddable":true,"href":"https:\/\/www.visit-ulcinj.com\/blog\/wp-json\/wp\/v2\/categories?post=96814"},{"taxonomy":"post_tag","embeddable":true,"href":"https:\/\/www.visit-ulcinj.com\/blog\/wp-json\/wp\/v2\/tags?post=96814"}],"curies":[{"name":"wp","href":"https:\/\/api.w.org\/{rel}","templated":true}]}}