{"id":96817,"date":"2016-05-14T18:34:44","date_gmt":"2016-05-14T17:34:44","guid":{"rendered":"http:\/\/www.visit-ulcinj.com\/blog\/?p=96817"},"modified":"2016-05-14T18:34:44","modified_gmt":"2016-05-14T17:34:44","slug":"fundjave-ndryshe-ben-prezantimin-shqiptaret-ne-new-york","status":"publish","type":"post","link":"https:\/\/www.visit-ulcinj.com\/blog\/2016\/05\/14\/fundjave-ndryshe-ben-prezantimin-shqiptaret-ne-new-york\/","title":{"rendered":"Fundjav\u00eb Ndryshe b\u00ebn prezantimin me shqiptar\u00ebt n\u00eb New York"},"content":{"rendered":"<p><a href=\"http:\/\/www.visit-ulcinj.com\/blog\/wp-content\/uploads\/2016\/05\/Fundjav\u00eb-Ndryshe-b\u00ebn-prezantimin-me-shqiptar\u00ebt-n\u00eb-New-York-1.jpg\"><img loading=\"lazy\" class=\"alignleft wp-image-96818\" src=\"http:\/\/www.visit-ulcinj.com\/blog\/wp-content\/uploads\/2016\/05\/Fundjav\u00eb-Ndryshe-b\u00ebn-prezantimin-me-shqiptar\u00ebt-n\u00eb-New-York-1.jpg\" alt=\"Fundjav\u00eb Ndryshe b\u00ebn prezantimin me shqiptar\u00ebt n\u00eb New York-1\" width=\"508\" height=\"381\" srcset=\"https:\/\/www.visit-ulcinj.com\/blog\/wp-content\/uploads\/2016\/05\/Fundjav\u00eb-Ndryshe-b\u00ebn-prezantimin-me-shqiptar\u00ebt-n\u00eb-New-York-1.jpg 663w, https:\/\/www.visit-ulcinj.com\/blog\/wp-content\/uploads\/2016\/05\/Fundjav\u00eb-Ndryshe-b\u00ebn-prezantimin-me-shqiptar\u00ebt-n\u00eb-New-York-1-300x225.jpg 300w\" sizes=\"(max-width: 508px) 100vw, 508px\" \/><\/a>Ftojm\u00eb shqiptar\u00ebt n\u00eb Amerik\u00eb t\u00eb b\u00ebhen pjes\u00eb e k\u00ebtij aktiviteti t\u00eb madh. D\u00ebshira e shqiptar\u00ebve t\u00eb Amerik\u00ebs p\u00ebr t\u00eb patur pran\u00eb p\u00ebrfaq\u00ebsuesit e Fundjav\u00ebs Ndryshe, fal\u00eb kontributit bamir\u00ebs t\u00eb shqip\u00ebtar\u00ebve t\u00eb Amerik\u00ebs po b\u00ebhet realitet. Per me shume informacion dhe detaje te <b>Fundjava Ndryshe <\/b>dhe ketij aktiviteti klikoni ne\u00a0<a href=\"https:\/\/www.facebook.com\/FundjaveNdryshe\/\" target=\"_blank\" data-saferedirecturl=\"https:\/\/www.google.com\/url?hl=fr&amp;q=https:\/\/www.facebook.com\/FundjaveNdryshe\/&amp;source=gmail&amp;ust=1463332531590000&amp;usg=AFQjCNHwyTjZgGrSeFybC49GttJtvKIE2g\">https:\/\/www.facebook.com\/<wbr \/>FundjaveNdryshe\/<\/a> ose telefoni Klaudio Rrokun ne <span id=\"skype_c2c_container\" class=\"skype_c2c_container notranslate\" dir=\"ltr\" tabindex=\"-1\" data-numbertocall=\"+13476714355\" data-numbertype=\"paid\" data-isfreecall=\"false\" data-isrtl=\"false\" data-ismobile=\"false\"><span class=\"skype_c2c_highlighting_inactive_common\" dir=\"ltr\"><span id=\"non_free_num_ui\" class=\"skype_c2c_textarea_span\"><img loading=\"lazy\" class=\"skype_c2c_logo_img\" src=\"resource:\/\/skype_ff_extension-at-jetpack\/skype_ff_extension\/data\/call_skype_logo.png\" width=\"0\" height=\"0\" \/><span class=\"skype_c2c_text_span\">347-671-4355<\/span><\/span><\/span><\/span> ose email <a href=\"mailto:klaudiorroku@gmail.com\" target=\"_blank\">klaudiorroku@gmail.com<\/a><\/p>\n<p>Aktiviteti do mbahet n\u00eb:<\/p>\n<p><b><i>Kur: T<\/i>\u00eb<i>\u00a0Enjt<\/i>\u00eb<i>n, 19 Maj 2016 n<\/i>\u00eb<i>\u00a0ora 6:30 PM<\/i><\/b><\/p>\n<p><b><i>Ku: Eastwood Manor &#8211; 3371 Eastchester Rd, Bronx NY 10469<\/i><\/b><\/p>\n<p>P\u00ebr m\u00eb\u00a0shum\u00eb\u00a0detaje shikoni posterin e bashkangjitur n\u00eb\u00a0k\u00ebt\u00eb\u00a0email.<\/p>\n<p><i>Ejani dhe b<\/i>\u00eb<i>huni pjes<\/i>\u00eb<i>\u00a0e k<\/i>\u00eb<i>tij projekti dhe mision shum<\/i>\u00eb<i>\u00a0bamir<\/i>\u00eb<i>s.\u00a0<\/i><\/p>\n","protected":false},"excerpt":{"rendered":"<p>Ftojm\u00eb shqiptar\u00ebt n\u00eb Amerik\u00eb t\u00eb b\u00ebhen pjes\u00eb e k\u00ebtij aktiviteti t\u00eb madh. D\u00ebshira e shqiptar\u00ebve t\u00eb Amerik\u00ebs p\u00ebr t\u00eb patur pran\u00eb p\u00ebrfaq\u00ebsuesit e Fundjav\u00ebs Ndryshe, fal\u00eb kontributit bamir\u00ebs t\u00eb shqip\u00ebtar\u00ebve t\u00eb Amerik\u00ebs po b\u00ebhet realitet. Per me shume informacion dhe detaje te Fundjava Ndryshe dhe ketij aktiviteti klikoni ne\u00a0https:\/\/www.facebook.com\/FundjaveNdryshe\/ ose telefoni Klaudio Rrokun ne 347-671-4355 [&hellip;]<\/p>\n","protected":false},"author":1,"featured_media":0,"comment_status":"closed","ping_status":"closed","sticky":false,"template":"","format":"standard","meta":{"spay_email":"","jetpack_publicize_message":"","jetpack_is_tweetstorm":false,"jetpack_publicize_feature_enabled":true},"categories":[7],"tags":[],"jetpack_publicize_connections":[],"yoast_head":"<!-- This site is optimized with the Yoast SEO plugin v19.1 - https:\/\/yoast.com\/wordpress\/plugins\/seo\/ -->\n<title>Fundjav\u00eb Ndryshe b\u00ebn prezantimin me shqiptar\u00ebt n\u00eb New York - Lajme nga Ulqini<\/title>\n<meta name=\"description\" content=\"Ftojm\u00eb shqiptar\u00ebt n\u00eb Amerik\u00eb t\u00eb b\u00ebhen pjes\u00eb e k\u00ebtij aktiviteti t\u00eb madh. D\u00ebshira e shqiptar\u00ebve t\u00eb Amerik\u00ebs p\u00ebr t\u00eb patur pran\u00eb p\u00ebrfaq\u00ebsuesit e Fundjav\u00ebs\" \/>\n<meta name=\"robots\" content=\"index, follow, max-snippet:-1, max-image-preview:large, max-video-preview:-1\" \/>\n<link rel=\"canonical\" href=\"https:\/\/www.visit-ulcinj.com\/blog\/2016\/05\/14\/fundjave-ndryshe-ben-prezantimin-shqiptaret-ne-new-york\/\" \/>\n<meta property=\"og:locale\" content=\"en_US\" \/>\n<meta property=\"og:type\" content=\"article\" \/>\n<meta property=\"og:title\" content=\"Fundjav\u00eb Ndryshe b\u00ebn prezantimin me shqiptar\u00ebt n\u00eb New York - Lajme nga Ulqini\" \/>\n<meta property=\"og:description\" content=\"Ftojm\u00eb shqiptar\u00ebt n\u00eb Amerik\u00eb t\u00eb b\u00ebhen pjes\u00eb e k\u00ebtij aktiviteti t\u00eb madh. D\u00ebshira e shqiptar\u00ebve t\u00eb Amerik\u00ebs p\u00ebr t\u00eb patur pran\u00eb p\u00ebrfaq\u00ebsuesit e Fundjav\u00ebs\" \/>\n<meta property=\"og:url\" content=\"https:\/\/www.visit-ulcinj.com\/blog\/2016\/05\/14\/fundjave-ndryshe-ben-prezantimin-shqiptaret-ne-new-york\/\" \/>\n<meta property=\"og:site_name\" content=\"Lajme nga Ulqini\" \/>\n<meta property=\"article:published_time\" content=\"2016-05-14T17:34:44+00:00\" \/>\n<meta property=\"og:image\" content=\"\" \/>\n<meta name=\"twitter:label1\" content=\"Written by\" \/>\n\t<meta name=\"twitter:data1\" content=\"ulqini\" \/>\n\t<meta name=\"twitter:label2\" content=\"Est. reading time\" \/>\n\t<meta name=\"twitter:data2\" content=\"1 minute\" \/>\n<script type=\"application\/ld+json\" class=\"yoast-schema-graph\">{\"@context\":\"https:\/\/schema.org\",\"@graph\":[{\"@type\":\"WebSite\",\"@id\":\"https:\/\/www.visit-ulcinj.com\/blog\/#website\",\"url\":\"https:\/\/www.visit-ulcinj.com\/blog\/\",\"name\":\"Lajme nga Ulqini\",\"description\":\"Lajme,Vijesti,Ulqini,Ulqin,Crna Gora,Mali i Zi\",\"potentialAction\":[{\"@type\":\"SearchAction\",\"target\":{\"@type\":\"EntryPoint\",\"urlTemplate\":\"https:\/\/www.visit-ulcinj.com\/blog\/?s={search_term_string}\"},\"query-input\":\"required name=search_term_string\"}],\"inLanguage\":\"en-US\"},{\"@type\":\"ImageObject\",\"inLanguage\":\"en-US\",\"@id\":\"https:\/\/www.visit-ulcinj.com\/blog\/2016\/05\/14\/fundjave-ndryshe-ben-prezantimin-shqiptaret-ne-new-york\/#primaryimage\",\"url\":\"resource:\/\/skype_ff_extension-at-jetpack\/skype_ff_extension\/data\/call_skype_logo.png\",\"contentUrl\":\"resource:\/\/skype_ff_extension-at-jetpack\/skype_ff_extension\/data\/call_skype_logo.png\"},{\"@type\":\"WebPage\",\"@id\":\"https:\/\/www.visit-ulcinj.com\/blog\/2016\/05\/14\/fundjave-ndryshe-ben-prezantimin-shqiptaret-ne-new-york\/#webpage\",\"url\":\"https:\/\/www.visit-ulcinj.com\/blog\/2016\/05\/14\/fundjave-ndryshe-ben-prezantimin-shqiptaret-ne-new-york\/\",\"name\":\"Fundjav\u00eb Ndryshe b\u00ebn prezantimin me shqiptar\u00ebt n\u00eb New York - Lajme nga Ulqini\",\"isPartOf\":{\"@id\":\"https:\/\/www.visit-ulcinj.com\/blog\/#website\"},\"primaryImageOfPage\":{\"@id\":\"https:\/\/www.visit-ulcinj.com\/blog\/2016\/05\/14\/fundjave-ndryshe-ben-prezantimin-shqiptaret-ne-new-york\/#primaryimage\"},\"datePublished\":\"2016-05-14T17:34:44+00:00\",\"dateModified\":\"2016-05-14T17:34:44+00:00\",\"author\":{\"@id\":\"https:\/\/www.visit-ulcinj.com\/blog\/#\/schema\/person\/dcab619c614d3038751c63bc2aadc06d\"},\"description\":\"Ftojm\u00eb shqiptar\u00ebt n\u00eb Amerik\u00eb t\u00eb b\u00ebhen pjes\u00eb e k\u00ebtij aktiviteti t\u00eb madh. D\u00ebshira e shqiptar\u00ebve t\u00eb Amerik\u00ebs p\u00ebr t\u00eb patur pran\u00eb p\u00ebrfaq\u00ebsuesit e Fundjav\u00ebs\",\"breadcrumb\":{\"@id\":\"https:\/\/www.visit-ulcinj.com\/blog\/2016\/05\/14\/fundjave-ndryshe-ben-prezantimin-shqiptaret-ne-new-york\/#breadcrumb\"},\"inLanguage\":\"en-US\",\"potentialAction\":[{\"@type\":\"ReadAction\",\"target\":[\"https:\/\/www.visit-ulcinj.com\/blog\/2016\/05\/14\/fundjave-ndryshe-ben-prezantimin-shqiptaret-ne-new-york\/\"]}]},{\"@type\":\"BreadcrumbList\",\"@id\":\"https:\/\/www.visit-ulcinj.com\/blog\/2016\/05\/14\/fundjave-ndryshe-ben-prezantimin-shqiptaret-ne-new-york\/#breadcrumb\",\"itemListElement\":[{\"@type\":\"ListItem\",\"position\":1,\"name\":\"Fundjav\u00eb Ndryshe b\u00ebn prezantimin me shqiptar\u00ebt n\u00eb New York\"}]},{\"@type\":\"Person\",\"@id\":\"https:\/\/www.visit-ulcinj.com\/blog\/#\/schema\/person\/dcab619c614d3038751c63bc2aadc06d\",\"name\":\"ulqini\",\"sameAs\":[\"http:\/\/www.visit-ulcinj.com\"],\"url\":\"https:\/\/www.visit-ulcinj.com\/blog\/author\/admin\/\"}]}<\/script>\n<!-- \/ Yoast SEO plugin. -->","yoast_head_json":{"title":"Fundjav\u00eb Ndryshe b\u00ebn prezantimin me shqiptar\u00ebt n\u00eb New York - Lajme nga Ulqini","description":"Ftojm\u00eb shqiptar\u00ebt n\u00eb Amerik\u00eb t\u00eb b\u00ebhen pjes\u00eb e k\u00ebtij aktiviteti t\u00eb madh. D\u00ebshira e shqiptar\u00ebve t\u00eb Amerik\u00ebs p\u00ebr t\u00eb patur pran\u00eb p\u00ebrfaq\u00ebsuesit e Fundjav\u00ebs","robots":{"index":"index","follow":"follow","max-snippet":"max-snippet:-1","max-image-preview":"max-image-preview:large","max-video-preview":"max-video-preview:-1"},"canonical":"https:\/\/www.visit-ulcinj.com\/blog\/2016\/05\/14\/fundjave-ndryshe-ben-prezantimin-shqiptaret-ne-new-york\/","og_locale":"en_US","og_type":"article","og_title":"Fundjav\u00eb Ndryshe b\u00ebn prezantimin me shqiptar\u00ebt n\u00eb New York - Lajme nga Ulqini","og_description":"Ftojm\u00eb shqiptar\u00ebt n\u00eb Amerik\u00eb t\u00eb b\u00ebhen pjes\u00eb e k\u00ebtij aktiviteti t\u00eb madh. D\u00ebshira e shqiptar\u00ebve t\u00eb Amerik\u00ebs p\u00ebr t\u00eb patur pran\u00eb p\u00ebrfaq\u00ebsuesit e Fundjav\u00ebs","og_url":"https:\/\/www.visit-ulcinj.com\/blog\/2016\/05\/14\/fundjave-ndryshe-ben-prezantimin-shqiptaret-ne-new-york\/","og_site_name":"Lajme nga Ulqini","article_published_time":"2016-05-14T17:34:44+00:00","og_image":[{"url":"resource:\/\/skype_ff_extension-at-jetpack\/skype_ff_extension\/data\/call_skype_logo.png"}],"twitter_misc":{"Written by":"ulqini","Est. reading time":"1 minute"},"schema":{"@context":"https:\/\/schema.org","@graph":[{"@type":"WebSite","@id":"https:\/\/www.visit-ulcinj.com\/blog\/#website","url":"https:\/\/www.visit-ulcinj.com\/blog\/","name":"Lajme nga Ulqini","description":"Lajme,Vijesti,Ulqini,Ulqin,Crna Gora,Mali i Zi","potentialAction":[{"@type":"SearchAction","target":{"@type":"EntryPoint","urlTemplate":"https:\/\/www.visit-ulcinj.com\/blog\/?s={search_term_string}"},"query-input":"required name=search_term_string"}],"inLanguage":"en-US"},{"@type":"ImageObject","inLanguage":"en-US","@id":"https:\/\/www.visit-ulcinj.com\/blog\/2016\/05\/14\/fundjave-ndryshe-ben-prezantimin-shqiptaret-ne-new-york\/#primaryimage","url":"resource:\/\/skype_ff_extension-at-jetpack\/skype_ff_extension\/data\/call_skype_logo.png","contentUrl":"resource:\/\/skype_ff_extension-at-jetpack\/skype_ff_extension\/data\/call_skype_logo.png"},{"@type":"WebPage","@id":"https:\/\/www.visit-ulcinj.com\/blog\/2016\/05\/14\/fundjave-ndryshe-ben-prezantimin-shqiptaret-ne-new-york\/#webpage","url":"https:\/\/www.visit-ulcinj.com\/blog\/2016\/05\/14\/fundjave-ndryshe-ben-prezantimin-shqiptaret-ne-new-york\/","name":"Fundjav\u00eb Ndryshe b\u00ebn prezantimin me shqiptar\u00ebt n\u00eb New York - Lajme nga Ulqini","isPartOf":{"@id":"https:\/\/www.visit-ulcinj.com\/blog\/#website"},"primaryImageOfPage":{"@id":"https:\/\/www.visit-ulcinj.com\/blog\/2016\/05\/14\/fundjave-ndryshe-ben-prezantimin-shqiptaret-ne-new-york\/#primaryimage"},"datePublished":"2016-05-14T17:34:44+00:00","dateModified":"2016-05-14T17:34:44+00:00","author":{"@id":"https:\/\/www.visit-ulcinj.com\/blog\/#\/schema\/person\/dcab619c614d3038751c63bc2aadc06d"},"description":"Ftojm\u00eb shqiptar\u00ebt n\u00eb Amerik\u00eb t\u00eb b\u00ebhen pjes\u00eb e k\u00ebtij aktiviteti t\u00eb madh. D\u00ebshira e shqiptar\u00ebve t\u00eb Amerik\u00ebs p\u00ebr t\u00eb patur pran\u00eb p\u00ebrfaq\u00ebsuesit e Fundjav\u00ebs","breadcrumb":{"@id":"https:\/\/www.visit-ulcinj.com\/blog\/2016\/05\/14\/fundjave-ndryshe-ben-prezantimin-shqiptaret-ne-new-york\/#breadcrumb"},"inLanguage":"en-US","potentialAction":[{"@type":"ReadAction","target":["https:\/\/www.visit-ulcinj.com\/blog\/2016\/05\/14\/fundjave-ndryshe-ben-prezantimin-shqiptaret-ne-new-york\/"]}]},{"@type":"BreadcrumbList","@id":"https:\/\/www.visit-ulcinj.com\/blog\/2016\/05\/14\/fundjave-ndryshe-ben-prezantimin-shqiptaret-ne-new-york\/#breadcrumb","itemListElement":[{"@type":"ListItem","position":1,"name":"Fundjav\u00eb Ndryshe b\u00ebn prezantimin me shqiptar\u00ebt n\u00eb New York"}]},{"@type":"Person","@id":"https:\/\/www.visit-ulcinj.com\/blog\/#\/schema\/person\/dcab619c614d3038751c63bc2aadc06d","name":"ulqini","sameAs":["http:\/\/www.visit-ulcinj.com"],"url":"https:\/\/www.visit-ulcinj.com\/blog\/author\/admin\/"}]}},"jetpack_featured_media_url":"","jetpack_sharing_enabled":true,"jetpack_shortlink":"https:\/\/wp.me\/pe6lTn-pbz","_links":{"self":[{"href":"https:\/\/www.visit-ulcinj.com\/blog\/wp-json\/wp\/v2\/posts\/96817"}],"collection":[{"href":"https:\/\/www.visit-ulcinj.com\/blog\/wp-json\/wp\/v2\/posts"}],"about":[{"href":"https:\/\/www.visit-ulcinj.com\/blog\/wp-json\/wp\/v2\/types\/post"}],"author":[{"embeddable":true,"href":"https:\/\/www.visit-ulcinj.com\/blog\/wp-json\/wp\/v2\/users\/1"}],"replies":[{"embeddable":true,"href":"https:\/\/www.visit-ulcinj.com\/blog\/wp-json\/wp\/v2\/comments?post=96817"}],"version-history":[{"count":1,"href":"https:\/\/www.visit-ulcinj.com\/blog\/wp-json\/wp\/v2\/posts\/96817\/revisions"}],"predecessor-version":[{"id":96819,"href":"https:\/\/www.visit-ulcinj.com\/blog\/wp-json\/wp\/v2\/posts\/96817\/revisions\/96819"}],"wp:attachment":[{"href":"https:\/\/www.visit-ulcinj.com\/blog\/wp-json\/wp\/v2\/media?parent=96817"}],"wp:term":[{"taxonomy":"category","embeddable":true,"href":"https:\/\/www.visit-ulcinj.com\/blog\/wp-json\/wp\/v2\/categories?post=96817"},{"taxonomy":"post_tag","embeddable":true,"href":"https:\/\/www.visit-ulcinj.com\/blog\/wp-json\/wp\/v2\/tags?post=96817"}],"curies":[{"name":"wp","href":"https:\/\/api.w.org\/{rel}","templated":true}]}}