{"id":96826,"date":"2016-05-14T19:56:13","date_gmt":"2016-05-14T18:56:13","guid":{"rendered":"http:\/\/www.visit-ulcinj.com\/blog\/?p=96826"},"modified":"2016-05-14T19:56:13","modified_gmt":"2016-05-14T18:56:13","slug":"robert-de-niro-blen-shen-stefanin-ne-budva","status":"publish","type":"post","link":"https:\/\/www.visit-ulcinj.com\/blog\/2016\/05\/14\/robert-de-niro-blen-shen-stefanin-ne-budva\/","title":{"rendered":"Robert De Niro blen Sh\u00ebn Stefanin n\u00eb Budva"},"content":{"rendered":"<p><a href=\"http:\/\/www.visit-ulcinj.com\/blog\/wp-content\/uploads\/2011\/03\/sveti-stefan_Montenegro-is-rapidly-emerging-as-a-popular-destination.jpg\"><img loading=\"lazy\" class=\"alignleft wp-image-45357\" src=\"http:\/\/www.visit-ulcinj.com\/blog\/wp-content\/uploads\/2011\/03\/sveti-stefan_Montenegro-is-rapidly-emerging-as-a-popular-destination.jpg\" alt=\"sveti-stefan_Montenegro is rapidly emerging as a popular destination\" width=\"508\" height=\"381\" srcset=\"https:\/\/www.visit-ulcinj.com\/blog\/wp-content\/uploads\/2011\/03\/sveti-stefan_Montenegro-is-rapidly-emerging-as-a-popular-destination.jpg 550w, https:\/\/www.visit-ulcinj.com\/blog\/wp-content\/uploads\/2011\/03\/sveti-stefan_Montenegro-is-rapidly-emerging-as-a-popular-destination-300x225.jpg 300w\" sizes=\"(max-width: 508px) 100vw, 508px\" \/><\/a>Qeveria e Malit t\u00eb Zi vazhdon t\u00eb b\u00ebj\u00eb l\u00ebvizje t\u00eb forta p\u00ebr t\u00eb t\u00ebrhequr investime n\u00eb vendin e saj.<\/p>\n<p>Aktori i njohur hollivudian, Robert De Niro, p\u00ebr t\u00eb cilin ambasadori i SHBA-s\u00eb n\u00eb Shqip\u00ebri, Donald Lu tha se \u00ebsht\u00eb me origjin\u00eb shqiptare, ka bler\u00eb resortin turistik n\u00eb ishullin e Sh\u00ebn Stefanit n\u00eb Budva t\u00eb Malit t\u00eb Zi.<\/p>\n<p>Gazeta e Podgoric\u00ebs q\u00eb boton me shkronja cirilike \u201cDan\u201d, thekson se n\u00eb Sh\u00ebn Stefan \u00ebsht\u00eb hapur nj\u00eb filial i restorantit t\u00eb famsh\u00ebm japonez \u201cNobu\u201d q\u00eb ka pronar\u00eb \u201cmbretin\u201d e k\u00ebsaj marke, Nobuyuki Macuhisa, si dhe aktorin amerikan Robert De Niro.<\/p>\n<p>De Niro, i cili shpesh ka habitur opinionin publik me deklarimet e tij filoserbe, i ka v\u00ebn\u00eb vajz\u00ebs emrin \u201cDrena\u201d ashtu si\u00e7 serb\u00ebt i th\u00ebrrasin lumit \u201cDrin\u201d.<\/p>\n<p>Si\u00e7 b\u00ebri t\u00eb ditur p\u00ebrfaq\u00ebsuesi i nj\u00eb kompanie t\u00eb fuqishme turistike q\u00eb po sjell investitor\u00eb t\u00eb m\u00ebdhenj n\u00eb Mal t\u00eb Zi, De Niro dhe partneri i tij do t\u00eb investojn\u00eb 100 milion\u00eb euro p\u00ebr tre vjet\u00ebt e ardhshme.<\/p>\n<p>Kjo, pasi b\u00ebhet fjal\u00eb p\u00ebr nj\u00eb hotel t\u00eb klasit t\u00eb lart\u00eb q\u00eb do t\u00eb sjell\u00eb n\u00eb ishullin e Sh\u00ebn Stefanit turist\u00eb shum\u00eb t\u00eb pasur. Por fakt \u00ebsht\u00eb se ai resort \u00ebsht\u00eb pik\u00eb ku g\u00eblon bixhozi, pasi burgu i vjet\u00ebr i k\u00ebshtjell\u00ebs sh\u00ebrben si kazino ku shkojn\u00eb kriminel\u00ebt m\u00eb t\u00eb regjur t\u00eb Ballkanit.<\/p>\n<p>Hoteli i Sh\u00ebn Stefanit, i cili \u00ebsht\u00eb me 5 yje do t\u00eb ket\u00eb 60 dhoma 66 suita, pishina t\u00eb mbyllura, tarraca, biblioteka, palestra dhe bistrot caff\u00e8.<\/p>\n<p>P\u00ebrve\u00e7 hotelit, \u201cAdrijatik propertiz\u201d, firma q\u00eb ka regjistruar De Niro n\u00eb Mal t\u00eb Zi do t\u00eb vazhdoj\u00eb faz\u00ebn e dyt\u00eb t\u00eb projektit p\u00ebr t\u00eb nd\u00ebrtuar nj\u00eb qend\u00ebr tregtare dhe nj\u00eb qend\u00ebr konferencash, por edhe parking t\u00eb madh, nj\u00eb helioport, dy fusha tenisi dhe nj\u00eb bar n\u00eb plazh.<\/p>\n<p>Si fillim p\u00ebr t\u00eb rind\u00ebrtuar Sh\u00ebn Stefanin, firma q\u00eb drejtohet nga De Niro ka investuar 90 milion\u00eb dollar\u00eb.<\/p>\n<p>Koh\u00ebt e fundit Sh\u00ebn Stefani po b\u00ebhet vend i preferuar p\u00ebr turist\u00eb nga Azia dhe vendet arabe.<\/p>\n<p><strong>\/tesheshi.com\/<\/strong><\/p>\n","protected":false},"excerpt":{"rendered":"<p>Qeveria e Malit t\u00eb Zi vazhdon t\u00eb b\u00ebj\u00eb l\u00ebvizje t\u00eb forta p\u00ebr t\u00eb t\u00ebrhequr investime n\u00eb vendin e saj. Aktori i njohur hollivudian, Robert De Niro, p\u00ebr t\u00eb cilin ambasadori i SHBA-s\u00eb n\u00eb Shqip\u00ebri, Donald Lu tha se \u00ebsht\u00eb me origjin\u00eb shqiptare, ka bler\u00eb resortin turistik n\u00eb ishullin e Sh\u00ebn Stefanit n\u00eb Budva t\u00eb Malit [&hellip;]<\/p>\n","protected":false},"author":1,"featured_media":0,"comment_status":"closed","ping_status":"closed","sticky":false,"template":"","format":"standard","meta":{"spay_email":"","jetpack_publicize_message":"","jetpack_is_tweetstorm":false,"jetpack_publicize_feature_enabled":true},"categories":[2451],"tags":[],"jetpack_publicize_connections":[],"yoast_head":"<!-- This site is optimized with the Yoast SEO plugin v19.1 - https:\/\/yoast.com\/wordpress\/plugins\/seo\/ -->\n<title>Robert De Niro blen Sh\u00ebn Stefanin n\u00eb Budva - Lajme nga Ulqini<\/title>\n<meta name=\"description\" content=\"Qeveria e Malit t\u00eb Zi vazhdon t\u00eb b\u00ebj\u00eb l\u00ebvizje t\u00eb forta p\u00ebr t\u00eb t\u00ebrhequr investime n\u00eb vendin e saj. Aktori i njohur hollivudian, Robert De Niro, p\u00ebr t\u00eb\" \/>\n<meta name=\"robots\" content=\"index, follow, max-snippet:-1, max-image-preview:large, max-video-preview:-1\" \/>\n<link rel=\"canonical\" href=\"https:\/\/www.visit-ulcinj.com\/blog\/2016\/05\/14\/robert-de-niro-blen-shen-stefanin-ne-budva\/\" \/>\n<meta property=\"og:locale\" content=\"en_US\" \/>\n<meta property=\"og:type\" content=\"article\" \/>\n<meta property=\"og:title\" content=\"Robert De Niro blen Sh\u00ebn Stefanin n\u00eb Budva - Lajme nga Ulqini\" \/>\n<meta property=\"og:description\" content=\"Qeveria e Malit t\u00eb Zi vazhdon t\u00eb b\u00ebj\u00eb l\u00ebvizje t\u00eb forta p\u00ebr t\u00eb t\u00ebrhequr investime n\u00eb vendin e saj. Aktori i njohur hollivudian, Robert De Niro, p\u00ebr t\u00eb\" \/>\n<meta property=\"og:url\" content=\"https:\/\/www.visit-ulcinj.com\/blog\/2016\/05\/14\/robert-de-niro-blen-shen-stefanin-ne-budva\/\" \/>\n<meta property=\"og:site_name\" content=\"Lajme nga Ulqini\" \/>\n<meta property=\"article:published_time\" content=\"2016-05-14T18:56:13+00:00\" \/>\n<meta property=\"og:image\" content=\"http:\/\/www.visit-ulcinj.com\/blog\/wp-content\/uploads\/2011\/03\/sveti-stefan_Montenegro-is-rapidly-emerging-as-a-popular-destination.jpg\" \/>\n<meta name=\"twitter:label1\" content=\"Written by\" \/>\n\t<meta name=\"twitter:data1\" content=\"ulqini\" \/>\n\t<meta name=\"twitter:label2\" content=\"Est. reading time\" \/>\n\t<meta name=\"twitter:data2\" content=\"2 minutes\" \/>\n<script type=\"application\/ld+json\" class=\"yoast-schema-graph\">{\"@context\":\"https:\/\/schema.org\",\"@graph\":[{\"@type\":\"WebSite\",\"@id\":\"https:\/\/www.visit-ulcinj.com\/blog\/#website\",\"url\":\"https:\/\/www.visit-ulcinj.com\/blog\/\",\"name\":\"Lajme nga Ulqini\",\"description\":\"Lajme,Vijesti,Ulqini,Ulqin,Crna Gora,Mali i Zi\",\"potentialAction\":[{\"@type\":\"SearchAction\",\"target\":{\"@type\":\"EntryPoint\",\"urlTemplate\":\"https:\/\/www.visit-ulcinj.com\/blog\/?s={search_term_string}\"},\"query-input\":\"required name=search_term_string\"}],\"inLanguage\":\"en-US\"},{\"@type\":\"ImageObject\",\"inLanguage\":\"en-US\",\"@id\":\"https:\/\/www.visit-ulcinj.com\/blog\/2016\/05\/14\/robert-de-niro-blen-shen-stefanin-ne-budva\/#primaryimage\",\"url\":\"https:\/\/www.visit-ulcinj.com\/blog\/wp-content\/uploads\/2011\/03\/sveti-stefan_Montenegro-is-rapidly-emerging-as-a-popular-destination.jpg\",\"contentUrl\":\"https:\/\/www.visit-ulcinj.com\/blog\/wp-content\/uploads\/2011\/03\/sveti-stefan_Montenegro-is-rapidly-emerging-as-a-popular-destination.jpg\",\"width\":\"550\",\"height\":\"413\"},{\"@type\":\"WebPage\",\"@id\":\"https:\/\/www.visit-ulcinj.com\/blog\/2016\/05\/14\/robert-de-niro-blen-shen-stefanin-ne-budva\/#webpage\",\"url\":\"https:\/\/www.visit-ulcinj.com\/blog\/2016\/05\/14\/robert-de-niro-blen-shen-stefanin-ne-budva\/\",\"name\":\"Robert De Niro blen Sh\u00ebn Stefanin n\u00eb Budva - Lajme nga Ulqini\",\"isPartOf\":{\"@id\":\"https:\/\/www.visit-ulcinj.com\/blog\/#website\"},\"primaryImageOfPage\":{\"@id\":\"https:\/\/www.visit-ulcinj.com\/blog\/2016\/05\/14\/robert-de-niro-blen-shen-stefanin-ne-budva\/#primaryimage\"},\"datePublished\":\"2016-05-14T18:56:13+00:00\",\"dateModified\":\"2016-05-14T18:56:13+00:00\",\"author\":{\"@id\":\"https:\/\/www.visit-ulcinj.com\/blog\/#\/schema\/person\/dcab619c614d3038751c63bc2aadc06d\"},\"description\":\"Qeveria e Malit t\u00eb Zi vazhdon t\u00eb b\u00ebj\u00eb l\u00ebvizje t\u00eb forta p\u00ebr t\u00eb t\u00ebrhequr investime n\u00eb vendin e saj. Aktori i njohur hollivudian, Robert De Niro, p\u00ebr t\u00eb\",\"breadcrumb\":{\"@id\":\"https:\/\/www.visit-ulcinj.com\/blog\/2016\/05\/14\/robert-de-niro-blen-shen-stefanin-ne-budva\/#breadcrumb\"},\"inLanguage\":\"en-US\",\"potentialAction\":[{\"@type\":\"ReadAction\",\"target\":[\"https:\/\/www.visit-ulcinj.com\/blog\/2016\/05\/14\/robert-de-niro-blen-shen-stefanin-ne-budva\/\"]}]},{\"@type\":\"BreadcrumbList\",\"@id\":\"https:\/\/www.visit-ulcinj.com\/blog\/2016\/05\/14\/robert-de-niro-blen-shen-stefanin-ne-budva\/#breadcrumb\",\"itemListElement\":[{\"@type\":\"ListItem\",\"position\":1,\"name\":\"Robert De Niro blen Sh\u00ebn Stefanin n\u00eb Budva\"}]},{\"@type\":\"Person\",\"@id\":\"https:\/\/www.visit-ulcinj.com\/blog\/#\/schema\/person\/dcab619c614d3038751c63bc2aadc06d\",\"name\":\"ulqini\",\"sameAs\":[\"http:\/\/www.visit-ulcinj.com\"],\"url\":\"https:\/\/www.visit-ulcinj.com\/blog\/author\/admin\/\"}]}<\/script>\n<!-- \/ Yoast SEO plugin. -->","yoast_head_json":{"title":"Robert De Niro blen Sh\u00ebn Stefanin n\u00eb Budva - Lajme nga Ulqini","description":"Qeveria e Malit t\u00eb Zi vazhdon t\u00eb b\u00ebj\u00eb l\u00ebvizje t\u00eb forta p\u00ebr t\u00eb t\u00ebrhequr investime n\u00eb vendin e saj. Aktori i njohur hollivudian, Robert De Niro, p\u00ebr t\u00eb","robots":{"index":"index","follow":"follow","max-snippet":"max-snippet:-1","max-image-preview":"max-image-preview:large","max-video-preview":"max-video-preview:-1"},"canonical":"https:\/\/www.visit-ulcinj.com\/blog\/2016\/05\/14\/robert-de-niro-blen-shen-stefanin-ne-budva\/","og_locale":"en_US","og_type":"article","og_title":"Robert De Niro blen Sh\u00ebn Stefanin n\u00eb Budva - Lajme nga Ulqini","og_description":"Qeveria e Malit t\u00eb Zi vazhdon t\u00eb b\u00ebj\u00eb l\u00ebvizje t\u00eb forta p\u00ebr t\u00eb t\u00ebrhequr investime n\u00eb vendin e saj. Aktori i njohur hollivudian, Robert De Niro, p\u00ebr t\u00eb","og_url":"https:\/\/www.visit-ulcinj.com\/blog\/2016\/05\/14\/robert-de-niro-blen-shen-stefanin-ne-budva\/","og_site_name":"Lajme nga Ulqini","article_published_time":"2016-05-14T18:56:13+00:00","og_image":[{"url":"http:\/\/www.visit-ulcinj.com\/blog\/wp-content\/uploads\/2011\/03\/sveti-stefan_Montenegro-is-rapidly-emerging-as-a-popular-destination.jpg"}],"twitter_misc":{"Written by":"ulqini","Est. reading time":"2 minutes"},"schema":{"@context":"https:\/\/schema.org","@graph":[{"@type":"WebSite","@id":"https:\/\/www.visit-ulcinj.com\/blog\/#website","url":"https:\/\/www.visit-ulcinj.com\/blog\/","name":"Lajme nga Ulqini","description":"Lajme,Vijesti,Ulqini,Ulqin,Crna Gora,Mali i Zi","potentialAction":[{"@type":"SearchAction","target":{"@type":"EntryPoint","urlTemplate":"https:\/\/www.visit-ulcinj.com\/blog\/?s={search_term_string}"},"query-input":"required name=search_term_string"}],"inLanguage":"en-US"},{"@type":"ImageObject","inLanguage":"en-US","@id":"https:\/\/www.visit-ulcinj.com\/blog\/2016\/05\/14\/robert-de-niro-blen-shen-stefanin-ne-budva\/#primaryimage","url":"https:\/\/www.visit-ulcinj.com\/blog\/wp-content\/uploads\/2011\/03\/sveti-stefan_Montenegro-is-rapidly-emerging-as-a-popular-destination.jpg","contentUrl":"https:\/\/www.visit-ulcinj.com\/blog\/wp-content\/uploads\/2011\/03\/sveti-stefan_Montenegro-is-rapidly-emerging-as-a-popular-destination.jpg","width":"550","height":"413"},{"@type":"WebPage","@id":"https:\/\/www.visit-ulcinj.com\/blog\/2016\/05\/14\/robert-de-niro-blen-shen-stefanin-ne-budva\/#webpage","url":"https:\/\/www.visit-ulcinj.com\/blog\/2016\/05\/14\/robert-de-niro-blen-shen-stefanin-ne-budva\/","name":"Robert De Niro blen Sh\u00ebn Stefanin n\u00eb Budva - Lajme nga Ulqini","isPartOf":{"@id":"https:\/\/www.visit-ulcinj.com\/blog\/#website"},"primaryImageOfPage":{"@id":"https:\/\/www.visit-ulcinj.com\/blog\/2016\/05\/14\/robert-de-niro-blen-shen-stefanin-ne-budva\/#primaryimage"},"datePublished":"2016-05-14T18:56:13+00:00","dateModified":"2016-05-14T18:56:13+00:00","author":{"@id":"https:\/\/www.visit-ulcinj.com\/blog\/#\/schema\/person\/dcab619c614d3038751c63bc2aadc06d"},"description":"Qeveria e Malit t\u00eb Zi vazhdon t\u00eb b\u00ebj\u00eb l\u00ebvizje t\u00eb forta p\u00ebr t\u00eb t\u00ebrhequr investime n\u00eb vendin e saj. Aktori i njohur hollivudian, Robert De Niro, p\u00ebr t\u00eb","breadcrumb":{"@id":"https:\/\/www.visit-ulcinj.com\/blog\/2016\/05\/14\/robert-de-niro-blen-shen-stefanin-ne-budva\/#breadcrumb"},"inLanguage":"en-US","potentialAction":[{"@type":"ReadAction","target":["https:\/\/www.visit-ulcinj.com\/blog\/2016\/05\/14\/robert-de-niro-blen-shen-stefanin-ne-budva\/"]}]},{"@type":"BreadcrumbList","@id":"https:\/\/www.visit-ulcinj.com\/blog\/2016\/05\/14\/robert-de-niro-blen-shen-stefanin-ne-budva\/#breadcrumb","itemListElement":[{"@type":"ListItem","position":1,"name":"Robert De Niro blen Sh\u00ebn Stefanin n\u00eb Budva"}]},{"@type":"Person","@id":"https:\/\/www.visit-ulcinj.com\/blog\/#\/schema\/person\/dcab619c614d3038751c63bc2aadc06d","name":"ulqini","sameAs":["http:\/\/www.visit-ulcinj.com"],"url":"https:\/\/www.visit-ulcinj.com\/blog\/author\/admin\/"}]}},"jetpack_featured_media_url":"","jetpack_sharing_enabled":true,"jetpack_shortlink":"https:\/\/wp.me\/pe6lTn-pbI","_links":{"self":[{"href":"https:\/\/www.visit-ulcinj.com\/blog\/wp-json\/wp\/v2\/posts\/96826"}],"collection":[{"href":"https:\/\/www.visit-ulcinj.com\/blog\/wp-json\/wp\/v2\/posts"}],"about":[{"href":"https:\/\/www.visit-ulcinj.com\/blog\/wp-json\/wp\/v2\/types\/post"}],"author":[{"embeddable":true,"href":"https:\/\/www.visit-ulcinj.com\/blog\/wp-json\/wp\/v2\/users\/1"}],"replies":[{"embeddable":true,"href":"https:\/\/www.visit-ulcinj.com\/blog\/wp-json\/wp\/v2\/comments?post=96826"}],"version-history":[{"count":1,"href":"https:\/\/www.visit-ulcinj.com\/blog\/wp-json\/wp\/v2\/posts\/96826\/revisions"}],"predecessor-version":[{"id":96827,"href":"https:\/\/www.visit-ulcinj.com\/blog\/wp-json\/wp\/v2\/posts\/96826\/revisions\/96827"}],"wp:attachment":[{"href":"https:\/\/www.visit-ulcinj.com\/blog\/wp-json\/wp\/v2\/media?parent=96826"}],"wp:term":[{"taxonomy":"category","embeddable":true,"href":"https:\/\/www.visit-ulcinj.com\/blog\/wp-json\/wp\/v2\/categories?post=96826"},{"taxonomy":"post_tag","embeddable":true,"href":"https:\/\/www.visit-ulcinj.com\/blog\/wp-json\/wp\/v2\/tags?post=96826"}],"curies":[{"name":"wp","href":"https:\/\/api.w.org\/{rel}","templated":true}]}}