{"id":96830,"date":"2016-05-14T20:35:15","date_gmt":"2016-05-14T19:35:15","guid":{"rendered":"http:\/\/www.visit-ulcinj.com\/blog\/?p=96830"},"modified":"2016-05-14T20:35:15","modified_gmt":"2016-05-14T19:35:15","slug":"abazoviq-tashme-eshte-prekur-vertet-fundi","status":"publish","type":"post","link":"https:\/\/www.visit-ulcinj.com\/blog\/2016\/05\/14\/abazoviq-tashme-eshte-prekur-vertet-fundi\/","title":{"rendered":"Abazoviq: Tashm\u00eb \u00ebsht\u00eb prekur v\u00ebrtet fundi"},"content":{"rendered":"<p><a href=\"http:\/\/www.visit-ulcinj.com\/blog\/wp-content\/uploads\/2016\/05\/dritan-abazoviq-.jpg\"><img loading=\"lazy\" class=\"alignleft wp-image-96831\" src=\"http:\/\/www.visit-ulcinj.com\/blog\/wp-content\/uploads\/2016\/05\/dritan-abazoviq-.jpg\" alt=\"dritan-abazoviq-\" width=\"508\" height=\"319\" srcset=\"https:\/\/www.visit-ulcinj.com\/blog\/wp-content\/uploads\/2016\/05\/dritan-abazoviq-.jpg 560w, https:\/\/www.visit-ulcinj.com\/blog\/wp-content\/uploads\/2016\/05\/dritan-abazoviq--300x189.jpg 300w\" sizes=\"(max-width: 508px) 100vw, 508px\" \/><\/a>Deputeti i Pavarur Dritan Abazoviq \u00a0ka vler\u00ebsuar\u00a0 se\u00a0 vendi n\u00eb aspektin politik, sa i p\u00ebrket retorik\u00ebs dhe ambijentit t\u00eb p\u00ebrgjithsh\u00ebm politik \u00ebsht\u00eb shqet\u00ebsues ,ky duhet t\u00eb jet\u00eb fundi,andaj\u00a0 do t\u00eb ishte mir\u00eb dhe shum\u00eb e dobishme q\u00eb disa njer\u00ebz m\u00eb n\u00eb fund\u00a0 politikisht t\u00eb pensionohen, raporton portali TV Teuta.<\/p>\n<p>Duke komentuar mbi ngjarjet e sotme n\u00eb parlament, ai tha se \u00ebsht\u00eb \u00a0i trishtuar, dhe ndihet shum\u00eb keq ,edhe si deputet ,edhe si qytetar\u00eb.<\/p>\n<p>\u201cMendoj se vendi n\u00eb kuptimin\u00a0 e plot\u00eb politik ,sa I p\u00ebrket\u00a0 nj\u00eb retorike dhe mjedisit t\u00eb p\u00ebrgjithsh\u00ebm politik ka prekur fundin \u201c ka th\u00ebn\u00eb deputeti Abazoviq gazetar\u00ebve n\u00eb Parlament.<\/p>\n<p>Si\u00e7 tha ai, \u00a0jan\u00eb d\u00ebgjuar akuza t\u00eb ashpra t\u00eb nd\u00ebrjellta dhe shum\u00eb pak ka munguar t\u00eb marr\u00eb nj\u00eb tjet\u00ebr kahje ,p\u00ebrleshje fizike.<\/p>\n<p>\u201cDefinitivisht ky vend meriton m\u00eb mir\u00eb. \u00a0Ka mund\u00ebsi q\u00eb e meriton edhe k\u00ebt\u00eb gjendje , por p\u00ebrshtypja ime \u00ebsht\u00eb se n\u00eb k\u00ebt\u00eb shtet nuk ka elemente p\u00ebr t\u00eb vazhduar m\u00eb tej dhe p\u00ebr t\u00eb par\u00eb nj\u00eb p\u00ebrparim \u201c, tha Abazoviq.<\/p>\n","protected":false},"excerpt":{"rendered":"<p>Deputeti i Pavarur Dritan Abazoviq \u00a0ka vler\u00ebsuar\u00a0 se\u00a0 vendi n\u00eb aspektin politik, sa i p\u00ebrket retorik\u00ebs dhe ambijentit t\u00eb p\u00ebrgjithsh\u00ebm politik \u00ebsht\u00eb shqet\u00ebsues ,ky duhet t\u00eb jet\u00eb fundi,andaj\u00a0 do t\u00eb ishte mir\u00eb dhe shum\u00eb e dobishme q\u00eb disa njer\u00ebz m\u00eb n\u00eb fund\u00a0 politikisht t\u00eb pensionohen, raporton portali TV Teuta. Duke komentuar mbi ngjarjet e sotme [&hellip;]<\/p>\n","protected":false},"author":1,"featured_media":0,"comment_status":"closed","ping_status":"closed","sticky":false,"template":"","format":"standard","meta":{"spay_email":"","jetpack_publicize_message":"","jetpack_is_tweetstorm":false,"jetpack_publicize_feature_enabled":true},"categories":[6],"tags":[],"jetpack_publicize_connections":[],"yoast_head":"<!-- This site is optimized with the Yoast SEO plugin v19.1 - https:\/\/yoast.com\/wordpress\/plugins\/seo\/ -->\n<title>Abazoviq: Tashm\u00eb \u00ebsht\u00eb prekur v\u00ebrtet fundi - Lajme nga Ulqini<\/title>\n<meta name=\"description\" content=\"Deputeti i Pavarur Dritan Abazoviq \u00a0ka vler\u00ebsuar\u00a0 se\u00a0 vendi n\u00eb aspektin politik, sa i p\u00ebrket retorik\u00ebs dhe ambijentit t\u00eb p\u00ebrgjithsh\u00ebm politik \u00ebsht\u00eb\" \/>\n<meta name=\"robots\" content=\"index, follow, max-snippet:-1, max-image-preview:large, max-video-preview:-1\" \/>\n<link rel=\"canonical\" href=\"https:\/\/www.visit-ulcinj.com\/blog\/2016\/05\/14\/abazoviq-tashme-eshte-prekur-vertet-fundi\/\" \/>\n<meta property=\"og:locale\" content=\"en_US\" \/>\n<meta property=\"og:type\" content=\"article\" \/>\n<meta property=\"og:title\" content=\"Abazoviq: Tashm\u00eb \u00ebsht\u00eb prekur v\u00ebrtet fundi - Lajme nga Ulqini\" \/>\n<meta property=\"og:description\" content=\"Deputeti i Pavarur Dritan Abazoviq \u00a0ka vler\u00ebsuar\u00a0 se\u00a0 vendi n\u00eb aspektin politik, sa i p\u00ebrket retorik\u00ebs dhe ambijentit t\u00eb p\u00ebrgjithsh\u00ebm politik \u00ebsht\u00eb\" \/>\n<meta property=\"og:url\" content=\"https:\/\/www.visit-ulcinj.com\/blog\/2016\/05\/14\/abazoviq-tashme-eshte-prekur-vertet-fundi\/\" \/>\n<meta property=\"og:site_name\" content=\"Lajme nga Ulqini\" \/>\n<meta property=\"article:published_time\" content=\"2016-05-14T19:35:15+00:00\" \/>\n<meta property=\"og:image\" content=\"http:\/\/www.visit-ulcinj.com\/blog\/wp-content\/uploads\/2016\/05\/dritan-abazoviq-.jpg\" \/>\n<meta name=\"twitter:label1\" content=\"Written by\" \/>\n\t<meta name=\"twitter:data1\" content=\"ulqini\" \/>\n\t<meta name=\"twitter:label2\" content=\"Est. reading time\" \/>\n\t<meta name=\"twitter:data2\" content=\"1 minute\" \/>\n<script type=\"application\/ld+json\" class=\"yoast-schema-graph\">{\"@context\":\"https:\/\/schema.org\",\"@graph\":[{\"@type\":\"WebSite\",\"@id\":\"https:\/\/www.visit-ulcinj.com\/blog\/#website\",\"url\":\"https:\/\/www.visit-ulcinj.com\/blog\/\",\"name\":\"Lajme nga Ulqini\",\"description\":\"Lajme,Vijesti,Ulqini,Ulqin,Crna Gora,Mali i Zi\",\"potentialAction\":[{\"@type\":\"SearchAction\",\"target\":{\"@type\":\"EntryPoint\",\"urlTemplate\":\"https:\/\/www.visit-ulcinj.com\/blog\/?s={search_term_string}\"},\"query-input\":\"required name=search_term_string\"}],\"inLanguage\":\"en-US\"},{\"@type\":\"ImageObject\",\"inLanguage\":\"en-US\",\"@id\":\"https:\/\/www.visit-ulcinj.com\/blog\/2016\/05\/14\/abazoviq-tashme-eshte-prekur-vertet-fundi\/#primaryimage\",\"url\":\"https:\/\/www.visit-ulcinj.com\/blog\/wp-content\/uploads\/2016\/05\/dritan-abazoviq-.jpg\",\"contentUrl\":\"https:\/\/www.visit-ulcinj.com\/blog\/wp-content\/uploads\/2016\/05\/dritan-abazoviq-.jpg\",\"width\":560,\"height\":352},{\"@type\":\"WebPage\",\"@id\":\"https:\/\/www.visit-ulcinj.com\/blog\/2016\/05\/14\/abazoviq-tashme-eshte-prekur-vertet-fundi\/#webpage\",\"url\":\"https:\/\/www.visit-ulcinj.com\/blog\/2016\/05\/14\/abazoviq-tashme-eshte-prekur-vertet-fundi\/\",\"name\":\"Abazoviq: Tashm\u00eb \u00ebsht\u00eb prekur v\u00ebrtet fundi - Lajme nga Ulqini\",\"isPartOf\":{\"@id\":\"https:\/\/www.visit-ulcinj.com\/blog\/#website\"},\"primaryImageOfPage\":{\"@id\":\"https:\/\/www.visit-ulcinj.com\/blog\/2016\/05\/14\/abazoviq-tashme-eshte-prekur-vertet-fundi\/#primaryimage\"},\"datePublished\":\"2016-05-14T19:35:15+00:00\",\"dateModified\":\"2016-05-14T19:35:15+00:00\",\"author\":{\"@id\":\"https:\/\/www.visit-ulcinj.com\/blog\/#\/schema\/person\/dcab619c614d3038751c63bc2aadc06d\"},\"description\":\"Deputeti i Pavarur Dritan Abazoviq \u00a0ka vler\u00ebsuar\u00a0 se\u00a0 vendi n\u00eb aspektin politik, sa i p\u00ebrket retorik\u00ebs dhe ambijentit t\u00eb p\u00ebrgjithsh\u00ebm politik \u00ebsht\u00eb\",\"breadcrumb\":{\"@id\":\"https:\/\/www.visit-ulcinj.com\/blog\/2016\/05\/14\/abazoviq-tashme-eshte-prekur-vertet-fundi\/#breadcrumb\"},\"inLanguage\":\"en-US\",\"potentialAction\":[{\"@type\":\"ReadAction\",\"target\":[\"https:\/\/www.visit-ulcinj.com\/blog\/2016\/05\/14\/abazoviq-tashme-eshte-prekur-vertet-fundi\/\"]}]},{\"@type\":\"BreadcrumbList\",\"@id\":\"https:\/\/www.visit-ulcinj.com\/blog\/2016\/05\/14\/abazoviq-tashme-eshte-prekur-vertet-fundi\/#breadcrumb\",\"itemListElement\":[{\"@type\":\"ListItem\",\"position\":1,\"name\":\"Abazoviq: Tashm\u00eb \u00ebsht\u00eb prekur v\u00ebrtet fundi\"}]},{\"@type\":\"Person\",\"@id\":\"https:\/\/www.visit-ulcinj.com\/blog\/#\/schema\/person\/dcab619c614d3038751c63bc2aadc06d\",\"name\":\"ulqini\",\"sameAs\":[\"http:\/\/www.visit-ulcinj.com\"],\"url\":\"https:\/\/www.visit-ulcinj.com\/blog\/author\/admin\/\"}]}<\/script>\n<!-- \/ Yoast SEO plugin. -->","yoast_head_json":{"title":"Abazoviq: Tashm\u00eb \u00ebsht\u00eb prekur v\u00ebrtet fundi - Lajme nga Ulqini","description":"Deputeti i Pavarur Dritan Abazoviq \u00a0ka vler\u00ebsuar\u00a0 se\u00a0 vendi n\u00eb aspektin politik, sa i p\u00ebrket retorik\u00ebs dhe ambijentit t\u00eb p\u00ebrgjithsh\u00ebm politik \u00ebsht\u00eb","robots":{"index":"index","follow":"follow","max-snippet":"max-snippet:-1","max-image-preview":"max-image-preview:large","max-video-preview":"max-video-preview:-1"},"canonical":"https:\/\/www.visit-ulcinj.com\/blog\/2016\/05\/14\/abazoviq-tashme-eshte-prekur-vertet-fundi\/","og_locale":"en_US","og_type":"article","og_title":"Abazoviq: Tashm\u00eb \u00ebsht\u00eb prekur v\u00ebrtet fundi - Lajme nga Ulqini","og_description":"Deputeti i Pavarur Dritan Abazoviq \u00a0ka vler\u00ebsuar\u00a0 se\u00a0 vendi n\u00eb aspektin politik, sa i p\u00ebrket retorik\u00ebs dhe ambijentit t\u00eb p\u00ebrgjithsh\u00ebm politik \u00ebsht\u00eb","og_url":"https:\/\/www.visit-ulcinj.com\/blog\/2016\/05\/14\/abazoviq-tashme-eshte-prekur-vertet-fundi\/","og_site_name":"Lajme nga Ulqini","article_published_time":"2016-05-14T19:35:15+00:00","og_image":[{"url":"http:\/\/www.visit-ulcinj.com\/blog\/wp-content\/uploads\/2016\/05\/dritan-abazoviq-.jpg"}],"twitter_misc":{"Written by":"ulqini","Est. reading time":"1 minute"},"schema":{"@context":"https:\/\/schema.org","@graph":[{"@type":"WebSite","@id":"https:\/\/www.visit-ulcinj.com\/blog\/#website","url":"https:\/\/www.visit-ulcinj.com\/blog\/","name":"Lajme nga Ulqini","description":"Lajme,Vijesti,Ulqini,Ulqin,Crna Gora,Mali i Zi","potentialAction":[{"@type":"SearchAction","target":{"@type":"EntryPoint","urlTemplate":"https:\/\/www.visit-ulcinj.com\/blog\/?s={search_term_string}"},"query-input":"required name=search_term_string"}],"inLanguage":"en-US"},{"@type":"ImageObject","inLanguage":"en-US","@id":"https:\/\/www.visit-ulcinj.com\/blog\/2016\/05\/14\/abazoviq-tashme-eshte-prekur-vertet-fundi\/#primaryimage","url":"https:\/\/www.visit-ulcinj.com\/blog\/wp-content\/uploads\/2016\/05\/dritan-abazoviq-.jpg","contentUrl":"https:\/\/www.visit-ulcinj.com\/blog\/wp-content\/uploads\/2016\/05\/dritan-abazoviq-.jpg","width":560,"height":352},{"@type":"WebPage","@id":"https:\/\/www.visit-ulcinj.com\/blog\/2016\/05\/14\/abazoviq-tashme-eshte-prekur-vertet-fundi\/#webpage","url":"https:\/\/www.visit-ulcinj.com\/blog\/2016\/05\/14\/abazoviq-tashme-eshte-prekur-vertet-fundi\/","name":"Abazoviq: Tashm\u00eb \u00ebsht\u00eb prekur v\u00ebrtet fundi - Lajme nga Ulqini","isPartOf":{"@id":"https:\/\/www.visit-ulcinj.com\/blog\/#website"},"primaryImageOfPage":{"@id":"https:\/\/www.visit-ulcinj.com\/blog\/2016\/05\/14\/abazoviq-tashme-eshte-prekur-vertet-fundi\/#primaryimage"},"datePublished":"2016-05-14T19:35:15+00:00","dateModified":"2016-05-14T19:35:15+00:00","author":{"@id":"https:\/\/www.visit-ulcinj.com\/blog\/#\/schema\/person\/dcab619c614d3038751c63bc2aadc06d"},"description":"Deputeti i Pavarur Dritan Abazoviq \u00a0ka vler\u00ebsuar\u00a0 se\u00a0 vendi n\u00eb aspektin politik, sa i p\u00ebrket retorik\u00ebs dhe ambijentit t\u00eb p\u00ebrgjithsh\u00ebm politik \u00ebsht\u00eb","breadcrumb":{"@id":"https:\/\/www.visit-ulcinj.com\/blog\/2016\/05\/14\/abazoviq-tashme-eshte-prekur-vertet-fundi\/#breadcrumb"},"inLanguage":"en-US","potentialAction":[{"@type":"ReadAction","target":["https:\/\/www.visit-ulcinj.com\/blog\/2016\/05\/14\/abazoviq-tashme-eshte-prekur-vertet-fundi\/"]}]},{"@type":"BreadcrumbList","@id":"https:\/\/www.visit-ulcinj.com\/blog\/2016\/05\/14\/abazoviq-tashme-eshte-prekur-vertet-fundi\/#breadcrumb","itemListElement":[{"@type":"ListItem","position":1,"name":"Abazoviq: Tashm\u00eb \u00ebsht\u00eb prekur v\u00ebrtet fundi"}]},{"@type":"Person","@id":"https:\/\/www.visit-ulcinj.com\/blog\/#\/schema\/person\/dcab619c614d3038751c63bc2aadc06d","name":"ulqini","sameAs":["http:\/\/www.visit-ulcinj.com"],"url":"https:\/\/www.visit-ulcinj.com\/blog\/author\/admin\/"}]}},"jetpack_featured_media_url":"","jetpack_sharing_enabled":true,"jetpack_shortlink":"https:\/\/wp.me\/pe6lTn-pbM","_links":{"self":[{"href":"https:\/\/www.visit-ulcinj.com\/blog\/wp-json\/wp\/v2\/posts\/96830"}],"collection":[{"href":"https:\/\/www.visit-ulcinj.com\/blog\/wp-json\/wp\/v2\/posts"}],"about":[{"href":"https:\/\/www.visit-ulcinj.com\/blog\/wp-json\/wp\/v2\/types\/post"}],"author":[{"embeddable":true,"href":"https:\/\/www.visit-ulcinj.com\/blog\/wp-json\/wp\/v2\/users\/1"}],"replies":[{"embeddable":true,"href":"https:\/\/www.visit-ulcinj.com\/blog\/wp-json\/wp\/v2\/comments?post=96830"}],"version-history":[{"count":1,"href":"https:\/\/www.visit-ulcinj.com\/blog\/wp-json\/wp\/v2\/posts\/96830\/revisions"}],"predecessor-version":[{"id":96832,"href":"https:\/\/www.visit-ulcinj.com\/blog\/wp-json\/wp\/v2\/posts\/96830\/revisions\/96832"}],"wp:attachment":[{"href":"https:\/\/www.visit-ulcinj.com\/blog\/wp-json\/wp\/v2\/media?parent=96830"}],"wp:term":[{"taxonomy":"category","embeddable":true,"href":"https:\/\/www.visit-ulcinj.com\/blog\/wp-json\/wp\/v2\/categories?post=96830"},{"taxonomy":"post_tag","embeddable":true,"href":"https:\/\/www.visit-ulcinj.com\/blog\/wp-json\/wp\/v2\/tags?post=96830"}],"curies":[{"name":"wp","href":"https:\/\/api.w.org\/{rel}","templated":true}]}}