{"id":96833,"date":"2016-05-14T20:42:31","date_gmt":"2016-05-14T19:42:31","guid":{"rendered":"http:\/\/www.visit-ulcinj.com\/blog\/?p=96833"},"modified":"2016-05-14T21:59:44","modified_gmt":"2016-05-14T20:59:44","slug":"dritan-abazovic-drzava-je-dotakla-dno","status":"publish","type":"post","link":"https:\/\/www.visit-ulcinj.com\/blog\/2016\/05\/14\/dritan-abazovic-drzava-je-dotakla-dno\/","title":{"rendered":"Dritan Abazovi\u0107: Dr\u017eava je dotakla dno"},"content":{"rendered":"<p><a href=\"http:\/\/www.visit-ulcinj.com\/blog\/wp-content\/uploads\/2016\/05\/dritan-abazovic.jpg\"><img loading=\"lazy\" class=\"alignleft wp-image-96839\" src=\"http:\/\/www.visit-ulcinj.com\/blog\/wp-content\/uploads\/2016\/05\/dritan-abazovic.jpg\" alt=\"dritan-abazovic\" width=\"508\" height=\"381\" srcset=\"https:\/\/www.visit-ulcinj.com\/blog\/wp-content\/uploads\/2016\/05\/dritan-abazovic.jpg 960w, https:\/\/www.visit-ulcinj.com\/blog\/wp-content\/uploads\/2016\/05\/dritan-abazovic-300x225.jpg 300w, https:\/\/www.visit-ulcinj.com\/blog\/wp-content\/uploads\/2016\/05\/dritan-abazovic-768x576.jpg 768w\" sizes=\"(max-width: 508px) 100vw, 508px\" \/><\/a>Nezavisni poslanik Dritan Abazovi\u0107 ocijenio je dr\u017eava u politi\u010dkom smislu, \u0161to se retorike i ukupnog politi\u010dkog ambijenta ti\u010de, dotakla dno i da bilo korisno i lijepo da se neki ljudi kona\u010dno politi\u010dki penzioni\u0161u.<\/p>\n<p><em><strong><a href=\"http:\/\/www.vijesti.me\/vijesti\/front-uzvikivao-milo-lopove-dukanovic-uzvratio-bravo-kreteni-887776\">Komentari\u0161u\u0107i dana\u0161nja de\u0161avanja u parlamentu<\/a><\/strong><\/em>, on je rekao da je to tu\u017eno, i da se osje\u0107a tu\u017eno i kao poslanik, i kao gra\u0111anin.<\/p>\n<p>&#8220;Mislim da je dr\u017eava u politi\u010dkom smislu, makar \u0161to se neke retorike i ukupnog politi\u010dkog ambijenta ti\u010de, dotakla dno\u201c, kazao je Abazovi\u0107 novinarima u parlamentu.<\/p>\n<p>Kako je kazao, \u010dule su se o\u0161tre me\u0111usobne optu\u017ebe, <a href=\"http:\/\/www.vijesti.me\/vijesti\/radulovic-i-vucinic-htjeli-fizicki-da-se-obracunaju-sa-dukanovicem-887792\"><em><strong>a malo je nedostajalo da do\u0111e i do fizi\u010dkog obra\u010duna<\/strong><\/em><\/a>.<\/p>\n<p>&#8220;Definitivno ova zemlja zaslu\u017euje mnogo bolje. Mogu\u0107e da zaslu\u017euje i ovo, ali moj utisak je da u ovakvom stanju nema elemenata da se nastavi dalje i da se vidi neki progres\u201c, ocijenio je Abazovi\u0107.<\/p>\n<p>On je kazao da misli da su &#8220;neki ljudi zaista pretjerali&#8221;.<\/p>\n<p>&#8220;Bilo bi korisno i lijepo da se neki ljudi kona\u010dno politi\u010dki penzioni\u0161u, jer procjep unutar na\u0161eg dru\u0161tva postaje nepodno\u0161ljiv&#8221;.<\/p>\n<p>On je ocijenio da je ovim i politi\u010dki dijalog doveden u pitanje.<\/p>\n<p>&#8220;Ovo vi\u0161e nije dijalog, ovo je skoro ulica. Sad je kolegijum, i ne bih da prejudiciram, ali mislim da nam svima treba malo du\u017ea pauza vezano za ovo \u0161to se de\u0161avalo&#8221;, kazao je Abazovi\u0107.<\/p>\n<p>Prema njegovim rije\u010dima, prelaziti preko ovakvih stvari nije dobro za dr\u017eavu.<\/p>\n<p>&#8220;Bojim se, ako ovo uvedemo kao praksu politi\u010dkog obra\u010duna, da bi to moglo u nekom narednom periodu, na nekoj narednoj sjednici, jo\u0161 vi\u0161e da eskalira&#8221;, dodao je Abazovi\u0107.<\/p>\n<p><strong>Izvor: Mina \/ Vijesti<\/strong><\/p>\n<p>&nbsp;<\/p>\n","protected":false},"excerpt":{"rendered":"<p>Nezavisni poslanik Dritan Abazovi\u0107 ocijenio je dr\u017eava u politi\u010dkom smislu, \u0161to se retorike i ukupnog politi\u010dkog ambijenta ti\u010de, dotakla dno i da bilo korisno i lijepo da se neki ljudi kona\u010dno politi\u010dki penzioni\u0161u. Komentari\u0161u\u0107i dana\u0161nja de\u0161avanja u parlamentu, on je rekao da je to tu\u017eno, i da se osje\u0107a tu\u017eno i kao poslanik, i kao [&hellip;]<\/p>\n","protected":false},"author":1,"featured_media":0,"comment_status":"closed","ping_status":"closed","sticky":false,"template":"","format":"standard","meta":{"spay_email":"","jetpack_publicize_message":"","jetpack_is_tweetstorm":false,"jetpack_publicize_feature_enabled":true},"categories":[6950],"tags":[],"jetpack_publicize_connections":[],"yoast_head":"<!-- This site is optimized with the Yoast SEO plugin v19.1 - https:\/\/yoast.com\/wordpress\/plugins\/seo\/ -->\n<title>Dritan Abazovi\u0107: Dr\u017eava je dotakla dno - Lajme nga Ulqini<\/title>\n<meta name=\"description\" content=\"Nezavisni poslanik Dritan Abazovi\u0107 ocijenio je dr\u017eava u politi\u010dkom smislu, \u0161to se retorike i ukupnog politi\u010dkog ambijenta ti\u010de, dotakla dno i da bilo\" \/>\n<meta name=\"robots\" content=\"index, follow, max-snippet:-1, max-image-preview:large, max-video-preview:-1\" \/>\n<link rel=\"canonical\" href=\"https:\/\/www.visit-ulcinj.com\/blog\/2016\/05\/14\/dritan-abazovic-drzava-je-dotakla-dno\/\" \/>\n<meta property=\"og:locale\" content=\"en_US\" \/>\n<meta property=\"og:type\" content=\"article\" \/>\n<meta property=\"og:title\" content=\"Dritan Abazovi\u0107: Dr\u017eava je dotakla dno - Lajme nga Ulqini\" \/>\n<meta property=\"og:description\" content=\"Nezavisni poslanik Dritan Abazovi\u0107 ocijenio je dr\u017eava u politi\u010dkom smislu, \u0161to se retorike i ukupnog politi\u010dkog ambijenta ti\u010de, dotakla dno i da bilo\" \/>\n<meta property=\"og:url\" content=\"https:\/\/www.visit-ulcinj.com\/blog\/2016\/05\/14\/dritan-abazovic-drzava-je-dotakla-dno\/\" \/>\n<meta property=\"og:site_name\" content=\"Lajme nga Ulqini\" \/>\n<meta property=\"article:published_time\" content=\"2016-05-14T19:42:31+00:00\" \/>\n<meta property=\"article:modified_time\" content=\"2016-05-14T20:59:44+00:00\" \/>\n<meta property=\"og:image\" content=\"http:\/\/www.visit-ulcinj.com\/blog\/wp-content\/uploads\/2016\/05\/dritan-abazovic.jpg\" \/>\n<meta name=\"twitter:label1\" content=\"Written by\" \/>\n\t<meta name=\"twitter:data1\" content=\"ulqini\" \/>\n\t<meta name=\"twitter:label2\" content=\"Est. reading time\" \/>\n\t<meta name=\"twitter:data2\" content=\"1 minute\" \/>\n<script type=\"application\/ld+json\" class=\"yoast-schema-graph\">{\"@context\":\"https:\/\/schema.org\",\"@graph\":[{\"@type\":\"WebSite\",\"@id\":\"https:\/\/www.visit-ulcinj.com\/blog\/#website\",\"url\":\"https:\/\/www.visit-ulcinj.com\/blog\/\",\"name\":\"Lajme nga Ulqini\",\"description\":\"Lajme,Vijesti,Ulqini,Ulqin,Crna Gora,Mali i Zi\",\"potentialAction\":[{\"@type\":\"SearchAction\",\"target\":{\"@type\":\"EntryPoint\",\"urlTemplate\":\"https:\/\/www.visit-ulcinj.com\/blog\/?s={search_term_string}\"},\"query-input\":\"required name=search_term_string\"}],\"inLanguage\":\"en-US\"},{\"@type\":\"ImageObject\",\"inLanguage\":\"en-US\",\"@id\":\"https:\/\/www.visit-ulcinj.com\/blog\/2016\/05\/14\/dritan-abazovic-drzava-je-dotakla-dno\/#primaryimage\",\"url\":\"https:\/\/www.visit-ulcinj.com\/blog\/wp-content\/uploads\/2016\/05\/dritan-abazovic.jpg\",\"contentUrl\":\"https:\/\/www.visit-ulcinj.com\/blog\/wp-content\/uploads\/2016\/05\/dritan-abazovic.jpg\",\"width\":960,\"height\":720},{\"@type\":\"WebPage\",\"@id\":\"https:\/\/www.visit-ulcinj.com\/blog\/2016\/05\/14\/dritan-abazovic-drzava-je-dotakla-dno\/#webpage\",\"url\":\"https:\/\/www.visit-ulcinj.com\/blog\/2016\/05\/14\/dritan-abazovic-drzava-je-dotakla-dno\/\",\"name\":\"Dritan Abazovi\u0107: Dr\u017eava je dotakla dno - Lajme nga Ulqini\",\"isPartOf\":{\"@id\":\"https:\/\/www.visit-ulcinj.com\/blog\/#website\"},\"primaryImageOfPage\":{\"@id\":\"https:\/\/www.visit-ulcinj.com\/blog\/2016\/05\/14\/dritan-abazovic-drzava-je-dotakla-dno\/#primaryimage\"},\"datePublished\":\"2016-05-14T19:42:31+00:00\",\"dateModified\":\"2016-05-14T20:59:44+00:00\",\"author\":{\"@id\":\"https:\/\/www.visit-ulcinj.com\/blog\/#\/schema\/person\/dcab619c614d3038751c63bc2aadc06d\"},\"description\":\"Nezavisni poslanik Dritan Abazovi\u0107 ocijenio je dr\u017eava u politi\u010dkom smislu, \u0161to se retorike i ukupnog politi\u010dkog ambijenta ti\u010de, dotakla dno i da bilo\",\"breadcrumb\":{\"@id\":\"https:\/\/www.visit-ulcinj.com\/blog\/2016\/05\/14\/dritan-abazovic-drzava-je-dotakla-dno\/#breadcrumb\"},\"inLanguage\":\"en-US\",\"potentialAction\":[{\"@type\":\"ReadAction\",\"target\":[\"https:\/\/www.visit-ulcinj.com\/blog\/2016\/05\/14\/dritan-abazovic-drzava-je-dotakla-dno\/\"]}]},{\"@type\":\"BreadcrumbList\",\"@id\":\"https:\/\/www.visit-ulcinj.com\/blog\/2016\/05\/14\/dritan-abazovic-drzava-je-dotakla-dno\/#breadcrumb\",\"itemListElement\":[{\"@type\":\"ListItem\",\"position\":1,\"name\":\"Dritan Abazovi\u0107: Dr\u017eava je dotakla dno\"}]},{\"@type\":\"Person\",\"@id\":\"https:\/\/www.visit-ulcinj.com\/blog\/#\/schema\/person\/dcab619c614d3038751c63bc2aadc06d\",\"name\":\"ulqini\",\"sameAs\":[\"http:\/\/www.visit-ulcinj.com\"],\"url\":\"https:\/\/www.visit-ulcinj.com\/blog\/author\/admin\/\"}]}<\/script>\n<!-- \/ Yoast SEO plugin. -->","yoast_head_json":{"title":"Dritan Abazovi\u0107: Dr\u017eava je dotakla dno - Lajme nga Ulqini","description":"Nezavisni poslanik Dritan Abazovi\u0107 ocijenio je dr\u017eava u politi\u010dkom smislu, \u0161to se retorike i ukupnog politi\u010dkog ambijenta ti\u010de, dotakla dno i da bilo","robots":{"index":"index","follow":"follow","max-snippet":"max-snippet:-1","max-image-preview":"max-image-preview:large","max-video-preview":"max-video-preview:-1"},"canonical":"https:\/\/www.visit-ulcinj.com\/blog\/2016\/05\/14\/dritan-abazovic-drzava-je-dotakla-dno\/","og_locale":"en_US","og_type":"article","og_title":"Dritan Abazovi\u0107: Dr\u017eava je dotakla dno - Lajme nga Ulqini","og_description":"Nezavisni poslanik Dritan Abazovi\u0107 ocijenio je dr\u017eava u politi\u010dkom smislu, \u0161to se retorike i ukupnog politi\u010dkog ambijenta ti\u010de, dotakla dno i da bilo","og_url":"https:\/\/www.visit-ulcinj.com\/blog\/2016\/05\/14\/dritan-abazovic-drzava-je-dotakla-dno\/","og_site_name":"Lajme nga Ulqini","article_published_time":"2016-05-14T19:42:31+00:00","article_modified_time":"2016-05-14T20:59:44+00:00","og_image":[{"url":"http:\/\/www.visit-ulcinj.com\/blog\/wp-content\/uploads\/2016\/05\/dritan-abazovic.jpg"}],"twitter_misc":{"Written by":"ulqini","Est. reading time":"1 minute"},"schema":{"@context":"https:\/\/schema.org","@graph":[{"@type":"WebSite","@id":"https:\/\/www.visit-ulcinj.com\/blog\/#website","url":"https:\/\/www.visit-ulcinj.com\/blog\/","name":"Lajme nga Ulqini","description":"Lajme,Vijesti,Ulqini,Ulqin,Crna Gora,Mali i Zi","potentialAction":[{"@type":"SearchAction","target":{"@type":"EntryPoint","urlTemplate":"https:\/\/www.visit-ulcinj.com\/blog\/?s={search_term_string}"},"query-input":"required name=search_term_string"}],"inLanguage":"en-US"},{"@type":"ImageObject","inLanguage":"en-US","@id":"https:\/\/www.visit-ulcinj.com\/blog\/2016\/05\/14\/dritan-abazovic-drzava-je-dotakla-dno\/#primaryimage","url":"https:\/\/www.visit-ulcinj.com\/blog\/wp-content\/uploads\/2016\/05\/dritan-abazovic.jpg","contentUrl":"https:\/\/www.visit-ulcinj.com\/blog\/wp-content\/uploads\/2016\/05\/dritan-abazovic.jpg","width":960,"height":720},{"@type":"WebPage","@id":"https:\/\/www.visit-ulcinj.com\/blog\/2016\/05\/14\/dritan-abazovic-drzava-je-dotakla-dno\/#webpage","url":"https:\/\/www.visit-ulcinj.com\/blog\/2016\/05\/14\/dritan-abazovic-drzava-je-dotakla-dno\/","name":"Dritan Abazovi\u0107: Dr\u017eava je dotakla dno - Lajme nga Ulqini","isPartOf":{"@id":"https:\/\/www.visit-ulcinj.com\/blog\/#website"},"primaryImageOfPage":{"@id":"https:\/\/www.visit-ulcinj.com\/blog\/2016\/05\/14\/dritan-abazovic-drzava-je-dotakla-dno\/#primaryimage"},"datePublished":"2016-05-14T19:42:31+00:00","dateModified":"2016-05-14T20:59:44+00:00","author":{"@id":"https:\/\/www.visit-ulcinj.com\/blog\/#\/schema\/person\/dcab619c614d3038751c63bc2aadc06d"},"description":"Nezavisni poslanik Dritan Abazovi\u0107 ocijenio je dr\u017eava u politi\u010dkom smislu, \u0161to se retorike i ukupnog politi\u010dkog ambijenta ti\u010de, dotakla dno i da bilo","breadcrumb":{"@id":"https:\/\/www.visit-ulcinj.com\/blog\/2016\/05\/14\/dritan-abazovic-drzava-je-dotakla-dno\/#breadcrumb"},"inLanguage":"en-US","potentialAction":[{"@type":"ReadAction","target":["https:\/\/www.visit-ulcinj.com\/blog\/2016\/05\/14\/dritan-abazovic-drzava-je-dotakla-dno\/"]}]},{"@type":"BreadcrumbList","@id":"https:\/\/www.visit-ulcinj.com\/blog\/2016\/05\/14\/dritan-abazovic-drzava-je-dotakla-dno\/#breadcrumb","itemListElement":[{"@type":"ListItem","position":1,"name":"Dritan Abazovi\u0107: Dr\u017eava je dotakla dno"}]},{"@type":"Person","@id":"https:\/\/www.visit-ulcinj.com\/blog\/#\/schema\/person\/dcab619c614d3038751c63bc2aadc06d","name":"ulqini","sameAs":["http:\/\/www.visit-ulcinj.com"],"url":"https:\/\/www.visit-ulcinj.com\/blog\/author\/admin\/"}]}},"jetpack_featured_media_url":"","jetpack_sharing_enabled":true,"jetpack_shortlink":"https:\/\/wp.me\/pe6lTn-pbP","_links":{"self":[{"href":"https:\/\/www.visit-ulcinj.com\/blog\/wp-json\/wp\/v2\/posts\/96833"}],"collection":[{"href":"https:\/\/www.visit-ulcinj.com\/blog\/wp-json\/wp\/v2\/posts"}],"about":[{"href":"https:\/\/www.visit-ulcinj.com\/blog\/wp-json\/wp\/v2\/types\/post"}],"author":[{"embeddable":true,"href":"https:\/\/www.visit-ulcinj.com\/blog\/wp-json\/wp\/v2\/users\/1"}],"replies":[{"embeddable":true,"href":"https:\/\/www.visit-ulcinj.com\/blog\/wp-json\/wp\/v2\/comments?post=96833"}],"version-history":[{"count":4,"href":"https:\/\/www.visit-ulcinj.com\/blog\/wp-json\/wp\/v2\/posts\/96833\/revisions"}],"predecessor-version":[{"id":96845,"href":"https:\/\/www.visit-ulcinj.com\/blog\/wp-json\/wp\/v2\/posts\/96833\/revisions\/96845"}],"wp:attachment":[{"href":"https:\/\/www.visit-ulcinj.com\/blog\/wp-json\/wp\/v2\/media?parent=96833"}],"wp:term":[{"taxonomy":"category","embeddable":true,"href":"https:\/\/www.visit-ulcinj.com\/blog\/wp-json\/wp\/v2\/categories?post=96833"},{"taxonomy":"post_tag","embeddable":true,"href":"https:\/\/www.visit-ulcinj.com\/blog\/wp-json\/wp\/v2\/tags?post=96833"}],"curies":[{"name":"wp","href":"https:\/\/api.w.org\/{rel}","templated":true}]}}