{"id":96846,"date":"2016-05-14T22:06:32","date_gmt":"2016-05-14T21:06:32","guid":{"rendered":"http:\/\/www.visit-ulcinj.com\/blog\/?p=96846"},"modified":"2016-05-14T22:06:32","modified_gmt":"2016-05-14T21:06:32","slug":"mali-zi-projekt-per-te-rinjte-video","status":"publish","type":"post","link":"https:\/\/www.visit-ulcinj.com\/blog\/2016\/05\/14\/mali-zi-projekt-per-te-rinjte-video\/","title":{"rendered":"Mali i Zi, projekt p\u00ebr t\u00eb rinjt\u00eb &#8211; Video"},"content":{"rendered":"<p><a href=\"http:\/\/www.visit-ulcinj.com\/blog\/wp-content\/uploads\/2016\/05\/new-horizont-ulqin-ulcinj.jpg\"><img loading=\"lazy\" class=\"alignleft wp-image-96847\" src=\"http:\/\/www.visit-ulcinj.com\/blog\/wp-content\/uploads\/2016\/05\/new-horizont-ulqin-ulcinj.jpg\" alt=\"new-horizont-ulqin-ulcinj\" width=\"508\" height=\"306\" srcset=\"https:\/\/www.visit-ulcinj.com\/blog\/wp-content\/uploads\/2016\/05\/new-horizont-ulqin-ulcinj.jpg 960w, https:\/\/www.visit-ulcinj.com\/blog\/wp-content\/uploads\/2016\/05\/new-horizont-ulqin-ulcinj-300x181.jpg 300w, https:\/\/www.visit-ulcinj.com\/blog\/wp-content\/uploads\/2016\/05\/new-horizont-ulqin-ulcinj-768x462.jpg 768w\" sizes=\"(max-width: 508px) 100vw, 508px\" \/><\/a>Shoq\u00ebria civile dhe institucionet vendore dhe shtet\u00ebrore n\u00eb Ulqin, p\u00ebr her\u00eb t\u00eb par\u00eb krijuan nj\u00eb partneritet n\u00eb luft\u00ebn kund\u00ebr abuzimit me droga dhe kund\u00ebr kriminalitetit t\u00eb t\u00eb mitur\u00ebve.<\/p>\n<p>K\u00ebt\u00eb partneritet t\u00eb suksesh\u00ebm e mb\u00ebshteti ambasada amerikane n\u00eb Podgoric\u00eb, e cila projektet e tilla i cil\u00ebson si tejet jetike p\u00ebr t\u00eb ardhmen e nj\u00eb shoq\u00ebrie.<\/p>\n<p>Korrespondenti i Z\u00ebrit t\u00eb Amerik\u00ebs Ali Salaj\u00a0 p\u00ebrgatiti kronik\u00ebn.<b><br \/>\n<\/b><\/p>\n<p>VAO<\/p>\n<!--YouTube Error: bad URL entered-->\n","protected":false},"excerpt":{"rendered":"<p>Shoq\u00ebria civile dhe institucionet vendore dhe shtet\u00ebrore n\u00eb Ulqin, p\u00ebr her\u00eb t\u00eb par\u00eb krijuan nj\u00eb partneritet n\u00eb luft\u00ebn kund\u00ebr abuzimit me droga dhe kund\u00ebr kriminalitetit t\u00eb t\u00eb mitur\u00ebve. K\u00ebt\u00eb partneritet t\u00eb suksesh\u00ebm e mb\u00ebshteti ambasada amerikane n\u00eb Podgoric\u00eb, e cila projektet e tilla i cil\u00ebson si tejet jetike p\u00ebr t\u00eb ardhmen e nj\u00eb shoq\u00ebrie. Korrespondenti [&hellip;]<\/p>\n","protected":false},"author":1,"featured_media":0,"comment_status":"closed","ping_status":"closed","sticky":false,"template":"","format":"standard","meta":{"spay_email":"","jetpack_publicize_message":"","jetpack_is_tweetstorm":false,"jetpack_publicize_feature_enabled":true},"categories":[11],"tags":[],"jetpack_publicize_connections":[],"yoast_head":"<!-- This site is optimized with the Yoast SEO plugin v19.1 - https:\/\/yoast.com\/wordpress\/plugins\/seo\/ -->\n<title>Mali i Zi, projekt p\u00ebr t\u00eb rinjt\u00eb - Video - Lajme nga Ulqini<\/title>\n<meta name=\"description\" content=\"Shoq\u00ebria civile dhe institucionet vendore dhe shtet\u00ebrore n\u00eb Ulqin, p\u00ebr her\u00eb t\u00eb par\u00eb krijuan nj\u00eb partneritet n\u00eb luft\u00ebn kund\u00ebr abuzimit me droga dhe kund\u00ebr\" \/>\n<meta name=\"robots\" content=\"index, follow, max-snippet:-1, max-image-preview:large, max-video-preview:-1\" \/>\n<link rel=\"canonical\" href=\"https:\/\/www.visit-ulcinj.com\/blog\/2016\/05\/14\/mali-zi-projekt-per-te-rinjte-video\/\" \/>\n<meta property=\"og:locale\" content=\"en_US\" \/>\n<meta property=\"og:type\" content=\"article\" \/>\n<meta property=\"og:title\" content=\"Mali i Zi, projekt p\u00ebr t\u00eb rinjt\u00eb - Video - Lajme nga Ulqini\" \/>\n<meta property=\"og:description\" content=\"Shoq\u00ebria civile dhe institucionet vendore dhe shtet\u00ebrore n\u00eb Ulqin, p\u00ebr her\u00eb t\u00eb par\u00eb krijuan nj\u00eb partneritet n\u00eb luft\u00ebn kund\u00ebr abuzimit me droga dhe kund\u00ebr\" \/>\n<meta property=\"og:url\" content=\"https:\/\/www.visit-ulcinj.com\/blog\/2016\/05\/14\/mali-zi-projekt-per-te-rinjte-video\/\" \/>\n<meta property=\"og:site_name\" content=\"Lajme nga Ulqini\" \/>\n<meta property=\"article:published_time\" content=\"2016-05-14T21:06:32+00:00\" \/>\n<meta property=\"og:image\" content=\"http:\/\/www.visit-ulcinj.com\/blog\/wp-content\/uploads\/2016\/05\/new-horizont-ulqin-ulcinj.jpg\" \/>\n<meta name=\"twitter:label1\" content=\"Written by\" \/>\n\t<meta name=\"twitter:data1\" content=\"ulqini\" \/>\n<script type=\"application\/ld+json\" class=\"yoast-schema-graph\">{\"@context\":\"https:\/\/schema.org\",\"@graph\":[{\"@type\":\"WebSite\",\"@id\":\"https:\/\/www.visit-ulcinj.com\/blog\/#website\",\"url\":\"https:\/\/www.visit-ulcinj.com\/blog\/\",\"name\":\"Lajme nga Ulqini\",\"description\":\"Lajme,Vijesti,Ulqini,Ulqin,Crna Gora,Mali i Zi\",\"potentialAction\":[{\"@type\":\"SearchAction\",\"target\":{\"@type\":\"EntryPoint\",\"urlTemplate\":\"https:\/\/www.visit-ulcinj.com\/blog\/?s={search_term_string}\"},\"query-input\":\"required name=search_term_string\"}],\"inLanguage\":\"en-US\"},{\"@type\":\"ImageObject\",\"inLanguage\":\"en-US\",\"@id\":\"https:\/\/www.visit-ulcinj.com\/blog\/2016\/05\/14\/mali-zi-projekt-per-te-rinjte-video\/#primaryimage\",\"url\":\"https:\/\/www.visit-ulcinj.com\/blog\/wp-content\/uploads\/2016\/05\/new-horizont-ulqin-ulcinj.jpg\",\"contentUrl\":\"https:\/\/www.visit-ulcinj.com\/blog\/wp-content\/uploads\/2016\/05\/new-horizont-ulqin-ulcinj.jpg\",\"width\":960,\"height\":578},{\"@type\":\"WebPage\",\"@id\":\"https:\/\/www.visit-ulcinj.com\/blog\/2016\/05\/14\/mali-zi-projekt-per-te-rinjte-video\/#webpage\",\"url\":\"https:\/\/www.visit-ulcinj.com\/blog\/2016\/05\/14\/mali-zi-projekt-per-te-rinjte-video\/\",\"name\":\"Mali i Zi, projekt p\u00ebr t\u00eb rinjt\u00eb - Video - Lajme nga Ulqini\",\"isPartOf\":{\"@id\":\"https:\/\/www.visit-ulcinj.com\/blog\/#website\"},\"primaryImageOfPage\":{\"@id\":\"https:\/\/www.visit-ulcinj.com\/blog\/2016\/05\/14\/mali-zi-projekt-per-te-rinjte-video\/#primaryimage\"},\"datePublished\":\"2016-05-14T21:06:32+00:00\",\"dateModified\":\"2016-05-14T21:06:32+00:00\",\"author\":{\"@id\":\"https:\/\/www.visit-ulcinj.com\/blog\/#\/schema\/person\/dcab619c614d3038751c63bc2aadc06d\"},\"description\":\"Shoq\u00ebria civile dhe institucionet vendore dhe shtet\u00ebrore n\u00eb Ulqin, p\u00ebr her\u00eb t\u00eb par\u00eb krijuan nj\u00eb partneritet n\u00eb luft\u00ebn kund\u00ebr abuzimit me droga dhe kund\u00ebr\",\"breadcrumb\":{\"@id\":\"https:\/\/www.visit-ulcinj.com\/blog\/2016\/05\/14\/mali-zi-projekt-per-te-rinjte-video\/#breadcrumb\"},\"inLanguage\":\"en-US\",\"potentialAction\":[{\"@type\":\"ReadAction\",\"target\":[\"https:\/\/www.visit-ulcinj.com\/blog\/2016\/05\/14\/mali-zi-projekt-per-te-rinjte-video\/\"]}]},{\"@type\":\"BreadcrumbList\",\"@id\":\"https:\/\/www.visit-ulcinj.com\/blog\/2016\/05\/14\/mali-zi-projekt-per-te-rinjte-video\/#breadcrumb\",\"itemListElement\":[{\"@type\":\"ListItem\",\"position\":1,\"name\":\"Mali i Zi, projekt p\u00ebr t\u00eb rinjt\u00eb &#8211; Video\"}]},{\"@type\":\"Person\",\"@id\":\"https:\/\/www.visit-ulcinj.com\/blog\/#\/schema\/person\/dcab619c614d3038751c63bc2aadc06d\",\"name\":\"ulqini\",\"sameAs\":[\"http:\/\/www.visit-ulcinj.com\"],\"url\":\"https:\/\/www.visit-ulcinj.com\/blog\/author\/admin\/\"}]}<\/script>\n<!-- \/ Yoast SEO plugin. -->","yoast_head_json":{"title":"Mali i Zi, projekt p\u00ebr t\u00eb rinjt\u00eb - Video - Lajme nga Ulqini","description":"Shoq\u00ebria civile dhe institucionet vendore dhe shtet\u00ebrore n\u00eb Ulqin, p\u00ebr her\u00eb t\u00eb par\u00eb krijuan nj\u00eb partneritet n\u00eb luft\u00ebn kund\u00ebr abuzimit me droga dhe kund\u00ebr","robots":{"index":"index","follow":"follow","max-snippet":"max-snippet:-1","max-image-preview":"max-image-preview:large","max-video-preview":"max-video-preview:-1"},"canonical":"https:\/\/www.visit-ulcinj.com\/blog\/2016\/05\/14\/mali-zi-projekt-per-te-rinjte-video\/","og_locale":"en_US","og_type":"article","og_title":"Mali i Zi, projekt p\u00ebr t\u00eb rinjt\u00eb - Video - Lajme nga Ulqini","og_description":"Shoq\u00ebria civile dhe institucionet vendore dhe shtet\u00ebrore n\u00eb Ulqin, p\u00ebr her\u00eb t\u00eb par\u00eb krijuan nj\u00eb partneritet n\u00eb luft\u00ebn kund\u00ebr abuzimit me droga dhe kund\u00ebr","og_url":"https:\/\/www.visit-ulcinj.com\/blog\/2016\/05\/14\/mali-zi-projekt-per-te-rinjte-video\/","og_site_name":"Lajme nga Ulqini","article_published_time":"2016-05-14T21:06:32+00:00","og_image":[{"url":"http:\/\/www.visit-ulcinj.com\/blog\/wp-content\/uploads\/2016\/05\/new-horizont-ulqin-ulcinj.jpg"}],"twitter_misc":{"Written by":"ulqini"},"schema":{"@context":"https:\/\/schema.org","@graph":[{"@type":"WebSite","@id":"https:\/\/www.visit-ulcinj.com\/blog\/#website","url":"https:\/\/www.visit-ulcinj.com\/blog\/","name":"Lajme nga Ulqini","description":"Lajme,Vijesti,Ulqini,Ulqin,Crna Gora,Mali i Zi","potentialAction":[{"@type":"SearchAction","target":{"@type":"EntryPoint","urlTemplate":"https:\/\/www.visit-ulcinj.com\/blog\/?s={search_term_string}"},"query-input":"required name=search_term_string"}],"inLanguage":"en-US"},{"@type":"ImageObject","inLanguage":"en-US","@id":"https:\/\/www.visit-ulcinj.com\/blog\/2016\/05\/14\/mali-zi-projekt-per-te-rinjte-video\/#primaryimage","url":"https:\/\/www.visit-ulcinj.com\/blog\/wp-content\/uploads\/2016\/05\/new-horizont-ulqin-ulcinj.jpg","contentUrl":"https:\/\/www.visit-ulcinj.com\/blog\/wp-content\/uploads\/2016\/05\/new-horizont-ulqin-ulcinj.jpg","width":960,"height":578},{"@type":"WebPage","@id":"https:\/\/www.visit-ulcinj.com\/blog\/2016\/05\/14\/mali-zi-projekt-per-te-rinjte-video\/#webpage","url":"https:\/\/www.visit-ulcinj.com\/blog\/2016\/05\/14\/mali-zi-projekt-per-te-rinjte-video\/","name":"Mali i Zi, projekt p\u00ebr t\u00eb rinjt\u00eb - Video - Lajme nga Ulqini","isPartOf":{"@id":"https:\/\/www.visit-ulcinj.com\/blog\/#website"},"primaryImageOfPage":{"@id":"https:\/\/www.visit-ulcinj.com\/blog\/2016\/05\/14\/mali-zi-projekt-per-te-rinjte-video\/#primaryimage"},"datePublished":"2016-05-14T21:06:32+00:00","dateModified":"2016-05-14T21:06:32+00:00","author":{"@id":"https:\/\/www.visit-ulcinj.com\/blog\/#\/schema\/person\/dcab619c614d3038751c63bc2aadc06d"},"description":"Shoq\u00ebria civile dhe institucionet vendore dhe shtet\u00ebrore n\u00eb Ulqin, p\u00ebr her\u00eb t\u00eb par\u00eb krijuan nj\u00eb partneritet n\u00eb luft\u00ebn kund\u00ebr abuzimit me droga dhe kund\u00ebr","breadcrumb":{"@id":"https:\/\/www.visit-ulcinj.com\/blog\/2016\/05\/14\/mali-zi-projekt-per-te-rinjte-video\/#breadcrumb"},"inLanguage":"en-US","potentialAction":[{"@type":"ReadAction","target":["https:\/\/www.visit-ulcinj.com\/blog\/2016\/05\/14\/mali-zi-projekt-per-te-rinjte-video\/"]}]},{"@type":"BreadcrumbList","@id":"https:\/\/www.visit-ulcinj.com\/blog\/2016\/05\/14\/mali-zi-projekt-per-te-rinjte-video\/#breadcrumb","itemListElement":[{"@type":"ListItem","position":1,"name":"Mali i Zi, projekt p\u00ebr t\u00eb rinjt\u00eb &#8211; Video"}]},{"@type":"Person","@id":"https:\/\/www.visit-ulcinj.com\/blog\/#\/schema\/person\/dcab619c614d3038751c63bc2aadc06d","name":"ulqini","sameAs":["http:\/\/www.visit-ulcinj.com"],"url":"https:\/\/www.visit-ulcinj.com\/blog\/author\/admin\/"}]}},"jetpack_featured_media_url":"","jetpack_sharing_enabled":true,"jetpack_shortlink":"https:\/\/wp.me\/pe6lTn-pc2","_links":{"self":[{"href":"https:\/\/www.visit-ulcinj.com\/blog\/wp-json\/wp\/v2\/posts\/96846"}],"collection":[{"href":"https:\/\/www.visit-ulcinj.com\/blog\/wp-json\/wp\/v2\/posts"}],"about":[{"href":"https:\/\/www.visit-ulcinj.com\/blog\/wp-json\/wp\/v2\/types\/post"}],"author":[{"embeddable":true,"href":"https:\/\/www.visit-ulcinj.com\/blog\/wp-json\/wp\/v2\/users\/1"}],"replies":[{"embeddable":true,"href":"https:\/\/www.visit-ulcinj.com\/blog\/wp-json\/wp\/v2\/comments?post=96846"}],"version-history":[{"count":1,"href":"https:\/\/www.visit-ulcinj.com\/blog\/wp-json\/wp\/v2\/posts\/96846\/revisions"}],"predecessor-version":[{"id":96848,"href":"https:\/\/www.visit-ulcinj.com\/blog\/wp-json\/wp\/v2\/posts\/96846\/revisions\/96848"}],"wp:attachment":[{"href":"https:\/\/www.visit-ulcinj.com\/blog\/wp-json\/wp\/v2\/media?parent=96846"}],"wp:term":[{"taxonomy":"category","embeddable":true,"href":"https:\/\/www.visit-ulcinj.com\/blog\/wp-json\/wp\/v2\/categories?post=96846"},{"taxonomy":"post_tag","embeddable":true,"href":"https:\/\/www.visit-ulcinj.com\/blog\/wp-json\/wp\/v2\/tags?post=96846"}],"curies":[{"name":"wp","href":"https:\/\/api.w.org\/{rel}","templated":true}]}}