{"id":96858,"date":"2016-05-16T10:06:27","date_gmt":"2016-05-16T09:06:27","guid":{"rendered":"http:\/\/www.visit-ulcinj.com\/blog\/?p=96858"},"modified":"2016-05-16T11:14:13","modified_gmt":"2016-05-16T10:14:13","slug":"podgorica-mbi-kufirin-mal-zi-kosove-video","status":"publish","type":"post","link":"https:\/\/www.visit-ulcinj.com\/blog\/2016\/05\/16\/podgorica-mbi-kufirin-mal-zi-kosove-video\/","title":{"rendered":"Podgorica mbi kufirin Mal i Zi &#8211; Kosov\u00eb &#8211; Video"},"content":{"rendered":"<p><a href=\"http:\/\/www.visit-ulcinj.com\/blog\/wp-content\/uploads\/2016\/05\/Podgorica-mbi-kufirin-Mal-i-Zi-Kosov\u00eb.jpg\"><img loading=\"lazy\" class=\"alignleft wp-image-96860\" src=\"http:\/\/www.visit-ulcinj.com\/blog\/wp-content\/uploads\/2016\/05\/Podgorica-mbi-kufirin-Mal-i-Zi-Kosov\u00eb.jpg\" alt=\"Podgorica mbi kufirin Mal i Zi - Kosov\u00eb\" width=\"508\" height=\"282\" srcset=\"https:\/\/www.visit-ulcinj.com\/blog\/wp-content\/uploads\/2016\/05\/Podgorica-mbi-kufirin-Mal-i-Zi-Kosov\u00eb.jpg 999w, https:\/\/www.visit-ulcinj.com\/blog\/wp-content\/uploads\/2016\/05\/Podgorica-mbi-kufirin-Mal-i-Zi-Kosov\u00eb-300x166.jpg 300w, https:\/\/www.visit-ulcinj.com\/blog\/wp-content\/uploads\/2016\/05\/Podgorica-mbi-kufirin-Mal-i-Zi-Kosov\u00eb-768x426.jpg 768w\" sizes=\"(max-width: 508px) 100vw, 508px\" \/><\/a>Zyrtar\u00ebt malazez\u00eb e mb\u00ebshtesin Marr\u00ebveshjen mbi kufirin me Kosov\u00ebn duke e cil\u00ebsuar demarkacionin n\u00eb p\u00ebrputhje t\u00eb plot\u00eb me kufirin administrativ t\u00eb vitit 1974. Ata e vler\u00ebsojn\u00eb edhe pun\u00ebn e ekspert\u00ebve nd\u00ebrkomb\u00ebtar\u00eb, t\u00eb cil\u00ebt nuk gjet\u00ebn asnj\u00eb shkelje ligjore n\u00eb sh\u00ebnimin e kufirit mes Malit t\u00eb Zi dhe Kosov\u00ebs.<b><\/b><\/p>\n<p>Korrespondenti i Z\u00ebrit t\u00eb Amerik\u00ebs Ali Salaj\u00a0 p\u00ebrgatiti kronik\u00ebn.<\/p>\n","protected":false},"excerpt":{"rendered":"<p>Zyrtar\u00ebt malazez\u00eb e mb\u00ebshtesin Marr\u00ebveshjen mbi kufirin me Kosov\u00ebn duke e cil\u00ebsuar demarkacionin n\u00eb p\u00ebrputhje t\u00eb plot\u00eb me kufirin administrativ t\u00eb vitit 1974. Ata e vler\u00ebsojn\u00eb edhe pun\u00ebn e ekspert\u00ebve nd\u00ebrkomb\u00ebtar\u00eb, t\u00eb cil\u00ebt nuk gjet\u00ebn asnj\u00eb shkelje ligjore n\u00eb sh\u00ebnimin e kufirit mes Malit t\u00eb Zi dhe Kosov\u00ebs. Korrespondenti i Z\u00ebrit t\u00eb Amerik\u00ebs Ali Salaj\u00a0 [&hellip;]<\/p>\n","protected":false},"author":1,"featured_media":0,"comment_status":"closed","ping_status":"closed","sticky":false,"template":"","format":"standard","meta":{"spay_email":"","jetpack_publicize_message":"","jetpack_is_tweetstorm":false,"jetpack_publicize_feature_enabled":true},"categories":[1,14],"tags":[],"jetpack_publicize_connections":[],"yoast_head":"<!-- This site is optimized with the Yoast SEO plugin v19.1 - https:\/\/yoast.com\/wordpress\/plugins\/seo\/ -->\n<title>Podgorica mbi kufirin Mal i Zi - Kosov\u00eb - Video - Lajme nga Ulqini<\/title>\n<meta name=\"description\" content=\"Zyrtar\u00ebt malazez\u00eb e mb\u00ebshtesin Marr\u00ebveshjen mbi kufirin me Kosov\u00ebn duke e cil\u00ebsuar demarkacionin n\u00eb p\u00ebrputhje t\u00eb plot\u00eb me kufirin administrativ t\u00eb vitit\" \/>\n<meta name=\"robots\" content=\"index, follow, max-snippet:-1, max-image-preview:large, max-video-preview:-1\" \/>\n<link rel=\"canonical\" href=\"https:\/\/www.visit-ulcinj.com\/blog\/2016\/05\/16\/podgorica-mbi-kufirin-mal-zi-kosove-video\/\" \/>\n<meta property=\"og:locale\" content=\"en_US\" \/>\n<meta property=\"og:type\" content=\"article\" \/>\n<meta property=\"og:title\" content=\"Podgorica mbi kufirin Mal i Zi - Kosov\u00eb - Video - Lajme nga Ulqini\" \/>\n<meta property=\"og:description\" content=\"Zyrtar\u00ebt malazez\u00eb e mb\u00ebshtesin Marr\u00ebveshjen mbi kufirin me Kosov\u00ebn duke e cil\u00ebsuar demarkacionin n\u00eb p\u00ebrputhje t\u00eb plot\u00eb me kufirin administrativ t\u00eb vitit\" \/>\n<meta property=\"og:url\" content=\"https:\/\/www.visit-ulcinj.com\/blog\/2016\/05\/16\/podgorica-mbi-kufirin-mal-zi-kosove-video\/\" \/>\n<meta property=\"og:site_name\" content=\"Lajme nga Ulqini\" \/>\n<meta property=\"article:published_time\" content=\"2016-05-16T09:06:27+00:00\" \/>\n<meta property=\"article:modified_time\" content=\"2016-05-16T10:14:13+00:00\" \/>\n<meta name=\"twitter:label1\" content=\"Written by\" \/>\n\t<meta name=\"twitter:data1\" content=\"ulqini\" \/>\n<script type=\"application\/ld+json\" class=\"yoast-schema-graph\">{\"@context\":\"https:\/\/schema.org\",\"@graph\":[{\"@type\":\"WebSite\",\"@id\":\"https:\/\/www.visit-ulcinj.com\/blog\/#website\",\"url\":\"https:\/\/www.visit-ulcinj.com\/blog\/\",\"name\":\"Lajme nga Ulqini\",\"description\":\"Lajme,Vijesti,Ulqini,Ulqin,Crna Gora,Mali i Zi\",\"potentialAction\":[{\"@type\":\"SearchAction\",\"target\":{\"@type\":\"EntryPoint\",\"urlTemplate\":\"https:\/\/www.visit-ulcinj.com\/blog\/?s={search_term_string}\"},\"query-input\":\"required name=search_term_string\"}],\"inLanguage\":\"en-US\"},{\"@type\":\"WebPage\",\"@id\":\"https:\/\/www.visit-ulcinj.com\/blog\/2016\/05\/16\/podgorica-mbi-kufirin-mal-zi-kosove-video\/#webpage\",\"url\":\"https:\/\/www.visit-ulcinj.com\/blog\/2016\/05\/16\/podgorica-mbi-kufirin-mal-zi-kosove-video\/\",\"name\":\"Podgorica mbi kufirin Mal i Zi - Kosov\u00eb - Video - Lajme nga Ulqini\",\"isPartOf\":{\"@id\":\"https:\/\/www.visit-ulcinj.com\/blog\/#website\"},\"datePublished\":\"2016-05-16T09:06:27+00:00\",\"dateModified\":\"2016-05-16T10:14:13+00:00\",\"author\":{\"@id\":\"https:\/\/www.visit-ulcinj.com\/blog\/#\/schema\/person\/dcab619c614d3038751c63bc2aadc06d\"},\"description\":\"Zyrtar\u00ebt malazez\u00eb e mb\u00ebshtesin Marr\u00ebveshjen mbi kufirin me Kosov\u00ebn duke e cil\u00ebsuar demarkacionin n\u00eb p\u00ebrputhje t\u00eb plot\u00eb me kufirin administrativ t\u00eb vitit\",\"breadcrumb\":{\"@id\":\"https:\/\/www.visit-ulcinj.com\/blog\/2016\/05\/16\/podgorica-mbi-kufirin-mal-zi-kosove-video\/#breadcrumb\"},\"inLanguage\":\"en-US\",\"potentialAction\":[{\"@type\":\"ReadAction\",\"target\":[\"https:\/\/www.visit-ulcinj.com\/blog\/2016\/05\/16\/podgorica-mbi-kufirin-mal-zi-kosove-video\/\"]}]},{\"@type\":\"BreadcrumbList\",\"@id\":\"https:\/\/www.visit-ulcinj.com\/blog\/2016\/05\/16\/podgorica-mbi-kufirin-mal-zi-kosove-video\/#breadcrumb\",\"itemListElement\":[{\"@type\":\"ListItem\",\"position\":1,\"name\":\"Podgorica mbi kufirin Mal i Zi &#8211; Kosov\u00eb &#8211; Video\"}]},{\"@type\":\"Person\",\"@id\":\"https:\/\/www.visit-ulcinj.com\/blog\/#\/schema\/person\/dcab619c614d3038751c63bc2aadc06d\",\"name\":\"ulqini\",\"sameAs\":[\"http:\/\/www.visit-ulcinj.com\"],\"url\":\"https:\/\/www.visit-ulcinj.com\/blog\/author\/admin\/\"}]}<\/script>\n<!-- \/ Yoast SEO plugin. -->","yoast_head_json":{"title":"Podgorica mbi kufirin Mal i Zi - Kosov\u00eb - Video - Lajme nga Ulqini","description":"Zyrtar\u00ebt malazez\u00eb e mb\u00ebshtesin Marr\u00ebveshjen mbi kufirin me Kosov\u00ebn duke e cil\u00ebsuar demarkacionin n\u00eb p\u00ebrputhje t\u00eb plot\u00eb me kufirin administrativ t\u00eb vitit","robots":{"index":"index","follow":"follow","max-snippet":"max-snippet:-1","max-image-preview":"max-image-preview:large","max-video-preview":"max-video-preview:-1"},"canonical":"https:\/\/www.visit-ulcinj.com\/blog\/2016\/05\/16\/podgorica-mbi-kufirin-mal-zi-kosove-video\/","og_locale":"en_US","og_type":"article","og_title":"Podgorica mbi kufirin Mal i Zi - Kosov\u00eb - Video - Lajme nga Ulqini","og_description":"Zyrtar\u00ebt malazez\u00eb e mb\u00ebshtesin Marr\u00ebveshjen mbi kufirin me Kosov\u00ebn duke e cil\u00ebsuar demarkacionin n\u00eb p\u00ebrputhje t\u00eb plot\u00eb me kufirin administrativ t\u00eb vitit","og_url":"https:\/\/www.visit-ulcinj.com\/blog\/2016\/05\/16\/podgorica-mbi-kufirin-mal-zi-kosove-video\/","og_site_name":"Lajme nga Ulqini","article_published_time":"2016-05-16T09:06:27+00:00","article_modified_time":"2016-05-16T10:14:13+00:00","twitter_misc":{"Written by":"ulqini"},"schema":{"@context":"https:\/\/schema.org","@graph":[{"@type":"WebSite","@id":"https:\/\/www.visit-ulcinj.com\/blog\/#website","url":"https:\/\/www.visit-ulcinj.com\/blog\/","name":"Lajme nga Ulqini","description":"Lajme,Vijesti,Ulqini,Ulqin,Crna Gora,Mali i Zi","potentialAction":[{"@type":"SearchAction","target":{"@type":"EntryPoint","urlTemplate":"https:\/\/www.visit-ulcinj.com\/blog\/?s={search_term_string}"},"query-input":"required name=search_term_string"}],"inLanguage":"en-US"},{"@type":"WebPage","@id":"https:\/\/www.visit-ulcinj.com\/blog\/2016\/05\/16\/podgorica-mbi-kufirin-mal-zi-kosove-video\/#webpage","url":"https:\/\/www.visit-ulcinj.com\/blog\/2016\/05\/16\/podgorica-mbi-kufirin-mal-zi-kosove-video\/","name":"Podgorica mbi kufirin Mal i Zi - Kosov\u00eb - Video - Lajme nga Ulqini","isPartOf":{"@id":"https:\/\/www.visit-ulcinj.com\/blog\/#website"},"datePublished":"2016-05-16T09:06:27+00:00","dateModified":"2016-05-16T10:14:13+00:00","author":{"@id":"https:\/\/www.visit-ulcinj.com\/blog\/#\/schema\/person\/dcab619c614d3038751c63bc2aadc06d"},"description":"Zyrtar\u00ebt malazez\u00eb e mb\u00ebshtesin Marr\u00ebveshjen mbi kufirin me Kosov\u00ebn duke e cil\u00ebsuar demarkacionin n\u00eb p\u00ebrputhje t\u00eb plot\u00eb me kufirin administrativ t\u00eb vitit","breadcrumb":{"@id":"https:\/\/www.visit-ulcinj.com\/blog\/2016\/05\/16\/podgorica-mbi-kufirin-mal-zi-kosove-video\/#breadcrumb"},"inLanguage":"en-US","potentialAction":[{"@type":"ReadAction","target":["https:\/\/www.visit-ulcinj.com\/blog\/2016\/05\/16\/podgorica-mbi-kufirin-mal-zi-kosove-video\/"]}]},{"@type":"BreadcrumbList","@id":"https:\/\/www.visit-ulcinj.com\/blog\/2016\/05\/16\/podgorica-mbi-kufirin-mal-zi-kosove-video\/#breadcrumb","itemListElement":[{"@type":"ListItem","position":1,"name":"Podgorica mbi kufirin Mal i Zi &#8211; Kosov\u00eb &#8211; Video"}]},{"@type":"Person","@id":"https:\/\/www.visit-ulcinj.com\/blog\/#\/schema\/person\/dcab619c614d3038751c63bc2aadc06d","name":"ulqini","sameAs":["http:\/\/www.visit-ulcinj.com"],"url":"https:\/\/www.visit-ulcinj.com\/blog\/author\/admin\/"}]}},"jetpack_featured_media_url":"","jetpack_sharing_enabled":true,"jetpack_shortlink":"https:\/\/wp.me\/pe6lTn-pce","_links":{"self":[{"href":"https:\/\/www.visit-ulcinj.com\/blog\/wp-json\/wp\/v2\/posts\/96858"}],"collection":[{"href":"https:\/\/www.visit-ulcinj.com\/blog\/wp-json\/wp\/v2\/posts"}],"about":[{"href":"https:\/\/www.visit-ulcinj.com\/blog\/wp-json\/wp\/v2\/types\/post"}],"author":[{"embeddable":true,"href":"https:\/\/www.visit-ulcinj.com\/blog\/wp-json\/wp\/v2\/users\/1"}],"replies":[{"embeddable":true,"href":"https:\/\/www.visit-ulcinj.com\/blog\/wp-json\/wp\/v2\/comments?post=96858"}],"version-history":[{"count":2,"href":"https:\/\/www.visit-ulcinj.com\/blog\/wp-json\/wp\/v2\/posts\/96858\/revisions"}],"predecessor-version":[{"id":96870,"href":"https:\/\/www.visit-ulcinj.com\/blog\/wp-json\/wp\/v2\/posts\/96858\/revisions\/96870"}],"wp:attachment":[{"href":"https:\/\/www.visit-ulcinj.com\/blog\/wp-json\/wp\/v2\/media?parent=96858"}],"wp:term":[{"taxonomy":"category","embeddable":true,"href":"https:\/\/www.visit-ulcinj.com\/blog\/wp-json\/wp\/v2\/categories?post=96858"},{"taxonomy":"post_tag","embeddable":true,"href":"https:\/\/www.visit-ulcinj.com\/blog\/wp-json\/wp\/v2\/tags?post=96858"}],"curies":[{"name":"wp","href":"https:\/\/api.w.org\/{rel}","templated":true}]}}