{"id":96864,"date":"2016-05-16T10:44:30","date_gmt":"2016-05-16T09:44:30","guid":{"rendered":"http:\/\/www.visit-ulcinj.com\/blog\/?p=96864"},"modified":"2016-05-16T10:44:30","modified_gmt":"2016-05-16T09:44:30","slug":"czip-propalo-jos-jedno-gnijezdenje-flamingosa","status":"publish","type":"post","link":"https:\/\/www.visit-ulcinj.com\/blog\/2016\/05\/16\/czip-propalo-jos-jedno-gnijezdenje-flamingosa\/","title":{"rendered":"CZIP: Propalo jo\u0161 jedno gnije\u017e\u0111enje flamingosa!"},"content":{"rendered":"<p><a href=\"http:\/\/www.visit-ulcinj.com\/blog\/wp-content\/uploads\/2016\/05\/flamingosi_UL.jpg\"><img loading=\"lazy\" class=\"alignleft wp-image-96865\" src=\"http:\/\/www.visit-ulcinj.com\/blog\/wp-content\/uploads\/2016\/05\/flamingosi_UL.jpg\" alt=\"flamingosi_UL\" width=\"508\" height=\"300\" srcset=\"https:\/\/www.visit-ulcinj.com\/blog\/wp-content\/uploads\/2016\/05\/flamingosi_UL.jpg 999w, https:\/\/www.visit-ulcinj.com\/blog\/wp-content\/uploads\/2016\/05\/flamingosi_UL-300x177.jpg 300w, https:\/\/www.visit-ulcinj.com\/blog\/wp-content\/uploads\/2016\/05\/flamingosi_UL-768x454.jpg 768w\" sizes=\"(max-width: 508px) 100vw, 508px\" \/><\/a>Centar za za\u0161titu i prou\u010davanje ptica, II me\u0111unarodnu konferenciju otvorio je saop\u0161tenjem o ponovnom gnije\u017e\u0111enju flamingosa \u0161to je dalo pozitivan ton napetoj diskusiji u\u010desnika konferencije obzirom da su probijeni svi dogovoreni rokovi za nacionalnu i me\u0111unarodnu za\u0161titu Ulcinjske solane. Mjesec dana nakon zavr\u0161etka konferencije konstatovali smo da su flamingosi napustili svoja gnijezda, a ju\u010de je prilikom redovnog monitoringa definitivno i potvr\u0111ena sumnja da je flamingose zadesila sli\u010dna sudbina kao i 2013 godine kada su jaja polomljena od strane nepoznatog po\u010dinioca.<\/p>\n<p>Razlozi za napu\u0161tanje gnijezda formiranih po\u010detkom aprila mogu biti uzrokovani razli\u010ditim faktorima: ljudskim, predatorskim pa \u010dak i vremenskim. Prva pretpostavka o napu\u0161tanju gnijezda evidentirana je 05. maja ali prave razloge za ovakvo pona\u0161anje flamingosa nismo mogli utvrditi jer su se do ju\u010de kretali u blizini svojih gnijezda\/kupa. Sumnja je definitivno potvr\u0111ena tek 14. maja, kada smo se kona\u010dno i mogli pribli\u017eiti kupama (jer flamingosi nisu vi\u0161e bili u blizini) i konstatovati da su gnijezda propala ta\u010dnije poplavljena uslijed obilnih padavina. Dakle \u010dak i u slu\u010daju da flamingosi nisu prethodno napustili gnijezda nedavne vremenske neprilike ne bi omogu\u0107ile opstanak jajima ili tek izlije\u017eenim pti\u0107ima. Na\u017ealost nije propalo samo gnije\u017e\u0111enje flamingosa ve\u0107 i vlastelica, malih i obi\u010dnih \u010digri i zijavaca \u0161to je definitivno posljedica visokog vodostaja.<\/p>\n<p>Propala gnije\u017e\u0111enja ovih vrsta predstavljaju jo\u0161 jedno upozorenje u nizu, a to je da se Ulcinjska solana mora \u0161to hitnije za\u0161tititi na nacionalnom i me\u0111unarodnom nivou kako bi se pre\u0161lo na konkretne za\u0161titarske aktivnosti u cilju obezbje\u0111enja uspje\u0161nog gnije\u017e\u0111enja ugro\u017eenih vrsta ptica. Upravo se zbog njih ovaj lokalitet i stavlja pod za\u0161titu \u0161to zahtijeva kona\u010dno preuzimanje uloge upravlja\u010da i obaveza koje iz toga proizilaze. Naime, kvalitetno upravljanje podrazumjeva mnogo vi\u0161e od dosada\u0161njih napora ulo\u017eenih u ovaj nadasve specifi\u010dan vje\u0161ta\u010dki ekosistem. Zna\u010daj Solane na globalnom nivou zahtijeva stru\u010dne i ciljane mjere za\u0161tite koje prevazilaze najosnovniji nivo upravljanja u vidu za\u0161tite fabri\u010dkog postrojenja, proizvoljnog upravljanja vodostajem i monitoringa.<\/p>\n<p>Me\u0111utim propadanje gnijezda nije novina \u010dak i u ure\u0111enijim sistemima i za\u0161ti\u0107enim podru\u010djima u kojima je anga\u017eovan ve\u0107i broj stru\u010dnih ljudi sa dugogodi\u0161njim iskustvom u upravljanju vje\u0161ta\u010dkih ekosistema, \u0161to ne zna\u010di da sve naredne sezone gnije\u017e\u0111enja treba prepustiti slu\u010daju. Za primjer dobrog upravljanja ne treba i\u0107i daleko. Projekat za\u0161tite pelikana na Skadarskom jezeru i njihovog uspe\u0161nog gnije\u017e\u0111enja na vje\u0161ta\u010dkim splavovima primjer je uspje\u0161ne i kompleksne saradnje najve\u0107ih inostranih stru\u010dnjaka sa vladinim i civilnim sektorom. Upravo ovakav primjer pokazuje da se populacije odre\u0111enih vrsta mogu oporaviti u rekordnom broju uz ciljane mjere za\u0161tite i sinhornizovane akcije svih aktera \u0161to u slu\u010daju Ulcinjske solane jo\u0161 uvjek izostaje pa \u010dak i u domenu najjednostavnijih aktivnosti poput monitoringa.<\/p>\n<p><strong>Izvor: CZIP<\/strong><\/p>\n","protected":false},"excerpt":{"rendered":"<p>Centar za za\u0161titu i prou\u010davanje ptica, II me\u0111unarodnu konferenciju otvorio je saop\u0161tenjem o ponovnom gnije\u017e\u0111enju flamingosa \u0161to je dalo pozitivan ton napetoj diskusiji u\u010desnika konferencije obzirom da su probijeni svi dogovoreni rokovi za nacionalnu i me\u0111unarodnu za\u0161titu Ulcinjske solane. Mjesec dana nakon zavr\u0161etka konferencije konstatovali smo da su flamingosi napustili svoja gnijezda, a ju\u010de je [&hellip;]<\/p>\n","protected":false},"author":1,"featured_media":0,"comment_status":"closed","ping_status":"closed","sticky":false,"template":"","format":"standard","meta":{"spay_email":"","jetpack_publicize_message":"","jetpack_is_tweetstorm":false,"jetpack_publicize_feature_enabled":true},"categories":[6950],"tags":[],"jetpack_publicize_connections":[],"yoast_head":"<!-- This site is optimized with the Yoast SEO plugin v19.1 - https:\/\/yoast.com\/wordpress\/plugins\/seo\/ -->\n<title>CZIP: Propalo jo\u0161 jedno gnije\u017e\u0111enje flamingosa! - Lajme nga Ulqini<\/title>\n<meta name=\"description\" content=\"Centar za za\u0161titu i prou\u010davanje ptica, II me\u0111unarodnu konferenciju otvorio je saop\u0161tenjem o ponovnom gnije\u017e\u0111enju flamingosa \u0161to je dalo pozitivan ton\" \/>\n<meta name=\"robots\" content=\"index, follow, max-snippet:-1, max-image-preview:large, max-video-preview:-1\" \/>\n<link rel=\"canonical\" href=\"https:\/\/www.visit-ulcinj.com\/blog\/2016\/05\/16\/czip-propalo-jos-jedno-gnijezdenje-flamingosa\/\" \/>\n<meta property=\"og:locale\" content=\"en_US\" \/>\n<meta property=\"og:type\" content=\"article\" \/>\n<meta property=\"og:title\" content=\"CZIP: Propalo jo\u0161 jedno gnije\u017e\u0111enje flamingosa! - Lajme nga Ulqini\" \/>\n<meta property=\"og:description\" content=\"Centar za za\u0161titu i prou\u010davanje ptica, II me\u0111unarodnu konferenciju otvorio je saop\u0161tenjem o ponovnom gnije\u017e\u0111enju flamingosa \u0161to je dalo pozitivan ton\" \/>\n<meta property=\"og:url\" content=\"https:\/\/www.visit-ulcinj.com\/blog\/2016\/05\/16\/czip-propalo-jos-jedno-gnijezdenje-flamingosa\/\" \/>\n<meta property=\"og:site_name\" content=\"Lajme nga Ulqini\" \/>\n<meta property=\"article:published_time\" content=\"2016-05-16T09:44:30+00:00\" \/>\n<meta property=\"og:image\" content=\"http:\/\/www.visit-ulcinj.com\/blog\/wp-content\/uploads\/2016\/05\/flamingosi_UL.jpg\" \/>\n<meta name=\"twitter:label1\" content=\"Written by\" \/>\n\t<meta name=\"twitter:data1\" content=\"ulqini\" \/>\n\t<meta name=\"twitter:label2\" content=\"Est. reading time\" \/>\n\t<meta name=\"twitter:data2\" content=\"3 minutes\" \/>\n<script type=\"application\/ld+json\" class=\"yoast-schema-graph\">{\"@context\":\"https:\/\/schema.org\",\"@graph\":[{\"@type\":\"WebSite\",\"@id\":\"https:\/\/www.visit-ulcinj.com\/blog\/#website\",\"url\":\"https:\/\/www.visit-ulcinj.com\/blog\/\",\"name\":\"Lajme nga Ulqini\",\"description\":\"Lajme,Vijesti,Ulqini,Ulqin,Crna Gora,Mali i Zi\",\"potentialAction\":[{\"@type\":\"SearchAction\",\"target\":{\"@type\":\"EntryPoint\",\"urlTemplate\":\"https:\/\/www.visit-ulcinj.com\/blog\/?s={search_term_string}\"},\"query-input\":\"required name=search_term_string\"}],\"inLanguage\":\"en-US\"},{\"@type\":\"ImageObject\",\"inLanguage\":\"en-US\",\"@id\":\"https:\/\/www.visit-ulcinj.com\/blog\/2016\/05\/16\/czip-propalo-jos-jedno-gnijezdenje-flamingosa\/#primaryimage\",\"url\":\"https:\/\/www.visit-ulcinj.com\/blog\/wp-content\/uploads\/2016\/05\/flamingosi_UL.jpg\",\"contentUrl\":\"https:\/\/www.visit-ulcinj.com\/blog\/wp-content\/uploads\/2016\/05\/flamingosi_UL.jpg\",\"width\":999,\"height\":590},{\"@type\":\"WebPage\",\"@id\":\"https:\/\/www.visit-ulcinj.com\/blog\/2016\/05\/16\/czip-propalo-jos-jedno-gnijezdenje-flamingosa\/#webpage\",\"url\":\"https:\/\/www.visit-ulcinj.com\/blog\/2016\/05\/16\/czip-propalo-jos-jedno-gnijezdenje-flamingosa\/\",\"name\":\"CZIP: Propalo jo\u0161 jedno gnije\u017e\u0111enje flamingosa! - Lajme nga Ulqini\",\"isPartOf\":{\"@id\":\"https:\/\/www.visit-ulcinj.com\/blog\/#website\"},\"primaryImageOfPage\":{\"@id\":\"https:\/\/www.visit-ulcinj.com\/blog\/2016\/05\/16\/czip-propalo-jos-jedno-gnijezdenje-flamingosa\/#primaryimage\"},\"datePublished\":\"2016-05-16T09:44:30+00:00\",\"dateModified\":\"2016-05-16T09:44:30+00:00\",\"author\":{\"@id\":\"https:\/\/www.visit-ulcinj.com\/blog\/#\/schema\/person\/dcab619c614d3038751c63bc2aadc06d\"},\"description\":\"Centar za za\u0161titu i prou\u010davanje ptica, II me\u0111unarodnu konferenciju otvorio je saop\u0161tenjem o ponovnom gnije\u017e\u0111enju flamingosa \u0161to je dalo pozitivan ton\",\"breadcrumb\":{\"@id\":\"https:\/\/www.visit-ulcinj.com\/blog\/2016\/05\/16\/czip-propalo-jos-jedno-gnijezdenje-flamingosa\/#breadcrumb\"},\"inLanguage\":\"en-US\",\"potentialAction\":[{\"@type\":\"ReadAction\",\"target\":[\"https:\/\/www.visit-ulcinj.com\/blog\/2016\/05\/16\/czip-propalo-jos-jedno-gnijezdenje-flamingosa\/\"]}]},{\"@type\":\"BreadcrumbList\",\"@id\":\"https:\/\/www.visit-ulcinj.com\/blog\/2016\/05\/16\/czip-propalo-jos-jedno-gnijezdenje-flamingosa\/#breadcrumb\",\"itemListElement\":[{\"@type\":\"ListItem\",\"position\":1,\"name\":\"CZIP: Propalo jo\u0161 jedno gnije\u017e\u0111enje flamingosa!\"}]},{\"@type\":\"Person\",\"@id\":\"https:\/\/www.visit-ulcinj.com\/blog\/#\/schema\/person\/dcab619c614d3038751c63bc2aadc06d\",\"name\":\"ulqini\",\"sameAs\":[\"http:\/\/www.visit-ulcinj.com\"],\"url\":\"https:\/\/www.visit-ulcinj.com\/blog\/author\/admin\/\"}]}<\/script>\n<!-- \/ Yoast SEO plugin. -->","yoast_head_json":{"title":"CZIP: Propalo jo\u0161 jedno gnije\u017e\u0111enje flamingosa! - Lajme nga Ulqini","description":"Centar za za\u0161titu i prou\u010davanje ptica, II me\u0111unarodnu konferenciju otvorio je saop\u0161tenjem o ponovnom gnije\u017e\u0111enju flamingosa \u0161to je dalo pozitivan ton","robots":{"index":"index","follow":"follow","max-snippet":"max-snippet:-1","max-image-preview":"max-image-preview:large","max-video-preview":"max-video-preview:-1"},"canonical":"https:\/\/www.visit-ulcinj.com\/blog\/2016\/05\/16\/czip-propalo-jos-jedno-gnijezdenje-flamingosa\/","og_locale":"en_US","og_type":"article","og_title":"CZIP: Propalo jo\u0161 jedno gnije\u017e\u0111enje flamingosa! - Lajme nga Ulqini","og_description":"Centar za za\u0161titu i prou\u010davanje ptica, II me\u0111unarodnu konferenciju otvorio je saop\u0161tenjem o ponovnom gnije\u017e\u0111enju flamingosa \u0161to je dalo pozitivan ton","og_url":"https:\/\/www.visit-ulcinj.com\/blog\/2016\/05\/16\/czip-propalo-jos-jedno-gnijezdenje-flamingosa\/","og_site_name":"Lajme nga Ulqini","article_published_time":"2016-05-16T09:44:30+00:00","og_image":[{"url":"http:\/\/www.visit-ulcinj.com\/blog\/wp-content\/uploads\/2016\/05\/flamingosi_UL.jpg"}],"twitter_misc":{"Written by":"ulqini","Est. reading time":"3 minutes"},"schema":{"@context":"https:\/\/schema.org","@graph":[{"@type":"WebSite","@id":"https:\/\/www.visit-ulcinj.com\/blog\/#website","url":"https:\/\/www.visit-ulcinj.com\/blog\/","name":"Lajme nga Ulqini","description":"Lajme,Vijesti,Ulqini,Ulqin,Crna Gora,Mali i Zi","potentialAction":[{"@type":"SearchAction","target":{"@type":"EntryPoint","urlTemplate":"https:\/\/www.visit-ulcinj.com\/blog\/?s={search_term_string}"},"query-input":"required name=search_term_string"}],"inLanguage":"en-US"},{"@type":"ImageObject","inLanguage":"en-US","@id":"https:\/\/www.visit-ulcinj.com\/blog\/2016\/05\/16\/czip-propalo-jos-jedno-gnijezdenje-flamingosa\/#primaryimage","url":"https:\/\/www.visit-ulcinj.com\/blog\/wp-content\/uploads\/2016\/05\/flamingosi_UL.jpg","contentUrl":"https:\/\/www.visit-ulcinj.com\/blog\/wp-content\/uploads\/2016\/05\/flamingosi_UL.jpg","width":999,"height":590},{"@type":"WebPage","@id":"https:\/\/www.visit-ulcinj.com\/blog\/2016\/05\/16\/czip-propalo-jos-jedno-gnijezdenje-flamingosa\/#webpage","url":"https:\/\/www.visit-ulcinj.com\/blog\/2016\/05\/16\/czip-propalo-jos-jedno-gnijezdenje-flamingosa\/","name":"CZIP: Propalo jo\u0161 jedno gnije\u017e\u0111enje flamingosa! - Lajme nga Ulqini","isPartOf":{"@id":"https:\/\/www.visit-ulcinj.com\/blog\/#website"},"primaryImageOfPage":{"@id":"https:\/\/www.visit-ulcinj.com\/blog\/2016\/05\/16\/czip-propalo-jos-jedno-gnijezdenje-flamingosa\/#primaryimage"},"datePublished":"2016-05-16T09:44:30+00:00","dateModified":"2016-05-16T09:44:30+00:00","author":{"@id":"https:\/\/www.visit-ulcinj.com\/blog\/#\/schema\/person\/dcab619c614d3038751c63bc2aadc06d"},"description":"Centar za za\u0161titu i prou\u010davanje ptica, II me\u0111unarodnu konferenciju otvorio je saop\u0161tenjem o ponovnom gnije\u017e\u0111enju flamingosa \u0161to je dalo pozitivan ton","breadcrumb":{"@id":"https:\/\/www.visit-ulcinj.com\/blog\/2016\/05\/16\/czip-propalo-jos-jedno-gnijezdenje-flamingosa\/#breadcrumb"},"inLanguage":"en-US","potentialAction":[{"@type":"ReadAction","target":["https:\/\/www.visit-ulcinj.com\/blog\/2016\/05\/16\/czip-propalo-jos-jedno-gnijezdenje-flamingosa\/"]}]},{"@type":"BreadcrumbList","@id":"https:\/\/www.visit-ulcinj.com\/blog\/2016\/05\/16\/czip-propalo-jos-jedno-gnijezdenje-flamingosa\/#breadcrumb","itemListElement":[{"@type":"ListItem","position":1,"name":"CZIP: Propalo jo\u0161 jedno gnije\u017e\u0111enje flamingosa!"}]},{"@type":"Person","@id":"https:\/\/www.visit-ulcinj.com\/blog\/#\/schema\/person\/dcab619c614d3038751c63bc2aadc06d","name":"ulqini","sameAs":["http:\/\/www.visit-ulcinj.com"],"url":"https:\/\/www.visit-ulcinj.com\/blog\/author\/admin\/"}]}},"jetpack_featured_media_url":"","jetpack_sharing_enabled":true,"jetpack_shortlink":"https:\/\/wp.me\/pe6lTn-pck","_links":{"self":[{"href":"https:\/\/www.visit-ulcinj.com\/blog\/wp-json\/wp\/v2\/posts\/96864"}],"collection":[{"href":"https:\/\/www.visit-ulcinj.com\/blog\/wp-json\/wp\/v2\/posts"}],"about":[{"href":"https:\/\/www.visit-ulcinj.com\/blog\/wp-json\/wp\/v2\/types\/post"}],"author":[{"embeddable":true,"href":"https:\/\/www.visit-ulcinj.com\/blog\/wp-json\/wp\/v2\/users\/1"}],"replies":[{"embeddable":true,"href":"https:\/\/www.visit-ulcinj.com\/blog\/wp-json\/wp\/v2\/comments?post=96864"}],"version-history":[{"count":1,"href":"https:\/\/www.visit-ulcinj.com\/blog\/wp-json\/wp\/v2\/posts\/96864\/revisions"}],"predecessor-version":[{"id":96866,"href":"https:\/\/www.visit-ulcinj.com\/blog\/wp-json\/wp\/v2\/posts\/96864\/revisions\/96866"}],"wp:attachment":[{"href":"https:\/\/www.visit-ulcinj.com\/blog\/wp-json\/wp\/v2\/media?parent=96864"}],"wp:term":[{"taxonomy":"category","embeddable":true,"href":"https:\/\/www.visit-ulcinj.com\/blog\/wp-json\/wp\/v2\/categories?post=96864"},{"taxonomy":"post_tag","embeddable":true,"href":"https:\/\/www.visit-ulcinj.com\/blog\/wp-json\/wp\/v2\/tags?post=96864"}],"curies":[{"name":"wp","href":"https:\/\/api.w.org\/{rel}","templated":true}]}}