{"id":96872,"date":"2016-05-16T15:42:15","date_gmt":"2016-05-16T14:42:15","guid":{"rendered":"http:\/\/www.visit-ulcinj.com\/blog\/?p=96872"},"modified":"2016-05-17T18:12:08","modified_gmt":"2016-05-17T17:12:08","slug":"thellohet-bashkepunimi-ne-mes-ulqinit-dhe-qytetit-kayl-luxembourg","status":"publish","type":"post","link":"https:\/\/www.visit-ulcinj.com\/blog\/2016\/05\/16\/thellohet-bashkepunimi-ne-mes-ulqinit-dhe-qytetit-kayl-luxembourg\/","title":{"rendered":"Thellohet bashk\u00ebpunimi n\u00eb mes Ulqinit dhe qytetit Kayl &#8211; Luxembourg"},"content":{"rendered":"<p><a href=\"http:\/\/www.visit-ulcinj.com\/blog\/wp-content\/uploads\/2016\/05\/Municipality-of-Kayl-Luxembourg-Municipality-of-Ulcinj-Ulqin-Montenegro.jpg\"><img loading=\"lazy\" class=\"alignleft wp-image-96873\" src=\"http:\/\/www.visit-ulcinj.com\/blog\/wp-content\/uploads\/2016\/05\/Municipality-of-Kayl-Luxembourg-Municipality-of-Ulcinj-Ulqin-Montenegro.jpg\" alt=\"Municipality of Kayl-Luxembourg-Municipality of Ulcinj-Ulqin-Montenegro\" width=\"508\" height=\"337\" srcset=\"https:\/\/www.visit-ulcinj.com\/blog\/wp-content\/uploads\/2016\/05\/Municipality-of-Kayl-Luxembourg-Municipality-of-Ulcinj-Ulqin-Montenegro.jpg 750w, https:\/\/www.visit-ulcinj.com\/blog\/wp-content\/uploads\/2016\/05\/Municipality-of-Kayl-Luxembourg-Municipality-of-Ulcinj-Ulqin-Montenegro-300x199.jpg 300w\" sizes=\"(max-width: 508px) 100vw, 508px\" \/><\/a>N<span lang=\"SQ\">\u00eb Ulqin po q\u00ebndron p\u00ebr\u00a0 vizit\u00eb disa dit\u00ebshe\u00a0 nj\u00eb delegacion\u00a0 i qytetit\u00a0 Kayl i <span class=\"st\">Luxembourg<\/span>ut i\u00a0 kryesuar\u00a0 nga kryetari\u00a0 i saj\u00a0 <\/span>John Lorent , me t\u00eb\u00a0 cilin qyteti\u00a0\u00a0 yn\u00eb\u00a0 ka\u00a0 t\u00eb\u00a0 n\u00ebnshkruar\u00a0 mar\u00ebveshtje bashk\u00ebpunimi.<\/p>\n<p>Ata\u00a0 u prit\u00ebn nga kryetari Nazif Cungu\u00a0 dhe bashk\u00ebpun\u00ebtor\u00ebt e tij. Kryetari Cungu duke\u00a0 i shprehur mir\u00ebseardhje\u00a0 n\u00eb qytetin ton\u00eb\u00a0 i ka njoftuar\u00a0 me resurset e shumta\u00a0 q\u00eb ofron ai n\u00eb\u00a0 t\u00eb gjitha planet.<\/p>\n<p><a href=\"http:\/\/www.visit-ulcinj.com\/blog\/wp-content\/uploads\/2016\/05\/Municipality-of-Kayl-Luxembourg-Municipality-of-Ulcinj-Ulqin-Montenegro-1.jpg\"><img loading=\"lazy\" class=\"alignleft wp-image-96874\" src=\"http:\/\/www.visit-ulcinj.com\/blog\/wp-content\/uploads\/2016\/05\/Municipality-of-Kayl-Luxembourg-Municipality-of-Ulcinj-Ulqin-Montenegro-1.jpg\" alt=\"Municipality of Kayl-Luxembourg-Municipality of Ulcinj-Ulqin-Montenegro-1\" width=\"508\" height=\"337\" srcset=\"https:\/\/www.visit-ulcinj.com\/blog\/wp-content\/uploads\/2016\/05\/Municipality-of-Kayl-Luxembourg-Municipality-of-Ulcinj-Ulqin-Montenegro-1.jpg 750w, https:\/\/www.visit-ulcinj.com\/blog\/wp-content\/uploads\/2016\/05\/Municipality-of-Kayl-Luxembourg-Municipality-of-Ulcinj-Ulqin-Montenegro-1-300x199.jpg 300w\" sizes=\"(max-width: 508px) 100vw, 508px\" \/><\/a><\/p>\n<p>Nderkaq\u00a0 Z. John Lorent\u00a0 b\u00ebri n\u00eb krahasim nd\u00ebrmjet\u00a0 dy qyteteve q\u00eb\u00a0 nga antikiteti e deri n\u00eb dit\u00ebt e sotme dhe t\u00eb perbashk\u00ebtat q\u00eb kan\u00eb.\u00a0 Duke , shprehur\u00a0 vler\u00ebsime dhe konsiderata\u00a0 p\u00ebr pritjen\u00a0 ai n\u00ebnvizoi se\u00a0 n\u00eb dit\u00ebt\u00a0 e ardh\u00ebshme do t\u00eb\u00a0 diskutohet detalisht\u00a0 edhe p\u00ebr dy projektet e\u00a0 inicuara\u00a0 m\u00eb par\u00eb\u00a0 nga komuna jon\u00eb , p\u00ebr t\u00eb cil\u00ebt tha se\u00a0 pozita dhe opozita e\u00a0 qytetit Kayl \u00ebsht\u00eb detalisht e njoftuar. Nj\u00ebri nga projektet \u00ebsht\u00eb ai i pastrimit t\u00eb kanalit t\u00eb Bratices, k\u00ebrkes\u00eb e\u00a0 kahmotshme e banor\u00ebve dhe\u00a0 nj\u00eb problem akut p\u00ebr komun\u00ebn ton q\u00eb k\u00ebrkon zgjidhje. Me\u00a0 interes , mysafir\u00ebt\u00a0 p\u00ebrcoll\u00ebn prezantimin n\u00eb\u00a0 sfer\u00ebn e turizmit q\u00eb e b\u00ebri p\u00ebrfaqesuesi i Organizat\u00ebs\u00a0 turistike\u00a0 s\u00eb bashku\u00a0 me kryetarin Cungu\u00a0 n\u00eb takim\u00a0 kan\u00eb marr\u00eb pjes\u00eb\u00a0 kryetari i\u00a0 Kuvendit\u00a0 Loro Nrekiqi, n\u00ebnkryetar\u00ebt Vaso Radoviq , Hadixha Gjoni, p\u00ebrfaqesuesi i Organizat\u00ebs\u00a0 turistike dhe ai i\u00a0 Zyr\u00ebs p\u00ebr\u00a0 projektet IPA.Mysafir\u00ebt\u00a0 nga Luksenburgu\u00a0 do t\u00eb vizitojn\u00eb Valdanosin. P\u00ebr ta\u00a0 \u00ebsht\u00eb hartuar nj\u00eb axhend\u00eb e vecant\u00eb\u00a0 e cila\u00a0 parasheh\u00a0 dhe vizita\u00a0 n\u00eb monumentet kulturo historike\u00a0 ku\u00a0 ata do t\u00eb njihen\u00a0 m\u00eb\u00a0 p\u00ebrs\u00ebafrmi\u00a0 me vlerat\u00a0 e rralla\u00a0 historike dhe\u00a0 arkeologjike t\u00eb qytetit ton\u00eb.<\/p>\n","protected":false},"excerpt":{"rendered":"<p>N\u00eb Ulqin po q\u00ebndron p\u00ebr\u00a0 vizit\u00eb disa dit\u00ebshe\u00a0 nj\u00eb delegacion\u00a0 i qytetit\u00a0 Kayl i Luxembourgut i\u00a0 kryesuar\u00a0 nga kryetari\u00a0 i saj\u00a0 John Lorent , me t\u00eb\u00a0 cilin qyteti\u00a0\u00a0 yn\u00eb\u00a0 ka\u00a0 t\u00eb\u00a0 n\u00ebnshkruar\u00a0 mar\u00ebveshtje bashk\u00ebpunimi. Ata\u00a0 u prit\u00ebn nga kryetari Nazif Cungu\u00a0 dhe bashk\u00ebpun\u00ebtor\u00ebt e tij. Kryetari Cungu duke\u00a0 i shprehur mir\u00ebseardhje\u00a0 n\u00eb qytetin ton\u00eb\u00a0 i [&hellip;]<\/p>\n","protected":false},"author":1,"featured_media":0,"comment_status":"closed","ping_status":"closed","sticky":false,"template":"","format":"standard","meta":{"spay_email":"","jetpack_publicize_message":"","jetpack_is_tweetstorm":false,"jetpack_publicize_feature_enabled":true},"categories":[1,6],"tags":[],"jetpack_publicize_connections":[],"yoast_head":"<!-- This site is optimized with the Yoast SEO plugin v19.1 - https:\/\/yoast.com\/wordpress\/plugins\/seo\/ -->\n<title>Thellohet bashk\u00ebpunimi n\u00eb mes Ulqinit dhe qytetit Kayl - Luxembourg - Lajme nga Ulqini<\/title>\n<meta name=\"description\" content=\"N\u00eb Ulqin po q\u00ebndron p\u00ebr\u00a0 vizit\u00eb disa dit\u00ebshe\u00a0 nj\u00eb delegacion\u00a0 i qytetit\u00a0 Kayl i Luxembourgut i\u00a0 kryesuar\u00a0 nga kryetari\u00a0 i saj\u00a0 John Lorent , me t\u00eb\u00a0 cilin\" \/>\n<meta name=\"robots\" content=\"index, follow, max-snippet:-1, max-image-preview:large, max-video-preview:-1\" \/>\n<link rel=\"canonical\" href=\"https:\/\/www.visit-ulcinj.com\/blog\/2016\/05\/16\/thellohet-bashkepunimi-ne-mes-ulqinit-dhe-qytetit-kayl-luxembourg\/\" \/>\n<meta property=\"og:locale\" content=\"en_US\" \/>\n<meta property=\"og:type\" content=\"article\" \/>\n<meta property=\"og:title\" content=\"Thellohet bashk\u00ebpunimi n\u00eb mes Ulqinit dhe qytetit Kayl - Luxembourg - Lajme nga Ulqini\" \/>\n<meta property=\"og:description\" content=\"N\u00eb Ulqin po q\u00ebndron p\u00ebr\u00a0 vizit\u00eb disa dit\u00ebshe\u00a0 nj\u00eb delegacion\u00a0 i qytetit\u00a0 Kayl i Luxembourgut i\u00a0 kryesuar\u00a0 nga kryetari\u00a0 i saj\u00a0 John Lorent , me t\u00eb\u00a0 cilin\" \/>\n<meta property=\"og:url\" content=\"https:\/\/www.visit-ulcinj.com\/blog\/2016\/05\/16\/thellohet-bashkepunimi-ne-mes-ulqinit-dhe-qytetit-kayl-luxembourg\/\" \/>\n<meta property=\"og:site_name\" content=\"Lajme nga Ulqini\" \/>\n<meta property=\"article:published_time\" content=\"2016-05-16T14:42:15+00:00\" \/>\n<meta property=\"article:modified_time\" content=\"2016-05-17T17:12:08+00:00\" \/>\n<meta property=\"og:image\" content=\"http:\/\/www.visit-ulcinj.com\/blog\/wp-content\/uploads\/2016\/05\/Municipality-of-Kayl-Luxembourg-Municipality-of-Ulcinj-Ulqin-Montenegro.jpg\" \/>\n<meta name=\"twitter:label1\" content=\"Written by\" \/>\n\t<meta name=\"twitter:data1\" content=\"ulqini\" \/>\n\t<meta name=\"twitter:label2\" content=\"Est. reading time\" \/>\n\t<meta name=\"twitter:data2\" content=\"1 minute\" \/>\n<script type=\"application\/ld+json\" class=\"yoast-schema-graph\">{\"@context\":\"https:\/\/schema.org\",\"@graph\":[{\"@type\":\"WebSite\",\"@id\":\"https:\/\/www.visit-ulcinj.com\/blog\/#website\",\"url\":\"https:\/\/www.visit-ulcinj.com\/blog\/\",\"name\":\"Lajme nga Ulqini\",\"description\":\"Lajme,Vijesti,Ulqini,Ulqin,Crna Gora,Mali i Zi\",\"potentialAction\":[{\"@type\":\"SearchAction\",\"target\":{\"@type\":\"EntryPoint\",\"urlTemplate\":\"https:\/\/www.visit-ulcinj.com\/blog\/?s={search_term_string}\"},\"query-input\":\"required name=search_term_string\"}],\"inLanguage\":\"en-US\"},{\"@type\":\"ImageObject\",\"inLanguage\":\"en-US\",\"@id\":\"https:\/\/www.visit-ulcinj.com\/blog\/2016\/05\/16\/thellohet-bashkepunimi-ne-mes-ulqinit-dhe-qytetit-kayl-luxembourg\/#primaryimage\",\"url\":\"https:\/\/www.visit-ulcinj.com\/blog\/wp-content\/uploads\/2016\/05\/Municipality-of-Kayl-Luxembourg-Municipality-of-Ulcinj-Ulqin-Montenegro.jpg\",\"contentUrl\":\"https:\/\/www.visit-ulcinj.com\/blog\/wp-content\/uploads\/2016\/05\/Municipality-of-Kayl-Luxembourg-Municipality-of-Ulcinj-Ulqin-Montenegro.jpg\",\"width\":750,\"height\":497},{\"@type\":\"WebPage\",\"@id\":\"https:\/\/www.visit-ulcinj.com\/blog\/2016\/05\/16\/thellohet-bashkepunimi-ne-mes-ulqinit-dhe-qytetit-kayl-luxembourg\/#webpage\",\"url\":\"https:\/\/www.visit-ulcinj.com\/blog\/2016\/05\/16\/thellohet-bashkepunimi-ne-mes-ulqinit-dhe-qytetit-kayl-luxembourg\/\",\"name\":\"Thellohet bashk\u00ebpunimi n\u00eb mes Ulqinit dhe qytetit Kayl - Luxembourg - Lajme nga Ulqini\",\"isPartOf\":{\"@id\":\"https:\/\/www.visit-ulcinj.com\/blog\/#website\"},\"primaryImageOfPage\":{\"@id\":\"https:\/\/www.visit-ulcinj.com\/blog\/2016\/05\/16\/thellohet-bashkepunimi-ne-mes-ulqinit-dhe-qytetit-kayl-luxembourg\/#primaryimage\"},\"datePublished\":\"2016-05-16T14:42:15+00:00\",\"dateModified\":\"2016-05-17T17:12:08+00:00\",\"author\":{\"@id\":\"https:\/\/www.visit-ulcinj.com\/blog\/#\/schema\/person\/dcab619c614d3038751c63bc2aadc06d\"},\"description\":\"N\u00eb Ulqin po q\u00ebndron p\u00ebr\u00a0 vizit\u00eb disa dit\u00ebshe\u00a0 nj\u00eb delegacion\u00a0 i qytetit\u00a0 Kayl i Luxembourgut i\u00a0 kryesuar\u00a0 nga kryetari\u00a0 i saj\u00a0 John Lorent , me t\u00eb\u00a0 cilin\",\"breadcrumb\":{\"@id\":\"https:\/\/www.visit-ulcinj.com\/blog\/2016\/05\/16\/thellohet-bashkepunimi-ne-mes-ulqinit-dhe-qytetit-kayl-luxembourg\/#breadcrumb\"},\"inLanguage\":\"en-US\",\"potentialAction\":[{\"@type\":\"ReadAction\",\"target\":[\"https:\/\/www.visit-ulcinj.com\/blog\/2016\/05\/16\/thellohet-bashkepunimi-ne-mes-ulqinit-dhe-qytetit-kayl-luxembourg\/\"]}]},{\"@type\":\"BreadcrumbList\",\"@id\":\"https:\/\/www.visit-ulcinj.com\/blog\/2016\/05\/16\/thellohet-bashkepunimi-ne-mes-ulqinit-dhe-qytetit-kayl-luxembourg\/#breadcrumb\",\"itemListElement\":[{\"@type\":\"ListItem\",\"position\":1,\"name\":\"Thellohet bashk\u00ebpunimi n\u00eb mes Ulqinit dhe qytetit Kayl &#8211; Luxembourg\"}]},{\"@type\":\"Person\",\"@id\":\"https:\/\/www.visit-ulcinj.com\/blog\/#\/schema\/person\/dcab619c614d3038751c63bc2aadc06d\",\"name\":\"ulqini\",\"sameAs\":[\"http:\/\/www.visit-ulcinj.com\"],\"url\":\"https:\/\/www.visit-ulcinj.com\/blog\/author\/admin\/\"}]}<\/script>\n<!-- \/ Yoast SEO plugin. -->","yoast_head_json":{"title":"Thellohet bashk\u00ebpunimi n\u00eb mes Ulqinit dhe qytetit Kayl - Luxembourg - Lajme nga Ulqini","description":"N\u00eb Ulqin po q\u00ebndron p\u00ebr\u00a0 vizit\u00eb disa dit\u00ebshe\u00a0 nj\u00eb delegacion\u00a0 i qytetit\u00a0 Kayl i Luxembourgut i\u00a0 kryesuar\u00a0 nga kryetari\u00a0 i saj\u00a0 John Lorent , me t\u00eb\u00a0 cilin","robots":{"index":"index","follow":"follow","max-snippet":"max-snippet:-1","max-image-preview":"max-image-preview:large","max-video-preview":"max-video-preview:-1"},"canonical":"https:\/\/www.visit-ulcinj.com\/blog\/2016\/05\/16\/thellohet-bashkepunimi-ne-mes-ulqinit-dhe-qytetit-kayl-luxembourg\/","og_locale":"en_US","og_type":"article","og_title":"Thellohet bashk\u00ebpunimi n\u00eb mes Ulqinit dhe qytetit Kayl - Luxembourg - Lajme nga Ulqini","og_description":"N\u00eb Ulqin po q\u00ebndron p\u00ebr\u00a0 vizit\u00eb disa dit\u00ebshe\u00a0 nj\u00eb delegacion\u00a0 i qytetit\u00a0 Kayl i Luxembourgut i\u00a0 kryesuar\u00a0 nga kryetari\u00a0 i saj\u00a0 John Lorent , me t\u00eb\u00a0 cilin","og_url":"https:\/\/www.visit-ulcinj.com\/blog\/2016\/05\/16\/thellohet-bashkepunimi-ne-mes-ulqinit-dhe-qytetit-kayl-luxembourg\/","og_site_name":"Lajme nga Ulqini","article_published_time":"2016-05-16T14:42:15+00:00","article_modified_time":"2016-05-17T17:12:08+00:00","og_image":[{"url":"http:\/\/www.visit-ulcinj.com\/blog\/wp-content\/uploads\/2016\/05\/Municipality-of-Kayl-Luxembourg-Municipality-of-Ulcinj-Ulqin-Montenegro.jpg"}],"twitter_misc":{"Written by":"ulqini","Est. reading time":"1 minute"},"schema":{"@context":"https:\/\/schema.org","@graph":[{"@type":"WebSite","@id":"https:\/\/www.visit-ulcinj.com\/blog\/#website","url":"https:\/\/www.visit-ulcinj.com\/blog\/","name":"Lajme nga Ulqini","description":"Lajme,Vijesti,Ulqini,Ulqin,Crna Gora,Mali i Zi","potentialAction":[{"@type":"SearchAction","target":{"@type":"EntryPoint","urlTemplate":"https:\/\/www.visit-ulcinj.com\/blog\/?s={search_term_string}"},"query-input":"required name=search_term_string"}],"inLanguage":"en-US"},{"@type":"ImageObject","inLanguage":"en-US","@id":"https:\/\/www.visit-ulcinj.com\/blog\/2016\/05\/16\/thellohet-bashkepunimi-ne-mes-ulqinit-dhe-qytetit-kayl-luxembourg\/#primaryimage","url":"https:\/\/www.visit-ulcinj.com\/blog\/wp-content\/uploads\/2016\/05\/Municipality-of-Kayl-Luxembourg-Municipality-of-Ulcinj-Ulqin-Montenegro.jpg","contentUrl":"https:\/\/www.visit-ulcinj.com\/blog\/wp-content\/uploads\/2016\/05\/Municipality-of-Kayl-Luxembourg-Municipality-of-Ulcinj-Ulqin-Montenegro.jpg","width":750,"height":497},{"@type":"WebPage","@id":"https:\/\/www.visit-ulcinj.com\/blog\/2016\/05\/16\/thellohet-bashkepunimi-ne-mes-ulqinit-dhe-qytetit-kayl-luxembourg\/#webpage","url":"https:\/\/www.visit-ulcinj.com\/blog\/2016\/05\/16\/thellohet-bashkepunimi-ne-mes-ulqinit-dhe-qytetit-kayl-luxembourg\/","name":"Thellohet bashk\u00ebpunimi n\u00eb mes Ulqinit dhe qytetit Kayl - Luxembourg - Lajme nga Ulqini","isPartOf":{"@id":"https:\/\/www.visit-ulcinj.com\/blog\/#website"},"primaryImageOfPage":{"@id":"https:\/\/www.visit-ulcinj.com\/blog\/2016\/05\/16\/thellohet-bashkepunimi-ne-mes-ulqinit-dhe-qytetit-kayl-luxembourg\/#primaryimage"},"datePublished":"2016-05-16T14:42:15+00:00","dateModified":"2016-05-17T17:12:08+00:00","author":{"@id":"https:\/\/www.visit-ulcinj.com\/blog\/#\/schema\/person\/dcab619c614d3038751c63bc2aadc06d"},"description":"N\u00eb Ulqin po q\u00ebndron p\u00ebr\u00a0 vizit\u00eb disa dit\u00ebshe\u00a0 nj\u00eb delegacion\u00a0 i qytetit\u00a0 Kayl i Luxembourgut i\u00a0 kryesuar\u00a0 nga kryetari\u00a0 i saj\u00a0 John Lorent , me t\u00eb\u00a0 cilin","breadcrumb":{"@id":"https:\/\/www.visit-ulcinj.com\/blog\/2016\/05\/16\/thellohet-bashkepunimi-ne-mes-ulqinit-dhe-qytetit-kayl-luxembourg\/#breadcrumb"},"inLanguage":"en-US","potentialAction":[{"@type":"ReadAction","target":["https:\/\/www.visit-ulcinj.com\/blog\/2016\/05\/16\/thellohet-bashkepunimi-ne-mes-ulqinit-dhe-qytetit-kayl-luxembourg\/"]}]},{"@type":"BreadcrumbList","@id":"https:\/\/www.visit-ulcinj.com\/blog\/2016\/05\/16\/thellohet-bashkepunimi-ne-mes-ulqinit-dhe-qytetit-kayl-luxembourg\/#breadcrumb","itemListElement":[{"@type":"ListItem","position":1,"name":"Thellohet bashk\u00ebpunimi n\u00eb mes Ulqinit dhe qytetit Kayl &#8211; Luxembourg"}]},{"@type":"Person","@id":"https:\/\/www.visit-ulcinj.com\/blog\/#\/schema\/person\/dcab619c614d3038751c63bc2aadc06d","name":"ulqini","sameAs":["http:\/\/www.visit-ulcinj.com"],"url":"https:\/\/www.visit-ulcinj.com\/blog\/author\/admin\/"}]}},"jetpack_featured_media_url":"","jetpack_sharing_enabled":true,"jetpack_shortlink":"https:\/\/wp.me\/pe6lTn-pcs","_links":{"self":[{"href":"https:\/\/www.visit-ulcinj.com\/blog\/wp-json\/wp\/v2\/posts\/96872"}],"collection":[{"href":"https:\/\/www.visit-ulcinj.com\/blog\/wp-json\/wp\/v2\/posts"}],"about":[{"href":"https:\/\/www.visit-ulcinj.com\/blog\/wp-json\/wp\/v2\/types\/post"}],"author":[{"embeddable":true,"href":"https:\/\/www.visit-ulcinj.com\/blog\/wp-json\/wp\/v2\/users\/1"}],"replies":[{"embeddable":true,"href":"https:\/\/www.visit-ulcinj.com\/blog\/wp-json\/wp\/v2\/comments?post=96872"}],"version-history":[{"count":1,"href":"https:\/\/www.visit-ulcinj.com\/blog\/wp-json\/wp\/v2\/posts\/96872\/revisions"}],"predecessor-version":[{"id":96875,"href":"https:\/\/www.visit-ulcinj.com\/blog\/wp-json\/wp\/v2\/posts\/96872\/revisions\/96875"}],"wp:attachment":[{"href":"https:\/\/www.visit-ulcinj.com\/blog\/wp-json\/wp\/v2\/media?parent=96872"}],"wp:term":[{"taxonomy":"category","embeddable":true,"href":"https:\/\/www.visit-ulcinj.com\/blog\/wp-json\/wp\/v2\/categories?post=96872"},{"taxonomy":"post_tag","embeddable":true,"href":"https:\/\/www.visit-ulcinj.com\/blog\/wp-json\/wp\/v2\/tags?post=96872"}],"curies":[{"name":"wp","href":"https:\/\/api.w.org\/{rel}","templated":true}]}}