{"id":96890,"date":"2016-05-17T18:08:49","date_gmt":"2016-05-17T17:08:49","guid":{"rendered":"http:\/\/www.visit-ulcinj.com\/blog\/?p=96890"},"modified":"2016-05-19T11:15:14","modified_gmt":"2016-05-19T10:15:14","slug":"vandalizem-kush-e-ka-prishur-uren-e-gorices-ne-sukubine","status":"publish","type":"post","link":"https:\/\/www.visit-ulcinj.com\/blog\/2016\/05\/17\/vandalizem-kush-e-ka-prishur-uren-e-gorices-ne-sukubine\/","title":{"rendered":"Vandaliz\u00ebm: Kush e ka prishur Uren e Goric\u00ebs n\u00eb Sukubin\u00eb"},"content":{"rendered":"<p><strong><a href=\"http:\/\/www.visit-ulcinj.com\/blog\/wp-content\/uploads\/2016\/05\/Ura-e-Goric\u00ebs-n\u00eb-Sukubin\u00eb-Ana-Malit-.jpg\"><img loading=\"lazy\" class=\"alignleft wp-image-96891\" src=\"http:\/\/www.visit-ulcinj.com\/blog\/wp-content\/uploads\/2016\/05\/Ura-e-Goric\u00ebs-n\u00eb-Sukubin\u00eb-Ana-Malit-.jpg\" alt=\"Ura e Goric\u00ebs n\u00eb Sukubin\u00eb-Ana Malit-\" width=\"508\" height=\"523\" srcset=\"https:\/\/www.visit-ulcinj.com\/blog\/wp-content\/uploads\/2016\/05\/Ura-e-Goric\u00ebs-n\u00eb-Sukubin\u00eb-Ana-Malit-.jpg 583w, https:\/\/www.visit-ulcinj.com\/blog\/wp-content\/uploads\/2016\/05\/Ura-e-Goric\u00ebs-n\u00eb-Sukubin\u00eb-Ana-Malit--292x300.jpg 292w\" sizes=\"(max-width: 508px) 100vw, 508px\" \/><\/a>Reagim nga Bashk\u00ebsia lokale Sukubin\u00eb:<\/strong><\/p>\n<p>Menj\u00ebher\u00eb pas marrjes se lajmit nga nj\u00eb banor i Goric\u00ebs, fshat n\u00eb an\u00ebn tjet\u00ebr t\u00eb kufirit, behet fjal\u00eb p\u00ebr nj\u00eb ur\u00eb t\u00eb vjet\u00ebr n\u00eb fshatin Sukubin\u00eb (Ura e Goric\u00ebs) e prishi dhe e shkat\u00ebrroj me mjete shp\u00ebrthyese nga persona t\u00eb pa identifikuar, njofton portali Ul.info.<\/p>\n<p>Pas k\u00ebtij lajmi reagova menj\u00ebher\u00eb informova policin\u00eb komunale dhe shkuam n\u00eb vendngjarje.<\/p>\n<p>Pasi vizituam vendim konstatuam se ura shum\u00ebvje\u00e7are qysh n\u00eb mesjet\u00eb nj\u00eb monument historik ishte e shkat\u00ebrruar totalisht. Nj\u00eb veprim i till\u00eb \u00ebsht\u00eb i pa pranuesh\u00ebm p\u00ebr qytetaret dhe banor\u00ebt vendas. Reagimi dhe shqet\u00ebsimi yn\u00eb \u00ebsht\u00eb t\u00eb zbardhet autori dhe arsyeja e prishjes se k\u00ebtij monumenti t\u00eb vjet\u00ebr historik shqiptar.<\/p>\n<p><a href=\"http:\/\/www.visit-ulcinj.com\/blog\/wp-content\/uploads\/2016\/05\/Ura-Sukubin\u00eb.jpg\"><img loading=\"lazy\" class=\"alignleft wp-image-96954\" src=\"http:\/\/www.visit-ulcinj.com\/blog\/wp-content\/uploads\/2016\/05\/Ura-Sukubin\u00eb.jpg\" alt=\"Ura -Sukubin\u00eb\" width=\"508\" height=\"381\" srcset=\"https:\/\/www.visit-ulcinj.com\/blog\/wp-content\/uploads\/2016\/05\/Ura-Sukubin\u00eb.jpg 480w, https:\/\/www.visit-ulcinj.com\/blog\/wp-content\/uploads\/2016\/05\/Ura-Sukubin\u00eb-300x225.jpg 300w\" sizes=\"(max-width: 508px) 100vw, 508px\" \/><\/a><\/p>\n<p>Ura shumvjecare qe na rrenuan dhe heshtja vazhdon te jete me e madhe se kurr .<\/p>\n<p><strong><a id=\"js_c1\" href=\"https:\/\/www.facebook.com\/Sukubina-474472775962512\/?fref=photo\" data-ft=\"{&quot;tn&quot;:&quot;k&quot;}\" data-hovercard=\"\/ajax\/hovercard\/page.php?id=474472775962512\">Sukubina<\/a> Facebook<\/strong><\/p>\n","protected":false},"excerpt":{"rendered":"<p>Reagim nga Bashk\u00ebsia lokale Sukubin\u00eb: Menj\u00ebher\u00eb pas marrjes se lajmit nga nj\u00eb banor i Goric\u00ebs, fshat n\u00eb an\u00ebn tjet\u00ebr t\u00eb kufirit, behet fjal\u00eb p\u00ebr nj\u00eb ur\u00eb t\u00eb vjet\u00ebr n\u00eb fshatin Sukubin\u00eb (Ura e Goric\u00ebs) e prishi dhe e shkat\u00ebrroj me mjete shp\u00ebrthyese nga persona t\u00eb pa identifikuar, njofton portali Ul.info. Pas k\u00ebtij lajmi reagova menj\u00ebher\u00eb [&hellip;]<\/p>\n","protected":false},"author":1,"featured_media":0,"comment_status":"closed","ping_status":"closed","sticky":false,"template":"","format":"standard","meta":{"spay_email":"","jetpack_publicize_message":"","jetpack_is_tweetstorm":false,"jetpack_publicize_feature_enabled":true},"categories":[1],"tags":[],"jetpack_publicize_connections":[],"yoast_head":"<!-- This site is optimized with the Yoast SEO plugin v19.1 - https:\/\/yoast.com\/wordpress\/plugins\/seo\/ -->\n<title>Vandaliz\u00ebm: Kush e ka prishur Uren e Goric\u00ebs n\u00eb Sukubin\u00eb - Lajme nga Ulqini<\/title>\n<meta name=\"description\" content=\"Reagim nga Bashk\u00ebsia lokale Sukubin\u00eb: Menj\u00ebher\u00eb pas marrjes se lajmit nga nj\u00eb banor i Goric\u00ebs, fshat n\u00eb an\u00ebn tjet\u00ebr t\u00eb kufirit, behet fjal\u00eb p\u00ebr nj\u00eb ur\u00eb t\u00eb\" \/>\n<meta name=\"robots\" content=\"index, follow, max-snippet:-1, max-image-preview:large, max-video-preview:-1\" \/>\n<link rel=\"canonical\" href=\"https:\/\/www.visit-ulcinj.com\/blog\/2016\/05\/17\/vandalizem-kush-e-ka-prishur-uren-e-gorices-ne-sukubine\/\" \/>\n<meta property=\"og:locale\" content=\"en_US\" \/>\n<meta property=\"og:type\" content=\"article\" \/>\n<meta property=\"og:title\" content=\"Vandaliz\u00ebm: Kush e ka prishur Uren e Goric\u00ebs n\u00eb Sukubin\u00eb - Lajme nga Ulqini\" \/>\n<meta property=\"og:description\" content=\"Reagim nga Bashk\u00ebsia lokale Sukubin\u00eb: Menj\u00ebher\u00eb pas marrjes se lajmit nga nj\u00eb banor i Goric\u00ebs, fshat n\u00eb an\u00ebn tjet\u00ebr t\u00eb kufirit, behet fjal\u00eb p\u00ebr nj\u00eb ur\u00eb t\u00eb\" \/>\n<meta property=\"og:url\" content=\"https:\/\/www.visit-ulcinj.com\/blog\/2016\/05\/17\/vandalizem-kush-e-ka-prishur-uren-e-gorices-ne-sukubine\/\" \/>\n<meta property=\"og:site_name\" content=\"Lajme nga Ulqini\" \/>\n<meta property=\"article:published_time\" content=\"2016-05-17T17:08:49+00:00\" \/>\n<meta property=\"article:modified_time\" content=\"2016-05-19T10:15:14+00:00\" \/>\n<meta name=\"twitter:label1\" content=\"Written by\" \/>\n\t<meta name=\"twitter:data1\" content=\"ulqini\" \/>\n\t<meta name=\"twitter:label2\" content=\"Est. reading time\" \/>\n\t<meta name=\"twitter:data2\" content=\"1 minute\" \/>\n<script type=\"application\/ld+json\" class=\"yoast-schema-graph\">{\"@context\":\"https:\/\/schema.org\",\"@graph\":[{\"@type\":\"WebSite\",\"@id\":\"https:\/\/www.visit-ulcinj.com\/blog\/#website\",\"url\":\"https:\/\/www.visit-ulcinj.com\/blog\/\",\"name\":\"Lajme nga Ulqini\",\"description\":\"Lajme,Vijesti,Ulqini,Ulqin,Crna Gora,Mali i Zi\",\"potentialAction\":[{\"@type\":\"SearchAction\",\"target\":{\"@type\":\"EntryPoint\",\"urlTemplate\":\"https:\/\/www.visit-ulcinj.com\/blog\/?s={search_term_string}\"},\"query-input\":\"required name=search_term_string\"}],\"inLanguage\":\"en-US\"},{\"@type\":\"WebPage\",\"@id\":\"https:\/\/www.visit-ulcinj.com\/blog\/2016\/05\/17\/vandalizem-kush-e-ka-prishur-uren-e-gorices-ne-sukubine\/#webpage\",\"url\":\"https:\/\/www.visit-ulcinj.com\/blog\/2016\/05\/17\/vandalizem-kush-e-ka-prishur-uren-e-gorices-ne-sukubine\/\",\"name\":\"Vandaliz\u00ebm: Kush e ka prishur Uren e Goric\u00ebs n\u00eb Sukubin\u00eb - Lajme nga Ulqini\",\"isPartOf\":{\"@id\":\"https:\/\/www.visit-ulcinj.com\/blog\/#website\"},\"datePublished\":\"2016-05-17T17:08:49+00:00\",\"dateModified\":\"2016-05-19T10:15:14+00:00\",\"author\":{\"@id\":\"https:\/\/www.visit-ulcinj.com\/blog\/#\/schema\/person\/dcab619c614d3038751c63bc2aadc06d\"},\"description\":\"Reagim nga Bashk\u00ebsia lokale Sukubin\u00eb: Menj\u00ebher\u00eb pas marrjes se lajmit nga nj\u00eb banor i Goric\u00ebs, fshat n\u00eb an\u00ebn tjet\u00ebr t\u00eb kufirit, behet fjal\u00eb p\u00ebr nj\u00eb ur\u00eb t\u00eb\",\"breadcrumb\":{\"@id\":\"https:\/\/www.visit-ulcinj.com\/blog\/2016\/05\/17\/vandalizem-kush-e-ka-prishur-uren-e-gorices-ne-sukubine\/#breadcrumb\"},\"inLanguage\":\"en-US\",\"potentialAction\":[{\"@type\":\"ReadAction\",\"target\":[\"https:\/\/www.visit-ulcinj.com\/blog\/2016\/05\/17\/vandalizem-kush-e-ka-prishur-uren-e-gorices-ne-sukubine\/\"]}]},{\"@type\":\"BreadcrumbList\",\"@id\":\"https:\/\/www.visit-ulcinj.com\/blog\/2016\/05\/17\/vandalizem-kush-e-ka-prishur-uren-e-gorices-ne-sukubine\/#breadcrumb\",\"itemListElement\":[{\"@type\":\"ListItem\",\"position\":1,\"name\":\"Vandaliz\u00ebm: Kush e ka prishur Uren e Goric\u00ebs n\u00eb Sukubin\u00eb\"}]},{\"@type\":\"Person\",\"@id\":\"https:\/\/www.visit-ulcinj.com\/blog\/#\/schema\/person\/dcab619c614d3038751c63bc2aadc06d\",\"name\":\"ulqini\",\"sameAs\":[\"http:\/\/www.visit-ulcinj.com\"],\"url\":\"https:\/\/www.visit-ulcinj.com\/blog\/author\/admin\/\"}]}<\/script>\n<!-- \/ Yoast SEO plugin. -->","yoast_head_json":{"title":"Vandaliz\u00ebm: Kush e ka prishur Uren e Goric\u00ebs n\u00eb Sukubin\u00eb - Lajme nga Ulqini","description":"Reagim nga Bashk\u00ebsia lokale Sukubin\u00eb: Menj\u00ebher\u00eb pas marrjes se lajmit nga nj\u00eb banor i Goric\u00ebs, fshat n\u00eb an\u00ebn tjet\u00ebr t\u00eb kufirit, behet fjal\u00eb p\u00ebr nj\u00eb ur\u00eb t\u00eb","robots":{"index":"index","follow":"follow","max-snippet":"max-snippet:-1","max-image-preview":"max-image-preview:large","max-video-preview":"max-video-preview:-1"},"canonical":"https:\/\/www.visit-ulcinj.com\/blog\/2016\/05\/17\/vandalizem-kush-e-ka-prishur-uren-e-gorices-ne-sukubine\/","og_locale":"en_US","og_type":"article","og_title":"Vandaliz\u00ebm: Kush e ka prishur Uren e Goric\u00ebs n\u00eb Sukubin\u00eb - Lajme nga Ulqini","og_description":"Reagim nga Bashk\u00ebsia lokale Sukubin\u00eb: Menj\u00ebher\u00eb pas marrjes se lajmit nga nj\u00eb banor i Goric\u00ebs, fshat n\u00eb an\u00ebn tjet\u00ebr t\u00eb kufirit, behet fjal\u00eb p\u00ebr nj\u00eb ur\u00eb t\u00eb","og_url":"https:\/\/www.visit-ulcinj.com\/blog\/2016\/05\/17\/vandalizem-kush-e-ka-prishur-uren-e-gorices-ne-sukubine\/","og_site_name":"Lajme nga Ulqini","article_published_time":"2016-05-17T17:08:49+00:00","article_modified_time":"2016-05-19T10:15:14+00:00","twitter_misc":{"Written by":"ulqini","Est. reading time":"1 minute"},"schema":{"@context":"https:\/\/schema.org","@graph":[{"@type":"WebSite","@id":"https:\/\/www.visit-ulcinj.com\/blog\/#website","url":"https:\/\/www.visit-ulcinj.com\/blog\/","name":"Lajme nga Ulqini","description":"Lajme,Vijesti,Ulqini,Ulqin,Crna Gora,Mali i Zi","potentialAction":[{"@type":"SearchAction","target":{"@type":"EntryPoint","urlTemplate":"https:\/\/www.visit-ulcinj.com\/blog\/?s={search_term_string}"},"query-input":"required name=search_term_string"}],"inLanguage":"en-US"},{"@type":"WebPage","@id":"https:\/\/www.visit-ulcinj.com\/blog\/2016\/05\/17\/vandalizem-kush-e-ka-prishur-uren-e-gorices-ne-sukubine\/#webpage","url":"https:\/\/www.visit-ulcinj.com\/blog\/2016\/05\/17\/vandalizem-kush-e-ka-prishur-uren-e-gorices-ne-sukubine\/","name":"Vandaliz\u00ebm: Kush e ka prishur Uren e Goric\u00ebs n\u00eb Sukubin\u00eb - Lajme nga Ulqini","isPartOf":{"@id":"https:\/\/www.visit-ulcinj.com\/blog\/#website"},"datePublished":"2016-05-17T17:08:49+00:00","dateModified":"2016-05-19T10:15:14+00:00","author":{"@id":"https:\/\/www.visit-ulcinj.com\/blog\/#\/schema\/person\/dcab619c614d3038751c63bc2aadc06d"},"description":"Reagim nga Bashk\u00ebsia lokale Sukubin\u00eb: Menj\u00ebher\u00eb pas marrjes se lajmit nga nj\u00eb banor i Goric\u00ebs, fshat n\u00eb an\u00ebn tjet\u00ebr t\u00eb kufirit, behet fjal\u00eb p\u00ebr nj\u00eb ur\u00eb t\u00eb","breadcrumb":{"@id":"https:\/\/www.visit-ulcinj.com\/blog\/2016\/05\/17\/vandalizem-kush-e-ka-prishur-uren-e-gorices-ne-sukubine\/#breadcrumb"},"inLanguage":"en-US","potentialAction":[{"@type":"ReadAction","target":["https:\/\/www.visit-ulcinj.com\/blog\/2016\/05\/17\/vandalizem-kush-e-ka-prishur-uren-e-gorices-ne-sukubine\/"]}]},{"@type":"BreadcrumbList","@id":"https:\/\/www.visit-ulcinj.com\/blog\/2016\/05\/17\/vandalizem-kush-e-ka-prishur-uren-e-gorices-ne-sukubine\/#breadcrumb","itemListElement":[{"@type":"ListItem","position":1,"name":"Vandaliz\u00ebm: Kush e ka prishur Uren e Goric\u00ebs n\u00eb Sukubin\u00eb"}]},{"@type":"Person","@id":"https:\/\/www.visit-ulcinj.com\/blog\/#\/schema\/person\/dcab619c614d3038751c63bc2aadc06d","name":"ulqini","sameAs":["http:\/\/www.visit-ulcinj.com"],"url":"https:\/\/www.visit-ulcinj.com\/blog\/author\/admin\/"}]}},"jetpack_featured_media_url":"","jetpack_sharing_enabled":true,"jetpack_shortlink":"https:\/\/wp.me\/pe6lTn-pcK","_links":{"self":[{"href":"https:\/\/www.visit-ulcinj.com\/blog\/wp-json\/wp\/v2\/posts\/96890"}],"collection":[{"href":"https:\/\/www.visit-ulcinj.com\/blog\/wp-json\/wp\/v2\/posts"}],"about":[{"href":"https:\/\/www.visit-ulcinj.com\/blog\/wp-json\/wp\/v2\/types\/post"}],"author":[{"embeddable":true,"href":"https:\/\/www.visit-ulcinj.com\/blog\/wp-json\/wp\/v2\/users\/1"}],"replies":[{"embeddable":true,"href":"https:\/\/www.visit-ulcinj.com\/blog\/wp-json\/wp\/v2\/comments?post=96890"}],"version-history":[{"count":3,"href":"https:\/\/www.visit-ulcinj.com\/blog\/wp-json\/wp\/v2\/posts\/96890\/revisions"}],"predecessor-version":[{"id":96956,"href":"https:\/\/www.visit-ulcinj.com\/blog\/wp-json\/wp\/v2\/posts\/96890\/revisions\/96956"}],"wp:attachment":[{"href":"https:\/\/www.visit-ulcinj.com\/blog\/wp-json\/wp\/v2\/media?parent=96890"}],"wp:term":[{"taxonomy":"category","embeddable":true,"href":"https:\/\/www.visit-ulcinj.com\/blog\/wp-json\/wp\/v2\/categories?post=96890"},{"taxonomy":"post_tag","embeddable":true,"href":"https:\/\/www.visit-ulcinj.com\/blog\/wp-json\/wp\/v2\/tags?post=96890"}],"curies":[{"name":"wp","href":"https:\/\/api.w.org\/{rel}","templated":true}]}}