{"id":96893,"date":"2016-05-17T19:41:20","date_gmt":"2016-05-17T18:41:20","guid":{"rendered":"http:\/\/www.visit-ulcinj.com\/blog\/?p=96893"},"modified":"2016-05-17T19:41:40","modified_gmt":"2016-05-17T18:41:40","slug":"noel-malcolm-vjen-ne-ulqin-prezantimin-e-librit-agjente-perandorake","status":"publish","type":"post","link":"https:\/\/www.visit-ulcinj.com\/blog\/2016\/05\/17\/noel-malcolm-vjen-ne-ulqin-prezantimin-e-librit-agjente-perandorake\/","title":{"rendered":"Noel Malcolm vjen n\u00eb Ulqin me prezantimin e librit \u201cAgjent\u00eb perandorak\u00eb\u201d &#8211; Video"},"content":{"rendered":"<p style=\"text-align: center;\"><strong><a href=\"http:\/\/www.visit-ulcinj.com\/blog\/wp-content\/uploads\/2016\/05\/Ne-Ulqin-Noel-Malcolm-.jpg\"><img loading=\"lazy\" class=\"alignleft wp-image-96894\" src=\"http:\/\/www.visit-ulcinj.com\/blog\/wp-content\/uploads\/2016\/05\/Ne-Ulqin-Noel-Malcolm-.jpg\" alt=\"Ne Ulqin-Noel-Malcolm-\" width=\"508\" height=\"684\" srcset=\"https:\/\/www.visit-ulcinj.com\/blog\/wp-content\/uploads\/2016\/05\/Ne-Ulqin-Noel-Malcolm-.jpg 452w, https:\/\/www.visit-ulcinj.com\/blog\/wp-content\/uploads\/2016\/05\/Ne-Ulqin-Noel-Malcolm--223x300.jpg 223w\" sizes=\"(max-width: 508px) 100vw, 508px\" \/><\/a>Noel Malcolm me \u201cAgjent\u00eb perandorak\u00eb\u201d<\/strong><\/p>\n<p>&nbsp;<\/p>\n<p><strong>Ulqin, 18 maj 2016, Hoteli \u201cOtrant\u201d ora 20.00<\/strong><\/p>\n<p>K\u00cbSHILLI KOMB\u00cbTAR I SHQIPTAR\u00cbVE N\u00cb MALIN E ZI mir\u00ebpret autorin anglez <strong>Noel Malcolm<\/strong> p\u00ebr prezantimin e librit \u201cAgjent\u00eb perandorak\u00eb\u201d, q\u00eb vjen p\u00ebr lexuesin shqiptar nga Botimet Dudaj. N\u00eb Ulqin historiani i mir\u00ebnjohur p\u00ebr \u00e7\u00ebshtjet e Ballkanit bashk\u00ebbisedon me \u00a0pjes\u00ebmarr\u00ebsit, intelektual, historian, gjuh\u00ebtar, studiues shkencor\u00eb, gazetar\u00eb e student\u00eb.<\/p>\n<p>Tabloja panoramike e politik\u00ebs s\u00eb fuqive per\u00ebndimore n\u00eb shekullin XVI p\u00ebrball\u00eb superfuqis\u00eb<\/p>\n<p>otomane t\u00eb Lindjes \u00ebsht\u00eb fokusi i bised\u00ebs s\u00eb tij me t\u00eb ftuarit. Vepra mbulon nj\u00eb periudh\u00eb jetike t\u00eb historis\u00eb s\u00eb Mesdheut, momente kritike p\u00ebr Europ\u00ebn Lindore e Per\u00ebndimore, p\u00ebr Krishterimin e Islamin. P\u00ebrmes dokumentimit t\u00eb historis\u00eb s\u00eb dy familjeve shqiptare zbulohen kontaktet apo konfliktet n\u00eb bot\u00ebn e \u201cp\u00ebshp\u00ebrimave t\u00eb qyteteve\u201d, rrjetit t\u00eb sh\u00ebrbimeve inteligjente nga Europa Per\u00ebndimore n\u00eb Azi.<\/p>\n<p>P\u00ebr t\u00eb shkruar k\u00ebt\u00eb vep\u00ebr, Malcolm ka shfryt\u00ebzuar materiale arkivore n\u00eb 10 gjuh\u00eb, nga Roma n\u00eb Varshav\u00eb, nga Dubrovniku n\u00eb Malt\u00eb. N\u00eb l\u00ebvizje t\u00eb vazhdueshme e diversitet gjuh\u00ebsor jan\u00eb ndjekur diplomat\u00ebt, spiun\u00ebt, prift\u00ebrinjt\u00eb, ushtar\u00ebt, tregtar\u00ebt e p\u00ebrkthyesit. Rezultati \u00ebsht\u00eb nj\u00eb produkt shum\u00eb i pasur me detaje t\u00eb koh\u00ebs, ku p\u00ebrfshihet edhe historia e patrajtuar sa duhet e faktorit shqiptar, n\u00eb historin\u00eb e Europ\u00ebs s\u00eb atyre viteve. Ashtu si thot\u00eb David Wootton i <em>Wall Street Journal <\/em>\u201c vepra \u00ebsht\u00eb pasqyrimi m\u00eb i mir\u00eb i Mesdheut t\u00eb shekullit XVI, q\u00eb nga koha e Fernand Braudel\u201d. Takimi \u00ebsht\u00eb i hapur p\u00ebr mediat.<\/p>\n<p>Noel Malcolm, profesor n\u00eb All Souls College n\u00eb Oksford, \u00ebsht\u00eb studiues shkencor i historis\u00eb s\u00eb hershme t\u00eb mendimit; studime mbi Thomas Hobbes dhe marr\u00ebdh\u00ebniet mes Europ\u00ebs Per\u00ebndimore e bot\u00ebs otomane islamike. Ndikimi i Lindjes n\u00eb mendimin politik t\u00eb Per\u00ebndimit, interesi p\u00ebr Ballkanin, sidomos p\u00ebr territorin shqiptar jan\u00eb l\u00ebnd\u00eb e k\u00ebrkimeve t\u00eb fundit. Malcolm ka shkruar mbi 11 libra historie, biografi dhe ese, mes t\u00eb cilave histori t\u00eb Bosnj\u00ebs (1994) dhe Kosov\u00ebs (1998), t\u00eb njohura e t\u00eb diskutuara n\u00eb rrafsh nd\u00ebrkomb\u00ebtar. An\u00ebtar i Akademis\u00eb s\u00eb Shkencave dhe Arteve n\u00eb Kosov\u00eb. An\u00ebtar i Akademis\u00eb Britanike, i vler\u00ebsuar Kalor\u00ebs nga Mbret\u00ebresha Elizabet.<\/p>\n<!--YouTube Error: bad URL entered-->\n","protected":false},"excerpt":{"rendered":"<p>Noel Malcolm me \u201cAgjent\u00eb perandorak\u00eb\u201d &nbsp; Ulqin, 18 maj 2016, Hoteli \u201cOtrant\u201d ora 20.00 K\u00cbSHILLI KOMB\u00cbTAR I SHQIPTAR\u00cbVE N\u00cb MALIN E ZI mir\u00ebpret autorin anglez Noel Malcolm p\u00ebr prezantimin e librit \u201cAgjent\u00eb perandorak\u00eb\u201d, q\u00eb vjen p\u00ebr lexuesin shqiptar nga Botimet Dudaj. N\u00eb Ulqin historiani i mir\u00ebnjohur p\u00ebr \u00e7\u00ebshtjet e Ballkanit bashk\u00ebbisedon me \u00a0pjes\u00ebmarr\u00ebsit, intelektual, historian, [&hellip;]<\/p>\n","protected":false},"author":1,"featured_media":0,"comment_status":"closed","ping_status":"closed","sticky":false,"template":"","format":"standard","meta":{"spay_email":"","jetpack_publicize_message":"","jetpack_is_tweetstorm":false,"jetpack_publicize_feature_enabled":true},"categories":[1],"tags":[],"jetpack_publicize_connections":[],"yoast_head":"<!-- This site is optimized with the Yoast SEO plugin v19.1 - https:\/\/yoast.com\/wordpress\/plugins\/seo\/ -->\n<title>Noel Malcolm vjen n\u00eb Ulqin me prezantimin e librit \u201cAgjent\u00eb perandorak\u00eb\u201d - Video - Lajme nga Ulqini<\/title>\n<meta name=\"description\" content=\"Noel Malcolm me \u201cAgjent\u00eb perandorak\u00eb\u201d &nbsp; Ulqin, 18 maj 2016, Hoteli \u201cOtrant\u201d ora 20.00 K\u00cbSHILLI KOMB\u00cbTAR I SHQIPTAR\u00cbVE N\u00cb MALIN E ZI mir\u00ebpret autorin\" \/>\n<meta name=\"robots\" content=\"index, follow, max-snippet:-1, max-image-preview:large, max-video-preview:-1\" \/>\n<link rel=\"canonical\" href=\"https:\/\/www.visit-ulcinj.com\/blog\/2016\/05\/17\/noel-malcolm-vjen-ne-ulqin-prezantimin-e-librit-agjente-perandorake\/\" \/>\n<meta property=\"og:locale\" content=\"en_US\" \/>\n<meta property=\"og:type\" content=\"article\" \/>\n<meta property=\"og:title\" content=\"Noel Malcolm vjen n\u00eb Ulqin me prezantimin e librit \u201cAgjent\u00eb perandorak\u00eb\u201d - Video - Lajme nga Ulqini\" \/>\n<meta property=\"og:description\" content=\"Noel Malcolm me \u201cAgjent\u00eb perandorak\u00eb\u201d &nbsp; Ulqin, 18 maj 2016, Hoteli \u201cOtrant\u201d ora 20.00 K\u00cbSHILLI KOMB\u00cbTAR I SHQIPTAR\u00cbVE N\u00cb MALIN E ZI mir\u00ebpret autorin\" \/>\n<meta property=\"og:url\" content=\"https:\/\/www.visit-ulcinj.com\/blog\/2016\/05\/17\/noel-malcolm-vjen-ne-ulqin-prezantimin-e-librit-agjente-perandorake\/\" \/>\n<meta property=\"og:site_name\" content=\"Lajme nga Ulqini\" \/>\n<meta property=\"article:published_time\" content=\"2016-05-17T18:41:20+00:00\" \/>\n<meta property=\"article:modified_time\" content=\"2016-05-17T18:41:40+00:00\" \/>\n<meta property=\"og:image\" content=\"http:\/\/www.visit-ulcinj.com\/blog\/wp-content\/uploads\/2016\/05\/Ne-Ulqin-Noel-Malcolm-.jpg\" \/>\n<meta name=\"twitter:label1\" content=\"Written by\" \/>\n\t<meta name=\"twitter:data1\" content=\"ulqini\" \/>\n\t<meta name=\"twitter:label2\" content=\"Est. reading time\" \/>\n\t<meta name=\"twitter:data2\" content=\"2 minutes\" \/>\n<script type=\"application\/ld+json\" class=\"yoast-schema-graph\">{\"@context\":\"https:\/\/schema.org\",\"@graph\":[{\"@type\":\"WebSite\",\"@id\":\"https:\/\/www.visit-ulcinj.com\/blog\/#website\",\"url\":\"https:\/\/www.visit-ulcinj.com\/blog\/\",\"name\":\"Lajme nga Ulqini\",\"description\":\"Lajme,Vijesti,Ulqini,Ulqin,Crna Gora,Mali i Zi\",\"potentialAction\":[{\"@type\":\"SearchAction\",\"target\":{\"@type\":\"EntryPoint\",\"urlTemplate\":\"https:\/\/www.visit-ulcinj.com\/blog\/?s={search_term_string}\"},\"query-input\":\"required name=search_term_string\"}],\"inLanguage\":\"en-US\"},{\"@type\":\"ImageObject\",\"inLanguage\":\"en-US\",\"@id\":\"https:\/\/www.visit-ulcinj.com\/blog\/2016\/05\/17\/noel-malcolm-vjen-ne-ulqin-prezantimin-e-librit-agjente-perandorake\/#primaryimage\",\"url\":\"https:\/\/www.visit-ulcinj.com\/blog\/wp-content\/uploads\/2016\/05\/Ne-Ulqin-Noel-Malcolm-.jpg\",\"contentUrl\":\"https:\/\/www.visit-ulcinj.com\/blog\/wp-content\/uploads\/2016\/05\/Ne-Ulqin-Noel-Malcolm-.jpg\",\"width\":452,\"height\":609},{\"@type\":\"WebPage\",\"@id\":\"https:\/\/www.visit-ulcinj.com\/blog\/2016\/05\/17\/noel-malcolm-vjen-ne-ulqin-prezantimin-e-librit-agjente-perandorake\/#webpage\",\"url\":\"https:\/\/www.visit-ulcinj.com\/blog\/2016\/05\/17\/noel-malcolm-vjen-ne-ulqin-prezantimin-e-librit-agjente-perandorake\/\",\"name\":\"Noel Malcolm vjen n\u00eb Ulqin me prezantimin e librit \u201cAgjent\u00eb perandorak\u00eb\u201d - Video - Lajme nga Ulqini\",\"isPartOf\":{\"@id\":\"https:\/\/www.visit-ulcinj.com\/blog\/#website\"},\"primaryImageOfPage\":{\"@id\":\"https:\/\/www.visit-ulcinj.com\/blog\/2016\/05\/17\/noel-malcolm-vjen-ne-ulqin-prezantimin-e-librit-agjente-perandorake\/#primaryimage\"},\"datePublished\":\"2016-05-17T18:41:20+00:00\",\"dateModified\":\"2016-05-17T18:41:40+00:00\",\"author\":{\"@id\":\"https:\/\/www.visit-ulcinj.com\/blog\/#\/schema\/person\/dcab619c614d3038751c63bc2aadc06d\"},\"description\":\"Noel Malcolm me \u201cAgjent\u00eb perandorak\u00eb\u201d &nbsp; Ulqin, 18 maj 2016, Hoteli \u201cOtrant\u201d ora 20.00 K\u00cbSHILLI KOMB\u00cbTAR I SHQIPTAR\u00cbVE N\u00cb MALIN E ZI mir\u00ebpret autorin\",\"breadcrumb\":{\"@id\":\"https:\/\/www.visit-ulcinj.com\/blog\/2016\/05\/17\/noel-malcolm-vjen-ne-ulqin-prezantimin-e-librit-agjente-perandorake\/#breadcrumb\"},\"inLanguage\":\"en-US\",\"potentialAction\":[{\"@type\":\"ReadAction\",\"target\":[\"https:\/\/www.visit-ulcinj.com\/blog\/2016\/05\/17\/noel-malcolm-vjen-ne-ulqin-prezantimin-e-librit-agjente-perandorake\/\"]}]},{\"@type\":\"BreadcrumbList\",\"@id\":\"https:\/\/www.visit-ulcinj.com\/blog\/2016\/05\/17\/noel-malcolm-vjen-ne-ulqin-prezantimin-e-librit-agjente-perandorake\/#breadcrumb\",\"itemListElement\":[{\"@type\":\"ListItem\",\"position\":1,\"name\":\"Noel Malcolm vjen n\u00eb Ulqin me prezantimin e librit \u201cAgjent\u00eb perandorak\u00eb\u201d &#8211; Video\"}]},{\"@type\":\"Person\",\"@id\":\"https:\/\/www.visit-ulcinj.com\/blog\/#\/schema\/person\/dcab619c614d3038751c63bc2aadc06d\",\"name\":\"ulqini\",\"sameAs\":[\"http:\/\/www.visit-ulcinj.com\"],\"url\":\"https:\/\/www.visit-ulcinj.com\/blog\/author\/admin\/\"}]}<\/script>\n<!-- \/ Yoast SEO plugin. -->","yoast_head_json":{"title":"Noel Malcolm vjen n\u00eb Ulqin me prezantimin e librit \u201cAgjent\u00eb perandorak\u00eb\u201d - Video - Lajme nga Ulqini","description":"Noel Malcolm me \u201cAgjent\u00eb perandorak\u00eb\u201d &nbsp; Ulqin, 18 maj 2016, Hoteli \u201cOtrant\u201d ora 20.00 K\u00cbSHILLI KOMB\u00cbTAR I SHQIPTAR\u00cbVE N\u00cb MALIN E ZI mir\u00ebpret autorin","robots":{"index":"index","follow":"follow","max-snippet":"max-snippet:-1","max-image-preview":"max-image-preview:large","max-video-preview":"max-video-preview:-1"},"canonical":"https:\/\/www.visit-ulcinj.com\/blog\/2016\/05\/17\/noel-malcolm-vjen-ne-ulqin-prezantimin-e-librit-agjente-perandorake\/","og_locale":"en_US","og_type":"article","og_title":"Noel Malcolm vjen n\u00eb Ulqin me prezantimin e librit \u201cAgjent\u00eb perandorak\u00eb\u201d - Video - Lajme nga Ulqini","og_description":"Noel Malcolm me \u201cAgjent\u00eb perandorak\u00eb\u201d &nbsp; Ulqin, 18 maj 2016, Hoteli \u201cOtrant\u201d ora 20.00 K\u00cbSHILLI KOMB\u00cbTAR I SHQIPTAR\u00cbVE N\u00cb MALIN E ZI mir\u00ebpret autorin","og_url":"https:\/\/www.visit-ulcinj.com\/blog\/2016\/05\/17\/noel-malcolm-vjen-ne-ulqin-prezantimin-e-librit-agjente-perandorake\/","og_site_name":"Lajme nga Ulqini","article_published_time":"2016-05-17T18:41:20+00:00","article_modified_time":"2016-05-17T18:41:40+00:00","og_image":[{"url":"http:\/\/www.visit-ulcinj.com\/blog\/wp-content\/uploads\/2016\/05\/Ne-Ulqin-Noel-Malcolm-.jpg"}],"twitter_misc":{"Written by":"ulqini","Est. reading time":"2 minutes"},"schema":{"@context":"https:\/\/schema.org","@graph":[{"@type":"WebSite","@id":"https:\/\/www.visit-ulcinj.com\/blog\/#website","url":"https:\/\/www.visit-ulcinj.com\/blog\/","name":"Lajme nga Ulqini","description":"Lajme,Vijesti,Ulqini,Ulqin,Crna Gora,Mali i Zi","potentialAction":[{"@type":"SearchAction","target":{"@type":"EntryPoint","urlTemplate":"https:\/\/www.visit-ulcinj.com\/blog\/?s={search_term_string}"},"query-input":"required name=search_term_string"}],"inLanguage":"en-US"},{"@type":"ImageObject","inLanguage":"en-US","@id":"https:\/\/www.visit-ulcinj.com\/blog\/2016\/05\/17\/noel-malcolm-vjen-ne-ulqin-prezantimin-e-librit-agjente-perandorake\/#primaryimage","url":"https:\/\/www.visit-ulcinj.com\/blog\/wp-content\/uploads\/2016\/05\/Ne-Ulqin-Noel-Malcolm-.jpg","contentUrl":"https:\/\/www.visit-ulcinj.com\/blog\/wp-content\/uploads\/2016\/05\/Ne-Ulqin-Noel-Malcolm-.jpg","width":452,"height":609},{"@type":"WebPage","@id":"https:\/\/www.visit-ulcinj.com\/blog\/2016\/05\/17\/noel-malcolm-vjen-ne-ulqin-prezantimin-e-librit-agjente-perandorake\/#webpage","url":"https:\/\/www.visit-ulcinj.com\/blog\/2016\/05\/17\/noel-malcolm-vjen-ne-ulqin-prezantimin-e-librit-agjente-perandorake\/","name":"Noel Malcolm vjen n\u00eb Ulqin me prezantimin e librit \u201cAgjent\u00eb perandorak\u00eb\u201d - Video - Lajme nga Ulqini","isPartOf":{"@id":"https:\/\/www.visit-ulcinj.com\/blog\/#website"},"primaryImageOfPage":{"@id":"https:\/\/www.visit-ulcinj.com\/blog\/2016\/05\/17\/noel-malcolm-vjen-ne-ulqin-prezantimin-e-librit-agjente-perandorake\/#primaryimage"},"datePublished":"2016-05-17T18:41:20+00:00","dateModified":"2016-05-17T18:41:40+00:00","author":{"@id":"https:\/\/www.visit-ulcinj.com\/blog\/#\/schema\/person\/dcab619c614d3038751c63bc2aadc06d"},"description":"Noel Malcolm me \u201cAgjent\u00eb perandorak\u00eb\u201d &nbsp; Ulqin, 18 maj 2016, Hoteli \u201cOtrant\u201d ora 20.00 K\u00cbSHILLI KOMB\u00cbTAR I SHQIPTAR\u00cbVE N\u00cb MALIN E ZI mir\u00ebpret autorin","breadcrumb":{"@id":"https:\/\/www.visit-ulcinj.com\/blog\/2016\/05\/17\/noel-malcolm-vjen-ne-ulqin-prezantimin-e-librit-agjente-perandorake\/#breadcrumb"},"inLanguage":"en-US","potentialAction":[{"@type":"ReadAction","target":["https:\/\/www.visit-ulcinj.com\/blog\/2016\/05\/17\/noel-malcolm-vjen-ne-ulqin-prezantimin-e-librit-agjente-perandorake\/"]}]},{"@type":"BreadcrumbList","@id":"https:\/\/www.visit-ulcinj.com\/blog\/2016\/05\/17\/noel-malcolm-vjen-ne-ulqin-prezantimin-e-librit-agjente-perandorake\/#breadcrumb","itemListElement":[{"@type":"ListItem","position":1,"name":"Noel Malcolm vjen n\u00eb Ulqin me prezantimin e librit \u201cAgjent\u00eb perandorak\u00eb\u201d &#8211; Video"}]},{"@type":"Person","@id":"https:\/\/www.visit-ulcinj.com\/blog\/#\/schema\/person\/dcab619c614d3038751c63bc2aadc06d","name":"ulqini","sameAs":["http:\/\/www.visit-ulcinj.com"],"url":"https:\/\/www.visit-ulcinj.com\/blog\/author\/admin\/"}]}},"jetpack_featured_media_url":"","jetpack_sharing_enabled":true,"jetpack_shortlink":"https:\/\/wp.me\/pe6lTn-pcN","_links":{"self":[{"href":"https:\/\/www.visit-ulcinj.com\/blog\/wp-json\/wp\/v2\/posts\/96893"}],"collection":[{"href":"https:\/\/www.visit-ulcinj.com\/blog\/wp-json\/wp\/v2\/posts"}],"about":[{"href":"https:\/\/www.visit-ulcinj.com\/blog\/wp-json\/wp\/v2\/types\/post"}],"author":[{"embeddable":true,"href":"https:\/\/www.visit-ulcinj.com\/blog\/wp-json\/wp\/v2\/users\/1"}],"replies":[{"embeddable":true,"href":"https:\/\/www.visit-ulcinj.com\/blog\/wp-json\/wp\/v2\/comments?post=96893"}],"version-history":[{"count":2,"href":"https:\/\/www.visit-ulcinj.com\/blog\/wp-json\/wp\/v2\/posts\/96893\/revisions"}],"predecessor-version":[{"id":96896,"href":"https:\/\/www.visit-ulcinj.com\/blog\/wp-json\/wp\/v2\/posts\/96893\/revisions\/96896"}],"wp:attachment":[{"href":"https:\/\/www.visit-ulcinj.com\/blog\/wp-json\/wp\/v2\/media?parent=96893"}],"wp:term":[{"taxonomy":"category","embeddable":true,"href":"https:\/\/www.visit-ulcinj.com\/blog\/wp-json\/wp\/v2\/categories?post=96893"},{"taxonomy":"post_tag","embeddable":true,"href":"https:\/\/www.visit-ulcinj.com\/blog\/wp-json\/wp\/v2\/tags?post=96893"}],"curies":[{"name":"wp","href":"https:\/\/api.w.org\/{rel}","templated":true}]}}