{"id":96900,"date":"2016-05-17T19:56:51","date_gmt":"2016-05-17T18:56:51","guid":{"rendered":"http:\/\/www.visit-ulcinj.com\/blog\/?p=96900"},"modified":"2016-05-17T19:56:51","modified_gmt":"2016-05-17T18:56:51","slug":"mimoza-kusari-lila-viziton-refugjatet-nga-gjakova-qe-jetojne-ne-mal-te-zi","status":"publish","type":"post","link":"https:\/\/www.visit-ulcinj.com\/blog\/2016\/05\/17\/mimoza-kusari-lila-viziton-refugjatet-nga-gjakova-qe-jetojne-ne-mal-te-zi\/","title":{"rendered":"Mimoza Kusari-Lila viziton refugjat\u00ebt nga Gjakova q\u00eb jetojn\u00eb n\u00eb Mal t\u00eb Zi"},"content":{"rendered":"<p><a href=\"http:\/\/www.visit-ulcinj.com\/blog\/wp-content\/uploads\/2016\/05\/Mimoza-Kusari-Lila.jpg\"><img loading=\"lazy\" class=\"alignleft wp-image-96901\" src=\"http:\/\/www.visit-ulcinj.com\/blog\/wp-content\/uploads\/2016\/05\/Mimoza-Kusari-Lila.jpg\" alt=\"Mimoza Kusari-Lila\" width=\"508\" height=\"298\" srcset=\"https:\/\/www.visit-ulcinj.com\/blog\/wp-content\/uploads\/2016\/05\/Mimoza-Kusari-Lila.jpg 645w, https:\/\/www.visit-ulcinj.com\/blog\/wp-content\/uploads\/2016\/05\/Mimoza-Kusari-Lila-300x176.jpg 300w\" sizes=\"(max-width: 508px) 100vw, 508px\" \/><\/a>Kryetarja e komun\u00ebs s\u00eb Gjakov\u00ebs Mimoza Kusari \u2013 Lila, po q\u00ebndron p\u00ebr nj\u00eb vizit\u00eb zyrtare n\u00eb Mal t\u00eb Zi.<\/p>\n<p>N\u00eb Podgoric\u00eb Kusari &#8211; Lila, \u00ebsht\u00eb pritur nga ministrja malaziase e Pun\u00ebs dhe Mir\u00ebqenies Sociale, Zorica Kova\u00e7eviq, m\u00eb t\u00eb cil\u00ebn ka bashk\u00ebbiseduar p\u00ebr refugjat\u00ebt nga Kosova, q\u00eb tash e 17 vjet jetojn\u00eb n\u00ebp\u00ebr kampet e refugjat\u00ebve n\u00eb Mal t\u00eb Zi.<\/p>\n<p>Kryetarja Kusari- Lila \u00ebsht\u00eb interesuar p\u00ebr gjendjen e ish &#8211; banor\u00ebve t\u00eb komun\u00ebs s\u00eb Gjakov\u00ebs t\u00eb komuniteteve rom, ashkali dhe egjiptas, t\u00eb cil\u00ebt jetojn\u00eb n\u00ebp\u00ebr k\u00ebto kampe, nd\u00ebrsa ka zhvilluar edhe nj\u00eb takim me k\u00ebta banor\u00eb, n\u00eb kampin Konik, n\u00eb Podgoric\u00eb.<\/p>\n<p>P\u00ebr ta d\u00ebshmuar vendosm\u00ebrin\u00eb e komun\u00ebs n\u00eb k\u00ebt\u00eb drejtim, Kusari -Lila ka p\u00ebrmendur si shembull edhe kthimin e 12 familjeve tjera koh\u00eb m\u00eb par\u00eb. N\u00eb k\u00ebt\u00eb rast komuna e pati ndar\u00eb parcel\u00ebn, nd\u00ebrsa sht\u00ebpit\u00eb p\u00ebr t\u00eb kthyerit ishin nd\u00ebrtuar UNHCR-i.<\/p>\n<p>N\u00eb takim me kryetaren Kusari \u2013 Lila, p\u00ebrfaq\u00ebsuesit e 18 familjeve t\u00eb komuniteteve rom, ashkali dhe egjiptas, kan\u00eb shprehur interesim p\u00ebr t\u2019u kthyer e p\u00ebr t\u00eb jetuar n\u00eb Gjakov\u00eb dhe p\u00ebr k\u00ebt\u00eb kan\u00eb k\u00ebrkuar ndihm\u00eb nga kryetarja p\u00ebr krijimin e kushteve elementare pas kthimit.<\/p>\n<p>Duke u garantuar se ata mund t\u00eb kthehen n\u00eb \u00e7do koh\u00eb, Kusari \u2013 Lila i ka njoftuar se tashm\u00eb komuna e ka ndar\u00eb parcel\u00ebn p\u00ebr nd\u00ebrtimin e 25 sht\u00ebpive p\u00ebr familjet q\u00eb d\u00ebshirojn\u00eb t\u00eb kthehen. Megjithat\u00eb, ajo ka b\u00ebr\u00eb t\u00eb ditur se komuna nuk ka mjete financiare q\u00eb ta mund\u00ebsoj\u00eb edhe nd\u00ebrtimin e sht\u00ebpive.<\/p>\n<p>P\u00ebr k\u00ebt\u00eb, Kusari \u2013 Lila ka k\u00ebrkuar ndihm\u00eb edhe nga Qeveria e Malit t\u00eb Zi, e po ashtu edhe nga Qeveria e Kosov\u00ebs, q\u00eb t\u00eb investoj\u00eb n\u00eb nd\u00ebrtimin e k\u00ebtyre sht\u00ebpive, n\u00eb m\u00ebnyr\u00eb q\u00eb ata q\u00eb d\u00ebshirojn\u00eb t\u00eb kthehen ta b\u00ebjn\u00eb k\u00ebt\u00eb sa m\u00eb shpejt\u00eb<\/p>\n<p>Nga ana tjet\u00ebr, banor\u00ebt e komuniteteve RAE, u shprehen t\u00eb k\u00ebnaqur me gatishm\u00ebrin\u00eb dhe ndihm\u00ebn konkrete q\u00eb komuna e Gjakov\u00ebs po u ofron atyre, nd\u00ebrsa e fal\u00ebnderuan kryetaren Kusari -Lila, pasi si\u00e7 than\u00eb ata, ajo \u00ebsht\u00eb e vetmja kryetare q\u00eb \u00ebsht\u00eb interesuar p\u00ebr fatin e tyre e madje edhe i ka vizituar ata n\u00eb kampet ku po q\u00ebndrojn\u00eb aktualisht.<\/p>\n<p><strong>Bota Sot<\/strong><\/p>\n","protected":false},"excerpt":{"rendered":"<p>Kryetarja e komun\u00ebs s\u00eb Gjakov\u00ebs Mimoza Kusari \u2013 Lila, po q\u00ebndron p\u00ebr nj\u00eb vizit\u00eb zyrtare n\u00eb Mal t\u00eb Zi. N\u00eb Podgoric\u00eb Kusari &#8211; Lila, \u00ebsht\u00eb pritur nga ministrja malaziase e Pun\u00ebs dhe Mir\u00ebqenies Sociale, Zorica Kova\u00e7eviq, m\u00eb t\u00eb cil\u00ebn ka bashk\u00ebbiseduar p\u00ebr refugjat\u00ebt nga Kosova, q\u00eb tash e 17 vjet jetojn\u00eb n\u00ebp\u00ebr kampet e refugjat\u00ebve [&hellip;]<\/p>\n","protected":false},"author":1,"featured_media":0,"comment_status":"closed","ping_status":"closed","sticky":false,"template":"","format":"standard","meta":{"spay_email":"","jetpack_publicize_message":"","jetpack_is_tweetstorm":false,"jetpack_publicize_feature_enabled":true},"categories":[6950],"tags":[],"jetpack_publicize_connections":[],"yoast_head":"<!-- This site is optimized with the Yoast SEO plugin v19.1 - https:\/\/yoast.com\/wordpress\/plugins\/seo\/ -->\n<title>Mimoza Kusari-Lila viziton refugjat\u00ebt nga Gjakova q\u00eb jetojn\u00eb n\u00eb Mal t\u00eb Zi - Lajme nga Ulqini<\/title>\n<meta name=\"description\" content=\"Kryetarja e komun\u00ebs s\u00eb Gjakov\u00ebs Mimoza Kusari \u2013 Lila, po q\u00ebndron p\u00ebr nj\u00eb vizit\u00eb zyrtare n\u00eb Mal t\u00eb Zi. N\u00eb Podgoric\u00eb Kusari - Lila, \u00ebsht\u00eb pritur nga\" \/>\n<meta name=\"robots\" content=\"index, follow, max-snippet:-1, max-image-preview:large, max-video-preview:-1\" \/>\n<link rel=\"canonical\" href=\"https:\/\/www.visit-ulcinj.com\/blog\/2016\/05\/17\/mimoza-kusari-lila-viziton-refugjatet-nga-gjakova-qe-jetojne-ne-mal-te-zi\/\" \/>\n<meta property=\"og:locale\" content=\"en_US\" \/>\n<meta property=\"og:type\" content=\"article\" \/>\n<meta property=\"og:title\" content=\"Mimoza Kusari-Lila viziton refugjat\u00ebt nga Gjakova q\u00eb jetojn\u00eb n\u00eb Mal t\u00eb Zi - Lajme nga Ulqini\" \/>\n<meta property=\"og:description\" content=\"Kryetarja e komun\u00ebs s\u00eb Gjakov\u00ebs Mimoza Kusari \u2013 Lila, po q\u00ebndron p\u00ebr nj\u00eb vizit\u00eb zyrtare n\u00eb Mal t\u00eb Zi. N\u00eb Podgoric\u00eb Kusari - Lila, \u00ebsht\u00eb pritur nga\" \/>\n<meta property=\"og:url\" content=\"https:\/\/www.visit-ulcinj.com\/blog\/2016\/05\/17\/mimoza-kusari-lila-viziton-refugjatet-nga-gjakova-qe-jetojne-ne-mal-te-zi\/\" \/>\n<meta property=\"og:site_name\" content=\"Lajme nga Ulqini\" \/>\n<meta property=\"article:published_time\" content=\"2016-05-17T18:56:51+00:00\" \/>\n<meta property=\"og:image\" content=\"http:\/\/www.visit-ulcinj.com\/blog\/wp-content\/uploads\/2016\/05\/Mimoza-Kusari-Lila.jpg\" \/>\n<meta name=\"twitter:label1\" content=\"Written by\" \/>\n\t<meta name=\"twitter:data1\" content=\"ulqini\" \/>\n\t<meta name=\"twitter:label2\" content=\"Est. reading time\" \/>\n\t<meta name=\"twitter:data2\" content=\"2 minutes\" \/>\n<script type=\"application\/ld+json\" class=\"yoast-schema-graph\">{\"@context\":\"https:\/\/schema.org\",\"@graph\":[{\"@type\":\"WebSite\",\"@id\":\"https:\/\/www.visit-ulcinj.com\/blog\/#website\",\"url\":\"https:\/\/www.visit-ulcinj.com\/blog\/\",\"name\":\"Lajme nga Ulqini\",\"description\":\"Lajme,Vijesti,Ulqini,Ulqin,Crna Gora,Mali i Zi\",\"potentialAction\":[{\"@type\":\"SearchAction\",\"target\":{\"@type\":\"EntryPoint\",\"urlTemplate\":\"https:\/\/www.visit-ulcinj.com\/blog\/?s={search_term_string}\"},\"query-input\":\"required name=search_term_string\"}],\"inLanguage\":\"en-US\"},{\"@type\":\"ImageObject\",\"inLanguage\":\"en-US\",\"@id\":\"https:\/\/www.visit-ulcinj.com\/blog\/2016\/05\/17\/mimoza-kusari-lila-viziton-refugjatet-nga-gjakova-qe-jetojne-ne-mal-te-zi\/#primaryimage\",\"url\":\"https:\/\/www.visit-ulcinj.com\/blog\/wp-content\/uploads\/2016\/05\/Mimoza-Kusari-Lila.jpg\",\"contentUrl\":\"https:\/\/www.visit-ulcinj.com\/blog\/wp-content\/uploads\/2016\/05\/Mimoza-Kusari-Lila.jpg\",\"width\":645,\"height\":379},{\"@type\":\"WebPage\",\"@id\":\"https:\/\/www.visit-ulcinj.com\/blog\/2016\/05\/17\/mimoza-kusari-lila-viziton-refugjatet-nga-gjakova-qe-jetojne-ne-mal-te-zi\/#webpage\",\"url\":\"https:\/\/www.visit-ulcinj.com\/blog\/2016\/05\/17\/mimoza-kusari-lila-viziton-refugjatet-nga-gjakova-qe-jetojne-ne-mal-te-zi\/\",\"name\":\"Mimoza Kusari-Lila viziton refugjat\u00ebt nga Gjakova q\u00eb jetojn\u00eb n\u00eb Mal t\u00eb Zi - Lajme nga Ulqini\",\"isPartOf\":{\"@id\":\"https:\/\/www.visit-ulcinj.com\/blog\/#website\"},\"primaryImageOfPage\":{\"@id\":\"https:\/\/www.visit-ulcinj.com\/blog\/2016\/05\/17\/mimoza-kusari-lila-viziton-refugjatet-nga-gjakova-qe-jetojne-ne-mal-te-zi\/#primaryimage\"},\"datePublished\":\"2016-05-17T18:56:51+00:00\",\"dateModified\":\"2016-05-17T18:56:51+00:00\",\"author\":{\"@id\":\"https:\/\/www.visit-ulcinj.com\/blog\/#\/schema\/person\/dcab619c614d3038751c63bc2aadc06d\"},\"description\":\"Kryetarja e komun\u00ebs s\u00eb Gjakov\u00ebs Mimoza Kusari \u2013 Lila, po q\u00ebndron p\u00ebr nj\u00eb vizit\u00eb zyrtare n\u00eb Mal t\u00eb Zi. N\u00eb Podgoric\u00eb Kusari - Lila, \u00ebsht\u00eb pritur nga\",\"breadcrumb\":{\"@id\":\"https:\/\/www.visit-ulcinj.com\/blog\/2016\/05\/17\/mimoza-kusari-lila-viziton-refugjatet-nga-gjakova-qe-jetojne-ne-mal-te-zi\/#breadcrumb\"},\"inLanguage\":\"en-US\",\"potentialAction\":[{\"@type\":\"ReadAction\",\"target\":[\"https:\/\/www.visit-ulcinj.com\/blog\/2016\/05\/17\/mimoza-kusari-lila-viziton-refugjatet-nga-gjakova-qe-jetojne-ne-mal-te-zi\/\"]}]},{\"@type\":\"BreadcrumbList\",\"@id\":\"https:\/\/www.visit-ulcinj.com\/blog\/2016\/05\/17\/mimoza-kusari-lila-viziton-refugjatet-nga-gjakova-qe-jetojne-ne-mal-te-zi\/#breadcrumb\",\"itemListElement\":[{\"@type\":\"ListItem\",\"position\":1,\"name\":\"Mimoza Kusari-Lila viziton refugjat\u00ebt nga Gjakova q\u00eb jetojn\u00eb n\u00eb Mal t\u00eb Zi\"}]},{\"@type\":\"Person\",\"@id\":\"https:\/\/www.visit-ulcinj.com\/blog\/#\/schema\/person\/dcab619c614d3038751c63bc2aadc06d\",\"name\":\"ulqini\",\"sameAs\":[\"http:\/\/www.visit-ulcinj.com\"],\"url\":\"https:\/\/www.visit-ulcinj.com\/blog\/author\/admin\/\"}]}<\/script>\n<!-- \/ Yoast SEO plugin. -->","yoast_head_json":{"title":"Mimoza Kusari-Lila viziton refugjat\u00ebt nga Gjakova q\u00eb jetojn\u00eb n\u00eb Mal t\u00eb Zi - Lajme nga Ulqini","description":"Kryetarja e komun\u00ebs s\u00eb Gjakov\u00ebs Mimoza Kusari \u2013 Lila, po q\u00ebndron p\u00ebr nj\u00eb vizit\u00eb zyrtare n\u00eb Mal t\u00eb Zi. N\u00eb Podgoric\u00eb Kusari - Lila, \u00ebsht\u00eb pritur nga","robots":{"index":"index","follow":"follow","max-snippet":"max-snippet:-1","max-image-preview":"max-image-preview:large","max-video-preview":"max-video-preview:-1"},"canonical":"https:\/\/www.visit-ulcinj.com\/blog\/2016\/05\/17\/mimoza-kusari-lila-viziton-refugjatet-nga-gjakova-qe-jetojne-ne-mal-te-zi\/","og_locale":"en_US","og_type":"article","og_title":"Mimoza Kusari-Lila viziton refugjat\u00ebt nga Gjakova q\u00eb jetojn\u00eb n\u00eb Mal t\u00eb Zi - Lajme nga Ulqini","og_description":"Kryetarja e komun\u00ebs s\u00eb Gjakov\u00ebs Mimoza Kusari \u2013 Lila, po q\u00ebndron p\u00ebr nj\u00eb vizit\u00eb zyrtare n\u00eb Mal t\u00eb Zi. N\u00eb Podgoric\u00eb Kusari - Lila, \u00ebsht\u00eb pritur nga","og_url":"https:\/\/www.visit-ulcinj.com\/blog\/2016\/05\/17\/mimoza-kusari-lila-viziton-refugjatet-nga-gjakova-qe-jetojne-ne-mal-te-zi\/","og_site_name":"Lajme nga Ulqini","article_published_time":"2016-05-17T18:56:51+00:00","og_image":[{"url":"http:\/\/www.visit-ulcinj.com\/blog\/wp-content\/uploads\/2016\/05\/Mimoza-Kusari-Lila.jpg"}],"twitter_misc":{"Written by":"ulqini","Est. reading time":"2 minutes"},"schema":{"@context":"https:\/\/schema.org","@graph":[{"@type":"WebSite","@id":"https:\/\/www.visit-ulcinj.com\/blog\/#website","url":"https:\/\/www.visit-ulcinj.com\/blog\/","name":"Lajme nga Ulqini","description":"Lajme,Vijesti,Ulqini,Ulqin,Crna Gora,Mali i Zi","potentialAction":[{"@type":"SearchAction","target":{"@type":"EntryPoint","urlTemplate":"https:\/\/www.visit-ulcinj.com\/blog\/?s={search_term_string}"},"query-input":"required name=search_term_string"}],"inLanguage":"en-US"},{"@type":"ImageObject","inLanguage":"en-US","@id":"https:\/\/www.visit-ulcinj.com\/blog\/2016\/05\/17\/mimoza-kusari-lila-viziton-refugjatet-nga-gjakova-qe-jetojne-ne-mal-te-zi\/#primaryimage","url":"https:\/\/www.visit-ulcinj.com\/blog\/wp-content\/uploads\/2016\/05\/Mimoza-Kusari-Lila.jpg","contentUrl":"https:\/\/www.visit-ulcinj.com\/blog\/wp-content\/uploads\/2016\/05\/Mimoza-Kusari-Lila.jpg","width":645,"height":379},{"@type":"WebPage","@id":"https:\/\/www.visit-ulcinj.com\/blog\/2016\/05\/17\/mimoza-kusari-lila-viziton-refugjatet-nga-gjakova-qe-jetojne-ne-mal-te-zi\/#webpage","url":"https:\/\/www.visit-ulcinj.com\/blog\/2016\/05\/17\/mimoza-kusari-lila-viziton-refugjatet-nga-gjakova-qe-jetojne-ne-mal-te-zi\/","name":"Mimoza Kusari-Lila viziton refugjat\u00ebt nga Gjakova q\u00eb jetojn\u00eb n\u00eb Mal t\u00eb Zi - Lajme nga Ulqini","isPartOf":{"@id":"https:\/\/www.visit-ulcinj.com\/blog\/#website"},"primaryImageOfPage":{"@id":"https:\/\/www.visit-ulcinj.com\/blog\/2016\/05\/17\/mimoza-kusari-lila-viziton-refugjatet-nga-gjakova-qe-jetojne-ne-mal-te-zi\/#primaryimage"},"datePublished":"2016-05-17T18:56:51+00:00","dateModified":"2016-05-17T18:56:51+00:00","author":{"@id":"https:\/\/www.visit-ulcinj.com\/blog\/#\/schema\/person\/dcab619c614d3038751c63bc2aadc06d"},"description":"Kryetarja e komun\u00ebs s\u00eb Gjakov\u00ebs Mimoza Kusari \u2013 Lila, po q\u00ebndron p\u00ebr nj\u00eb vizit\u00eb zyrtare n\u00eb Mal t\u00eb Zi. N\u00eb Podgoric\u00eb Kusari - Lila, \u00ebsht\u00eb pritur nga","breadcrumb":{"@id":"https:\/\/www.visit-ulcinj.com\/blog\/2016\/05\/17\/mimoza-kusari-lila-viziton-refugjatet-nga-gjakova-qe-jetojne-ne-mal-te-zi\/#breadcrumb"},"inLanguage":"en-US","potentialAction":[{"@type":"ReadAction","target":["https:\/\/www.visit-ulcinj.com\/blog\/2016\/05\/17\/mimoza-kusari-lila-viziton-refugjatet-nga-gjakova-qe-jetojne-ne-mal-te-zi\/"]}]},{"@type":"BreadcrumbList","@id":"https:\/\/www.visit-ulcinj.com\/blog\/2016\/05\/17\/mimoza-kusari-lila-viziton-refugjatet-nga-gjakova-qe-jetojne-ne-mal-te-zi\/#breadcrumb","itemListElement":[{"@type":"ListItem","position":1,"name":"Mimoza Kusari-Lila viziton refugjat\u00ebt nga Gjakova q\u00eb jetojn\u00eb n\u00eb Mal t\u00eb Zi"}]},{"@type":"Person","@id":"https:\/\/www.visit-ulcinj.com\/blog\/#\/schema\/person\/dcab619c614d3038751c63bc2aadc06d","name":"ulqini","sameAs":["http:\/\/www.visit-ulcinj.com"],"url":"https:\/\/www.visit-ulcinj.com\/blog\/author\/admin\/"}]}},"jetpack_featured_media_url":"","jetpack_sharing_enabled":true,"jetpack_shortlink":"https:\/\/wp.me\/pe6lTn-pcU","_links":{"self":[{"href":"https:\/\/www.visit-ulcinj.com\/blog\/wp-json\/wp\/v2\/posts\/96900"}],"collection":[{"href":"https:\/\/www.visit-ulcinj.com\/blog\/wp-json\/wp\/v2\/posts"}],"about":[{"href":"https:\/\/www.visit-ulcinj.com\/blog\/wp-json\/wp\/v2\/types\/post"}],"author":[{"embeddable":true,"href":"https:\/\/www.visit-ulcinj.com\/blog\/wp-json\/wp\/v2\/users\/1"}],"replies":[{"embeddable":true,"href":"https:\/\/www.visit-ulcinj.com\/blog\/wp-json\/wp\/v2\/comments?post=96900"}],"version-history":[{"count":1,"href":"https:\/\/www.visit-ulcinj.com\/blog\/wp-json\/wp\/v2\/posts\/96900\/revisions"}],"predecessor-version":[{"id":96902,"href":"https:\/\/www.visit-ulcinj.com\/blog\/wp-json\/wp\/v2\/posts\/96900\/revisions\/96902"}],"wp:attachment":[{"href":"https:\/\/www.visit-ulcinj.com\/blog\/wp-json\/wp\/v2\/media?parent=96900"}],"wp:term":[{"taxonomy":"category","embeddable":true,"href":"https:\/\/www.visit-ulcinj.com\/blog\/wp-json\/wp\/v2\/categories?post=96900"},{"taxonomy":"post_tag","embeddable":true,"href":"https:\/\/www.visit-ulcinj.com\/blog\/wp-json\/wp\/v2\/tags?post=96900"}],"curies":[{"name":"wp","href":"https:\/\/api.w.org\/{rel}","templated":true}]}}