{"id":9691,"date":"2009-01-24T16:50:43","date_gmt":"2009-01-24T15:50:43","guid":{"rendered":"http:\/\/www.visit-ulcinj.com\/blog\/?p=9691"},"modified":"2009-01-24T18:03:21","modified_gmt":"2009-01-24T17:03:21","slug":"beciraj-povreda-stopala-najboljeg-fudbalera-buducnosti-u-ulcinju","status":"publish","type":"post","link":"https:\/\/www.visit-ulcinj.com\/blog\/2009\/01\/24\/beciraj-povreda-stopala-najboljeg-fudbalera-buducnosti-u-ulcinju\/","title":{"rendered":"Be?iraj: Povreda stopala najboljeg fudbalera budu?nosti u Ulcinju"},"content":{"rendered":"<p><a rel=\"attachment wp-att-9692\" href=\"http:\/\/www.visit-ulcinj.com\/blog\/2009\/01\/24\/beciraj-povreda-stopala-najboljeg-fudbalera-buducnosti-u-ulcinju\/fatos-beqiraj\/\"><img loading=\"lazy\" class=\"alignleft size-full wp-image-9692\" title=\"fatos-beqiraj\" src=\"http:\/\/www.visit-ulcinj.com\/blog\/wp-content\/uploads\/2009\/01\/fatos-beqiraj.jpg\" alt=\"fatos-beqiraj\" width=\"570\" height=\"400\" \/><\/a>Fatos Be?iraj, najskuplji i najtra\u017eeniji fudbaler Budu?nosti, lak\u0161e je povrijedio stopalo na pripremama u Ulcinju i pauzira?e nekoliko dana.<br \/>\nVijest ne bi bila toliko zna?ajna da najbolji strijelac crnogorskog \u0161ampiona nije rizikovao mnogo te\u017eu povredu, po\u0161to mu je golman Miroslav Vujadinovi? u jednom duelu svom te\u017einom nezgodno pao na nogu.<br \/>\nBe?iraj je napustio trening sa bolnom grimasom na licu, a danas ?e biti poznato da li ?e ostati sa ekipom do kraja ove faze priprema (28. januar) ili ?e morati na posebnu terapiju.<br \/>\n&#8211; Zna?emo sjutra koliko ?e morati da pauzira, u svakom slu?aju nije ni\u0161ta ozbiljno. Radi se o povredi stopala i pretpostavljam da ?e nekoliko dana biti potrebno za njeno saniranje. Be?iraj je mogao te\u017ee da pro?e &#8211; kazao je fiziotarapeut Budu?nosti Zoran Jovovi?.<br \/>\nInteresantno da Fatos Be?iraj nije zbog povrede propustio nijednu utakmicu od kada je prije ta?no godinu do\u0161ao u Budu?nost. Danas, u prijateljskom me?u protiv Otranta (14.30 satu), prvi put ne?e biti u sastavu.<br \/>\nPovreda Be?iraja stigla je taman kada je \u0161ampion kompletirao redove. Milan ?uri\u0161i? i Marko Ve\u0161ovi? su sanirali povrede i ju?e su prvi put odradili treninge sa loptom. Marko Vidovi? (prepone) i Aleksandar Radovi? (koljeno) treniraju odvojeno od ekipe i jo\u0161 se spremaju za naporniji rad.<br \/>\n<strong>Dl. M.<\/strong><\/p>\n<p><!--YouTube Error: bad URL entered--><strong><br \/>\n<\/strong><\/p>\n","protected":false},"excerpt":{"rendered":"<p>Fatos Be?iraj, najskuplji i najtra\u017eeniji fudbaler Budu?nosti, lak\u0161e je povrijedio stopalo na pripremama u Ulcinju i pauzira?e nekoliko dana. Vijest ne bi bila toliko zna?ajna da najbolji strijelac crnogorskog \u0161ampiona nije rizikovao mnogo te\u017eu povredu, po\u0161to mu je golman Miroslav Vujadinovi? u jednom duelu svom te\u017einom nezgodno pao na nogu. Be?iraj je napustio trening sa [&hellip;]<\/p>\n","protected":false},"author":1,"featured_media":0,"comment_status":"open","ping_status":"closed","sticky":false,"template":"","format":"standard","meta":{"spay_email":"","jetpack_publicize_message":"","jetpack_is_tweetstorm":false,"jetpack_publicize_feature_enabled":true},"categories":[3],"tags":[6069,6064,6067,6068,6066,6065,2781],"jetpack_publicize_connections":[],"yoast_head":"<!-- This site is optimized with the Yoast SEO plugin v19.1 - https:\/\/yoast.com\/wordpress\/plugins\/seo\/ -->\n<title>Be?iraj: Povreda stopala najboljeg fudbalera budu?nosti u Ulcinju - Lajme nga Ulqini<\/title>\n<meta name=\"description\" content=\"Fatos Be?iraj, najskuplji i najtra\u017eeniji fudbaler Budu?nosti, lak\u0161e je povrijedio stopalo na pripremama u Ulcinju i pauzira?e nekoliko dana. Vijest ne bi\" \/>\n<meta name=\"robots\" content=\"index, follow, max-snippet:-1, max-image-preview:large, max-video-preview:-1\" \/>\n<link rel=\"canonical\" href=\"https:\/\/www.visit-ulcinj.com\/blog\/2009\/01\/24\/beciraj-povreda-stopala-najboljeg-fudbalera-buducnosti-u-ulcinju\/\" \/>\n<meta property=\"og:locale\" content=\"en_US\" \/>\n<meta property=\"og:type\" content=\"article\" \/>\n<meta property=\"og:title\" content=\"Be?iraj: Povreda stopala najboljeg fudbalera budu?nosti u Ulcinju - Lajme nga Ulqini\" \/>\n<meta property=\"og:description\" content=\"Fatos Be?iraj, najskuplji i najtra\u017eeniji fudbaler Budu?nosti, lak\u0161e je povrijedio stopalo na pripremama u Ulcinju i pauzira?e nekoliko dana. Vijest ne bi\" \/>\n<meta property=\"og:url\" content=\"https:\/\/www.visit-ulcinj.com\/blog\/2009\/01\/24\/beciraj-povreda-stopala-najboljeg-fudbalera-buducnosti-u-ulcinju\/\" \/>\n<meta property=\"og:site_name\" content=\"Lajme nga Ulqini\" \/>\n<meta property=\"article:published_time\" content=\"2009-01-24T15:50:43+00:00\" \/>\n<meta property=\"article:modified_time\" content=\"2009-01-24T17:03:21+00:00\" \/>\n<meta property=\"og:image\" content=\"http:\/\/www.visit-ulcinj.com\/blog\/wp-content\/uploads\/2009\/01\/fatos-beqiraj.jpg\" \/>\n<meta name=\"twitter:label1\" content=\"Written by\" \/>\n\t<meta name=\"twitter:data1\" content=\"ulqini\" \/>\n\t<meta name=\"twitter:label2\" content=\"Est. reading time\" \/>\n\t<meta name=\"twitter:data2\" content=\"1 minute\" \/>\n<script type=\"application\/ld+json\" class=\"yoast-schema-graph\">{\"@context\":\"https:\/\/schema.org\",\"@graph\":[{\"@type\":\"WebSite\",\"@id\":\"https:\/\/www.visit-ulcinj.com\/blog\/#website\",\"url\":\"https:\/\/www.visit-ulcinj.com\/blog\/\",\"name\":\"Lajme nga Ulqini\",\"description\":\"Lajme,Vijesti,Ulqini,Ulqin,Crna Gora,Mali i Zi\",\"potentialAction\":[{\"@type\":\"SearchAction\",\"target\":{\"@type\":\"EntryPoint\",\"urlTemplate\":\"https:\/\/www.visit-ulcinj.com\/blog\/?s={search_term_string}\"},\"query-input\":\"required name=search_term_string\"}],\"inLanguage\":\"en-US\"},{\"@type\":\"ImageObject\",\"inLanguage\":\"en-US\",\"@id\":\"https:\/\/www.visit-ulcinj.com\/blog\/2009\/01\/24\/beciraj-povreda-stopala-najboljeg-fudbalera-buducnosti-u-ulcinju\/#primaryimage\",\"url\":\"http:\/\/www.visit-ulcinj.com\/blog\/wp-content\/uploads\/2009\/01\/fatos-beqiraj.jpg\",\"contentUrl\":\"http:\/\/www.visit-ulcinj.com\/blog\/wp-content\/uploads\/2009\/01\/fatos-beqiraj.jpg\"},{\"@type\":\"WebPage\",\"@id\":\"https:\/\/www.visit-ulcinj.com\/blog\/2009\/01\/24\/beciraj-povreda-stopala-najboljeg-fudbalera-buducnosti-u-ulcinju\/#webpage\",\"url\":\"https:\/\/www.visit-ulcinj.com\/blog\/2009\/01\/24\/beciraj-povreda-stopala-najboljeg-fudbalera-buducnosti-u-ulcinju\/\",\"name\":\"Be?iraj: Povreda stopala najboljeg fudbalera budu?nosti u Ulcinju - Lajme nga Ulqini\",\"isPartOf\":{\"@id\":\"https:\/\/www.visit-ulcinj.com\/blog\/#website\"},\"primaryImageOfPage\":{\"@id\":\"https:\/\/www.visit-ulcinj.com\/blog\/2009\/01\/24\/beciraj-povreda-stopala-najboljeg-fudbalera-buducnosti-u-ulcinju\/#primaryimage\"},\"datePublished\":\"2009-01-24T15:50:43+00:00\",\"dateModified\":\"2009-01-24T17:03:21+00:00\",\"author\":{\"@id\":\"https:\/\/www.visit-ulcinj.com\/blog\/#\/schema\/person\/dcab619c614d3038751c63bc2aadc06d\"},\"description\":\"Fatos Be?iraj, najskuplji i najtra\u017eeniji fudbaler Budu?nosti, lak\u0161e je povrijedio stopalo na pripremama u Ulcinju i pauzira?e nekoliko dana. Vijest ne bi\",\"breadcrumb\":{\"@id\":\"https:\/\/www.visit-ulcinj.com\/blog\/2009\/01\/24\/beciraj-povreda-stopala-najboljeg-fudbalera-buducnosti-u-ulcinju\/#breadcrumb\"},\"inLanguage\":\"en-US\",\"potentialAction\":[{\"@type\":\"ReadAction\",\"target\":[\"https:\/\/www.visit-ulcinj.com\/blog\/2009\/01\/24\/beciraj-povreda-stopala-najboljeg-fudbalera-buducnosti-u-ulcinju\/\"]}]},{\"@type\":\"BreadcrumbList\",\"@id\":\"https:\/\/www.visit-ulcinj.com\/blog\/2009\/01\/24\/beciraj-povreda-stopala-najboljeg-fudbalera-buducnosti-u-ulcinju\/#breadcrumb\",\"itemListElement\":[{\"@type\":\"ListItem\",\"position\":1,\"name\":\"Be?iraj: Povreda stopala najboljeg fudbalera budu?nosti u Ulcinju\"}]},{\"@type\":\"Person\",\"@id\":\"https:\/\/www.visit-ulcinj.com\/blog\/#\/schema\/person\/dcab619c614d3038751c63bc2aadc06d\",\"name\":\"ulqini\",\"sameAs\":[\"http:\/\/www.visit-ulcinj.com\"],\"url\":\"https:\/\/www.visit-ulcinj.com\/blog\/author\/admin\/\"}]}<\/script>\n<!-- \/ Yoast SEO plugin. -->","yoast_head_json":{"title":"Be?iraj: Povreda stopala najboljeg fudbalera budu?nosti u Ulcinju - Lajme nga Ulqini","description":"Fatos Be?iraj, najskuplji i najtra\u017eeniji fudbaler Budu?nosti, lak\u0161e je povrijedio stopalo na pripremama u Ulcinju i pauzira?e nekoliko dana. Vijest ne bi","robots":{"index":"index","follow":"follow","max-snippet":"max-snippet:-1","max-image-preview":"max-image-preview:large","max-video-preview":"max-video-preview:-1"},"canonical":"https:\/\/www.visit-ulcinj.com\/blog\/2009\/01\/24\/beciraj-povreda-stopala-najboljeg-fudbalera-buducnosti-u-ulcinju\/","og_locale":"en_US","og_type":"article","og_title":"Be?iraj: Povreda stopala najboljeg fudbalera budu?nosti u Ulcinju - Lajme nga Ulqini","og_description":"Fatos Be?iraj, najskuplji i najtra\u017eeniji fudbaler Budu?nosti, lak\u0161e je povrijedio stopalo na pripremama u Ulcinju i pauzira?e nekoliko dana. Vijest ne bi","og_url":"https:\/\/www.visit-ulcinj.com\/blog\/2009\/01\/24\/beciraj-povreda-stopala-najboljeg-fudbalera-buducnosti-u-ulcinju\/","og_site_name":"Lajme nga Ulqini","article_published_time":"2009-01-24T15:50:43+00:00","article_modified_time":"2009-01-24T17:03:21+00:00","og_image":[{"url":"http:\/\/www.visit-ulcinj.com\/blog\/wp-content\/uploads\/2009\/01\/fatos-beqiraj.jpg"}],"twitter_misc":{"Written by":"ulqini","Est. reading time":"1 minute"},"schema":{"@context":"https:\/\/schema.org","@graph":[{"@type":"WebSite","@id":"https:\/\/www.visit-ulcinj.com\/blog\/#website","url":"https:\/\/www.visit-ulcinj.com\/blog\/","name":"Lajme nga Ulqini","description":"Lajme,Vijesti,Ulqini,Ulqin,Crna Gora,Mali i Zi","potentialAction":[{"@type":"SearchAction","target":{"@type":"EntryPoint","urlTemplate":"https:\/\/www.visit-ulcinj.com\/blog\/?s={search_term_string}"},"query-input":"required name=search_term_string"}],"inLanguage":"en-US"},{"@type":"ImageObject","inLanguage":"en-US","@id":"https:\/\/www.visit-ulcinj.com\/blog\/2009\/01\/24\/beciraj-povreda-stopala-najboljeg-fudbalera-buducnosti-u-ulcinju\/#primaryimage","url":"http:\/\/www.visit-ulcinj.com\/blog\/wp-content\/uploads\/2009\/01\/fatos-beqiraj.jpg","contentUrl":"http:\/\/www.visit-ulcinj.com\/blog\/wp-content\/uploads\/2009\/01\/fatos-beqiraj.jpg"},{"@type":"WebPage","@id":"https:\/\/www.visit-ulcinj.com\/blog\/2009\/01\/24\/beciraj-povreda-stopala-najboljeg-fudbalera-buducnosti-u-ulcinju\/#webpage","url":"https:\/\/www.visit-ulcinj.com\/blog\/2009\/01\/24\/beciraj-povreda-stopala-najboljeg-fudbalera-buducnosti-u-ulcinju\/","name":"Be?iraj: Povreda stopala najboljeg fudbalera budu?nosti u Ulcinju - Lajme nga Ulqini","isPartOf":{"@id":"https:\/\/www.visit-ulcinj.com\/blog\/#website"},"primaryImageOfPage":{"@id":"https:\/\/www.visit-ulcinj.com\/blog\/2009\/01\/24\/beciraj-povreda-stopala-najboljeg-fudbalera-buducnosti-u-ulcinju\/#primaryimage"},"datePublished":"2009-01-24T15:50:43+00:00","dateModified":"2009-01-24T17:03:21+00:00","author":{"@id":"https:\/\/www.visit-ulcinj.com\/blog\/#\/schema\/person\/dcab619c614d3038751c63bc2aadc06d"},"description":"Fatos Be?iraj, najskuplji i najtra\u017eeniji fudbaler Budu?nosti, lak\u0161e je povrijedio stopalo na pripremama u Ulcinju i pauzira?e nekoliko dana. Vijest ne bi","breadcrumb":{"@id":"https:\/\/www.visit-ulcinj.com\/blog\/2009\/01\/24\/beciraj-povreda-stopala-najboljeg-fudbalera-buducnosti-u-ulcinju\/#breadcrumb"},"inLanguage":"en-US","potentialAction":[{"@type":"ReadAction","target":["https:\/\/www.visit-ulcinj.com\/blog\/2009\/01\/24\/beciraj-povreda-stopala-najboljeg-fudbalera-buducnosti-u-ulcinju\/"]}]},{"@type":"BreadcrumbList","@id":"https:\/\/www.visit-ulcinj.com\/blog\/2009\/01\/24\/beciraj-povreda-stopala-najboljeg-fudbalera-buducnosti-u-ulcinju\/#breadcrumb","itemListElement":[{"@type":"ListItem","position":1,"name":"Be?iraj: Povreda stopala najboljeg fudbalera budu?nosti u Ulcinju"}]},{"@type":"Person","@id":"https:\/\/www.visit-ulcinj.com\/blog\/#\/schema\/person\/dcab619c614d3038751c63bc2aadc06d","name":"ulqini","sameAs":["http:\/\/www.visit-ulcinj.com"],"url":"https:\/\/www.visit-ulcinj.com\/blog\/author\/admin\/"}]}},"jetpack_featured_media_url":"","jetpack_sharing_enabled":true,"jetpack_shortlink":"https:\/\/wp.me\/pe6lTn-2wj","_links":{"self":[{"href":"https:\/\/www.visit-ulcinj.com\/blog\/wp-json\/wp\/v2\/posts\/9691"}],"collection":[{"href":"https:\/\/www.visit-ulcinj.com\/blog\/wp-json\/wp\/v2\/posts"}],"about":[{"href":"https:\/\/www.visit-ulcinj.com\/blog\/wp-json\/wp\/v2\/types\/post"}],"author":[{"embeddable":true,"href":"https:\/\/www.visit-ulcinj.com\/blog\/wp-json\/wp\/v2\/users\/1"}],"replies":[{"embeddable":true,"href":"https:\/\/www.visit-ulcinj.com\/blog\/wp-json\/wp\/v2\/comments?post=9691"}],"version-history":[{"count":0,"href":"https:\/\/www.visit-ulcinj.com\/blog\/wp-json\/wp\/v2\/posts\/9691\/revisions"}],"wp:attachment":[{"href":"https:\/\/www.visit-ulcinj.com\/blog\/wp-json\/wp\/v2\/media?parent=9691"}],"wp:term":[{"taxonomy":"category","embeddable":true,"href":"https:\/\/www.visit-ulcinj.com\/blog\/wp-json\/wp\/v2\/categories?post=9691"},{"taxonomy":"post_tag","embeddable":true,"href":"https:\/\/www.visit-ulcinj.com\/blog\/wp-json\/wp\/v2\/tags?post=9691"}],"curies":[{"name":"wp","href":"https:\/\/api.w.org\/{rel}","templated":true}]}}