{"id":96916,"date":"2016-05-18T10:25:35","date_gmt":"2016-05-18T09:25:35","guid":{"rendered":"http:\/\/www.visit-ulcinj.com\/blog\/?p=96916"},"modified":"2016-05-18T10:25:35","modified_gmt":"2016-05-18T09:25:35","slug":"ponovo-u-centru-paznje-evropskog-parlamenta-ulcinjska-solana","status":"publish","type":"post","link":"https:\/\/www.visit-ulcinj.com\/blog\/2016\/05\/18\/ponovo-u-centru-paznje-evropskog-parlamenta-ulcinjska-solana\/","title":{"rendered":"Ponovo u centru pa\u017enje Evropskog parlamenta Ulcinjska solana"},"content":{"rendered":"<p><strong> <a href=\"http:\/\/www.visit-ulcinj.com\/blog\/wp-content\/uploads\/2016\/05\/Ulcinjska-Solana-.jpg\"><img loading=\"lazy\" class=\"alignleft wp-image-96917\" src=\"http:\/\/www.visit-ulcinj.com\/blog\/wp-content\/uploads\/2016\/05\/Ulcinjska-Solana-.jpg\" alt=\"Ulcinjska-Solana-\" width=\"508\" height=\"305\" srcset=\"https:\/\/www.visit-ulcinj.com\/blog\/wp-content\/uploads\/2016\/05\/Ulcinjska-Solana-.jpg 960w, https:\/\/www.visit-ulcinj.com\/blog\/wp-content\/uploads\/2016\/05\/Ulcinjska-Solana--300x180.jpg 300w, https:\/\/www.visit-ulcinj.com\/blog\/wp-content\/uploads\/2016\/05\/Ulcinjska-Solana--768x461.jpg 768w\" sizes=\"(max-width: 508px) 100vw, 508px\" \/><\/a>Evropski parlament usvojio je preporuku Bundestaga da se Ulcinjska solana i pitanje neophodnosti njene za\u0161tite na\u0111e u centru preporuka Rezolucije na Izvje\u0161taj o napretku Crne Gore za 2015. godinu. <\/strong><\/p>\n<p>Naime, kako je kazala Jovana Janju\u0161evi\u0107 iz Centra za za\u0161titu i prou\u010davanje ptica Crne Gore, pored drugih va\u017enih preduslova u kojima se Vlada Crne Gore poziva na konkretne aktivnosti, u ciju pristupanja Evropskoj uniji, Parlament poziva na dalje napore da se ovaj lokalitet stavi pod za\u0161titu kako bi se sa\u010duvao biodiverzitet Ulcinjske solane kao najzna\u010dajnijeg gnijezdili\u0161ta i zimovali\u0161ta ptica selica na isto\u010dnoj obali Jadrana.<\/p>\n<p>Evropski parlament poziva Vladu Crne Gore da nastavi zapo\u010detu inicijativu ka nacionalnoj i me\u0111unarodnoj za\u0161titi ovog jedinstvenog ekosistema, uz prepoznavanje proizvodnje soli kao jednog od najboljih primjera sinergije ekonomskog razvoja i za\u0161tite prirode te jedinom odr\u017eivom rje\u0161enju opstanka miliona ptica.<\/p>\n<p>Evropski parlament tako\u0111e poziva Vladu na odr\u017eivo prostorno planiranje i razvoj crnogorske obale uz po\u0161tovanje i primjenu evropskih standarda u oblasti za\u0161tite prirode i \u017eivotne sredine.<\/p>\n<p>\u201ePodjse\u0107amo javnost da je na II Me\u0111unarodnoj konferenciji koja je odr\u017eana prije ne\u0161to vi\u0161e od mjesec dana, ministar Gvozdenovi\u0107 izjavio da je pitanje za\u0161tite Ulcinjske solane rje\u0161ivo za svega par mjeseci te da \u0107e se Ministarstvo voditi potrebom ponovne proizvodnje soli kao primarnim uslovom odr\u017eivosti ovog lokaliteta. Ministar je tom prilikom pozvao Nacionalne parkove i Op\u0161tinu Ulcinj da se uhvate u ko\u0161tac sa krivolovom koji predstavlja pritisak i kada isti dolazi van granica Solane\u201c, kazala je Janju\u0161evi\u0107.<\/p>\n<p>Sa druge strane, dodaje ona, Ministarstvo nije dostavilo u\u010desnicima konferencije obe\u0107anu mapu puta sa vremenskim rokovima za realizaciju svih segmenata za\u0161tite Ulcinjske solane koji su se u toku ovog procesa ispostavili kao prepreke niti je sazvalo sjednicu Savjetodavnog tijela koje je osnovano sa namjerom uspostavljanja kvalitetnog dijaloga izme\u0111u svih zainteresovanih strana u postupku.<\/p>\n<p>\u201eU me\u0111uvremenu, dok se Ministarstvo \u201eoprezno\u201c upu\u0161ta u za\u0161titu ovog prostora odugovla\u010de\u0107i sam postupak do beskona\u010dnosti, usljed intenzivnog krivolova u okolnim knetama (157 zabilje\u017eenih pucnjeva u 40 minuta, kneta \u0106urke), evidentiran je pad populacija vodnih ptica i to za \u010dak 4 puta, sa 20 na jedva 5 hiljada ptica u toku seobe, a nedavno je usljed vremenskih nepogoda Ulcinjska solana pretrpjela i svoj najve\u0107i gubitak ove godine, a to je gnije\u017e\u0111enje flamingosa, malih i obi\u010dnih \u010digri, vlastelica i zijavaca\u201c, zaklju\u010dila je Janju\u0161evi\u0107.<\/p>\n<p><strong>Izvor: <a href=\"http:\/\/www.cdm.me\/drustvo\/crna-gora\/ulcinjska-solana-ponovo-u-centru-paznje-evropskog-parlamenta\">Cafe Del Montenegro<\/a><\/strong><\/p>\n","protected":false},"excerpt":{"rendered":"<p>Evropski parlament usvojio je preporuku Bundestaga da se Ulcinjska solana i pitanje neophodnosti njene za\u0161tite na\u0111e u centru preporuka Rezolucije na Izvje\u0161taj o napretku Crne Gore za 2015. godinu. Naime, kako je kazala Jovana Janju\u0161evi\u0107 iz Centra za za\u0161titu i prou\u010davanje ptica Crne Gore, pored drugih va\u017enih preduslova u kojima se Vlada Crne Gore poziva [&hellip;]<\/p>\n","protected":false},"author":1,"featured_media":0,"comment_status":"closed","ping_status":"closed","sticky":false,"template":"","format":"standard","meta":{"spay_email":"","jetpack_publicize_message":"","jetpack_is_tweetstorm":false,"jetpack_publicize_feature_enabled":true},"categories":[8337],"tags":[],"jetpack_publicize_connections":[],"yoast_head":"<!-- This site is optimized with the Yoast SEO plugin v19.1 - https:\/\/yoast.com\/wordpress\/plugins\/seo\/ -->\n<title>Ponovo u centru pa\u017enje Evropskog parlamenta Ulcinjska solana - Lajme nga Ulqini<\/title>\n<meta name=\"description\" content=\"Evropski parlament usvojio je preporuku Bundestaga da se Ulcinjska solana i pitanje neophodnosti njene za\u0161tite na\u0111e u centru preporuka Rezolucije na\" \/>\n<meta name=\"robots\" content=\"index, follow, max-snippet:-1, max-image-preview:large, max-video-preview:-1\" \/>\n<link rel=\"canonical\" href=\"https:\/\/www.visit-ulcinj.com\/blog\/2016\/05\/18\/ponovo-u-centru-paznje-evropskog-parlamenta-ulcinjska-solana\/\" \/>\n<meta property=\"og:locale\" content=\"en_US\" \/>\n<meta property=\"og:type\" content=\"article\" \/>\n<meta property=\"og:title\" content=\"Ponovo u centru pa\u017enje Evropskog parlamenta Ulcinjska solana - Lajme nga Ulqini\" \/>\n<meta property=\"og:description\" content=\"Evropski parlament usvojio je preporuku Bundestaga da se Ulcinjska solana i pitanje neophodnosti njene za\u0161tite na\u0111e u centru preporuka Rezolucije na\" \/>\n<meta property=\"og:url\" content=\"https:\/\/www.visit-ulcinj.com\/blog\/2016\/05\/18\/ponovo-u-centru-paznje-evropskog-parlamenta-ulcinjska-solana\/\" \/>\n<meta property=\"og:site_name\" content=\"Lajme nga Ulqini\" \/>\n<meta property=\"article:published_time\" content=\"2016-05-18T09:25:35+00:00\" \/>\n<meta property=\"og:image\" content=\"http:\/\/www.visit-ulcinj.com\/blog\/wp-content\/uploads\/2016\/05\/Ulcinjska-Solana-.jpg\" \/>\n<meta name=\"twitter:label1\" content=\"Written by\" \/>\n\t<meta name=\"twitter:data1\" content=\"ulqini\" \/>\n\t<meta name=\"twitter:label2\" content=\"Est. reading time\" \/>\n\t<meta name=\"twitter:data2\" content=\"2 minutes\" \/>\n<script type=\"application\/ld+json\" class=\"yoast-schema-graph\">{\"@context\":\"https:\/\/schema.org\",\"@graph\":[{\"@type\":\"WebSite\",\"@id\":\"https:\/\/www.visit-ulcinj.com\/blog\/#website\",\"url\":\"https:\/\/www.visit-ulcinj.com\/blog\/\",\"name\":\"Lajme nga Ulqini\",\"description\":\"Lajme,Vijesti,Ulqini,Ulqin,Crna Gora,Mali i Zi\",\"potentialAction\":[{\"@type\":\"SearchAction\",\"target\":{\"@type\":\"EntryPoint\",\"urlTemplate\":\"https:\/\/www.visit-ulcinj.com\/blog\/?s={search_term_string}\"},\"query-input\":\"required name=search_term_string\"}],\"inLanguage\":\"en-US\"},{\"@type\":\"ImageObject\",\"inLanguage\":\"en-US\",\"@id\":\"https:\/\/www.visit-ulcinj.com\/blog\/2016\/05\/18\/ponovo-u-centru-paznje-evropskog-parlamenta-ulcinjska-solana\/#primaryimage\",\"url\":\"https:\/\/www.visit-ulcinj.com\/blog\/wp-content\/uploads\/2016\/05\/Ulcinjska-Solana-.jpg\",\"contentUrl\":\"https:\/\/www.visit-ulcinj.com\/blog\/wp-content\/uploads\/2016\/05\/Ulcinjska-Solana-.jpg\",\"width\":960,\"height\":576},{\"@type\":\"WebPage\",\"@id\":\"https:\/\/www.visit-ulcinj.com\/blog\/2016\/05\/18\/ponovo-u-centru-paznje-evropskog-parlamenta-ulcinjska-solana\/#webpage\",\"url\":\"https:\/\/www.visit-ulcinj.com\/blog\/2016\/05\/18\/ponovo-u-centru-paznje-evropskog-parlamenta-ulcinjska-solana\/\",\"name\":\"Ponovo u centru pa\u017enje Evropskog parlamenta Ulcinjska solana - Lajme nga Ulqini\",\"isPartOf\":{\"@id\":\"https:\/\/www.visit-ulcinj.com\/blog\/#website\"},\"primaryImageOfPage\":{\"@id\":\"https:\/\/www.visit-ulcinj.com\/blog\/2016\/05\/18\/ponovo-u-centru-paznje-evropskog-parlamenta-ulcinjska-solana\/#primaryimage\"},\"datePublished\":\"2016-05-18T09:25:35+00:00\",\"dateModified\":\"2016-05-18T09:25:35+00:00\",\"author\":{\"@id\":\"https:\/\/www.visit-ulcinj.com\/blog\/#\/schema\/person\/dcab619c614d3038751c63bc2aadc06d\"},\"description\":\"Evropski parlament usvojio je preporuku Bundestaga da se Ulcinjska solana i pitanje neophodnosti njene za\u0161tite na\u0111e u centru preporuka Rezolucije na\",\"breadcrumb\":{\"@id\":\"https:\/\/www.visit-ulcinj.com\/blog\/2016\/05\/18\/ponovo-u-centru-paznje-evropskog-parlamenta-ulcinjska-solana\/#breadcrumb\"},\"inLanguage\":\"en-US\",\"potentialAction\":[{\"@type\":\"ReadAction\",\"target\":[\"https:\/\/www.visit-ulcinj.com\/blog\/2016\/05\/18\/ponovo-u-centru-paznje-evropskog-parlamenta-ulcinjska-solana\/\"]}]},{\"@type\":\"BreadcrumbList\",\"@id\":\"https:\/\/www.visit-ulcinj.com\/blog\/2016\/05\/18\/ponovo-u-centru-paznje-evropskog-parlamenta-ulcinjska-solana\/#breadcrumb\",\"itemListElement\":[{\"@type\":\"ListItem\",\"position\":1,\"name\":\"Ponovo u centru pa\u017enje Evropskog parlamenta Ulcinjska solana\"}]},{\"@type\":\"Person\",\"@id\":\"https:\/\/www.visit-ulcinj.com\/blog\/#\/schema\/person\/dcab619c614d3038751c63bc2aadc06d\",\"name\":\"ulqini\",\"sameAs\":[\"http:\/\/www.visit-ulcinj.com\"],\"url\":\"https:\/\/www.visit-ulcinj.com\/blog\/author\/admin\/\"}]}<\/script>\n<!-- \/ Yoast SEO plugin. -->","yoast_head_json":{"title":"Ponovo u centru pa\u017enje Evropskog parlamenta Ulcinjska solana - Lajme nga Ulqini","description":"Evropski parlament usvojio je preporuku Bundestaga da se Ulcinjska solana i pitanje neophodnosti njene za\u0161tite na\u0111e u centru preporuka Rezolucije na","robots":{"index":"index","follow":"follow","max-snippet":"max-snippet:-1","max-image-preview":"max-image-preview:large","max-video-preview":"max-video-preview:-1"},"canonical":"https:\/\/www.visit-ulcinj.com\/blog\/2016\/05\/18\/ponovo-u-centru-paznje-evropskog-parlamenta-ulcinjska-solana\/","og_locale":"en_US","og_type":"article","og_title":"Ponovo u centru pa\u017enje Evropskog parlamenta Ulcinjska solana - Lajme nga Ulqini","og_description":"Evropski parlament usvojio je preporuku Bundestaga da se Ulcinjska solana i pitanje neophodnosti njene za\u0161tite na\u0111e u centru preporuka Rezolucije na","og_url":"https:\/\/www.visit-ulcinj.com\/blog\/2016\/05\/18\/ponovo-u-centru-paznje-evropskog-parlamenta-ulcinjska-solana\/","og_site_name":"Lajme nga Ulqini","article_published_time":"2016-05-18T09:25:35+00:00","og_image":[{"url":"http:\/\/www.visit-ulcinj.com\/blog\/wp-content\/uploads\/2016\/05\/Ulcinjska-Solana-.jpg"}],"twitter_misc":{"Written by":"ulqini","Est. reading time":"2 minutes"},"schema":{"@context":"https:\/\/schema.org","@graph":[{"@type":"WebSite","@id":"https:\/\/www.visit-ulcinj.com\/blog\/#website","url":"https:\/\/www.visit-ulcinj.com\/blog\/","name":"Lajme nga Ulqini","description":"Lajme,Vijesti,Ulqini,Ulqin,Crna Gora,Mali i Zi","potentialAction":[{"@type":"SearchAction","target":{"@type":"EntryPoint","urlTemplate":"https:\/\/www.visit-ulcinj.com\/blog\/?s={search_term_string}"},"query-input":"required name=search_term_string"}],"inLanguage":"en-US"},{"@type":"ImageObject","inLanguage":"en-US","@id":"https:\/\/www.visit-ulcinj.com\/blog\/2016\/05\/18\/ponovo-u-centru-paznje-evropskog-parlamenta-ulcinjska-solana\/#primaryimage","url":"https:\/\/www.visit-ulcinj.com\/blog\/wp-content\/uploads\/2016\/05\/Ulcinjska-Solana-.jpg","contentUrl":"https:\/\/www.visit-ulcinj.com\/blog\/wp-content\/uploads\/2016\/05\/Ulcinjska-Solana-.jpg","width":960,"height":576},{"@type":"WebPage","@id":"https:\/\/www.visit-ulcinj.com\/blog\/2016\/05\/18\/ponovo-u-centru-paznje-evropskog-parlamenta-ulcinjska-solana\/#webpage","url":"https:\/\/www.visit-ulcinj.com\/blog\/2016\/05\/18\/ponovo-u-centru-paznje-evropskog-parlamenta-ulcinjska-solana\/","name":"Ponovo u centru pa\u017enje Evropskog parlamenta Ulcinjska solana - Lajme nga Ulqini","isPartOf":{"@id":"https:\/\/www.visit-ulcinj.com\/blog\/#website"},"primaryImageOfPage":{"@id":"https:\/\/www.visit-ulcinj.com\/blog\/2016\/05\/18\/ponovo-u-centru-paznje-evropskog-parlamenta-ulcinjska-solana\/#primaryimage"},"datePublished":"2016-05-18T09:25:35+00:00","dateModified":"2016-05-18T09:25:35+00:00","author":{"@id":"https:\/\/www.visit-ulcinj.com\/blog\/#\/schema\/person\/dcab619c614d3038751c63bc2aadc06d"},"description":"Evropski parlament usvojio je preporuku Bundestaga da se Ulcinjska solana i pitanje neophodnosti njene za\u0161tite na\u0111e u centru preporuka Rezolucije na","breadcrumb":{"@id":"https:\/\/www.visit-ulcinj.com\/blog\/2016\/05\/18\/ponovo-u-centru-paznje-evropskog-parlamenta-ulcinjska-solana\/#breadcrumb"},"inLanguage":"en-US","potentialAction":[{"@type":"ReadAction","target":["https:\/\/www.visit-ulcinj.com\/blog\/2016\/05\/18\/ponovo-u-centru-paznje-evropskog-parlamenta-ulcinjska-solana\/"]}]},{"@type":"BreadcrumbList","@id":"https:\/\/www.visit-ulcinj.com\/blog\/2016\/05\/18\/ponovo-u-centru-paznje-evropskog-parlamenta-ulcinjska-solana\/#breadcrumb","itemListElement":[{"@type":"ListItem","position":1,"name":"Ponovo u centru pa\u017enje Evropskog parlamenta Ulcinjska solana"}]},{"@type":"Person","@id":"https:\/\/www.visit-ulcinj.com\/blog\/#\/schema\/person\/dcab619c614d3038751c63bc2aadc06d","name":"ulqini","sameAs":["http:\/\/www.visit-ulcinj.com"],"url":"https:\/\/www.visit-ulcinj.com\/blog\/author\/admin\/"}]}},"jetpack_featured_media_url":"","jetpack_sharing_enabled":true,"jetpack_shortlink":"https:\/\/wp.me\/pe6lTn-pda","_links":{"self":[{"href":"https:\/\/www.visit-ulcinj.com\/blog\/wp-json\/wp\/v2\/posts\/96916"}],"collection":[{"href":"https:\/\/www.visit-ulcinj.com\/blog\/wp-json\/wp\/v2\/posts"}],"about":[{"href":"https:\/\/www.visit-ulcinj.com\/blog\/wp-json\/wp\/v2\/types\/post"}],"author":[{"embeddable":true,"href":"https:\/\/www.visit-ulcinj.com\/blog\/wp-json\/wp\/v2\/users\/1"}],"replies":[{"embeddable":true,"href":"https:\/\/www.visit-ulcinj.com\/blog\/wp-json\/wp\/v2\/comments?post=96916"}],"version-history":[{"count":1,"href":"https:\/\/www.visit-ulcinj.com\/blog\/wp-json\/wp\/v2\/posts\/96916\/revisions"}],"predecessor-version":[{"id":96918,"href":"https:\/\/www.visit-ulcinj.com\/blog\/wp-json\/wp\/v2\/posts\/96916\/revisions\/96918"}],"wp:attachment":[{"href":"https:\/\/www.visit-ulcinj.com\/blog\/wp-json\/wp\/v2\/media?parent=96916"}],"wp:term":[{"taxonomy":"category","embeddable":true,"href":"https:\/\/www.visit-ulcinj.com\/blog\/wp-json\/wp\/v2\/categories?post=96916"},{"taxonomy":"post_tag","embeddable":true,"href":"https:\/\/www.visit-ulcinj.com\/blog\/wp-json\/wp\/v2\/tags?post=96916"}],"curies":[{"name":"wp","href":"https:\/\/api.w.org\/{rel}","templated":true}]}}