{"id":96919,"date":"2016-05-18T19:33:11","date_gmt":"2016-05-18T18:33:11","guid":{"rendered":"http:\/\/www.visit-ulcinj.com\/blog\/?p=96919"},"modified":"2016-05-18T19:33:11","modified_gmt":"2016-05-18T18:33:11","slug":"fillon-pagesa-e-kompensimeve-per-puntoret-qe-leshojne-vendet-e-punes","status":"publish","type":"post","link":"https:\/\/www.visit-ulcinj.com\/blog\/2016\/05\/18\/fillon-pagesa-e-kompensimeve-per-puntoret-qe-leshojne-vendet-e-punes\/","title":{"rendered":"Fillon pagesa e kompensimeve p\u00ebr puntor\u00ebt q\u00eb do l\u00ebshojn\u00eb vendet e pun\u00ebs"},"content":{"rendered":"<p><a href=\"http:\/\/www.visit-ulcinj.com\/blog\/wp-content\/uploads\/2013\/12\/opstina-ulcinj.jpg\"><img loading=\"lazy\" class=\"alignleft wp-image-77143\" src=\"http:\/\/www.visit-ulcinj.com\/blog\/wp-content\/uploads\/2013\/12\/opstina-ulcinj.jpg\" alt=\"opstina-ulcinj\" width=\"508\" height=\"381\" srcset=\"https:\/\/www.visit-ulcinj.com\/blog\/wp-content\/uploads\/2013\/12\/opstina-ulcinj.jpg 1000w, https:\/\/www.visit-ulcinj.com\/blog\/wp-content\/uploads\/2013\/12\/opstina-ulcinj-300x225.jpg 300w\" sizes=\"(max-width: 508px) 100vw, 508px\" \/><\/a>Komuna e Ulqinit konform\u00eb vendimit t\u00eb Kuvendit\u00a0 filloi pages\u00ebn e kompensimeve\u00a0 p\u00ebr\u00a0 punetor\u00ebt\u00a0 q\u00eb\u00a0 do t\u00eb l\u00ebshojn\u00eb vendet e pun\u00ebs. Gjith\u00ebsej nga Komuna dhe NP\u00a0jan\u00eb paraqitur 59 punetor\u00eb. Me kenaq\u00ebsi mund t\u00eb\u00a0konstatojm\u00eb se\u00a0 kemi\u00a0 b\u00ebr\u00eb pagesat\u00a0 p\u00ebr 11 t\u00eb pun\u00ebsuar ne NP &#8211; Uj\u00ebsjelles kanalizim\u00a0 dhe 15 p\u00ebr pun\u00ebtor\u00ebt\u00a0 e komun\u00ebs.\u00a0 Pasi ne\u00a0 pyetje jan\u00eb shuma\u00a0 t\u00eb\u00a0\u00a0 m\u00ebdha t\u00eb\u00a0 hollash, jemi\u00a0 duke\u00a0 p\u00ebrgatitur mjetet\u00a0 dhe\u00a0 p\u00ebr 35 pun\u00ebtor\u00eb\u00a0 t\u00eb tjer\u00eb\u00a0 t\u00eb\u00a0 cilet mund t\u00eb\u00a0llogarisin n\u00eb mjete\u00a0 ne\u00a0\u00a0 nj\u00eb\u00a0afat\u00a0 sa m\u00eb\u00a0 t\u00eb shkurter. Kontribut\u00ebt dhe sigurim\u00ebt shoq\u00ebrore do t\u00eb shlyhen n\u00eb marr\u00ebveshje\u00a0 me Ministrin\u00eb\u00a0 p\u00ebrkat\u00ebse p\u00ebr t\u00eb gjith\u00eb t\u00eb pun\u00ebsuarit, kurse p\u00ebr personat q\u00eb kan\u00eb fituar nga pagesa e kompensimeve do tiu paguhen n\u00eb ritme shum\u00eb m\u00eb t\u00eb shpejta , m\u00eb q\u00ebllim plot\u00ebsimin e kushteve p\u00ebr pension.\u00a0 \u00a0 Kryetari\u00a0 i Komun\u00ebs\u00a0 Nazif Cungu\u00a0\u00a0 me\u00a0 k\u00ebt\u00eb\u00a0rast\u00a0 i shpreh\u00a0 falenderime\u00a0 t\u00eb\u00a0sinqerta\u00a0 t\u00eb\u00a0 gjith\u00eb\u00a0 pun\u00ebtor\u00ebve q\u00eb\u00a0 vite\u00a0 t\u00eb tera\u00a0\u00a0 kan\u00eb\u00a0 dhen\u00eb ndihmes\u00ebn e tyre\u00a0 n\u00eb\u00a0 organ\u00ebt\u00a0 e administrat\u00ebs dhe n\u00eb\u00a0NP.<\/p>\n<p>Po ashtu me\u00a0 k\u00ebnaqesi\u00a0\u00a0 mund t\u00eb\u00a0 konstatojme\u00a0 se sot\u00a0 arritem q\u00eb te shlyejme dhe\u00a0 nje page\u00a0 p\u00ebr punetor\u00ebt e komunes, e n\u00eb\u00a0 \u00a0dit\u00ebt\u00a0 ne\u00a0 vazhdim\u00a0\u00a0 do te\u00a0 pasojn\u00eb\u00a0pagesat\u00a0 edhe\u00a0 p\u00ebr\u00a0 punetor\u00ebt\u00a0 n\u00eb\u00a0NP.<\/p>\n","protected":false},"excerpt":{"rendered":"<p>Komuna e Ulqinit konform\u00eb vendimit t\u00eb Kuvendit\u00a0 filloi pages\u00ebn e kompensimeve\u00a0 p\u00ebr\u00a0 punetor\u00ebt\u00a0 q\u00eb\u00a0 do t\u00eb l\u00ebshojn\u00eb vendet e pun\u00ebs. Gjith\u00ebsej nga Komuna dhe NP\u00a0jan\u00eb paraqitur 59 punetor\u00eb. Me kenaq\u00ebsi mund t\u00eb\u00a0konstatojm\u00eb se\u00a0 kemi\u00a0 b\u00ebr\u00eb pagesat\u00a0 p\u00ebr 11 t\u00eb pun\u00ebsuar ne NP &#8211; Uj\u00ebsjelles kanalizim\u00a0 dhe 15 p\u00ebr pun\u00ebtor\u00ebt\u00a0 e komun\u00ebs.\u00a0 Pasi ne\u00a0 pyetje jan\u00eb [&hellip;]<\/p>\n","protected":false},"author":1,"featured_media":0,"comment_status":"closed","ping_status":"closed","sticky":false,"template":"","format":"standard","meta":{"spay_email":"","jetpack_publicize_message":"","jetpack_is_tweetstorm":false,"jetpack_publicize_feature_enabled":true},"categories":[1],"tags":[],"jetpack_publicize_connections":[],"yoast_head":"<!-- This site is optimized with the Yoast SEO plugin v19.1 - https:\/\/yoast.com\/wordpress\/plugins\/seo\/ -->\n<title>Fillon pagesa e kompensimeve p\u00ebr puntor\u00ebt q\u00eb do l\u00ebshojn\u00eb vendet e pun\u00ebs - Lajme nga Ulqini<\/title>\n<meta name=\"description\" content=\"Komuna e Ulqinit konform\u00eb vendimit t\u00eb Kuvendit\u00a0 filloi pages\u00ebn e kompensimeve\u00a0 p\u00ebr\u00a0 punetor\u00ebt\u00a0 q\u00eb\u00a0 do t\u00eb l\u00ebshojn\u00eb vendet e pun\u00ebs. Gjith\u00ebsej nga Komuna dhe\" \/>\n<meta name=\"robots\" content=\"index, follow, max-snippet:-1, max-image-preview:large, max-video-preview:-1\" \/>\n<link rel=\"canonical\" href=\"https:\/\/www.visit-ulcinj.com\/blog\/2016\/05\/18\/fillon-pagesa-e-kompensimeve-per-puntoret-qe-leshojne-vendet-e-punes\/\" \/>\n<meta property=\"og:locale\" content=\"en_US\" \/>\n<meta property=\"og:type\" content=\"article\" \/>\n<meta property=\"og:title\" content=\"Fillon pagesa e kompensimeve p\u00ebr puntor\u00ebt q\u00eb do l\u00ebshojn\u00eb vendet e pun\u00ebs - Lajme nga Ulqini\" \/>\n<meta property=\"og:description\" content=\"Komuna e Ulqinit konform\u00eb vendimit t\u00eb Kuvendit\u00a0 filloi pages\u00ebn e kompensimeve\u00a0 p\u00ebr\u00a0 punetor\u00ebt\u00a0 q\u00eb\u00a0 do t\u00eb l\u00ebshojn\u00eb vendet e pun\u00ebs. Gjith\u00ebsej nga Komuna dhe\" \/>\n<meta property=\"og:url\" content=\"https:\/\/www.visit-ulcinj.com\/blog\/2016\/05\/18\/fillon-pagesa-e-kompensimeve-per-puntoret-qe-leshojne-vendet-e-punes\/\" \/>\n<meta property=\"og:site_name\" content=\"Lajme nga Ulqini\" \/>\n<meta property=\"article:published_time\" content=\"2016-05-18T18:33:11+00:00\" \/>\n<meta property=\"og:image\" content=\"http:\/\/www.visit-ulcinj.com\/blog\/wp-content\/uploads\/2013\/12\/opstina-ulcinj.jpg\" \/>\n<meta name=\"twitter:label1\" content=\"Written by\" \/>\n\t<meta name=\"twitter:data1\" content=\"ulqini\" \/>\n\t<meta name=\"twitter:label2\" content=\"Est. reading time\" \/>\n\t<meta name=\"twitter:data2\" content=\"1 minute\" \/>\n<script type=\"application\/ld+json\" class=\"yoast-schema-graph\">{\"@context\":\"https:\/\/schema.org\",\"@graph\":[{\"@type\":\"WebSite\",\"@id\":\"https:\/\/www.visit-ulcinj.com\/blog\/#website\",\"url\":\"https:\/\/www.visit-ulcinj.com\/blog\/\",\"name\":\"Lajme nga Ulqini\",\"description\":\"Lajme,Vijesti,Ulqini,Ulqin,Crna Gora,Mali i Zi\",\"potentialAction\":[{\"@type\":\"SearchAction\",\"target\":{\"@type\":\"EntryPoint\",\"urlTemplate\":\"https:\/\/www.visit-ulcinj.com\/blog\/?s={search_term_string}\"},\"query-input\":\"required name=search_term_string\"}],\"inLanguage\":\"en-US\"},{\"@type\":\"ImageObject\",\"inLanguage\":\"en-US\",\"@id\":\"https:\/\/www.visit-ulcinj.com\/blog\/2016\/05\/18\/fillon-pagesa-e-kompensimeve-per-puntoret-qe-leshojne-vendet-e-punes\/#primaryimage\",\"url\":\"https:\/\/www.visit-ulcinj.com\/blog\/wp-content\/uploads\/2013\/12\/opstina-ulcinj.jpg\",\"contentUrl\":\"https:\/\/www.visit-ulcinj.com\/blog\/wp-content\/uploads\/2013\/12\/opstina-ulcinj.jpg\",\"width\":1000,\"height\":750},{\"@type\":\"WebPage\",\"@id\":\"https:\/\/www.visit-ulcinj.com\/blog\/2016\/05\/18\/fillon-pagesa-e-kompensimeve-per-puntoret-qe-leshojne-vendet-e-punes\/#webpage\",\"url\":\"https:\/\/www.visit-ulcinj.com\/blog\/2016\/05\/18\/fillon-pagesa-e-kompensimeve-per-puntoret-qe-leshojne-vendet-e-punes\/\",\"name\":\"Fillon pagesa e kompensimeve p\u00ebr puntor\u00ebt q\u00eb do l\u00ebshojn\u00eb vendet e pun\u00ebs - Lajme nga Ulqini\",\"isPartOf\":{\"@id\":\"https:\/\/www.visit-ulcinj.com\/blog\/#website\"},\"primaryImageOfPage\":{\"@id\":\"https:\/\/www.visit-ulcinj.com\/blog\/2016\/05\/18\/fillon-pagesa-e-kompensimeve-per-puntoret-qe-leshojne-vendet-e-punes\/#primaryimage\"},\"datePublished\":\"2016-05-18T18:33:11+00:00\",\"dateModified\":\"2016-05-18T18:33:11+00:00\",\"author\":{\"@id\":\"https:\/\/www.visit-ulcinj.com\/blog\/#\/schema\/person\/dcab619c614d3038751c63bc2aadc06d\"},\"description\":\"Komuna e Ulqinit konform\u00eb vendimit t\u00eb Kuvendit\u00a0 filloi pages\u00ebn e kompensimeve\u00a0 p\u00ebr\u00a0 punetor\u00ebt\u00a0 q\u00eb\u00a0 do t\u00eb l\u00ebshojn\u00eb vendet e pun\u00ebs. Gjith\u00ebsej nga Komuna dhe\",\"breadcrumb\":{\"@id\":\"https:\/\/www.visit-ulcinj.com\/blog\/2016\/05\/18\/fillon-pagesa-e-kompensimeve-per-puntoret-qe-leshojne-vendet-e-punes\/#breadcrumb\"},\"inLanguage\":\"en-US\",\"potentialAction\":[{\"@type\":\"ReadAction\",\"target\":[\"https:\/\/www.visit-ulcinj.com\/blog\/2016\/05\/18\/fillon-pagesa-e-kompensimeve-per-puntoret-qe-leshojne-vendet-e-punes\/\"]}]},{\"@type\":\"BreadcrumbList\",\"@id\":\"https:\/\/www.visit-ulcinj.com\/blog\/2016\/05\/18\/fillon-pagesa-e-kompensimeve-per-puntoret-qe-leshojne-vendet-e-punes\/#breadcrumb\",\"itemListElement\":[{\"@type\":\"ListItem\",\"position\":1,\"name\":\"Fillon pagesa e kompensimeve p\u00ebr puntor\u00ebt q\u00eb do l\u00ebshojn\u00eb vendet e pun\u00ebs\"}]},{\"@type\":\"Person\",\"@id\":\"https:\/\/www.visit-ulcinj.com\/blog\/#\/schema\/person\/dcab619c614d3038751c63bc2aadc06d\",\"name\":\"ulqini\",\"sameAs\":[\"http:\/\/www.visit-ulcinj.com\"],\"url\":\"https:\/\/www.visit-ulcinj.com\/blog\/author\/admin\/\"}]}<\/script>\n<!-- \/ Yoast SEO plugin. -->","yoast_head_json":{"title":"Fillon pagesa e kompensimeve p\u00ebr puntor\u00ebt q\u00eb do l\u00ebshojn\u00eb vendet e pun\u00ebs - Lajme nga Ulqini","description":"Komuna e Ulqinit konform\u00eb vendimit t\u00eb Kuvendit\u00a0 filloi pages\u00ebn e kompensimeve\u00a0 p\u00ebr\u00a0 punetor\u00ebt\u00a0 q\u00eb\u00a0 do t\u00eb l\u00ebshojn\u00eb vendet e pun\u00ebs. Gjith\u00ebsej nga Komuna dhe","robots":{"index":"index","follow":"follow","max-snippet":"max-snippet:-1","max-image-preview":"max-image-preview:large","max-video-preview":"max-video-preview:-1"},"canonical":"https:\/\/www.visit-ulcinj.com\/blog\/2016\/05\/18\/fillon-pagesa-e-kompensimeve-per-puntoret-qe-leshojne-vendet-e-punes\/","og_locale":"en_US","og_type":"article","og_title":"Fillon pagesa e kompensimeve p\u00ebr puntor\u00ebt q\u00eb do l\u00ebshojn\u00eb vendet e pun\u00ebs - Lajme nga Ulqini","og_description":"Komuna e Ulqinit konform\u00eb vendimit t\u00eb Kuvendit\u00a0 filloi pages\u00ebn e kompensimeve\u00a0 p\u00ebr\u00a0 punetor\u00ebt\u00a0 q\u00eb\u00a0 do t\u00eb l\u00ebshojn\u00eb vendet e pun\u00ebs. Gjith\u00ebsej nga Komuna dhe","og_url":"https:\/\/www.visit-ulcinj.com\/blog\/2016\/05\/18\/fillon-pagesa-e-kompensimeve-per-puntoret-qe-leshojne-vendet-e-punes\/","og_site_name":"Lajme nga Ulqini","article_published_time":"2016-05-18T18:33:11+00:00","og_image":[{"url":"http:\/\/www.visit-ulcinj.com\/blog\/wp-content\/uploads\/2013\/12\/opstina-ulcinj.jpg"}],"twitter_misc":{"Written by":"ulqini","Est. reading time":"1 minute"},"schema":{"@context":"https:\/\/schema.org","@graph":[{"@type":"WebSite","@id":"https:\/\/www.visit-ulcinj.com\/blog\/#website","url":"https:\/\/www.visit-ulcinj.com\/blog\/","name":"Lajme nga Ulqini","description":"Lajme,Vijesti,Ulqini,Ulqin,Crna Gora,Mali i Zi","potentialAction":[{"@type":"SearchAction","target":{"@type":"EntryPoint","urlTemplate":"https:\/\/www.visit-ulcinj.com\/blog\/?s={search_term_string}"},"query-input":"required name=search_term_string"}],"inLanguage":"en-US"},{"@type":"ImageObject","inLanguage":"en-US","@id":"https:\/\/www.visit-ulcinj.com\/blog\/2016\/05\/18\/fillon-pagesa-e-kompensimeve-per-puntoret-qe-leshojne-vendet-e-punes\/#primaryimage","url":"https:\/\/www.visit-ulcinj.com\/blog\/wp-content\/uploads\/2013\/12\/opstina-ulcinj.jpg","contentUrl":"https:\/\/www.visit-ulcinj.com\/blog\/wp-content\/uploads\/2013\/12\/opstina-ulcinj.jpg","width":1000,"height":750},{"@type":"WebPage","@id":"https:\/\/www.visit-ulcinj.com\/blog\/2016\/05\/18\/fillon-pagesa-e-kompensimeve-per-puntoret-qe-leshojne-vendet-e-punes\/#webpage","url":"https:\/\/www.visit-ulcinj.com\/blog\/2016\/05\/18\/fillon-pagesa-e-kompensimeve-per-puntoret-qe-leshojne-vendet-e-punes\/","name":"Fillon pagesa e kompensimeve p\u00ebr puntor\u00ebt q\u00eb do l\u00ebshojn\u00eb vendet e pun\u00ebs - Lajme nga Ulqini","isPartOf":{"@id":"https:\/\/www.visit-ulcinj.com\/blog\/#website"},"primaryImageOfPage":{"@id":"https:\/\/www.visit-ulcinj.com\/blog\/2016\/05\/18\/fillon-pagesa-e-kompensimeve-per-puntoret-qe-leshojne-vendet-e-punes\/#primaryimage"},"datePublished":"2016-05-18T18:33:11+00:00","dateModified":"2016-05-18T18:33:11+00:00","author":{"@id":"https:\/\/www.visit-ulcinj.com\/blog\/#\/schema\/person\/dcab619c614d3038751c63bc2aadc06d"},"description":"Komuna e Ulqinit konform\u00eb vendimit t\u00eb Kuvendit\u00a0 filloi pages\u00ebn e kompensimeve\u00a0 p\u00ebr\u00a0 punetor\u00ebt\u00a0 q\u00eb\u00a0 do t\u00eb l\u00ebshojn\u00eb vendet e pun\u00ebs. Gjith\u00ebsej nga Komuna dhe","breadcrumb":{"@id":"https:\/\/www.visit-ulcinj.com\/blog\/2016\/05\/18\/fillon-pagesa-e-kompensimeve-per-puntoret-qe-leshojne-vendet-e-punes\/#breadcrumb"},"inLanguage":"en-US","potentialAction":[{"@type":"ReadAction","target":["https:\/\/www.visit-ulcinj.com\/blog\/2016\/05\/18\/fillon-pagesa-e-kompensimeve-per-puntoret-qe-leshojne-vendet-e-punes\/"]}]},{"@type":"BreadcrumbList","@id":"https:\/\/www.visit-ulcinj.com\/blog\/2016\/05\/18\/fillon-pagesa-e-kompensimeve-per-puntoret-qe-leshojne-vendet-e-punes\/#breadcrumb","itemListElement":[{"@type":"ListItem","position":1,"name":"Fillon pagesa e kompensimeve p\u00ebr puntor\u00ebt q\u00eb do l\u00ebshojn\u00eb vendet e pun\u00ebs"}]},{"@type":"Person","@id":"https:\/\/www.visit-ulcinj.com\/blog\/#\/schema\/person\/dcab619c614d3038751c63bc2aadc06d","name":"ulqini","sameAs":["http:\/\/www.visit-ulcinj.com"],"url":"https:\/\/www.visit-ulcinj.com\/blog\/author\/admin\/"}]}},"jetpack_featured_media_url":"","jetpack_sharing_enabled":true,"jetpack_shortlink":"https:\/\/wp.me\/pe6lTn-pdd","_links":{"self":[{"href":"https:\/\/www.visit-ulcinj.com\/blog\/wp-json\/wp\/v2\/posts\/96919"}],"collection":[{"href":"https:\/\/www.visit-ulcinj.com\/blog\/wp-json\/wp\/v2\/posts"}],"about":[{"href":"https:\/\/www.visit-ulcinj.com\/blog\/wp-json\/wp\/v2\/types\/post"}],"author":[{"embeddable":true,"href":"https:\/\/www.visit-ulcinj.com\/blog\/wp-json\/wp\/v2\/users\/1"}],"replies":[{"embeddable":true,"href":"https:\/\/www.visit-ulcinj.com\/blog\/wp-json\/wp\/v2\/comments?post=96919"}],"version-history":[{"count":1,"href":"https:\/\/www.visit-ulcinj.com\/blog\/wp-json\/wp\/v2\/posts\/96919\/revisions"}],"predecessor-version":[{"id":96920,"href":"https:\/\/www.visit-ulcinj.com\/blog\/wp-json\/wp\/v2\/posts\/96919\/revisions\/96920"}],"wp:attachment":[{"href":"https:\/\/www.visit-ulcinj.com\/blog\/wp-json\/wp\/v2\/media?parent=96919"}],"wp:term":[{"taxonomy":"category","embeddable":true,"href":"https:\/\/www.visit-ulcinj.com\/blog\/wp-json\/wp\/v2\/categories?post=96919"},{"taxonomy":"post_tag","embeddable":true,"href":"https:\/\/www.visit-ulcinj.com\/blog\/wp-json\/wp\/v2\/tags?post=96919"}],"curies":[{"name":"wp","href":"https:\/\/api.w.org\/{rel}","templated":true}]}}