{"id":96921,"date":"2016-05-18T19:43:36","date_gmt":"2016-05-18T18:43:36","guid":{"rendered":"http:\/\/www.visit-ulcinj.com\/blog\/?p=96921"},"modified":"2016-05-18T19:43:36","modified_gmt":"2016-05-18T18:43:36","slug":"saradnja-opstine-ulcinj-sa-opstinom-kayl-luxembourg","status":"publish","type":"post","link":"https:\/\/www.visit-ulcinj.com\/blog\/2016\/05\/18\/saradnja-opstine-ulcinj-sa-opstinom-kayl-luxembourg\/","title":{"rendered":"Saradnja op\u0161tine Ulcinj sa op\u0161tinom Kayl \u2013 Luxembourg"},"content":{"rendered":"<p><a href=\"http:\/\/www.visit-ulcinj.com\/blog\/wp-content\/uploads\/2016\/05\/Municipality-of-Kayl-Luxembourg-Municipality-of-Ulcinj-Ulqin-Montenegro-2.jpg\"><img loading=\"lazy\" class=\"alignleft wp-image-96922\" src=\"http:\/\/www.visit-ulcinj.com\/blog\/wp-content\/uploads\/2016\/05\/Municipality-of-Kayl-Luxembourg-Municipality-of-Ulcinj-Ulqin-Montenegro-2.jpg\" alt=\"Municipality of Kayl-Luxembourg-Municipality of Ulcinj-Ulqin-Montenegro-2\" width=\"508\" height=\"336\" srcset=\"https:\/\/www.visit-ulcinj.com\/blog\/wp-content\/uploads\/2016\/05\/Municipality-of-Kayl-Luxembourg-Municipality-of-Ulcinj-Ulqin-Montenegro-2.jpg 900w, https:\/\/www.visit-ulcinj.com\/blog\/wp-content\/uploads\/2016\/05\/Municipality-of-Kayl-Luxembourg-Municipality-of-Ulcinj-Ulqin-Montenegro-2-300x199.jpg 300w, https:\/\/www.visit-ulcinj.com\/blog\/wp-content\/uploads\/2016\/05\/Municipality-of-Kayl-Luxembourg-Municipality-of-Ulcinj-Ulqin-Montenegro-2-768x509.jpg 768w\" sizes=\"(max-width: 508px) 100vw, 508px\" \/><\/a>U op\u0161tini Ulcinj, u vi\u0161ednevnoj posjeti, boravi delegacija op\u0161tine\u00a0Kayl iz Luxsemburga, koju predvodi predsjednik D\u017eon Lorent. Ulcinj i Kayl su bratimljene op\u0161tine.<\/p>\n<p>Delegaciju iz Luxsemburga je u svom kabinetu primio predsjednik Cungu sa saradnicima. On je goste upoznao sa aktuelnom situacijom u op\u0161tini i brojnim resursima kojima Ulcinj raspola\u017ee.<\/p>\n<p>Predsjednik Lorent je izrazio zadovoljstvo \u0161to se nalazi u uzvratnoj posjeti Ulcinju i izrazio o\u010dekivanje da \u0107e tokom ove posjete posti\u0107i dogovor o realizaciji 2 projekta, koje je op\u0161tina Ulcinj ranije kandidovala i o kojima je on detaljno upoznao vlast i opoziciju ove op\u0161tine. Jedan od tih projekata predvi\u0111a \u010di\u0161\u0107enje kanala Bratice, koji je takvu stanju da predstavlja ozbiljnu prijetnju po ekologiju.<\/p>\n<p>Sastanku sa gostima iz Luxsemburga prisustvovali su i predsjednik Skup\u0161tine Op\u0161tine Ulcinj Loro Nreki\u0107, potpredsjednici Vaso Radovi\u0107 i Hadid\u017ea \u0110oni, predstavnici Turisti\u010dke organizacije i Kancelarije za projekte op\u0161tine Ulcinj.<\/p>\n<p>Delegacija op\u0161tine Kayl \u0107e tokom boravka u Ulcinju posjetiti kultno istorijske spomenike grada i bli\u017ee se upoznati sa njegovim arheolo\u0161kim vrijednostima i specifi\u010dnostima.<\/p>\n<p><a href=\"http:\/\/www.visit-ulcinj.com\/blog\/wp-content\/uploads\/2016\/05\/Municipality-of-Kayl-Luxembourg-Municipality-of-Ulcinj-Ulqin-Montenegro-3.jpg\"><img loading=\"lazy\" class=\"alignleft wp-image-96923\" src=\"http:\/\/www.visit-ulcinj.com\/blog\/wp-content\/uploads\/2016\/05\/Municipality-of-Kayl-Luxembourg-Municipality-of-Ulcinj-Ulqin-Montenegro-3.jpg\" alt=\"Municipality of Kayl-Luxembourg-Municipality of Ulcinj-Ulqin-Montenegro-3\" width=\"508\" height=\"336\" srcset=\"https:\/\/www.visit-ulcinj.com\/blog\/wp-content\/uploads\/2016\/05\/Municipality-of-Kayl-Luxembourg-Municipality-of-Ulcinj-Ulqin-Montenegro-3.jpg 900w, https:\/\/www.visit-ulcinj.com\/blog\/wp-content\/uploads\/2016\/05\/Municipality-of-Kayl-Luxembourg-Municipality-of-Ulcinj-Ulqin-Montenegro-3-300x199.jpg 300w, https:\/\/www.visit-ulcinj.com\/blog\/wp-content\/uploads\/2016\/05\/Municipality-of-Kayl-Luxembourg-Municipality-of-Ulcinj-Ulqin-Montenegro-3-768x509.jpg 768w\" sizes=\"(max-width: 508px) 100vw, 508px\" \/><\/a><\/p>\n","protected":false},"excerpt":{"rendered":"<p>U op\u0161tini Ulcinj, u vi\u0161ednevnoj posjeti, boravi delegacija op\u0161tine\u00a0Kayl iz Luxsemburga, koju predvodi predsjednik D\u017eon Lorent. Ulcinj i Kayl su bratimljene op\u0161tine. Delegaciju iz Luxsemburga je u svom kabinetu primio predsjednik Cungu sa saradnicima. On je goste upoznao sa aktuelnom situacijom u op\u0161tini i brojnim resursima kojima Ulcinj raspola\u017ee. Predsjednik Lorent je izrazio zadovoljstvo \u0161to [&hellip;]<\/p>\n","protected":false},"author":1,"featured_media":0,"comment_status":"closed","ping_status":"closed","sticky":false,"template":"","format":"standard","meta":{"spay_email":"","jetpack_publicize_message":"","jetpack_is_tweetstorm":false,"jetpack_publicize_feature_enabled":true},"categories":[6950],"tags":[],"jetpack_publicize_connections":[],"yoast_head":"<!-- This site is optimized with the Yoast SEO plugin v19.1 - https:\/\/yoast.com\/wordpress\/plugins\/seo\/ -->\n<title>Saradnja op\u0161tine Ulcinj sa op\u0161tinom Kayl \u2013 Luxembourg - Lajme nga Ulqini<\/title>\n<meta name=\"description\" content=\"U op\u0161tini Ulcinj, u vi\u0161ednevnoj posjeti, boravi delegacija op\u0161tine\u00a0Kayl iz Luxsemburga, koju predvodi predsjednik D\u017eon Lorent. Ulcinj i Kayl su\" \/>\n<meta name=\"robots\" content=\"index, follow, max-snippet:-1, max-image-preview:large, max-video-preview:-1\" \/>\n<link rel=\"canonical\" href=\"https:\/\/www.visit-ulcinj.com\/blog\/2016\/05\/18\/saradnja-opstine-ulcinj-sa-opstinom-kayl-luxembourg\/\" \/>\n<meta property=\"og:locale\" content=\"en_US\" \/>\n<meta property=\"og:type\" content=\"article\" \/>\n<meta property=\"og:title\" content=\"Saradnja op\u0161tine Ulcinj sa op\u0161tinom Kayl \u2013 Luxembourg - Lajme nga Ulqini\" \/>\n<meta property=\"og:description\" content=\"U op\u0161tini Ulcinj, u vi\u0161ednevnoj posjeti, boravi delegacija op\u0161tine\u00a0Kayl iz Luxsemburga, koju predvodi predsjednik D\u017eon Lorent. Ulcinj i Kayl su\" \/>\n<meta property=\"og:url\" content=\"https:\/\/www.visit-ulcinj.com\/blog\/2016\/05\/18\/saradnja-opstine-ulcinj-sa-opstinom-kayl-luxembourg\/\" \/>\n<meta property=\"og:site_name\" content=\"Lajme nga Ulqini\" \/>\n<meta property=\"article:published_time\" content=\"2016-05-18T18:43:36+00:00\" \/>\n<meta property=\"og:image\" content=\"http:\/\/www.visit-ulcinj.com\/blog\/wp-content\/uploads\/2016\/05\/Municipality-of-Kayl-Luxembourg-Municipality-of-Ulcinj-Ulqin-Montenegro-2.jpg\" \/>\n<meta name=\"twitter:label1\" content=\"Written by\" \/>\n\t<meta name=\"twitter:data1\" content=\"ulqini\" \/>\n\t<meta name=\"twitter:label2\" content=\"Est. reading time\" \/>\n\t<meta name=\"twitter:data2\" content=\"1 minute\" \/>\n<script type=\"application\/ld+json\" class=\"yoast-schema-graph\">{\"@context\":\"https:\/\/schema.org\",\"@graph\":[{\"@type\":\"WebSite\",\"@id\":\"https:\/\/www.visit-ulcinj.com\/blog\/#website\",\"url\":\"https:\/\/www.visit-ulcinj.com\/blog\/\",\"name\":\"Lajme nga Ulqini\",\"description\":\"Lajme,Vijesti,Ulqini,Ulqin,Crna Gora,Mali i Zi\",\"potentialAction\":[{\"@type\":\"SearchAction\",\"target\":{\"@type\":\"EntryPoint\",\"urlTemplate\":\"https:\/\/www.visit-ulcinj.com\/blog\/?s={search_term_string}\"},\"query-input\":\"required name=search_term_string\"}],\"inLanguage\":\"en-US\"},{\"@type\":\"ImageObject\",\"inLanguage\":\"en-US\",\"@id\":\"https:\/\/www.visit-ulcinj.com\/blog\/2016\/05\/18\/saradnja-opstine-ulcinj-sa-opstinom-kayl-luxembourg\/#primaryimage\",\"url\":\"https:\/\/www.visit-ulcinj.com\/blog\/wp-content\/uploads\/2016\/05\/Municipality-of-Kayl-Luxembourg-Municipality-of-Ulcinj-Ulqin-Montenegro-2.jpg\",\"contentUrl\":\"https:\/\/www.visit-ulcinj.com\/blog\/wp-content\/uploads\/2016\/05\/Municipality-of-Kayl-Luxembourg-Municipality-of-Ulcinj-Ulqin-Montenegro-2.jpg\",\"width\":900,\"height\":596},{\"@type\":\"WebPage\",\"@id\":\"https:\/\/www.visit-ulcinj.com\/blog\/2016\/05\/18\/saradnja-opstine-ulcinj-sa-opstinom-kayl-luxembourg\/#webpage\",\"url\":\"https:\/\/www.visit-ulcinj.com\/blog\/2016\/05\/18\/saradnja-opstine-ulcinj-sa-opstinom-kayl-luxembourg\/\",\"name\":\"Saradnja op\u0161tine Ulcinj sa op\u0161tinom Kayl \u2013 Luxembourg - Lajme nga Ulqini\",\"isPartOf\":{\"@id\":\"https:\/\/www.visit-ulcinj.com\/blog\/#website\"},\"primaryImageOfPage\":{\"@id\":\"https:\/\/www.visit-ulcinj.com\/blog\/2016\/05\/18\/saradnja-opstine-ulcinj-sa-opstinom-kayl-luxembourg\/#primaryimage\"},\"datePublished\":\"2016-05-18T18:43:36+00:00\",\"dateModified\":\"2016-05-18T18:43:36+00:00\",\"author\":{\"@id\":\"https:\/\/www.visit-ulcinj.com\/blog\/#\/schema\/person\/dcab619c614d3038751c63bc2aadc06d\"},\"description\":\"U op\u0161tini Ulcinj, u vi\u0161ednevnoj posjeti, boravi delegacija op\u0161tine\u00a0Kayl iz Luxsemburga, koju predvodi predsjednik D\u017eon Lorent. Ulcinj i Kayl su\",\"breadcrumb\":{\"@id\":\"https:\/\/www.visit-ulcinj.com\/blog\/2016\/05\/18\/saradnja-opstine-ulcinj-sa-opstinom-kayl-luxembourg\/#breadcrumb\"},\"inLanguage\":\"en-US\",\"potentialAction\":[{\"@type\":\"ReadAction\",\"target\":[\"https:\/\/www.visit-ulcinj.com\/blog\/2016\/05\/18\/saradnja-opstine-ulcinj-sa-opstinom-kayl-luxembourg\/\"]}]},{\"@type\":\"BreadcrumbList\",\"@id\":\"https:\/\/www.visit-ulcinj.com\/blog\/2016\/05\/18\/saradnja-opstine-ulcinj-sa-opstinom-kayl-luxembourg\/#breadcrumb\",\"itemListElement\":[{\"@type\":\"ListItem\",\"position\":1,\"name\":\"Saradnja op\u0161tine Ulcinj sa op\u0161tinom Kayl \u2013 Luxembourg\"}]},{\"@type\":\"Person\",\"@id\":\"https:\/\/www.visit-ulcinj.com\/blog\/#\/schema\/person\/dcab619c614d3038751c63bc2aadc06d\",\"name\":\"ulqini\",\"sameAs\":[\"http:\/\/www.visit-ulcinj.com\"],\"url\":\"https:\/\/www.visit-ulcinj.com\/blog\/author\/admin\/\"}]}<\/script>\n<!-- \/ Yoast SEO plugin. -->","yoast_head_json":{"title":"Saradnja op\u0161tine Ulcinj sa op\u0161tinom Kayl \u2013 Luxembourg - Lajme nga Ulqini","description":"U op\u0161tini Ulcinj, u vi\u0161ednevnoj posjeti, boravi delegacija op\u0161tine\u00a0Kayl iz Luxsemburga, koju predvodi predsjednik D\u017eon Lorent. Ulcinj i Kayl su","robots":{"index":"index","follow":"follow","max-snippet":"max-snippet:-1","max-image-preview":"max-image-preview:large","max-video-preview":"max-video-preview:-1"},"canonical":"https:\/\/www.visit-ulcinj.com\/blog\/2016\/05\/18\/saradnja-opstine-ulcinj-sa-opstinom-kayl-luxembourg\/","og_locale":"en_US","og_type":"article","og_title":"Saradnja op\u0161tine Ulcinj sa op\u0161tinom Kayl \u2013 Luxembourg - Lajme nga Ulqini","og_description":"U op\u0161tini Ulcinj, u vi\u0161ednevnoj posjeti, boravi delegacija op\u0161tine\u00a0Kayl iz Luxsemburga, koju predvodi predsjednik D\u017eon Lorent. Ulcinj i Kayl su","og_url":"https:\/\/www.visit-ulcinj.com\/blog\/2016\/05\/18\/saradnja-opstine-ulcinj-sa-opstinom-kayl-luxembourg\/","og_site_name":"Lajme nga Ulqini","article_published_time":"2016-05-18T18:43:36+00:00","og_image":[{"url":"http:\/\/www.visit-ulcinj.com\/blog\/wp-content\/uploads\/2016\/05\/Municipality-of-Kayl-Luxembourg-Municipality-of-Ulcinj-Ulqin-Montenegro-2.jpg"}],"twitter_misc":{"Written by":"ulqini","Est. reading time":"1 minute"},"schema":{"@context":"https:\/\/schema.org","@graph":[{"@type":"WebSite","@id":"https:\/\/www.visit-ulcinj.com\/blog\/#website","url":"https:\/\/www.visit-ulcinj.com\/blog\/","name":"Lajme nga Ulqini","description":"Lajme,Vijesti,Ulqini,Ulqin,Crna Gora,Mali i Zi","potentialAction":[{"@type":"SearchAction","target":{"@type":"EntryPoint","urlTemplate":"https:\/\/www.visit-ulcinj.com\/blog\/?s={search_term_string}"},"query-input":"required name=search_term_string"}],"inLanguage":"en-US"},{"@type":"ImageObject","inLanguage":"en-US","@id":"https:\/\/www.visit-ulcinj.com\/blog\/2016\/05\/18\/saradnja-opstine-ulcinj-sa-opstinom-kayl-luxembourg\/#primaryimage","url":"https:\/\/www.visit-ulcinj.com\/blog\/wp-content\/uploads\/2016\/05\/Municipality-of-Kayl-Luxembourg-Municipality-of-Ulcinj-Ulqin-Montenegro-2.jpg","contentUrl":"https:\/\/www.visit-ulcinj.com\/blog\/wp-content\/uploads\/2016\/05\/Municipality-of-Kayl-Luxembourg-Municipality-of-Ulcinj-Ulqin-Montenegro-2.jpg","width":900,"height":596},{"@type":"WebPage","@id":"https:\/\/www.visit-ulcinj.com\/blog\/2016\/05\/18\/saradnja-opstine-ulcinj-sa-opstinom-kayl-luxembourg\/#webpage","url":"https:\/\/www.visit-ulcinj.com\/blog\/2016\/05\/18\/saradnja-opstine-ulcinj-sa-opstinom-kayl-luxembourg\/","name":"Saradnja op\u0161tine Ulcinj sa op\u0161tinom Kayl \u2013 Luxembourg - Lajme nga Ulqini","isPartOf":{"@id":"https:\/\/www.visit-ulcinj.com\/blog\/#website"},"primaryImageOfPage":{"@id":"https:\/\/www.visit-ulcinj.com\/blog\/2016\/05\/18\/saradnja-opstine-ulcinj-sa-opstinom-kayl-luxembourg\/#primaryimage"},"datePublished":"2016-05-18T18:43:36+00:00","dateModified":"2016-05-18T18:43:36+00:00","author":{"@id":"https:\/\/www.visit-ulcinj.com\/blog\/#\/schema\/person\/dcab619c614d3038751c63bc2aadc06d"},"description":"U op\u0161tini Ulcinj, u vi\u0161ednevnoj posjeti, boravi delegacija op\u0161tine\u00a0Kayl iz Luxsemburga, koju predvodi predsjednik D\u017eon Lorent. Ulcinj i Kayl su","breadcrumb":{"@id":"https:\/\/www.visit-ulcinj.com\/blog\/2016\/05\/18\/saradnja-opstine-ulcinj-sa-opstinom-kayl-luxembourg\/#breadcrumb"},"inLanguage":"en-US","potentialAction":[{"@type":"ReadAction","target":["https:\/\/www.visit-ulcinj.com\/blog\/2016\/05\/18\/saradnja-opstine-ulcinj-sa-opstinom-kayl-luxembourg\/"]}]},{"@type":"BreadcrumbList","@id":"https:\/\/www.visit-ulcinj.com\/blog\/2016\/05\/18\/saradnja-opstine-ulcinj-sa-opstinom-kayl-luxembourg\/#breadcrumb","itemListElement":[{"@type":"ListItem","position":1,"name":"Saradnja op\u0161tine Ulcinj sa op\u0161tinom Kayl \u2013 Luxembourg"}]},{"@type":"Person","@id":"https:\/\/www.visit-ulcinj.com\/blog\/#\/schema\/person\/dcab619c614d3038751c63bc2aadc06d","name":"ulqini","sameAs":["http:\/\/www.visit-ulcinj.com"],"url":"https:\/\/www.visit-ulcinj.com\/blog\/author\/admin\/"}]}},"jetpack_featured_media_url":"","jetpack_sharing_enabled":true,"jetpack_shortlink":"https:\/\/wp.me\/pe6lTn-pdf","_links":{"self":[{"href":"https:\/\/www.visit-ulcinj.com\/blog\/wp-json\/wp\/v2\/posts\/96921"}],"collection":[{"href":"https:\/\/www.visit-ulcinj.com\/blog\/wp-json\/wp\/v2\/posts"}],"about":[{"href":"https:\/\/www.visit-ulcinj.com\/blog\/wp-json\/wp\/v2\/types\/post"}],"author":[{"embeddable":true,"href":"https:\/\/www.visit-ulcinj.com\/blog\/wp-json\/wp\/v2\/users\/1"}],"replies":[{"embeddable":true,"href":"https:\/\/www.visit-ulcinj.com\/blog\/wp-json\/wp\/v2\/comments?post=96921"}],"version-history":[{"count":1,"href":"https:\/\/www.visit-ulcinj.com\/blog\/wp-json\/wp\/v2\/posts\/96921\/revisions"}],"predecessor-version":[{"id":96924,"href":"https:\/\/www.visit-ulcinj.com\/blog\/wp-json\/wp\/v2\/posts\/96921\/revisions\/96924"}],"wp:attachment":[{"href":"https:\/\/www.visit-ulcinj.com\/blog\/wp-json\/wp\/v2\/media?parent=96921"}],"wp:term":[{"taxonomy":"category","embeddable":true,"href":"https:\/\/www.visit-ulcinj.com\/blog\/wp-json\/wp\/v2\/categories?post=96921"},{"taxonomy":"post_tag","embeddable":true,"href":"https:\/\/www.visit-ulcinj.com\/blog\/wp-json\/wp\/v2\/tags?post=96921"}],"curies":[{"name":"wp","href":"https:\/\/api.w.org\/{rel}","templated":true}]}}