{"id":96943,"date":"2016-05-19T09:22:41","date_gmt":"2016-05-19T08:22:41","guid":{"rendered":"http:\/\/www.visit-ulcinj.com\/blog\/?p=96943"},"modified":"2016-05-21T18:29:08","modified_gmt":"2016-05-21T17:29:08","slug":"lets-word-aksioni-nderkombetare-te-pastrojme-malin-e-zi-per-7-dite","status":"publish","type":"post","link":"https:\/\/www.visit-ulcinj.com\/blog\/2016\/05\/19\/lets-word-aksioni-nderkombetare-te-pastrojme-malin-e-zi-per-7-dite\/","title":{"rendered":"Let&#8217;s do Word, aksioni nd\u00ebrkomb\u00ebtar\u00eb \u201cT\u00eb pastrojm\u00eb Malin e Zi p\u00ebr 7 dit\u00eb\u201d"},"content":{"rendered":"<p><a href=\"https:\/\/www.letsdoitworld.org\/\"><img loading=\"lazy\" class=\"alignleft wp-image-96947\" src=\"http:\/\/www.visit-ulcinj.com\/blog\/wp-content\/uploads\/2016\/05\/Lets-do-Word-Ulcinj-Montenegro-2.jpg\" alt=\"Let's do Word-Ulcinj-Montenegro-2\" width=\"508\" height=\"179\" srcset=\"https:\/\/www.visit-ulcinj.com\/blog\/wp-content\/uploads\/2016\/05\/Lets-do-Word-Ulcinj-Montenegro-2.jpg 999w, https:\/\/www.visit-ulcinj.com\/blog\/wp-content\/uploads\/2016\/05\/Lets-do-Word-Ulcinj-Montenegro-2-300x106.jpg 300w, https:\/\/www.visit-ulcinj.com\/blog\/wp-content\/uploads\/2016\/05\/Lets-do-Word-Ulcinj-Montenegro-2-768x271.jpg 768w\" sizes=\"(max-width: 508px) 100vw, 508px\" \/><\/a><br \/>\n<a href=\"http:\/\/www.visit-ulcinj.com\/blog\/wp-content\/uploads\/2016\/05\/Lets-do-Word-Ulcinj-Montenegro-1.jpg\"><img loading=\"lazy\" class=\"alignleft wp-image-96944\" src=\"http:\/\/www.visit-ulcinj.com\/blog\/wp-content\/uploads\/2016\/05\/Lets-do-Word-Ulcinj-Montenegro-1.jpg\" alt=\"Let's do Word-Ulcinj-Montenegro-1\" width=\"508\" height=\"138\" srcset=\"https:\/\/www.visit-ulcinj.com\/blog\/wp-content\/uploads\/2016\/05\/Lets-do-Word-Ulcinj-Montenegro-1.jpg 788w, https:\/\/www.visit-ulcinj.com\/blog\/wp-content\/uploads\/2016\/05\/Lets-do-Word-Ulcinj-Montenegro-1-300x81.jpg 300w, https:\/\/www.visit-ulcinj.com\/blog\/wp-content\/uploads\/2016\/05\/Lets-do-Word-Ulcinj-Montenegro-1-768x209.jpg 768w\" sizes=\"(max-width: 508px) 100vw, 508px\" \/><\/a>Br.\/Nr.01 \u2013<\/p>\n<p>Ulcinj\/Ulqin,\u00a0 18.05.2016.god\/vit<\/p>\n<p>&nbsp;<\/p>\n<p>&nbsp;<\/p>\n<p>&nbsp;<\/p>\n<p style=\"text-align: center;\">FTES\u00cb P\u00cbR PJES\u00cbMARRJE<\/p>\n<p><strong>\u00a0<\/strong><\/p>\n<p><strong>\u00a0<\/strong><\/p>\n<p><strong>\u00a0<\/strong><\/p>\n<p><strong>L\u00cbNDA:<\/strong><\/p>\n<p><strong>\u201c<\/strong><strong>T\u00eb pastrojm\u00eb Malin e Zi p\u00ebr 7 dit\u00eb\u201d si dhe aksioni nd\u00ebrkomb\u00ebtar\u00eb <\/strong><strong>\u201e<\/strong><strong>Let<\/strong><strong>&#8216;<\/strong><strong>s<\/strong> <strong>do<\/strong> <strong>Word<\/strong><strong>\u201d, <\/strong><\/p>\n<p><strong>me 20<\/strong> <strong>maj 2016<\/strong><\/p>\n<p><strong>\u00a0<\/strong><\/p>\n<p><strong>\u00a0<\/strong><\/p>\n<p>T\u00eb nderuar \/ a,<\/p>\n<p>&nbsp;<\/p>\n<p>Ju ftojm\u00eb q\u00eb t\u00eb merrni pjes\u00eb n\u00eb aksionin <strong>\u201c<\/strong><strong>T<\/strong><strong>\u00eb pastrojm\u00eb Malin e Zi p\u00ebr 7 dit\u00eb\u201d <\/strong>i cili <strong>fillon me 20 maj 2016 n\u00eb ora 9.00 \u2013 15.00.<\/strong><\/p>\n<p>Akcioni do t\u00eb mbahet n\u00eb t\u00ebr\u00eb komunat e Malit t\u00eb Zi.<\/p>\n<p>Ftojm\u00eb t\u00eb gjith\u00eb shkollat, institucionet, subjektet politike, OJQ-t\u00eb, afaristat e qytetit ton\u00eb q\u00eb t&#8217;i bashkangjiten k\u00ebtij aksioni. Lokacionet n\u00eb t\u00eb cil\u00ebt do te behet \u00a0pastrimi, p\u00ebrve\u00e7 kopshteve\u00a0 dhe \u00a0fushnjoreve shkollave jan\u00eb:<\/p>\n<p><strong>\u00a0<\/strong><\/p>\n<p><strong>Lokacioni 1<\/strong>: Kalaja, sh\u00ebtitorja n\u00eb Ran\u00eb deri tek\u00a0 Pylli i pishave, si dhe hap\u00ebsira reth ish-Hoteli T ,,Galeb,,,<\/p>\n<p><strong>Lokacioni 2<\/strong>: Rruga e Kripores \/ Solanski put<\/p>\n<p><strong>Lokacioni 3<\/strong>: Shtoji \u2013 Qendra<\/p>\n<p><strong>Lokacioni 4<\/strong>: Mehalla e re, Rruga p\u00ebr Valdanos<\/p>\n<p><strong>Lokacioni 5: <\/strong>Kopshtet\u00a0 fushnjoret , shkollat\u00a0 fillore, Qendra\u00a0 e \u00a0Shkoll\u00ebs s\u00eb \u00a0\u00a0mesme\u00a0 Gjimnazi \u201cDrita\u201d.<\/p>\n<p>&nbsp;<\/p>\n<p>&nbsp;<\/p>\n<p><strong>Vend tubimi p\u00ebr pjes\u00ebmarr\u00ebsit e \u00a0k\u00ebtij aksioni \u00a0\u00ebsht\u00eb:<\/strong><\/p>\n<p><strong>T\u00eb premten me 20 Maj 2016 n\u00eb ora 9.00 para Komun\u00ebs s\u00eb Ulqinit dhe lokacionet t\u00eb caktuar p\u00ebr pastrim t\u00eb p\u00ebrmendura m\u00eb lart\u00eb.<\/strong><\/p>\n<p>&nbsp;<\/p>\n<p>Me respekt,<\/p>\n<p>&nbsp;<\/p>\n<p>&nbsp;<\/p>\n<p>KRYETARI<\/p>\n<p><strong> Nazif Cungu<\/strong><\/p>\n<p><iframe loading=\"lazy\" frameborder=\"0\" width=\"508\" height=\"315\" src=\"\/\/www.dailymotion.com\/embed\/video\/x4brb08?autoPlay=1\" allowfullscreen><\/iframe><\/p>\n","protected":false},"excerpt":{"rendered":"<p>Br.\/Nr.01 \u2013 Ulcinj\/Ulqin,\u00a0 18.05.2016.god\/vit &nbsp; &nbsp; &nbsp; FTES\u00cb P\u00cbR PJES\u00cbMARRJE \u00a0 \u00a0 \u00a0 L\u00cbNDA: \u201cT\u00eb pastrojm\u00eb Malin e Zi p\u00ebr 7 dit\u00eb\u201d si dhe aksioni nd\u00ebrkomb\u00ebtar\u00eb \u201eLet&#8216;s do Word\u201d, me 20 maj 2016 \u00a0 \u00a0 T\u00eb nderuar \/ a, &nbsp; Ju ftojm\u00eb q\u00eb t\u00eb merrni pjes\u00eb n\u00eb aksionin \u201cT\u00eb pastrojm\u00eb Malin e Zi p\u00ebr 7 [&hellip;]<\/p>\n","protected":false},"author":1,"featured_media":0,"comment_status":"closed","ping_status":"closed","sticky":false,"template":"","format":"standard","meta":{"spay_email":"","jetpack_publicize_message":"","jetpack_is_tweetstorm":false,"jetpack_publicize_feature_enabled":true},"categories":[1],"tags":[],"jetpack_publicize_connections":[],"yoast_head":"<!-- This site is optimized with the Yoast SEO plugin v19.1 - https:\/\/yoast.com\/wordpress\/plugins\/seo\/ -->\n<title>Let&#039;s do Word, aksioni nd\u00ebrkomb\u00ebtar\u00eb \u201cT\u00eb pastrojm\u00eb Malin e Zi p\u00ebr 7 dit\u00eb\u201d - Lajme nga Ulqini<\/title>\n<meta name=\"description\" content=\"Br.\/Nr.01 \u2013 Ulcinj\/Ulqin,\u00a0 18.05.2016.god\/vit &nbsp; &nbsp; &nbsp; FTES\u00cb P\u00cbR PJES\u00cbMARRJE \u00a0 \u00a0 \u00a0 L\u00cbNDA: \u201cT\u00eb pastrojm\u00eb Malin e Zi p\u00ebr 7 dit\u00eb\u201d si dhe aksioni\" \/>\n<meta name=\"robots\" content=\"index, follow, max-snippet:-1, max-image-preview:large, max-video-preview:-1\" \/>\n<link rel=\"canonical\" href=\"https:\/\/www.visit-ulcinj.com\/blog\/2016\/05\/19\/lets-word-aksioni-nderkombetare-te-pastrojme-malin-e-zi-per-7-dite\/\" \/>\n<meta property=\"og:locale\" content=\"en_US\" \/>\n<meta property=\"og:type\" content=\"article\" \/>\n<meta property=\"og:title\" content=\"Let&#039;s do Word, aksioni nd\u00ebrkomb\u00ebtar\u00eb \u201cT\u00eb pastrojm\u00eb Malin e Zi p\u00ebr 7 dit\u00eb\u201d - Lajme nga Ulqini\" \/>\n<meta property=\"og:description\" content=\"Br.\/Nr.01 \u2013 Ulcinj\/Ulqin,\u00a0 18.05.2016.god\/vit &nbsp; &nbsp; &nbsp; FTES\u00cb P\u00cbR PJES\u00cbMARRJE \u00a0 \u00a0 \u00a0 L\u00cbNDA: \u201cT\u00eb pastrojm\u00eb Malin e Zi p\u00ebr 7 dit\u00eb\u201d si dhe aksioni\" \/>\n<meta property=\"og:url\" content=\"https:\/\/www.visit-ulcinj.com\/blog\/2016\/05\/19\/lets-word-aksioni-nderkombetare-te-pastrojme-malin-e-zi-per-7-dite\/\" \/>\n<meta property=\"og:site_name\" content=\"Lajme nga Ulqini\" \/>\n<meta property=\"article:published_time\" content=\"2016-05-19T08:22:41+00:00\" \/>\n<meta property=\"article:modified_time\" content=\"2016-05-21T17:29:08+00:00\" \/>\n<meta property=\"og:image\" content=\"http:\/\/www.visit-ulcinj.com\/blog\/wp-content\/uploads\/2016\/05\/Lets-do-Word-Ulcinj-Montenegro-2.jpg\" \/>\n<meta name=\"twitter:label1\" content=\"Written by\" \/>\n\t<meta name=\"twitter:data1\" content=\"ulqini\" \/>\n\t<meta name=\"twitter:label2\" content=\"Est. reading time\" \/>\n\t<meta name=\"twitter:data2\" content=\"1 minute\" \/>\n<script type=\"application\/ld+json\" class=\"yoast-schema-graph\">{\"@context\":\"https:\/\/schema.org\",\"@graph\":[{\"@type\":\"WebSite\",\"@id\":\"https:\/\/www.visit-ulcinj.com\/blog\/#website\",\"url\":\"https:\/\/www.visit-ulcinj.com\/blog\/\",\"name\":\"Lajme nga Ulqini\",\"description\":\"Lajme,Vijesti,Ulqini,Ulqin,Crna Gora,Mali i Zi\",\"potentialAction\":[{\"@type\":\"SearchAction\",\"target\":{\"@type\":\"EntryPoint\",\"urlTemplate\":\"https:\/\/www.visit-ulcinj.com\/blog\/?s={search_term_string}\"},\"query-input\":\"required name=search_term_string\"}],\"inLanguage\":\"en-US\"},{\"@type\":\"ImageObject\",\"inLanguage\":\"en-US\",\"@id\":\"https:\/\/www.visit-ulcinj.com\/blog\/2016\/05\/19\/lets-word-aksioni-nderkombetare-te-pastrojme-malin-e-zi-per-7-dite\/#primaryimage\",\"url\":\"https:\/\/www.visit-ulcinj.com\/blog\/wp-content\/uploads\/2016\/05\/Lets-do-Word-Ulcinj-Montenegro-2.jpg\",\"contentUrl\":\"https:\/\/www.visit-ulcinj.com\/blog\/wp-content\/uploads\/2016\/05\/Lets-do-Word-Ulcinj-Montenegro-2.jpg\",\"width\":999,\"height\":352},{\"@type\":\"WebPage\",\"@id\":\"https:\/\/www.visit-ulcinj.com\/blog\/2016\/05\/19\/lets-word-aksioni-nderkombetare-te-pastrojme-malin-e-zi-per-7-dite\/#webpage\",\"url\":\"https:\/\/www.visit-ulcinj.com\/blog\/2016\/05\/19\/lets-word-aksioni-nderkombetare-te-pastrojme-malin-e-zi-per-7-dite\/\",\"name\":\"Let's do Word, aksioni nd\u00ebrkomb\u00ebtar\u00eb \u201cT\u00eb pastrojm\u00eb Malin e Zi p\u00ebr 7 dit\u00eb\u201d - Lajme nga Ulqini\",\"isPartOf\":{\"@id\":\"https:\/\/www.visit-ulcinj.com\/blog\/#website\"},\"primaryImageOfPage\":{\"@id\":\"https:\/\/www.visit-ulcinj.com\/blog\/2016\/05\/19\/lets-word-aksioni-nderkombetare-te-pastrojme-malin-e-zi-per-7-dite\/#primaryimage\"},\"datePublished\":\"2016-05-19T08:22:41+00:00\",\"dateModified\":\"2016-05-21T17:29:08+00:00\",\"author\":{\"@id\":\"https:\/\/www.visit-ulcinj.com\/blog\/#\/schema\/person\/dcab619c614d3038751c63bc2aadc06d\"},\"description\":\"Br.\/Nr.01 \u2013 Ulcinj\/Ulqin,\u00a0 18.05.2016.god\/vit &nbsp; &nbsp; &nbsp; FTES\u00cb P\u00cbR PJES\u00cbMARRJE \u00a0 \u00a0 \u00a0 L\u00cbNDA: \u201cT\u00eb pastrojm\u00eb Malin e Zi p\u00ebr 7 dit\u00eb\u201d si dhe aksioni\",\"breadcrumb\":{\"@id\":\"https:\/\/www.visit-ulcinj.com\/blog\/2016\/05\/19\/lets-word-aksioni-nderkombetare-te-pastrojme-malin-e-zi-per-7-dite\/#breadcrumb\"},\"inLanguage\":\"en-US\",\"potentialAction\":[{\"@type\":\"ReadAction\",\"target\":[\"https:\/\/www.visit-ulcinj.com\/blog\/2016\/05\/19\/lets-word-aksioni-nderkombetare-te-pastrojme-malin-e-zi-per-7-dite\/\"]}]},{\"@type\":\"BreadcrumbList\",\"@id\":\"https:\/\/www.visit-ulcinj.com\/blog\/2016\/05\/19\/lets-word-aksioni-nderkombetare-te-pastrojme-malin-e-zi-per-7-dite\/#breadcrumb\",\"itemListElement\":[{\"@type\":\"ListItem\",\"position\":1,\"name\":\"Let&#8217;s do Word, aksioni nd\u00ebrkomb\u00ebtar\u00eb \u201cT\u00eb pastrojm\u00eb Malin e Zi p\u00ebr 7 dit\u00eb\u201d\"}]},{\"@type\":\"Person\",\"@id\":\"https:\/\/www.visit-ulcinj.com\/blog\/#\/schema\/person\/dcab619c614d3038751c63bc2aadc06d\",\"name\":\"ulqini\",\"sameAs\":[\"http:\/\/www.visit-ulcinj.com\"],\"url\":\"https:\/\/www.visit-ulcinj.com\/blog\/author\/admin\/\"}]}<\/script>\n<!-- \/ Yoast SEO plugin. -->","yoast_head_json":{"title":"Let's do Word, aksioni nd\u00ebrkomb\u00ebtar\u00eb \u201cT\u00eb pastrojm\u00eb Malin e Zi p\u00ebr 7 dit\u00eb\u201d - Lajme nga Ulqini","description":"Br.\/Nr.01 \u2013 Ulcinj\/Ulqin,\u00a0 18.05.2016.god\/vit &nbsp; &nbsp; &nbsp; FTES\u00cb P\u00cbR PJES\u00cbMARRJE \u00a0 \u00a0 \u00a0 L\u00cbNDA: \u201cT\u00eb pastrojm\u00eb Malin e Zi p\u00ebr 7 dit\u00eb\u201d si dhe aksioni","robots":{"index":"index","follow":"follow","max-snippet":"max-snippet:-1","max-image-preview":"max-image-preview:large","max-video-preview":"max-video-preview:-1"},"canonical":"https:\/\/www.visit-ulcinj.com\/blog\/2016\/05\/19\/lets-word-aksioni-nderkombetare-te-pastrojme-malin-e-zi-per-7-dite\/","og_locale":"en_US","og_type":"article","og_title":"Let's do Word, aksioni nd\u00ebrkomb\u00ebtar\u00eb \u201cT\u00eb pastrojm\u00eb Malin e Zi p\u00ebr 7 dit\u00eb\u201d - Lajme nga Ulqini","og_description":"Br.\/Nr.01 \u2013 Ulcinj\/Ulqin,\u00a0 18.05.2016.god\/vit &nbsp; &nbsp; &nbsp; FTES\u00cb P\u00cbR PJES\u00cbMARRJE \u00a0 \u00a0 \u00a0 L\u00cbNDA: \u201cT\u00eb pastrojm\u00eb Malin e Zi p\u00ebr 7 dit\u00eb\u201d si dhe aksioni","og_url":"https:\/\/www.visit-ulcinj.com\/blog\/2016\/05\/19\/lets-word-aksioni-nderkombetare-te-pastrojme-malin-e-zi-per-7-dite\/","og_site_name":"Lajme nga Ulqini","article_published_time":"2016-05-19T08:22:41+00:00","article_modified_time":"2016-05-21T17:29:08+00:00","og_image":[{"url":"http:\/\/www.visit-ulcinj.com\/blog\/wp-content\/uploads\/2016\/05\/Lets-do-Word-Ulcinj-Montenegro-2.jpg"}],"twitter_misc":{"Written by":"ulqini","Est. reading time":"1 minute"},"schema":{"@context":"https:\/\/schema.org","@graph":[{"@type":"WebSite","@id":"https:\/\/www.visit-ulcinj.com\/blog\/#website","url":"https:\/\/www.visit-ulcinj.com\/blog\/","name":"Lajme nga Ulqini","description":"Lajme,Vijesti,Ulqini,Ulqin,Crna Gora,Mali i Zi","potentialAction":[{"@type":"SearchAction","target":{"@type":"EntryPoint","urlTemplate":"https:\/\/www.visit-ulcinj.com\/blog\/?s={search_term_string}"},"query-input":"required name=search_term_string"}],"inLanguage":"en-US"},{"@type":"ImageObject","inLanguage":"en-US","@id":"https:\/\/www.visit-ulcinj.com\/blog\/2016\/05\/19\/lets-word-aksioni-nderkombetare-te-pastrojme-malin-e-zi-per-7-dite\/#primaryimage","url":"https:\/\/www.visit-ulcinj.com\/blog\/wp-content\/uploads\/2016\/05\/Lets-do-Word-Ulcinj-Montenegro-2.jpg","contentUrl":"https:\/\/www.visit-ulcinj.com\/blog\/wp-content\/uploads\/2016\/05\/Lets-do-Word-Ulcinj-Montenegro-2.jpg","width":999,"height":352},{"@type":"WebPage","@id":"https:\/\/www.visit-ulcinj.com\/blog\/2016\/05\/19\/lets-word-aksioni-nderkombetare-te-pastrojme-malin-e-zi-per-7-dite\/#webpage","url":"https:\/\/www.visit-ulcinj.com\/blog\/2016\/05\/19\/lets-word-aksioni-nderkombetare-te-pastrojme-malin-e-zi-per-7-dite\/","name":"Let's do Word, aksioni nd\u00ebrkomb\u00ebtar\u00eb \u201cT\u00eb pastrojm\u00eb Malin e Zi p\u00ebr 7 dit\u00eb\u201d - Lajme nga Ulqini","isPartOf":{"@id":"https:\/\/www.visit-ulcinj.com\/blog\/#website"},"primaryImageOfPage":{"@id":"https:\/\/www.visit-ulcinj.com\/blog\/2016\/05\/19\/lets-word-aksioni-nderkombetare-te-pastrojme-malin-e-zi-per-7-dite\/#primaryimage"},"datePublished":"2016-05-19T08:22:41+00:00","dateModified":"2016-05-21T17:29:08+00:00","author":{"@id":"https:\/\/www.visit-ulcinj.com\/blog\/#\/schema\/person\/dcab619c614d3038751c63bc2aadc06d"},"description":"Br.\/Nr.01 \u2013 Ulcinj\/Ulqin,\u00a0 18.05.2016.god\/vit &nbsp; &nbsp; &nbsp; FTES\u00cb P\u00cbR PJES\u00cbMARRJE \u00a0 \u00a0 \u00a0 L\u00cbNDA: \u201cT\u00eb pastrojm\u00eb Malin e Zi p\u00ebr 7 dit\u00eb\u201d si dhe aksioni","breadcrumb":{"@id":"https:\/\/www.visit-ulcinj.com\/blog\/2016\/05\/19\/lets-word-aksioni-nderkombetare-te-pastrojme-malin-e-zi-per-7-dite\/#breadcrumb"},"inLanguage":"en-US","potentialAction":[{"@type":"ReadAction","target":["https:\/\/www.visit-ulcinj.com\/blog\/2016\/05\/19\/lets-word-aksioni-nderkombetare-te-pastrojme-malin-e-zi-per-7-dite\/"]}]},{"@type":"BreadcrumbList","@id":"https:\/\/www.visit-ulcinj.com\/blog\/2016\/05\/19\/lets-word-aksioni-nderkombetare-te-pastrojme-malin-e-zi-per-7-dite\/#breadcrumb","itemListElement":[{"@type":"ListItem","position":1,"name":"Let&#8217;s do Word, aksioni nd\u00ebrkomb\u00ebtar\u00eb \u201cT\u00eb pastrojm\u00eb Malin e Zi p\u00ebr 7 dit\u00eb\u201d"}]},{"@type":"Person","@id":"https:\/\/www.visit-ulcinj.com\/blog\/#\/schema\/person\/dcab619c614d3038751c63bc2aadc06d","name":"ulqini","sameAs":["http:\/\/www.visit-ulcinj.com"],"url":"https:\/\/www.visit-ulcinj.com\/blog\/author\/admin\/"}]}},"jetpack_featured_media_url":"","jetpack_sharing_enabled":true,"jetpack_shortlink":"https:\/\/wp.me\/pe6lTn-pdB","_links":{"self":[{"href":"https:\/\/www.visit-ulcinj.com\/blog\/wp-json\/wp\/v2\/posts\/96943"}],"collection":[{"href":"https:\/\/www.visit-ulcinj.com\/blog\/wp-json\/wp\/v2\/posts"}],"about":[{"href":"https:\/\/www.visit-ulcinj.com\/blog\/wp-json\/wp\/v2\/types\/post"}],"author":[{"embeddable":true,"href":"https:\/\/www.visit-ulcinj.com\/blog\/wp-json\/wp\/v2\/users\/1"}],"replies":[{"embeddable":true,"href":"https:\/\/www.visit-ulcinj.com\/blog\/wp-json\/wp\/v2\/comments?post=96943"}],"version-history":[{"count":3,"href":"https:\/\/www.visit-ulcinj.com\/blog\/wp-json\/wp\/v2\/posts\/96943\/revisions"}],"predecessor-version":[{"id":97045,"href":"https:\/\/www.visit-ulcinj.com\/blog\/wp-json\/wp\/v2\/posts\/96943\/revisions\/97045"}],"wp:attachment":[{"href":"https:\/\/www.visit-ulcinj.com\/blog\/wp-json\/wp\/v2\/media?parent=96943"}],"wp:term":[{"taxonomy":"category","embeddable":true,"href":"https:\/\/www.visit-ulcinj.com\/blog\/wp-json\/wp\/v2\/categories?post=96943"},{"taxonomy":"post_tag","embeddable":true,"href":"https:\/\/www.visit-ulcinj.com\/blog\/wp-json\/wp\/v2\/tags?post=96943"}],"curies":[{"name":"wp","href":"https:\/\/api.w.org\/{rel}","templated":true}]}}