{"id":96950,"date":"2016-05-19T09:55:36","date_gmt":"2016-05-19T08:55:36","guid":{"rendered":"http:\/\/www.visit-ulcinj.com\/blog\/?p=96950"},"modified":"2016-05-20T18:40:02","modified_gmt":"2016-05-20T17:40:02","slug":"bum-vizitoresh-ne-muzeun-e-ulqinit","status":"publish","type":"post","link":"https:\/\/www.visit-ulcinj.com\/blog\/2016\/05\/19\/bum-vizitoresh-ne-muzeun-e-ulqinit\/","title":{"rendered":"Bum vizitor\u00ebsh n\u00eb Muzeun e Ulqinit"},"content":{"rendered":"<p><strong><a href=\"http:\/\/www.visit-ulcinj.com\/blog\/wp-content\/uploads\/2016\/05\/Bum-vizitor\u00ebsh-n\u00eb-Muzeun-e-Ulqinit.jpg\"><img loading=\"lazy\" class=\"alignleft wp-image-96951\" src=\"http:\/\/www.visit-ulcinj.com\/blog\/wp-content\/uploads\/2016\/05\/Bum-vizitor\u00ebsh-n\u00eb-Muzeun-e-Ulqinit.jpg\" alt=\"Bum vizitor\u00ebsh n\u00eb Muzeun e Ulqinit\" width=\"508\" height=\"381\" srcset=\"https:\/\/www.visit-ulcinj.com\/blog\/wp-content\/uploads\/2016\/05\/Bum-vizitor\u00ebsh-n\u00eb-Muzeun-e-Ulqinit.jpg 960w, https:\/\/www.visit-ulcinj.com\/blog\/wp-content\/uploads\/2016\/05\/Bum-vizitor\u00ebsh-n\u00eb-Muzeun-e-Ulqinit-300x225.jpg 300w, https:\/\/www.visit-ulcinj.com\/blog\/wp-content\/uploads\/2016\/05\/Bum-vizitor\u00ebsh-n\u00eb-Muzeun-e-Ulqinit-768x576.jpg 768w\" sizes=\"(max-width: 508px) 100vw, 508px\" \/><\/a>Pamje t\u00eb d\u00ebshiruara n\u00eb muzeun e Ulqinit. Muzeu i hapur dhe angazhim m\u00eb i madh i pun\u00ebtoreve shprehet guidi turistik Ismet Karamanaga.<\/strong><\/p>\n<p>Qyteti i Ulqinit \u00ebsht\u00eb duke u ber\u00eb nj\u00eb nd\u00ebr vendet m\u00eb t\u00eb vizituara ne vend, fal\u00eb edhe guidave turistike q\u00eb n\u00eb t\u00eb shumt\u00ebn e rasteve l\u00eb nj\u00eb hap\u00ebsir\u00eb t\u00eb posatshme p\u00ebr vizita n\u00eb muzeun e Ulqinit.<\/p>\n<p><a href=\"http:\/\/www.visit-ulcinj.com\/blog\/wp-content\/uploads\/2016\/05\/Bum-vizitor\u00ebsh-n\u00eb-Muzeun-e-Ulqinit-1.jpg\"><img loading=\"lazy\" class=\"alignleft wp-image-96952\" src=\"http:\/\/www.visit-ulcinj.com\/blog\/wp-content\/uploads\/2016\/05\/Bum-vizitor\u00ebsh-n\u00eb-Muzeun-e-Ulqinit-1.jpg\" alt=\"Bum vizitor\u00ebsh n\u00eb Muzeun e Ulqinit-1\" width=\"508\" height=\"381\" srcset=\"https:\/\/www.visit-ulcinj.com\/blog\/wp-content\/uploads\/2016\/05\/Bum-vizitor\u00ebsh-n\u00eb-Muzeun-e-Ulqinit-1.jpg 960w, https:\/\/www.visit-ulcinj.com\/blog\/wp-content\/uploads\/2016\/05\/Bum-vizitor\u00ebsh-n\u00eb-Muzeun-e-Ulqinit-1-300x225.jpg 300w, https:\/\/www.visit-ulcinj.com\/blog\/wp-content\/uploads\/2016\/05\/Bum-vizitor\u00ebsh-n\u00eb-Muzeun-e-Ulqinit-1-768x576.jpg 768w\" sizes=\"(max-width: 508px) 100vw, 508px\" \/><\/a><\/p>\n<p>Ismet Karamanaga tregon se gjithnj\u00eb e m\u00eb shum\u00eb po shtohen vizitat e nx\u00ebn\u00ebsve t\u00eb shkollave, dhe grupeve t\u00eb ndryshme q\u00eb vijn\u00eb n\u00eb portin e qytetit bregdetar\u00eb t\u00eb Tivarit dhe Kotorrit me anije luksoze gjigande. Kjo ndales\u00eb ka ren\u00eb n\u00eb fokusin e shum\u00eb qytetar\u00ebve t\u00eb Ulqinit, prandaj duhet t\u00eb organizohemi m\u00eb mir\u00eb.<\/p>\n<p><iframe loading=\"lazy\" src=\"\/\/www.dailymotion.com\/embed\/video\/x4b3v9c?autoPlay=1\" width=\"508\" height=\"315\" frameborder=\"0\" allowfullscreen=\"allowfullscreen\"><\/iframe><\/p>\n","protected":false},"excerpt":{"rendered":"<p>Pamje t\u00eb d\u00ebshiruara n\u00eb muzeun e Ulqinit. Muzeu i hapur dhe angazhim m\u00eb i madh i pun\u00ebtoreve shprehet guidi turistik Ismet Karamanaga. Qyteti i Ulqinit \u00ebsht\u00eb duke u ber\u00eb nj\u00eb nd\u00ebr vendet m\u00eb t\u00eb vizituara ne vend, fal\u00eb edhe guidave turistike q\u00eb n\u00eb t\u00eb shumt\u00ebn e rasteve l\u00eb nj\u00eb hap\u00ebsir\u00eb t\u00eb posatshme p\u00ebr vizita n\u00eb [&hellip;]<\/p>\n","protected":false},"author":1,"featured_media":0,"comment_status":"closed","ping_status":"closed","sticky":false,"template":"","format":"standard","meta":{"spay_email":"","jetpack_publicize_message":"","jetpack_is_tweetstorm":false,"jetpack_publicize_feature_enabled":true},"categories":[1,15],"tags":[],"jetpack_publicize_connections":[],"yoast_head":"<!-- This site is optimized with the Yoast SEO plugin v19.1 - https:\/\/yoast.com\/wordpress\/plugins\/seo\/ -->\n<title>Bum vizitor\u00ebsh n\u00eb Muzeun e Ulqinit - Lajme nga Ulqini<\/title>\n<meta name=\"description\" content=\"Pamje t\u00eb d\u00ebshiruara n\u00eb muzeun e Ulqinit. Muzeu i hapur dhe angazhim m\u00eb i madh i pun\u00ebtoreve shprehet guidi turistik Ismet Karamanaga. Qyteti i Ulqinit\" \/>\n<meta name=\"robots\" content=\"index, follow, max-snippet:-1, max-image-preview:large, max-video-preview:-1\" \/>\n<link rel=\"canonical\" href=\"https:\/\/www.visit-ulcinj.com\/blog\/2016\/05\/19\/bum-vizitoresh-ne-muzeun-e-ulqinit\/\" \/>\n<meta property=\"og:locale\" content=\"en_US\" \/>\n<meta property=\"og:type\" content=\"article\" \/>\n<meta property=\"og:title\" content=\"Bum vizitor\u00ebsh n\u00eb Muzeun e Ulqinit - Lajme nga Ulqini\" \/>\n<meta property=\"og:description\" content=\"Pamje t\u00eb d\u00ebshiruara n\u00eb muzeun e Ulqinit. Muzeu i hapur dhe angazhim m\u00eb i madh i pun\u00ebtoreve shprehet guidi turistik Ismet Karamanaga. Qyteti i Ulqinit\" \/>\n<meta property=\"og:url\" content=\"https:\/\/www.visit-ulcinj.com\/blog\/2016\/05\/19\/bum-vizitoresh-ne-muzeun-e-ulqinit\/\" \/>\n<meta property=\"og:site_name\" content=\"Lajme nga Ulqini\" \/>\n<meta property=\"article:published_time\" content=\"2016-05-19T08:55:36+00:00\" \/>\n<meta property=\"article:modified_time\" content=\"2016-05-20T17:40:02+00:00\" \/>\n<meta name=\"twitter:label1\" content=\"Written by\" \/>\n\t<meta name=\"twitter:data1\" content=\"ulqini\" \/>\n\t<meta name=\"twitter:label2\" content=\"Est. reading time\" \/>\n\t<meta name=\"twitter:data2\" content=\"1 minute\" \/>\n<script type=\"application\/ld+json\" class=\"yoast-schema-graph\">{\"@context\":\"https:\/\/schema.org\",\"@graph\":[{\"@type\":\"WebSite\",\"@id\":\"https:\/\/www.visit-ulcinj.com\/blog\/#website\",\"url\":\"https:\/\/www.visit-ulcinj.com\/blog\/\",\"name\":\"Lajme nga Ulqini\",\"description\":\"Lajme,Vijesti,Ulqini,Ulqin,Crna Gora,Mali i Zi\",\"potentialAction\":[{\"@type\":\"SearchAction\",\"target\":{\"@type\":\"EntryPoint\",\"urlTemplate\":\"https:\/\/www.visit-ulcinj.com\/blog\/?s={search_term_string}\"},\"query-input\":\"required name=search_term_string\"}],\"inLanguage\":\"en-US\"},{\"@type\":\"WebPage\",\"@id\":\"https:\/\/www.visit-ulcinj.com\/blog\/2016\/05\/19\/bum-vizitoresh-ne-muzeun-e-ulqinit\/#webpage\",\"url\":\"https:\/\/www.visit-ulcinj.com\/blog\/2016\/05\/19\/bum-vizitoresh-ne-muzeun-e-ulqinit\/\",\"name\":\"Bum vizitor\u00ebsh n\u00eb Muzeun e Ulqinit - Lajme nga Ulqini\",\"isPartOf\":{\"@id\":\"https:\/\/www.visit-ulcinj.com\/blog\/#website\"},\"datePublished\":\"2016-05-19T08:55:36+00:00\",\"dateModified\":\"2016-05-20T17:40:02+00:00\",\"author\":{\"@id\":\"https:\/\/www.visit-ulcinj.com\/blog\/#\/schema\/person\/dcab619c614d3038751c63bc2aadc06d\"},\"description\":\"Pamje t\u00eb d\u00ebshiruara n\u00eb muzeun e Ulqinit. Muzeu i hapur dhe angazhim m\u00eb i madh i pun\u00ebtoreve shprehet guidi turistik Ismet Karamanaga. Qyteti i Ulqinit\",\"breadcrumb\":{\"@id\":\"https:\/\/www.visit-ulcinj.com\/blog\/2016\/05\/19\/bum-vizitoresh-ne-muzeun-e-ulqinit\/#breadcrumb\"},\"inLanguage\":\"en-US\",\"potentialAction\":[{\"@type\":\"ReadAction\",\"target\":[\"https:\/\/www.visit-ulcinj.com\/blog\/2016\/05\/19\/bum-vizitoresh-ne-muzeun-e-ulqinit\/\"]}]},{\"@type\":\"BreadcrumbList\",\"@id\":\"https:\/\/www.visit-ulcinj.com\/blog\/2016\/05\/19\/bum-vizitoresh-ne-muzeun-e-ulqinit\/#breadcrumb\",\"itemListElement\":[{\"@type\":\"ListItem\",\"position\":1,\"name\":\"Bum vizitor\u00ebsh n\u00eb Muzeun e Ulqinit\"}]},{\"@type\":\"Person\",\"@id\":\"https:\/\/www.visit-ulcinj.com\/blog\/#\/schema\/person\/dcab619c614d3038751c63bc2aadc06d\",\"name\":\"ulqini\",\"sameAs\":[\"http:\/\/www.visit-ulcinj.com\"],\"url\":\"https:\/\/www.visit-ulcinj.com\/blog\/author\/admin\/\"}]}<\/script>\n<!-- \/ Yoast SEO plugin. -->","yoast_head_json":{"title":"Bum vizitor\u00ebsh n\u00eb Muzeun e Ulqinit - Lajme nga Ulqini","description":"Pamje t\u00eb d\u00ebshiruara n\u00eb muzeun e Ulqinit. Muzeu i hapur dhe angazhim m\u00eb i madh i pun\u00ebtoreve shprehet guidi turistik Ismet Karamanaga. Qyteti i Ulqinit","robots":{"index":"index","follow":"follow","max-snippet":"max-snippet:-1","max-image-preview":"max-image-preview:large","max-video-preview":"max-video-preview:-1"},"canonical":"https:\/\/www.visit-ulcinj.com\/blog\/2016\/05\/19\/bum-vizitoresh-ne-muzeun-e-ulqinit\/","og_locale":"en_US","og_type":"article","og_title":"Bum vizitor\u00ebsh n\u00eb Muzeun e Ulqinit - Lajme nga Ulqini","og_description":"Pamje t\u00eb d\u00ebshiruara n\u00eb muzeun e Ulqinit. Muzeu i hapur dhe angazhim m\u00eb i madh i pun\u00ebtoreve shprehet guidi turistik Ismet Karamanaga. Qyteti i Ulqinit","og_url":"https:\/\/www.visit-ulcinj.com\/blog\/2016\/05\/19\/bum-vizitoresh-ne-muzeun-e-ulqinit\/","og_site_name":"Lajme nga Ulqini","article_published_time":"2016-05-19T08:55:36+00:00","article_modified_time":"2016-05-20T17:40:02+00:00","twitter_misc":{"Written by":"ulqini","Est. reading time":"1 minute"},"schema":{"@context":"https:\/\/schema.org","@graph":[{"@type":"WebSite","@id":"https:\/\/www.visit-ulcinj.com\/blog\/#website","url":"https:\/\/www.visit-ulcinj.com\/blog\/","name":"Lajme nga Ulqini","description":"Lajme,Vijesti,Ulqini,Ulqin,Crna Gora,Mali i Zi","potentialAction":[{"@type":"SearchAction","target":{"@type":"EntryPoint","urlTemplate":"https:\/\/www.visit-ulcinj.com\/blog\/?s={search_term_string}"},"query-input":"required name=search_term_string"}],"inLanguage":"en-US"},{"@type":"WebPage","@id":"https:\/\/www.visit-ulcinj.com\/blog\/2016\/05\/19\/bum-vizitoresh-ne-muzeun-e-ulqinit\/#webpage","url":"https:\/\/www.visit-ulcinj.com\/blog\/2016\/05\/19\/bum-vizitoresh-ne-muzeun-e-ulqinit\/","name":"Bum vizitor\u00ebsh n\u00eb Muzeun e Ulqinit - Lajme nga Ulqini","isPartOf":{"@id":"https:\/\/www.visit-ulcinj.com\/blog\/#website"},"datePublished":"2016-05-19T08:55:36+00:00","dateModified":"2016-05-20T17:40:02+00:00","author":{"@id":"https:\/\/www.visit-ulcinj.com\/blog\/#\/schema\/person\/dcab619c614d3038751c63bc2aadc06d"},"description":"Pamje t\u00eb d\u00ebshiruara n\u00eb muzeun e Ulqinit. Muzeu i hapur dhe angazhim m\u00eb i madh i pun\u00ebtoreve shprehet guidi turistik Ismet Karamanaga. Qyteti i Ulqinit","breadcrumb":{"@id":"https:\/\/www.visit-ulcinj.com\/blog\/2016\/05\/19\/bum-vizitoresh-ne-muzeun-e-ulqinit\/#breadcrumb"},"inLanguage":"en-US","potentialAction":[{"@type":"ReadAction","target":["https:\/\/www.visit-ulcinj.com\/blog\/2016\/05\/19\/bum-vizitoresh-ne-muzeun-e-ulqinit\/"]}]},{"@type":"BreadcrumbList","@id":"https:\/\/www.visit-ulcinj.com\/blog\/2016\/05\/19\/bum-vizitoresh-ne-muzeun-e-ulqinit\/#breadcrumb","itemListElement":[{"@type":"ListItem","position":1,"name":"Bum vizitor\u00ebsh n\u00eb Muzeun e Ulqinit"}]},{"@type":"Person","@id":"https:\/\/www.visit-ulcinj.com\/blog\/#\/schema\/person\/dcab619c614d3038751c63bc2aadc06d","name":"ulqini","sameAs":["http:\/\/www.visit-ulcinj.com"],"url":"https:\/\/www.visit-ulcinj.com\/blog\/author\/admin\/"}]}},"jetpack_featured_media_url":"","jetpack_sharing_enabled":true,"jetpack_shortlink":"https:\/\/wp.me\/pe6lTn-pdI","_links":{"self":[{"href":"https:\/\/www.visit-ulcinj.com\/blog\/wp-json\/wp\/v2\/posts\/96950"}],"collection":[{"href":"https:\/\/www.visit-ulcinj.com\/blog\/wp-json\/wp\/v2\/posts"}],"about":[{"href":"https:\/\/www.visit-ulcinj.com\/blog\/wp-json\/wp\/v2\/types\/post"}],"author":[{"embeddable":true,"href":"https:\/\/www.visit-ulcinj.com\/blog\/wp-json\/wp\/v2\/users\/1"}],"replies":[{"embeddable":true,"href":"https:\/\/www.visit-ulcinj.com\/blog\/wp-json\/wp\/v2\/comments?post=96950"}],"version-history":[{"count":3,"href":"https:\/\/www.visit-ulcinj.com\/blog\/wp-json\/wp\/v2\/posts\/96950\/revisions"}],"predecessor-version":[{"id":97027,"href":"https:\/\/www.visit-ulcinj.com\/blog\/wp-json\/wp\/v2\/posts\/96950\/revisions\/97027"}],"wp:attachment":[{"href":"https:\/\/www.visit-ulcinj.com\/blog\/wp-json\/wp\/v2\/media?parent=96950"}],"wp:term":[{"taxonomy":"category","embeddable":true,"href":"https:\/\/www.visit-ulcinj.com\/blog\/wp-json\/wp\/v2\/categories?post=96950"},{"taxonomy":"post_tag","embeddable":true,"href":"https:\/\/www.visit-ulcinj.com\/blog\/wp-json\/wp\/v2\/tags?post=96950"}],"curies":[{"name":"wp","href":"https:\/\/api.w.org\/{rel}","templated":true}]}}