{"id":96966,"date":"2016-05-19T14:14:09","date_gmt":"2016-05-19T13:14:09","guid":{"rendered":"http:\/\/www.visit-ulcinj.com\/blog\/?p=96966"},"modified":"2016-05-19T14:14:09","modified_gmt":"2016-05-19T13:14:09","slug":"nik-deljosaj-bojkotujem-parlament-daljnjeg","status":"publish","type":"post","link":"https:\/\/www.visit-ulcinj.com\/blog\/2016\/05\/19\/nik-deljosaj-bojkotujem-parlament-daljnjeg\/","title":{"rendered":"Nik \u0110eljo\u0161aj: Bojkotujem parlament do daljnjeg"},"content":{"rendered":"<p><a href=\"http:\/\/www.visit-ulcinj.com\/blog\/wp-content\/uploads\/2016\/01\/Nik-Gjeloshaj.jpg\"><img loading=\"lazy\" class=\"alignleft wp-image-94076\" src=\"http:\/\/www.visit-ulcinj.com\/blog\/wp-content\/uploads\/2016\/01\/Nik-Gjeloshaj.jpg\" alt=\"Nik Gjeloshaj\" width=\"508\" height=\"337\" srcset=\"https:\/\/www.visit-ulcinj.com\/blog\/wp-content\/uploads\/2016\/01\/Nik-Gjeloshaj.jpg 960w, https:\/\/www.visit-ulcinj.com\/blog\/wp-content\/uploads\/2016\/01\/Nik-Gjeloshaj-300x199.jpg 300w\" sizes=\"(max-width: 508px) 100vw, 508px\" \/><\/a>U znak protesta, na osnovu anti-albanskog djelovanja CANU, poslanik Nik \u0110eljo\u0161aj odlu\u010dio je da bojkotuje zasijedanja Skup\u0161tine Crne Gore do daljnjeg, dok, kako je naveo u saop\u0161tenju, njegov povratak u Skup\u0161tinu ne procijeni racionalnim i u interesu njegovog naroda.<\/p>\n<div class=\"body-text\">\n<p>&#8220;Moj apel i ostalim poslanicima Albancima, da se udalje iz parlamenta i da se uklju\u010de kako bi svi zajedni\u010dkim djelovanjem \u201cprobudili\u201d nadle\u017ene dr\u017eavne organe da reaguju i zabrane objavljeni Rje\u010dnik koji \u0161iri nacionalnu netrpeljivost, vrije\u0111a nacionalna osje\u0107anja i ugro\u017eava ljudska i nacionalna prava svih Albanaca&#8221;, poru\u010duje \u0110eljo\u0161aj.<\/p>\n<p>Ukoliko u narednim danima VDT ne reaguje po slu\u017ebenoj du\u017enosti, podnije\u0107e krivi\u010dnu prijavu VDT-u protiv CANU i autora Rje\u010dnika, sa zahtjevom da se Rje\u010dnik zabrani i da zbog njegove sadr\u017eine krivi\u010dno odgovaraju autori Rje\u010dnika, kao i nadle\u017eni u CANU.<\/p>\n<p><strong>Izvor: CDM<\/strong><\/p>\n<\/div>\n","protected":false},"excerpt":{"rendered":"<p>U znak protesta, na osnovu anti-albanskog djelovanja CANU, poslanik Nik \u0110eljo\u0161aj odlu\u010dio je da bojkotuje zasijedanja Skup\u0161tine Crne Gore do daljnjeg, dok, kako je naveo u saop\u0161tenju, njegov povratak u Skup\u0161tinu ne procijeni racionalnim i u interesu njegovog naroda. &#8220;Moj apel i ostalim poslanicima Albancima, da se udalje iz parlamenta i da se uklju\u010de kako [&hellip;]<\/p>\n","protected":false},"author":1,"featured_media":0,"comment_status":"closed","ping_status":"closed","sticky":false,"template":"","format":"standard","meta":{"spay_email":"","jetpack_publicize_message":"","jetpack_is_tweetstorm":false,"jetpack_publicize_feature_enabled":true},"categories":[8337],"tags":[],"jetpack_publicize_connections":[],"yoast_head":"<!-- This site is optimized with the Yoast SEO plugin v19.1 - https:\/\/yoast.com\/wordpress\/plugins\/seo\/ -->\n<title>Nik \u0110eljo\u0161aj: Bojkotujem parlament do daljnjeg - Lajme nga Ulqini<\/title>\n<meta name=\"description\" content=\"U znak protesta, na osnovu anti-albanskog djelovanja CANU, poslanik Nik \u0110eljo\u0161aj odlu\u010dio je da bojkotuje zasijedanja Skup\u0161tine Crne Gore do daljnjeg, dok,\" \/>\n<meta name=\"robots\" content=\"index, follow, max-snippet:-1, max-image-preview:large, max-video-preview:-1\" \/>\n<link rel=\"canonical\" href=\"https:\/\/www.visit-ulcinj.com\/blog\/2016\/05\/19\/nik-deljosaj-bojkotujem-parlament-daljnjeg\/\" \/>\n<meta property=\"og:locale\" content=\"en_US\" \/>\n<meta property=\"og:type\" content=\"article\" \/>\n<meta property=\"og:title\" content=\"Nik \u0110eljo\u0161aj: Bojkotujem parlament do daljnjeg - Lajme nga Ulqini\" \/>\n<meta property=\"og:description\" content=\"U znak protesta, na osnovu anti-albanskog djelovanja CANU, poslanik Nik \u0110eljo\u0161aj odlu\u010dio je da bojkotuje zasijedanja Skup\u0161tine Crne Gore do daljnjeg, dok,\" \/>\n<meta property=\"og:url\" content=\"https:\/\/www.visit-ulcinj.com\/blog\/2016\/05\/19\/nik-deljosaj-bojkotujem-parlament-daljnjeg\/\" \/>\n<meta property=\"og:site_name\" content=\"Lajme nga Ulqini\" \/>\n<meta property=\"article:published_time\" content=\"2016-05-19T13:14:09+00:00\" \/>\n<meta property=\"og:image\" content=\"http:\/\/www.visit-ulcinj.com\/blog\/wp-content\/uploads\/2016\/01\/Nik-Gjeloshaj.jpg\" \/>\n<meta name=\"twitter:label1\" content=\"Written by\" \/>\n\t<meta name=\"twitter:data1\" content=\"ulqini\" \/>\n\t<meta name=\"twitter:label2\" content=\"Est. reading time\" \/>\n\t<meta name=\"twitter:data2\" content=\"1 minute\" \/>\n<script type=\"application\/ld+json\" class=\"yoast-schema-graph\">{\"@context\":\"https:\/\/schema.org\",\"@graph\":[{\"@type\":\"WebSite\",\"@id\":\"https:\/\/www.visit-ulcinj.com\/blog\/#website\",\"url\":\"https:\/\/www.visit-ulcinj.com\/blog\/\",\"name\":\"Lajme nga Ulqini\",\"description\":\"Lajme,Vijesti,Ulqini,Ulqin,Crna Gora,Mali i Zi\",\"potentialAction\":[{\"@type\":\"SearchAction\",\"target\":{\"@type\":\"EntryPoint\",\"urlTemplate\":\"https:\/\/www.visit-ulcinj.com\/blog\/?s={search_term_string}\"},\"query-input\":\"required name=search_term_string\"}],\"inLanguage\":\"en-US\"},{\"@type\":\"ImageObject\",\"inLanguage\":\"en-US\",\"@id\":\"https:\/\/www.visit-ulcinj.com\/blog\/2016\/05\/19\/nik-deljosaj-bojkotujem-parlament-daljnjeg\/#primaryimage\",\"url\":\"https:\/\/www.visit-ulcinj.com\/blog\/wp-content\/uploads\/2016\/01\/Nik-Gjeloshaj.jpg\",\"contentUrl\":\"https:\/\/www.visit-ulcinj.com\/blog\/wp-content\/uploads\/2016\/01\/Nik-Gjeloshaj.jpg\",\"width\":960,\"height\":637},{\"@type\":\"WebPage\",\"@id\":\"https:\/\/www.visit-ulcinj.com\/blog\/2016\/05\/19\/nik-deljosaj-bojkotujem-parlament-daljnjeg\/#webpage\",\"url\":\"https:\/\/www.visit-ulcinj.com\/blog\/2016\/05\/19\/nik-deljosaj-bojkotujem-parlament-daljnjeg\/\",\"name\":\"Nik \u0110eljo\u0161aj: Bojkotujem parlament do daljnjeg - Lajme nga Ulqini\",\"isPartOf\":{\"@id\":\"https:\/\/www.visit-ulcinj.com\/blog\/#website\"},\"primaryImageOfPage\":{\"@id\":\"https:\/\/www.visit-ulcinj.com\/blog\/2016\/05\/19\/nik-deljosaj-bojkotujem-parlament-daljnjeg\/#primaryimage\"},\"datePublished\":\"2016-05-19T13:14:09+00:00\",\"dateModified\":\"2016-05-19T13:14:09+00:00\",\"author\":{\"@id\":\"https:\/\/www.visit-ulcinj.com\/blog\/#\/schema\/person\/dcab619c614d3038751c63bc2aadc06d\"},\"description\":\"U znak protesta, na osnovu anti-albanskog djelovanja CANU, poslanik Nik \u0110eljo\u0161aj odlu\u010dio je da bojkotuje zasijedanja Skup\u0161tine Crne Gore do daljnjeg, dok,\",\"breadcrumb\":{\"@id\":\"https:\/\/www.visit-ulcinj.com\/blog\/2016\/05\/19\/nik-deljosaj-bojkotujem-parlament-daljnjeg\/#breadcrumb\"},\"inLanguage\":\"en-US\",\"potentialAction\":[{\"@type\":\"ReadAction\",\"target\":[\"https:\/\/www.visit-ulcinj.com\/blog\/2016\/05\/19\/nik-deljosaj-bojkotujem-parlament-daljnjeg\/\"]}]},{\"@type\":\"BreadcrumbList\",\"@id\":\"https:\/\/www.visit-ulcinj.com\/blog\/2016\/05\/19\/nik-deljosaj-bojkotujem-parlament-daljnjeg\/#breadcrumb\",\"itemListElement\":[{\"@type\":\"ListItem\",\"position\":1,\"name\":\"Nik \u0110eljo\u0161aj: Bojkotujem parlament do daljnjeg\"}]},{\"@type\":\"Person\",\"@id\":\"https:\/\/www.visit-ulcinj.com\/blog\/#\/schema\/person\/dcab619c614d3038751c63bc2aadc06d\",\"name\":\"ulqini\",\"sameAs\":[\"http:\/\/www.visit-ulcinj.com\"],\"url\":\"https:\/\/www.visit-ulcinj.com\/blog\/author\/admin\/\"}]}<\/script>\n<!-- \/ Yoast SEO plugin. -->","yoast_head_json":{"title":"Nik \u0110eljo\u0161aj: Bojkotujem parlament do daljnjeg - Lajme nga Ulqini","description":"U znak protesta, na osnovu anti-albanskog djelovanja CANU, poslanik Nik \u0110eljo\u0161aj odlu\u010dio je da bojkotuje zasijedanja Skup\u0161tine Crne Gore do daljnjeg, dok,","robots":{"index":"index","follow":"follow","max-snippet":"max-snippet:-1","max-image-preview":"max-image-preview:large","max-video-preview":"max-video-preview:-1"},"canonical":"https:\/\/www.visit-ulcinj.com\/blog\/2016\/05\/19\/nik-deljosaj-bojkotujem-parlament-daljnjeg\/","og_locale":"en_US","og_type":"article","og_title":"Nik \u0110eljo\u0161aj: Bojkotujem parlament do daljnjeg - Lajme nga Ulqini","og_description":"U znak protesta, na osnovu anti-albanskog djelovanja CANU, poslanik Nik \u0110eljo\u0161aj odlu\u010dio je da bojkotuje zasijedanja Skup\u0161tine Crne Gore do daljnjeg, dok,","og_url":"https:\/\/www.visit-ulcinj.com\/blog\/2016\/05\/19\/nik-deljosaj-bojkotujem-parlament-daljnjeg\/","og_site_name":"Lajme nga Ulqini","article_published_time":"2016-05-19T13:14:09+00:00","og_image":[{"url":"http:\/\/www.visit-ulcinj.com\/blog\/wp-content\/uploads\/2016\/01\/Nik-Gjeloshaj.jpg"}],"twitter_misc":{"Written by":"ulqini","Est. reading time":"1 minute"},"schema":{"@context":"https:\/\/schema.org","@graph":[{"@type":"WebSite","@id":"https:\/\/www.visit-ulcinj.com\/blog\/#website","url":"https:\/\/www.visit-ulcinj.com\/blog\/","name":"Lajme nga Ulqini","description":"Lajme,Vijesti,Ulqini,Ulqin,Crna Gora,Mali i Zi","potentialAction":[{"@type":"SearchAction","target":{"@type":"EntryPoint","urlTemplate":"https:\/\/www.visit-ulcinj.com\/blog\/?s={search_term_string}"},"query-input":"required name=search_term_string"}],"inLanguage":"en-US"},{"@type":"ImageObject","inLanguage":"en-US","@id":"https:\/\/www.visit-ulcinj.com\/blog\/2016\/05\/19\/nik-deljosaj-bojkotujem-parlament-daljnjeg\/#primaryimage","url":"https:\/\/www.visit-ulcinj.com\/blog\/wp-content\/uploads\/2016\/01\/Nik-Gjeloshaj.jpg","contentUrl":"https:\/\/www.visit-ulcinj.com\/blog\/wp-content\/uploads\/2016\/01\/Nik-Gjeloshaj.jpg","width":960,"height":637},{"@type":"WebPage","@id":"https:\/\/www.visit-ulcinj.com\/blog\/2016\/05\/19\/nik-deljosaj-bojkotujem-parlament-daljnjeg\/#webpage","url":"https:\/\/www.visit-ulcinj.com\/blog\/2016\/05\/19\/nik-deljosaj-bojkotujem-parlament-daljnjeg\/","name":"Nik \u0110eljo\u0161aj: Bojkotujem parlament do daljnjeg - Lajme nga Ulqini","isPartOf":{"@id":"https:\/\/www.visit-ulcinj.com\/blog\/#website"},"primaryImageOfPage":{"@id":"https:\/\/www.visit-ulcinj.com\/blog\/2016\/05\/19\/nik-deljosaj-bojkotujem-parlament-daljnjeg\/#primaryimage"},"datePublished":"2016-05-19T13:14:09+00:00","dateModified":"2016-05-19T13:14:09+00:00","author":{"@id":"https:\/\/www.visit-ulcinj.com\/blog\/#\/schema\/person\/dcab619c614d3038751c63bc2aadc06d"},"description":"U znak protesta, na osnovu anti-albanskog djelovanja CANU, poslanik Nik \u0110eljo\u0161aj odlu\u010dio je da bojkotuje zasijedanja Skup\u0161tine Crne Gore do daljnjeg, dok,","breadcrumb":{"@id":"https:\/\/www.visit-ulcinj.com\/blog\/2016\/05\/19\/nik-deljosaj-bojkotujem-parlament-daljnjeg\/#breadcrumb"},"inLanguage":"en-US","potentialAction":[{"@type":"ReadAction","target":["https:\/\/www.visit-ulcinj.com\/blog\/2016\/05\/19\/nik-deljosaj-bojkotujem-parlament-daljnjeg\/"]}]},{"@type":"BreadcrumbList","@id":"https:\/\/www.visit-ulcinj.com\/blog\/2016\/05\/19\/nik-deljosaj-bojkotujem-parlament-daljnjeg\/#breadcrumb","itemListElement":[{"@type":"ListItem","position":1,"name":"Nik \u0110eljo\u0161aj: Bojkotujem parlament do daljnjeg"}]},{"@type":"Person","@id":"https:\/\/www.visit-ulcinj.com\/blog\/#\/schema\/person\/dcab619c614d3038751c63bc2aadc06d","name":"ulqini","sameAs":["http:\/\/www.visit-ulcinj.com"],"url":"https:\/\/www.visit-ulcinj.com\/blog\/author\/admin\/"}]}},"jetpack_featured_media_url":"","jetpack_sharing_enabled":true,"jetpack_shortlink":"https:\/\/wp.me\/pe6lTn-pdY","_links":{"self":[{"href":"https:\/\/www.visit-ulcinj.com\/blog\/wp-json\/wp\/v2\/posts\/96966"}],"collection":[{"href":"https:\/\/www.visit-ulcinj.com\/blog\/wp-json\/wp\/v2\/posts"}],"about":[{"href":"https:\/\/www.visit-ulcinj.com\/blog\/wp-json\/wp\/v2\/types\/post"}],"author":[{"embeddable":true,"href":"https:\/\/www.visit-ulcinj.com\/blog\/wp-json\/wp\/v2\/users\/1"}],"replies":[{"embeddable":true,"href":"https:\/\/www.visit-ulcinj.com\/blog\/wp-json\/wp\/v2\/comments?post=96966"}],"version-history":[{"count":1,"href":"https:\/\/www.visit-ulcinj.com\/blog\/wp-json\/wp\/v2\/posts\/96966\/revisions"}],"predecessor-version":[{"id":96967,"href":"https:\/\/www.visit-ulcinj.com\/blog\/wp-json\/wp\/v2\/posts\/96966\/revisions\/96967"}],"wp:attachment":[{"href":"https:\/\/www.visit-ulcinj.com\/blog\/wp-json\/wp\/v2\/media?parent=96966"}],"wp:term":[{"taxonomy":"category","embeddable":true,"href":"https:\/\/www.visit-ulcinj.com\/blog\/wp-json\/wp\/v2\/categories?post=96966"},{"taxonomy":"post_tag","embeddable":true,"href":"https:\/\/www.visit-ulcinj.com\/blog\/wp-json\/wp\/v2\/tags?post=96966"}],"curies":[{"name":"wp","href":"https:\/\/api.w.org\/{rel}","templated":true}]}}